{"id":4889,"date":"2009-06-15T18:53:02","date_gmt":"2009-06-15T17:53:02","guid":{"rendered":"http:\/\/www.bellunopress.it\/?p=4889"},"modified":"2009-06-15T18:53:02","modified_gmt":"2009-06-15T17:53:02","slug":"provincia-e-comune-presto-i-lavori-su-sponde-e-spiagge-per-il-centro-velico-reolon-e-de-pra-firmano-un-accordo-da-palazzo-piloni-500-mila-euro","status":"publish","type":"post","link":"https:\/\/www.bellunopress.it\/fr\/2009\/06\/15\/provincia-e-comune-presto-i-lavori-su-sponde-e-spiagge-per-il-centro-velico-reolon-e-de-pra-firmano-un-accordo-da-palazzo-piloni-500-mila-euro\/","title":{"rendered":"Provincia e Comune, presto i lavori su sponde e spiagge per il centro velico Reolon e De Pra firmano un accordo. Da Palazzo Piloni 500 mila euro"},"content":{"rendered":"<figure id=\"attachment_4663\" aria-describedby=\"caption-attachment-4663\" style=\"width: 270px\" class=\"wp-caption alignleft\"><a href=\"http:\/\/www.bellunopress.it\/wp-content\/uploads\/2009\/06\/marco-versari-lezione-a-santa-croce-leggera1.jpg\"><img loading=\"lazy\" decoding=\"async\" class=\"size-medium wp-image-4663\" title=\"marco-versari-lezione-a-santa-croce-leggera1\" src=\"http:\/\/www.bellunopress.it\/wp-content\/uploads\/2009\/06\/marco-versari-lezione-a-santa-croce-leggera1.jpg\" alt=\"Marco Versari lezione teorica\" width=\"270\" height=\"180\" \/><\/a><figcaption id=\"caption-attachment-4663\" class=\"wp-caption-text\">Marco Versari lezione teorica<\/figcaption><\/figure>\n<p>Ieri mattina a palazzo Piloni, il presidente della Provincia Sergio Reolon e il sindaco di Farra d\u2019Alpago, Floriano De Pra, hanno firmato un accordo di programma per la sistemazione delle sponde e della spiaggia a Santa Croce del Lago. L\u2019intervento \u00e8 propedeutico alla realizzazione di un centro velico di ecellenza sportiva. \u00abE\u2019 il primo tassello per la riqualificazione dell\u2019area e per la sua valorizzazione turistica\u00bb, ha commentato il sindaco subito dopo la firma. \u00abLa Provincia di Belluno eseguir\u00e0 i lavori con un investimento di 500 mila euro\u00bb, ha proseguito De Pra, \u00abterminati i quali sar\u00e0 possibile completare la costruzione del centro velico. Tra le caratteristiche principali del centro c\u2019\u00e8 anche la piena accessibilit\u00e0 da parte dei disabili alle attivit\u00e0 sportive e ricreative\u00bb. La firma dell\u2019accordo tra il presidente della Provincia Reolon e il sindaco De Pra, apre la strada alla progettazione degli interventi, di cui si far\u00e0 carico il Comune di Farra d\u2019Alpago. La costruzione del centro velico sar\u00e0 possibile con un finanziamento della Regione di 600 mila euro e con un contributo del Coni.<\/p>","protected":false},"excerpt":{"rendered":"<p>Ieri mattina a palazzo Piloni, il presidente della Provincia Sergio Reolon e il sindaco di Farra d\u2019Alpago, Floriano De Pra, hanno firmato un accordo di programma per la sistemazione delle sponde e della spiaggia a Santa Croce del Lago. L\u2019intervento \u00e8 propedeutico alla realizzazione di un centro velico di ecellenza sportiva. \u00abE\u2019 il primo tassello [&hellip;]<\/p>\n","protected":false},"author":2,"featured_media":0,"comment_status":"closed","ping_status":"open","sticky":false,"template":"","format":"standard","meta":{"footnotes":""},"categories":[5,26,4],"tags":[139],"class_list":["post-4889","post","type-post","status-publish","format-standard","category-cronaca","category-prima-pagina","category-sport","tag-belluno"],"yoast_head":"<!-- This site is optimized with the Yoast SEO plugin v28.4 - https:\/\/yoast.com\/product\/yoast-seo-wordpress\/ -->\n<title>Provincia e Comune, presto i lavori su sponde e spiagge per il centro velico Reolon e De Pra firmano un accordo. Da Palazzo Piloni 500 mila euro - Bellunopress - Dolomiti<\/title>\n<meta name=\"robots\" content=\"index, follow, max-snippet:-1, max-image-preview:large, max-video-preview:-1\" \/>\n<link rel=\"canonical\" href=\"https:\/\/www.bellunopress.it\/fr\/2009\/06\/15\/provincia-e-comune-presto-i-lavori-su-sponde-e-spiagge-per-il-centro-velico-reolon-e-de-pra-firmano-un-accordo-da-palazzo-piloni-500-mila-euro\/\" \/>\n<meta property=\"og:locale\" content=\"fr_FR\" \/>\n<meta property=\"og:type\" content=\"article\" \/>\n<meta property=\"og:title\" content=\"Provincia e Comune, presto i lavori su sponde e spiagge per il centro velico Reolon e De Pra firmano un accordo. Da Palazzo Piloni 500 mila euro - Bellunopress - Dolomiti\" \/>\n<meta property=\"og:description\" content=\"Ieri mattina a palazzo Piloni, il presidente della Provincia Sergio Reolon e il sindaco di Farra d\u2019Alpago, Floriano De Pra, hanno firmato un accordo di programma per la sistemazione delle sponde e della spiaggia a Santa Croce del Lago. L\u2019intervento \u00e8 propedeutico alla realizzazione di un centro velico di ecellenza sportiva. \u00abE\u2019 il primo tassello [&hellip;]\" \/>\n<meta property=\"og:url\" content=\"https:\/\/www.bellunopress.it\/fr\/2009\/06\/15\/provincia-e-comune-presto-i-lavori-su-sponde-e-spiagge-per-il-centro-velico-reolon-e-de-pra-firmano-un-accordo-da-palazzo-piloni-500-mila-euro\/\" \/>\n<meta property=\"og:site_name\" content=\"Bellunopress - Dolomiti\" \/>\n<meta property=\"article:publisher\" content=\"https:\/\/www.facebook.com\/profile.php?id=100008943462799\" \/>\n<meta property=\"article:published_time\" content=\"2009-06-15T17:53:02+00:00\" \/>\n<meta property=\"og:image\" content=\"http:\/\/www.bellunopress.it\/wp-content\/uploads\/2009\/06\/marco-versari-lezione-a-santa-croce-leggera1.jpg\" \/>\n<meta name=\"author\" content=\"redazione\" \/>\n<meta name=\"twitter:card\" content=\"summary_large_image\" \/>\n<meta name=\"twitter:creator\" content=\"@bellunopress\" \/>\n<meta name=\"twitter:site\" content=\"@bellunopress\" \/>\n<meta name=\"twitter:label1\" content=\"\u00c9crit par\" \/>\n\t<meta name=\"twitter:data1\" content=\"redazione\" \/>\n\t<meta name=\"twitter:label2\" content=\"Dur\u00e9e de lecture estim\u00e9e\" \/>\n\t<meta name=\"twitter:data2\" content=\"1 minute\" \/>\n<script type=\"application\/ld+json\" class=\"yoast-schema-graph\">{\"@context\":\"https:\\\/\\\/schema.org\",\"@graph\":[{\"@type\":\"Article\",\"@id\":\"https:\\\/\\\/www.bellunopress.it\\\/2009\\\/06\\\/15\\\/provincia-e-comune-presto-i-lavori-su-sponde-e-spiagge-per-il-centro-velico-reolon-e-de-pra-firmano-un-accordo-da-palazzo-piloni-500-mila-euro\\\/#article\",\"isPartOf\":{\"@id\":\"https:\\\/\\\/www.bellunopress.it\\\/2009\\\/06\\\/15\\\/provincia-e-comune-presto-i-lavori-su-sponde-e-spiagge-per-il-centro-velico-reolon-e-de-pra-firmano-un-accordo-da-palazzo-piloni-500-mila-euro\\\/\"},\"author\":{\"name\":\"redazione\",\"@id\":\"https:\\\/\\\/www.bellunopress.it\\\/#\\\/schema\\\/person\\\/79bb06722b37ece1c03d3e94beb30d73\"},\"headline\":\"Provincia e Comune, presto i lavori su sponde e spiagge per il centro velico Reolon e De Pra firmano un accordo. Da Palazzo Piloni 500 mila euro\",\"datePublished\":\"2009-06-15T17:53:02+00:00\",\"mainEntityOfPage\":{\"@id\":\"https:\\\/\\\/www.bellunopress.it\\\/2009\\\/06\\\/15\\\/provincia-e-comune-presto-i-lavori-su-sponde-e-spiagge-per-il-centro-velico-reolon-e-de-pra-firmano-un-accordo-da-palazzo-piloni-500-mila-euro\\\/\"},\"wordCount\":215,\"publisher\":{\"@id\":\"https:\\\/\\\/www.bellunopress.it\\\/#organization\"},\"image\":{\"@id\":\"https:\\\/\\\/www.bellunopress.it\\\/2009\\\/06\\\/15\\\/provincia-e-comune-presto-i-lavori-su-sponde-e-spiagge-per-il-centro-velico-reolon-e-de-pra-firmano-un-accordo-da-palazzo-piloni-500-mila-euro\\\/#primaryimage\"},\"thumbnailUrl\":\"http:\\\/\\\/www.bellunopress.it\\\/wp-content\\\/uploads\\\/2009\\\/06\\\/marco-versari-lezione-a-santa-croce-leggera1.jpg\",\"keywords\":[\"Belluno\"],\"articleSection\":[\"Cronaca\\\/Politica\",\"Prima Pagina\",\"Sport, tempo libero\"],\"inLanguage\":\"fr-FR\"},{\"@type\":\"WebPage\",\"@id\":\"https:\\\/\\\/www.bellunopress.it\\\/2009\\\/06\\\/15\\\/provincia-e-comune-presto-i-lavori-su-sponde-e-spiagge-per-il-centro-velico-reolon-e-de-pra-firmano-un-accordo-da-palazzo-piloni-500-mila-euro\\\/\",\"url\":\"https:\\\/\\\/www.bellunopress.it\\\/2009\\\/06\\\/15\\\/provincia-e-comune-presto-i-lavori-su-sponde-e-spiagge-per-il-centro-velico-reolon-e-de-pra-firmano-un-accordo-da-palazzo-piloni-500-mila-euro\\\/\",\"name\":\"Provincia e Comune, presto i lavori su sponde e spiagge per il centro velico Reolon e De Pra firmano un accordo. Da Palazzo Piloni 500 mila euro - Bellunopress - Dolomiti\",\"isPartOf\":{\"@id\":\"https:\\\/\\\/www.bellunopress.it\\\/#website\"},\"primaryImageOfPage\":{\"@id\":\"https:\\\/\\\/www.bellunopress.it\\\/2009\\\/06\\\/15\\\/provincia-e-comune-presto-i-lavori-su-sponde-e-spiagge-per-il-centro-velico-reolon-e-de-pra-firmano-un-accordo-da-palazzo-piloni-500-mila-euro\\\/#primaryimage\"},\"image\":{\"@id\":\"https:\\\/\\\/www.bellunopress.it\\\/2009\\\/06\\\/15\\\/provincia-e-comune-presto-i-lavori-su-sponde-e-spiagge-per-il-centro-velico-reolon-e-de-pra-firmano-un-accordo-da-palazzo-piloni-500-mila-euro\\\/#primaryimage\"},\"thumbnailUrl\":\"http:\\\/\\\/www.bellunopress.it\\\/wp-content\\\/uploads\\\/2009\\\/06\\\/marco-versari-lezione-a-santa-croce-leggera1.jpg\",\"datePublished\":\"2009-06-15T17:53:02+00:00\",\"breadcrumb\":{\"@id\":\"https:\\\/\\\/www.bellunopress.it\\\/2009\\\/06\\\/15\\\/provincia-e-comune-presto-i-lavori-su-sponde-e-spiagge-per-il-centro-velico-reolon-e-de-pra-firmano-un-accordo-da-palazzo-piloni-500-mila-euro\\\/#breadcrumb\"},\"inLanguage\":\"fr-FR\",\"potentialAction\":[{\"@type\":\"ReadAction\",\"target\":[\"https:\\\/\\\/www.bellunopress.it\\\/2009\\\/06\\\/15\\\/provincia-e-comune-presto-i-lavori-su-sponde-e-spiagge-per-il-centro-velico-reolon-e-de-pra-firmano-un-accordo-da-palazzo-piloni-500-mila-euro\\\/\"]}]},{\"@type\":\"ImageObject\",\"inLanguage\":\"fr-FR\",\"@id\":\"https:\\\/\\\/www.bellunopress.it\\\/2009\\\/06\\\/15\\\/provincia-e-comune-presto-i-lavori-su-sponde-e-spiagge-per-il-centro-velico-reolon-e-de-pra-firmano-un-accordo-da-palazzo-piloni-500-mila-euro\\\/#primaryimage\",\"url\":\"http:\\\/\\\/www.bellunopress.it\\\/wp-content\\\/uploads\\\/2009\\\/06\\\/marco-versari-lezione-a-santa-croce-leggera1.jpg\",\"contentUrl\":\"http:\\\/\\\/www.bellunopress.it\\\/wp-content\\\/uploads\\\/2009\\\/06\\\/marco-versari-lezione-a-santa-croce-leggera1.jpg\"},{\"@type\":\"BreadcrumbList\",\"@id\":\"https:\\\/\\\/www.bellunopress.it\\\/2009\\\/06\\\/15\\\/provincia-e-comune-presto-i-lavori-su-sponde-e-spiagge-per-il-centro-velico-reolon-e-de-pra-firmano-un-accordo-da-palazzo-piloni-500-mila-euro\\\/#breadcrumb\",\"itemListElement\":[{\"@type\":\"ListItem\",\"position\":1,\"name\":\"Home\",\"item\":\"https:\\\/\\\/www.bellunopress.it\\\/\"},{\"@type\":\"ListItem\",\"position\":2,\"name\":\"Provincia e Comune, presto i lavori su sponde e spiagge per il centro velico Reolon e De Pra firmano un accordo. Da Palazzo Piloni 500 mila euro\"}]},{\"@type\":\"WebSite\",\"@id\":\"https:\\\/\\\/www.bellunopress.it\\\/#website\",\"url\":\"https:\\\/\\\/www.bellunopress.it\\\/\",\"name\":\"Bellunopress - Dolomiti\",\"description\":\"e-mail: redazione@bellunopress.it\",\"publisher\":{\"@id\":\"https:\\\/\\\/www.bellunopress.it\\\/#organization\"},\"potentialAction\":[{\"@type\":\"SearchAction\",\"target\":{\"@type\":\"EntryPoint\",\"urlTemplate\":\"https:\\\/\\\/www.bellunopress.it\\\/?s={search_term_string}\"},\"query-input\":{\"@type\":\"PropertyValueSpecification\",\"valueRequired\":true,\"valueName\":\"search_term_string\"}}],\"inLanguage\":\"fr-FR\"},{\"@type\":\"Organization\",\"@id\":\"https:\\\/\\\/www.bellunopress.it\\\/#organization\",\"name\":\"Bellunopress\",\"url\":\"https:\\\/\\\/www.bellunopress.it\\\/\",\"logo\":{\"@type\":\"ImageObject\",\"inLanguage\":\"fr-FR\",\"@id\":\"https:\\\/\\\/www.bellunopress.it\\\/#\\\/schema\\\/logo\\\/image\\\/\",\"url\":\"https:\\\/\\\/www.bellunopress.it\\\/wp-content\\\/uploads\\\/2011\\\/05\\\/cropped-logo-bellunopress-.jpg\",\"contentUrl\":\"https:\\\/\\\/www.bellunopress.it\\\/wp-content\\\/uploads\\\/2011\\\/05\\\/cropped-logo-bellunopress-.jpg\",\"width\":512,\"height\":512,\"caption\":\"Bellunopress\"},\"image\":{\"@id\":\"https:\\\/\\\/www.bellunopress.it\\\/#\\\/schema\\\/logo\\\/image\\\/\"},\"sameAs\":[\"https:\\\/\\\/www.facebook.com\\\/profile.php?id=100008943462799\",\"https:\\\/\\\/x.com\\\/bellunopress\",\"https:\\\/\\\/www.linkedin.com\\\/hp\\\/?dnr=JBzUWaJfMUw8vbXJJ2tVW5-I3jZKvC4wsoxE&amp;amp;amp;amp;amp;amp;trk=nav_responsive_tab_home\",\"https:\\\/\\\/www.youtube.com\\\/channel\\\/UCxL0wu1uN0_3_7hGG0306cw\"]},{\"@type\":\"Person\",\"@id\":\"https:\\\/\\\/www.bellunopress.it\\\/#\\\/schema\\\/person\\\/79bb06722b37ece1c03d3e94beb30d73\",\"name\":\"redazione\",\"image\":{\"@type\":\"ImageObject\",\"inLanguage\":\"fr-FR\",\"@id\":\"https:\\\/\\\/secure.gravatar.com\\\/avatar\\\/37d968a2e67a6fd04c169c4bdef102d0bc5d31b2546345219e348575eb80e9a0?s=96&d=mm&r=g\",\"url\":\"https:\\\/\\\/secure.gravatar.com\\\/avatar\\\/37d968a2e67a6fd04c169c4bdef102d0bc5d31b2546345219e348575eb80e9a0?s=96&d=mm&r=g\",\"contentUrl\":\"https:\\\/\\\/secure.gravatar.com\\\/avatar\\\/37d968a2e67a6fd04c169c4bdef102d0bc5d31b2546345219e348575eb80e9a0?s=96&d=mm&r=g\",\"caption\":\"redazione\"},\"sameAs\":[\"http:\\\/\\\/www.bellunopress.it\",\"https:\\\/\\\/x.com\\\/bellunopress\"],\"url\":\"https:\\\/\\\/www.bellunopress.it\\\/fr\\\/author\\\/redazione\\\/\"}]}<\/script>\n<!-- \/ Yoast SEO plugin. -->","yoast_head_json":{"title":"Provincia e Comune, presto i lavori su sponde e spiagge per il centro velico Reolon e De Pra firmano un accordo. Da Palazzo Piloni 500 mila euro - Bellunopress - Dolomiti","robots":{"index":"index","follow":"follow","max-snippet":"max-snippet:-1","max-image-preview":"max-image-preview:large","max-video-preview":"max-video-preview:-1"},"canonical":"https:\/\/www.bellunopress.it\/fr\/2009\/06\/15\/provincia-e-comune-presto-i-lavori-su-sponde-e-spiagge-per-il-centro-velico-reolon-e-de-pra-firmano-un-accordo-da-palazzo-piloni-500-mila-euro\/","og_locale":"fr_FR","og_type":"article","og_title":"Provincia e Comune, presto i lavori su sponde e spiagge per il centro velico Reolon e De Pra firmano un accordo. Da Palazzo Piloni 500 mila euro - Bellunopress - Dolomiti","og_description":"Ieri mattina a palazzo Piloni, il presidente della Provincia Sergio Reolon e il sindaco di Farra d\u2019Alpago, Floriano De Pra, hanno firmato un accordo di programma per la sistemazione delle sponde e della spiaggia a Santa Croce del Lago. L\u2019intervento \u00e8 propedeutico alla realizzazione di un centro velico di ecellenza sportiva. \u00abE\u2019 il primo tassello [&hellip;]","og_url":"https:\/\/www.bellunopress.it\/fr\/2009\/06\/15\/provincia-e-comune-presto-i-lavori-su-sponde-e-spiagge-per-il-centro-velico-reolon-e-de-pra-firmano-un-accordo-da-palazzo-piloni-500-mila-euro\/","og_site_name":"Bellunopress - Dolomiti","article_publisher":"https:\/\/www.facebook.com\/profile.php?id=100008943462799","article_published_time":"2009-06-15T17:53:02+00:00","og_image":[{"url":"http:\/\/www.bellunopress.it\/wp-content\/uploads\/2009\/06\/marco-versari-lezione-a-santa-croce-leggera1.jpg","type":"","width":"","height":""}],"author":"redazione","twitter_card":"summary_large_image","twitter_creator":"@bellunopress","twitter_site":"@bellunopress","twitter_misc":{"\u00c9crit par":"redazione","Dur\u00e9e de lecture estim\u00e9e":"1 minute"},"schema":{"@context":"https:\/\/schema.org","@graph":[{"@type":"Article","@id":"https:\/\/www.bellunopress.it\/2009\/06\/15\/provincia-e-comune-presto-i-lavori-su-sponde-e-spiagge-per-il-centro-velico-reolon-e-de-pra-firmano-un-accordo-da-palazzo-piloni-500-mila-euro\/#article","isPartOf":{"@id":"https:\/\/www.bellunopress.it\/2009\/06\/15\/provincia-e-comune-presto-i-lavori-su-sponde-e-spiagge-per-il-centro-velico-reolon-e-de-pra-firmano-un-accordo-da-palazzo-piloni-500-mila-euro\/"},"author":{"name":"redazione","@id":"https:\/\/www.bellunopress.it\/#\/schema\/person\/79bb06722b37ece1c03d3e94beb30d73"},"headline":"Provincia e Comune, presto i lavori su sponde e spiagge per il centro velico Reolon e De Pra firmano un accordo. Da Palazzo Piloni 500 mila euro","datePublished":"2009-06-15T17:53:02+00:00","mainEntityOfPage":{"@id":"https:\/\/www.bellunopress.it\/2009\/06\/15\/provincia-e-comune-presto-i-lavori-su-sponde-e-spiagge-per-il-centro-velico-reolon-e-de-pra-firmano-un-accordo-da-palazzo-piloni-500-mila-euro\/"},"wordCount":215,"publisher":{"@id":"https:\/\/www.bellunopress.it\/#organization"},"image":{"@id":"https:\/\/www.bellunopress.it\/2009\/06\/15\/provincia-e-comune-presto-i-lavori-su-sponde-e-spiagge-per-il-centro-velico-reolon-e-de-pra-firmano-un-accordo-da-palazzo-piloni-500-mila-euro\/#primaryimage"},"thumbnailUrl":"http:\/\/www.bellunopress.it\/wp-content\/uploads\/2009\/06\/marco-versari-lezione-a-santa-croce-leggera1.jpg","keywords":["Belluno"],"articleSection":["Cronaca\/Politica","Prima Pagina","Sport, tempo libero"],"inLanguage":"fr-FR"},{"@type":"WebPage","@id":"https:\/\/www.bellunopress.it\/2009\/06\/15\/provincia-e-comune-presto-i-lavori-su-sponde-e-spiagge-per-il-centro-velico-reolon-e-de-pra-firmano-un-accordo-da-palazzo-piloni-500-mila-euro\/","url":"https:\/\/www.bellunopress.it\/2009\/06\/15\/provincia-e-comune-presto-i-lavori-su-sponde-e-spiagge-per-il-centro-velico-reolon-e-de-pra-firmano-un-accordo-da-palazzo-piloni-500-mila-euro\/","name":"Provincia e Comune, presto i lavori su sponde e spiagge per il centro velico Reolon e De Pra firmano un accordo. Da Palazzo Piloni 500 mila euro - Bellunopress - Dolomiti","isPartOf":{"@id":"https:\/\/www.bellunopress.it\/#website"},"primaryImageOfPage":{"@id":"https:\/\/www.bellunopress.it\/2009\/06\/15\/provincia-e-comune-presto-i-lavori-su-sponde-e-spiagge-per-il-centro-velico-reolon-e-de-pra-firmano-un-accordo-da-palazzo-piloni-500-mila-euro\/#primaryimage"},"image":{"@id":"https:\/\/www.bellunopress.it\/2009\/06\/15\/provincia-e-comune-presto-i-lavori-su-sponde-e-spiagge-per-il-centro-velico-reolon-e-de-pra-firmano-un-accordo-da-palazzo-piloni-500-mila-euro\/#primaryimage"},"thumbnailUrl":"http:\/\/www.bellunopress.it\/wp-content\/uploads\/2009\/06\/marco-versari-lezione-a-santa-croce-leggera1.jpg","datePublished":"2009-06-15T17:53:02+00:00","breadcrumb":{"@id":"https:\/\/www.bellunopress.it\/2009\/06\/15\/provincia-e-comune-presto-i-lavori-su-sponde-e-spiagge-per-il-centro-velico-reolon-e-de-pra-firmano-un-accordo-da-palazzo-piloni-500-mila-euro\/#breadcrumb"},"inLanguage":"fr-FR","potentialAction":[{"@type":"ReadAction","target":["https:\/\/www.bellunopress.it\/2009\/06\/15\/provincia-e-comune-presto-i-lavori-su-sponde-e-spiagge-per-il-centro-velico-reolon-e-de-pra-firmano-un-accordo-da-palazzo-piloni-500-mila-euro\/"]}]},{"@type":"ImageObject","inLanguage":"fr-FR","@id":"https:\/\/www.bellunopress.it\/2009\/06\/15\/provincia-e-comune-presto-i-lavori-su-sponde-e-spiagge-per-il-centro-velico-reolon-e-de-pra-firmano-un-accordo-da-palazzo-piloni-500-mila-euro\/#primaryimage","url":"http:\/\/www.bellunopress.it\/wp-content\/uploads\/2009\/06\/marco-versari-lezione-a-santa-croce-leggera1.jpg","contentUrl":"http:\/\/www.bellunopress.it\/wp-content\/uploads\/2009\/06\/marco-versari-lezione-a-santa-croce-leggera1.jpg"},{"@type":"BreadcrumbList","@id":"https:\/\/www.bellunopress.it\/2009\/06\/15\/provincia-e-comune-presto-i-lavori-su-sponde-e-spiagge-per-il-centro-velico-reolon-e-de-pra-firmano-un-accordo-da-palazzo-piloni-500-mila-euro\/#breadcrumb","itemListElement":[{"@type":"ListItem","position":1,"name":"Home","item":"https:\/\/www.bellunopress.it\/"},{"@type":"ListItem","position":2,"name":"Provincia e Comune, presto i lavori su sponde e spiagge per il centro velico Reolon e De Pra firmano un accordo. Da Palazzo Piloni 500 mila euro"}]},{"@type":"WebSite","@id":"https:\/\/www.bellunopress.it\/#website","url":"https:\/\/www.bellunopress.it\/","name":"Bellunopress - Dolomiti","description":"e-mail: redazione@bellunopress.it","publisher":{"@id":"https:\/\/www.bellunopress.it\/#organization"},"potentialAction":[{"@type":"SearchAction","target":{"@type":"EntryPoint","urlTemplate":"https:\/\/www.bellunopress.it\/?s={search_term_string}"},"query-input":{"@type":"PropertyValueSpecification","valueRequired":true,"valueName":"search_term_string"}}],"inLanguage":"fr-FR"},{"@type":"Organization","@id":"https:\/\/www.bellunopress.it\/#organization","name":"Bellunopress","url":"https:\/\/www.bellunopress.it\/","logo":{"@type":"ImageObject","inLanguage":"fr-FR","@id":"https:\/\/www.bellunopress.it\/#\/schema\/logo\/image\/","url":"https:\/\/www.bellunopress.it\/wp-content\/uploads\/2011\/05\/cropped-logo-bellunopress-.jpg","contentUrl":"https:\/\/www.bellunopress.it\/wp-content\/uploads\/2011\/05\/cropped-logo-bellunopress-.jpg","width":512,"height":512,"caption":"Bellunopress"},"image":{"@id":"https:\/\/www.bellunopress.it\/#\/schema\/logo\/image\/"},"sameAs":["https:\/\/www.facebook.com\/profile.php?id=100008943462799","https:\/\/x.com\/bellunopress","https:\/\/www.linkedin.com\/hp\/?dnr=JBzUWaJfMUw8vbXJJ2tVW5-I3jZKvC4wsoxE&amp;amp;amp;amp;amp;amp;trk=nav_responsive_tab_home","https:\/\/www.youtube.com\/channel\/UCxL0wu1uN0_3_7hGG0306cw"]},{"@type":"Person","@id":"https:\/\/www.bellunopress.it\/#\/schema\/person\/79bb06722b37ece1c03d3e94beb30d73","name":"r\u00e9daction","image":{"@type":"ImageObject","inLanguage":"fr-FR","@id":"https:\/\/secure.gravatar.com\/avatar\/37d968a2e67a6fd04c169c4bdef102d0bc5d31b2546345219e348575eb80e9a0?s=96&d=mm&r=g","url":"https:\/\/secure.gravatar.com\/avatar\/37d968a2e67a6fd04c169c4bdef102d0bc5d31b2546345219e348575eb80e9a0?s=96&d=mm&r=g","contentUrl":"https:\/\/secure.gravatar.com\/avatar\/37d968a2e67a6fd04c169c4bdef102d0bc5d31b2546345219e348575eb80e9a0?s=96&d=mm&r=g","caption":"redazione"},"sameAs":["http:\/\/www.bellunopress.it","https:\/\/x.com\/bellunopress"],"url":"https:\/\/www.bellunopress.it\/fr\/author\/redazione\/"}]}},"_links":{"self":[{"href":"https:\/\/www.bellunopress.it\/fr\/wp-json\/wp\/v2\/posts\/4889","targetHints":{"allow":["GET"]}}],"collection":[{"href":"https:\/\/www.bellunopress.it\/fr\/wp-json\/wp\/v2\/posts"}],"about":[{"href":"https:\/\/www.bellunopress.it\/fr\/wp-json\/wp\/v2\/types\/post"}],"author":[{"embeddable":true,"href":"https:\/\/www.bellunopress.it\/fr\/wp-json\/wp\/v2\/users\/2"}],"replies":[{"embeddable":true,"href":"https:\/\/www.bellunopress.it\/fr\/wp-json\/wp\/v2\/comments?post=4889"}],"version-history":[{"count":1,"href":"https:\/\/www.bellunopress.it\/fr\/wp-json\/wp\/v2\/posts\/4889\/revisions"}],"predecessor-version":[{"id":4890,"href":"https:\/\/www.bellunopress.it\/fr\/wp-json\/wp\/v2\/posts\/4889\/revisions\/4890"}],"wp:attachment":[{"href":"https:\/\/www.bellunopress.it\/fr\/wp-json\/wp\/v2\/media?parent=4889"}],"wp:term":[{"taxonomy":"category","embeddable":true,"href":"https:\/\/www.bellunopress.it\/fr\/wp-json\/wp\/v2\/categories?post=4889"},{"taxonomy":"post_tag","embeddable":true,"href":"https:\/\/www.bellunopress.it\/fr\/wp-json\/wp\/v2\/tags?post=4889"}],"curies":[{"name":"wp","href":"https:\/\/api.w.org\/{rel}","templated":true}]}}