{"id":48870,"date":"2013-04-27T20:47:43","date_gmt":"2013-04-27T19:47:43","guid":{"rendered":"http:\/\/www.bellunopress.it\/?p=48870"},"modified":"2013-04-27T20:47:43","modified_gmt":"2013-04-27T19:47:43","slug":"tutto-pronto-per-lmtb-alpago-trophy-del-4-e-5-maggio-sara-lolimpionico-marco-aurelio-fontana-la-stella-delledizione-2013","status":"publish","type":"post","link":"https:\/\/www.bellunopress.it\/fr\/2013\/04\/27\/tutto-pronto-per-lmtb-alpago-trophy-del-4-e-5-maggio-sara-lolimpionico-marco-aurelio-fontana-la-stella-delledizione-2013\/","title":{"rendered":"Tutto pronto per l&#8217;Mtb Alpago Trophy del 4 e 5 maggio Sar\u00e0 l&#8217;olimpionico Marco Aurelio Fontana la stella dell&#8217;edizione 2013"},"content":{"rendered":"<figure id=\"attachment_37709\" aria-describedby=\"caption-attachment-37709\" style=\"width: 200px\" class=\"wp-caption alignleft\"><a href=\"http:\/\/www.bellunopress.it\/wp-content\/uploads\/2012\/05\/mtb-alpago-marco-aurelio-fontana.jpg\"><img loading=\"lazy\" decoding=\"async\" class=\"size-full wp-image-37709\" alt=\"Marco Aurelio Fontana\" src=\"http:\/\/www.bellunopress.it\/wp-content\/uploads\/2012\/05\/mtb-alpago-marco-aurelio-fontana.jpg\" width=\"200\" height=\"134\" \/><\/a><figcaption id=\"caption-attachment-37709\" class=\"wp-caption-text\">Marco Aurelio Fontana<\/figcaption><\/figure>\n<p>Sar\u00e0 Marco Aurelio Fontana, medaglia di bronzo nella mpuntain bike alle Olimpiadi di Londra della scorsa estate, la \u201cstella\u201d dell\u2019edizione 2013 dell\u2019Mtb Alpago Trophy 2013, il cross country che sar\u00e0 valido quale terza prova del circuito Internazionali d\u2019Italia. Fontana gi\u00e0 vinse lo scorso anno ed \u00e8 il favorito d\u2019obbligo anche per l\u2019edizione di quest\u2019anno che andr\u00e0 in scena il 4 e 5 maggio prossimi. L\u2019evento, presentato questa mattina nei locali della Concessionaria Citroen Manzotti di Ponte nelle Alpi, sar\u00e0 come consuetudine un \u201ccontenitore\u201d di tanti eventi.<\/p>\n<p>\u00abSabato proporremo le prove dedicate agli amatori, prove che assegneranno il Campionato veneto Master \u2013 ha spiegato Paolo Zanon, coordinatore dell\u2019organizzazione -. Domenic mattina le si svolgeranno le gare della Coppa Italia per la categoria Allievi e le prove Juniores e donne degli internazionali d\u2019Italia, mentre nel pomeriggio il gran finale con le gare Elite, alla quale stiamo cercando di garantire un livello ancora pi\u00f9 elevato rispetto a quello degli ultimi anni. A chiudere la giornata sar\u00e0, meteo permettendo, il circuito Saranno Campioni per i giovanissimi\u00bb. Il 20 luglio inoltre \u2013 dice ancora Zanon \u2013 in piazza a Lamosano ritorneranno le acrobazie dell\u2019mtb trial: le gare, come gi\u00e0 nel 2012, saranno valide per assegnare le maglie tricolori\u00bb.<\/p>\n<p>Alla presentazione \u00e8 intervenuto anche il commissario tecnico della nazionale azzurra di mountain bike, Hubert Pallhuber. \u00abLe gare di Lamosano saranno uno spettacolo ai massimi livelli \u2013 ha affermato Pallhuber -. Il circuito, rinnovato lo scorso anno e totalmente rispettoso dei dettami imposti in merito dal regolamento internazionale, favorir\u00e0 ancor di pi\u00f9 le performance degli atleti\u00bb.<\/p>\n<p>&nbsp;<\/p>\n<p>Il programma orario e le distanze di gara<\/p>\n<p><strong>Sabato 4 maggio<\/strong><\/p>\n<p><strong>\u00a0<\/strong><\/p>\n<p>14:30 &#8211; MASTER 3-4 km 25,450 (5 giri + prologo)<\/p>\n<p>&nbsp;<\/p>\n<p>14:31 &#8211; MASTER 5-6+ km 20,840 (4 giri + prologo)<\/p>\n<p>&nbsp;<\/p>\n<p>14:32 &#8211; DONNE MASTER 1-2 km 16,200 (3 giri + prologo)<\/p>\n<p>&nbsp;<\/p>\n<p>16:00 &#8211; ELITE SPORT km 25,450 (5 giri + prologo)<\/p>\n<p>&nbsp;<\/p>\n<p>16:01 &#8211; MASTER 1-2 km 25,450 (5 giri + prologo)<\/p>\n<p>&nbsp;<\/p>\n<p>18.00 &#8211; PREMIAZIONI<\/p>\n<p>&nbsp;<\/p>\n<p>18.15 &#8211; CORRI ALPAGO gara podistica non competitiva<\/p>\n<p>&nbsp;<\/p>\n<p>18.30 &#8211; Team Manager Meeting<\/p>\n<p>&nbsp;<\/p>\n<p><strong>Domenica 5 maggio<\/strong><\/p>\n<p>&nbsp;<\/p>\n<p>09:00 &#8211; ESORDIENTI Maschile km 8,800 (2 giri)<\/p>\n<p>&nbsp;<\/p>\n<p>09:01 &#8211; ESORDIENTI Femminile km 6,800 (1 giro + prologo)<\/p>\n<p>&nbsp;<\/p>\n<p>10:00 &#8211; ALLIEVI Maschile km 11,200 (2 giri + prologo)<\/p>\n<p>&nbsp;<\/p>\n<p>10:01 &#8211; ALLIEVI Femminile km 8,800 (2 giri)<\/p>\n<p>&nbsp;<\/p>\n<p>11:15 &#8211; JUNIOR Maschile km 20,840 (4 giri + prologo)<\/p>\n<p>&nbsp;<\/p>\n<p>11:16 &#8211; OPEN Femminile km 20,840 (4 giri + prologo)<\/p>\n<p>&nbsp;<\/p>\n<p>11:17 &#8211; JUNIOR femminile km 16,230 (3 giri + prologo)<\/p>\n<p>&nbsp;<\/p>\n<p>13.00 &#8211; PREMIAZIONI<\/p>\n<p>&nbsp;<\/p>\n<p>14:30 &#8211; OPEN Maschile (Elite+U23) km 30,060 (6 giri + prologo)<\/p>\n<p>&nbsp;<\/p>\n<p>16:15 -PREMIAZIONI<\/p>\n<p>&nbsp;<\/p>\n<p>16.45 &#8211; SARANNO CAMPIONI gare della categoria giovanissimi<\/p>\n<p>&nbsp;<\/p>\n<p>Per tutti i dettagli: www.mtbalpago.it.<\/p>","protected":false},"excerpt":{"rendered":"<p>Sar\u00e0 Marco Aurelio Fontana, medaglia di bronzo nella mpuntain bike alle Olimpiadi di Londra della scorsa estate, la \u201cstella\u201d dell\u2019edizione 2013 dell\u2019Mtb Alpago Trophy 2013, il cross country che sar\u00e0 valido quale terza prova del circuito Internazionali d\u2019Italia. Fontana gi\u00e0 vinse lo scorso anno ed \u00e8 il favorito d\u2019obbligo anche per l\u2019edizione di quest\u2019anno che [&hellip;]<\/p>\n","protected":false},"author":2,"featured_media":0,"comment_status":"closed","ping_status":"open","sticky":false,"template":"","format":"standard","meta":{"footnotes":""},"categories":[26,4],"tags":[],"class_list":["post-48870","post","type-post","status-publish","format-standard","category-prima-pagina","category-sport"],"yoast_head":"<!-- This site is optimized with the Yoast SEO plugin v28.4 - https:\/\/yoast.com\/product\/yoast-seo-wordpress\/ -->\n<title>Tutto pronto per l&#039;Mtb Alpago Trophy del 4 e 5 maggio Sar\u00e0 l&#039;olimpionico Marco Aurelio Fontana la stella dell&#039;edizione 2013 - Bellunopress - Dolomiti<\/title>\n<meta name=\"robots\" content=\"index, follow, max-snippet:-1, max-image-preview:large, max-video-preview:-1\" \/>\n<link rel=\"canonical\" href=\"https:\/\/www.bellunopress.it\/fr\/2013\/04\/27\/tutto-pronto-per-lmtb-alpago-trophy-del-4-e-5-maggio-sara-lolimpionico-marco-aurelio-fontana-la-stella-delledizione-2013\/\" \/>\n<meta property=\"og:locale\" content=\"fr_FR\" \/>\n<meta property=\"og:type\" content=\"article\" \/>\n<meta property=\"og:title\" content=\"Tutto pronto per l&#039;Mtb Alpago Trophy del 4 e 5 maggio Sar\u00e0 l&#039;olimpionico Marco Aurelio Fontana la stella dell&#039;edizione 2013 - Bellunopress - Dolomiti\" \/>\n<meta property=\"og:description\" content=\"Sar\u00e0 Marco Aurelio Fontana, medaglia di bronzo nella mpuntain bike alle Olimpiadi di Londra della scorsa estate, la \u201cstella\u201d dell\u2019edizione 2013 dell\u2019Mtb Alpago Trophy 2013, il cross country che sar\u00e0 valido quale terza prova del circuito Internazionali d\u2019Italia. Fontana gi\u00e0 vinse lo scorso anno ed \u00e8 il favorito d\u2019obbligo anche per l\u2019edizione di quest\u2019anno che [&hellip;]\" \/>\n<meta property=\"og:url\" content=\"https:\/\/www.bellunopress.it\/fr\/2013\/04\/27\/tutto-pronto-per-lmtb-alpago-trophy-del-4-e-5-maggio-sara-lolimpionico-marco-aurelio-fontana-la-stella-delledizione-2013\/\" \/>\n<meta property=\"og:site_name\" content=\"Bellunopress - Dolomiti\" \/>\n<meta property=\"article:publisher\" content=\"https:\/\/www.facebook.com\/profile.php?id=100008943462799\" \/>\n<meta property=\"article:published_time\" content=\"2013-04-27T19:47:43+00:00\" \/>\n<meta property=\"og:image\" content=\"http:\/\/www.bellunopress.it\/wp-content\/uploads\/2012\/05\/mtb-alpago-marco-aurelio-fontana.jpg\" \/>\n<meta name=\"author\" content=\"redazione\" \/>\n<meta name=\"twitter:card\" content=\"summary_large_image\" \/>\n<meta name=\"twitter:creator\" content=\"@bellunopress\" \/>\n<meta name=\"twitter:site\" content=\"@bellunopress\" \/>\n<meta name=\"twitter:label1\" content=\"\u00c9crit par\" \/>\n\t<meta name=\"twitter:data1\" content=\"redazione\" \/>\n\t<meta name=\"twitter:label2\" content=\"Dur\u00e9e de lecture estim\u00e9e\" \/>\n\t<meta name=\"twitter:data2\" content=\"2 minutes\" \/>\n<script type=\"application\/ld+json\" class=\"yoast-schema-graph\">{\"@context\":\"https:\\\/\\\/schema.org\",\"@graph\":[{\"@type\":\"Article\",\"@id\":\"https:\\\/\\\/www.bellunopress.it\\\/2013\\\/04\\\/27\\\/tutto-pronto-per-lmtb-alpago-trophy-del-4-e-5-maggio-sara-lolimpionico-marco-aurelio-fontana-la-stella-delledizione-2013\\\/#article\",\"isPartOf\":{\"@id\":\"https:\\\/\\\/www.bellunopress.it\\\/2013\\\/04\\\/27\\\/tutto-pronto-per-lmtb-alpago-trophy-del-4-e-5-maggio-sara-lolimpionico-marco-aurelio-fontana-la-stella-delledizione-2013\\\/\"},\"author\":{\"name\":\"redazione\",\"@id\":\"https:\\\/\\\/www.bellunopress.it\\\/#\\\/schema\\\/person\\\/79bb06722b37ece1c03d3e94beb30d73\"},\"headline\":\"Tutto pronto per l&#8217;Mtb Alpago Trophy del 4 e 5 maggio Sar\u00e0 l&#8217;olimpionico Marco Aurelio Fontana la stella dell&#8217;edizione 2013\",\"datePublished\":\"2013-04-27T19:47:43+00:00\",\"mainEntityOfPage\":{\"@id\":\"https:\\\/\\\/www.bellunopress.it\\\/2013\\\/04\\\/27\\\/tutto-pronto-per-lmtb-alpago-trophy-del-4-e-5-maggio-sara-lolimpionico-marco-aurelio-fontana-la-stella-delledizione-2013\\\/\"},\"wordCount\":429,\"publisher\":{\"@id\":\"https:\\\/\\\/www.bellunopress.it\\\/#organization\"},\"image\":{\"@id\":\"https:\\\/\\\/www.bellunopress.it\\\/2013\\\/04\\\/27\\\/tutto-pronto-per-lmtb-alpago-trophy-del-4-e-5-maggio-sara-lolimpionico-marco-aurelio-fontana-la-stella-delledizione-2013\\\/#primaryimage\"},\"thumbnailUrl\":\"http:\\\/\\\/www.bellunopress.it\\\/wp-content\\\/uploads\\\/2012\\\/05\\\/mtb-alpago-marco-aurelio-fontana.jpg\",\"articleSection\":[\"Prima Pagina\",\"Sport, tempo libero\"],\"inLanguage\":\"fr-FR\"},{\"@type\":\"WebPage\",\"@id\":\"https:\\\/\\\/www.bellunopress.it\\\/2013\\\/04\\\/27\\\/tutto-pronto-per-lmtb-alpago-trophy-del-4-e-5-maggio-sara-lolimpionico-marco-aurelio-fontana-la-stella-delledizione-2013\\\/\",\"url\":\"https:\\\/\\\/www.bellunopress.it\\\/2013\\\/04\\\/27\\\/tutto-pronto-per-lmtb-alpago-trophy-del-4-e-5-maggio-sara-lolimpionico-marco-aurelio-fontana-la-stella-delledizione-2013\\\/\",\"name\":\"Tutto pronto per l'Mtb Alpago Trophy del 4 e 5 maggio Sar\u00e0 l'olimpionico Marco Aurelio Fontana la stella dell'edizione 2013 - Bellunopress - Dolomiti\",\"isPartOf\":{\"@id\":\"https:\\\/\\\/www.bellunopress.it\\\/#website\"},\"primaryImageOfPage\":{\"@id\":\"https:\\\/\\\/www.bellunopress.it\\\/2013\\\/04\\\/27\\\/tutto-pronto-per-lmtb-alpago-trophy-del-4-e-5-maggio-sara-lolimpionico-marco-aurelio-fontana-la-stella-delledizione-2013\\\/#primaryimage\"},\"image\":{\"@id\":\"https:\\\/\\\/www.bellunopress.it\\\/2013\\\/04\\\/27\\\/tutto-pronto-per-lmtb-alpago-trophy-del-4-e-5-maggio-sara-lolimpionico-marco-aurelio-fontana-la-stella-delledizione-2013\\\/#primaryimage\"},\"thumbnailUrl\":\"http:\\\/\\\/www.bellunopress.it\\\/wp-content\\\/uploads\\\/2012\\\/05\\\/mtb-alpago-marco-aurelio-fontana.jpg\",\"datePublished\":\"2013-04-27T19:47:43+00:00\",\"breadcrumb\":{\"@id\":\"https:\\\/\\\/www.bellunopress.it\\\/2013\\\/04\\\/27\\\/tutto-pronto-per-lmtb-alpago-trophy-del-4-e-5-maggio-sara-lolimpionico-marco-aurelio-fontana-la-stella-delledizione-2013\\\/#breadcrumb\"},\"inLanguage\":\"fr-FR\",\"potentialAction\":[{\"@type\":\"ReadAction\",\"target\":[\"https:\\\/\\\/www.bellunopress.it\\\/2013\\\/04\\\/27\\\/tutto-pronto-per-lmtb-alpago-trophy-del-4-e-5-maggio-sara-lolimpionico-marco-aurelio-fontana-la-stella-delledizione-2013\\\/\"]}]},{\"@type\":\"ImageObject\",\"inLanguage\":\"fr-FR\",\"@id\":\"https:\\\/\\\/www.bellunopress.it\\\/2013\\\/04\\\/27\\\/tutto-pronto-per-lmtb-alpago-trophy-del-4-e-5-maggio-sara-lolimpionico-marco-aurelio-fontana-la-stella-delledizione-2013\\\/#primaryimage\",\"url\":\"http:\\\/\\\/www.bellunopress.it\\\/wp-content\\\/uploads\\\/2012\\\/05\\\/mtb-alpago-marco-aurelio-fontana.jpg\",\"contentUrl\":\"http:\\\/\\\/www.bellunopress.it\\\/wp-content\\\/uploads\\\/2012\\\/05\\\/mtb-alpago-marco-aurelio-fontana.jpg\"},{\"@type\":\"BreadcrumbList\",\"@id\":\"https:\\\/\\\/www.bellunopress.it\\\/2013\\\/04\\\/27\\\/tutto-pronto-per-lmtb-alpago-trophy-del-4-e-5-maggio-sara-lolimpionico-marco-aurelio-fontana-la-stella-delledizione-2013\\\/#breadcrumb\",\"itemListElement\":[{\"@type\":\"ListItem\",\"position\":1,\"name\":\"Home\",\"item\":\"https:\\\/\\\/www.bellunopress.it\\\/\"},{\"@type\":\"ListItem\",\"position\":2,\"name\":\"Tutto pronto per l&#8217;Mtb Alpago Trophy del 4 e 5 maggio Sar\u00e0 l&#8217;olimpionico Marco Aurelio Fontana la stella dell&#8217;edizione 2013\"}]},{\"@type\":\"WebSite\",\"@id\":\"https:\\\/\\\/www.bellunopress.it\\\/#website\",\"url\":\"https:\\\/\\\/www.bellunopress.it\\\/\",\"name\":\"Bellunopress - Dolomiti\",\"description\":\"e-mail: redazione@bellunopress.it\",\"publisher\":{\"@id\":\"https:\\\/\\\/www.bellunopress.it\\\/#organization\"},\"potentialAction\":[{\"@type\":\"SearchAction\",\"target\":{\"@type\":\"EntryPoint\",\"urlTemplate\":\"https:\\\/\\\/www.bellunopress.it\\\/?s={search_term_string}\"},\"query-input\":{\"@type\":\"PropertyValueSpecification\",\"valueRequired\":true,\"valueName\":\"search_term_string\"}}],\"inLanguage\":\"fr-FR\"},{\"@type\":\"Organization\",\"@id\":\"https:\\\/\\\/www.bellunopress.it\\\/#organization\",\"name\":\"Bellunopress\",\"url\":\"https:\\\/\\\/www.bellunopress.it\\\/\",\"logo\":{\"@type\":\"ImageObject\",\"inLanguage\":\"fr-FR\",\"@id\":\"https:\\\/\\\/www.bellunopress.it\\\/#\\\/schema\\\/logo\\\/image\\\/\",\"url\":\"https:\\\/\\\/www.bellunopress.it\\\/wp-content\\\/uploads\\\/2011\\\/05\\\/cropped-logo-bellunopress-.jpg\",\"contentUrl\":\"https:\\\/\\\/www.bellunopress.it\\\/wp-content\\\/uploads\\\/2011\\\/05\\\/cropped-logo-bellunopress-.jpg\",\"width\":512,\"height\":512,\"caption\":\"Bellunopress\"},\"image\":{\"@id\":\"https:\\\/\\\/www.bellunopress.it\\\/#\\\/schema\\\/logo\\\/image\\\/\"},\"sameAs\":[\"https:\\\/\\\/www.facebook.com\\\/profile.php?id=100008943462799\",\"https:\\\/\\\/x.com\\\/bellunopress\",\"https:\\\/\\\/www.linkedin.com\\\/hp\\\/?dnr=JBzUWaJfMUw8vbXJJ2tVW5-I3jZKvC4wsoxE&amp;amp;amp;amp;amp;amp;trk=nav_responsive_tab_home\",\"https:\\\/\\\/www.youtube.com\\\/channel\\\/UCxL0wu1uN0_3_7hGG0306cw\"]},{\"@type\":\"Person\",\"@id\":\"https:\\\/\\\/www.bellunopress.it\\\/#\\\/schema\\\/person\\\/79bb06722b37ece1c03d3e94beb30d73\",\"name\":\"redazione\",\"image\":{\"@type\":\"ImageObject\",\"inLanguage\":\"fr-FR\",\"@id\":\"https:\\\/\\\/secure.gravatar.com\\\/avatar\\\/37d968a2e67a6fd04c169c4bdef102d0bc5d31b2546345219e348575eb80e9a0?s=96&d=mm&r=g\",\"url\":\"https:\\\/\\\/secure.gravatar.com\\\/avatar\\\/37d968a2e67a6fd04c169c4bdef102d0bc5d31b2546345219e348575eb80e9a0?s=96&d=mm&r=g\",\"contentUrl\":\"https:\\\/\\\/secure.gravatar.com\\\/avatar\\\/37d968a2e67a6fd04c169c4bdef102d0bc5d31b2546345219e348575eb80e9a0?s=96&d=mm&r=g\",\"caption\":\"redazione\"},\"sameAs\":[\"http:\\\/\\\/www.bellunopress.it\",\"https:\\\/\\\/x.com\\\/bellunopress\"],\"url\":\"https:\\\/\\\/www.bellunopress.it\\\/fr\\\/author\\\/redazione\\\/\"}]}<\/script>\n<!-- \/ Yoast SEO plugin. -->","yoast_head_json":{"title":"Tutto pronto per l'Mtb Alpago Trophy del 4 e 5 maggio Sar\u00e0 l'olimpionico Marco Aurelio Fontana la stella dell'edizione 2013 - Bellunopress - Dolomiti","robots":{"index":"index","follow":"follow","max-snippet":"max-snippet:-1","max-image-preview":"max-image-preview:large","max-video-preview":"max-video-preview:-1"},"canonical":"https:\/\/www.bellunopress.it\/fr\/2013\/04\/27\/tutto-pronto-per-lmtb-alpago-trophy-del-4-e-5-maggio-sara-lolimpionico-marco-aurelio-fontana-la-stella-delledizione-2013\/","og_locale":"fr_FR","og_type":"article","og_title":"Tutto pronto per l'Mtb Alpago Trophy del 4 e 5 maggio Sar\u00e0 l'olimpionico Marco Aurelio Fontana la stella dell'edizione 2013 - Bellunopress - Dolomiti","og_description":"Sar\u00e0 Marco Aurelio Fontana, medaglia di bronzo nella mpuntain bike alle Olimpiadi di Londra della scorsa estate, la \u201cstella\u201d dell\u2019edizione 2013 dell\u2019Mtb Alpago Trophy 2013, il cross country che sar\u00e0 valido quale terza prova del circuito Internazionali d\u2019Italia. Fontana gi\u00e0 vinse lo scorso anno ed \u00e8 il favorito d\u2019obbligo anche per l\u2019edizione di quest\u2019anno che [&hellip;]","og_url":"https:\/\/www.bellunopress.it\/fr\/2013\/04\/27\/tutto-pronto-per-lmtb-alpago-trophy-del-4-e-5-maggio-sara-lolimpionico-marco-aurelio-fontana-la-stella-delledizione-2013\/","og_site_name":"Bellunopress - Dolomiti","article_publisher":"https:\/\/www.facebook.com\/profile.php?id=100008943462799","article_published_time":"2013-04-27T19:47:43+00:00","og_image":[{"url":"http:\/\/www.bellunopress.it\/wp-content\/uploads\/2012\/05\/mtb-alpago-marco-aurelio-fontana.jpg","type":"","width":"","height":""}],"author":"redazione","twitter_card":"summary_large_image","twitter_creator":"@bellunopress","twitter_site":"@bellunopress","twitter_misc":{"\u00c9crit par":"redazione","Dur\u00e9e de lecture estim\u00e9e":"2 minutes"},"schema":{"@context":"https:\/\/schema.org","@graph":[{"@type":"Article","@id":"https:\/\/www.bellunopress.it\/2013\/04\/27\/tutto-pronto-per-lmtb-alpago-trophy-del-4-e-5-maggio-sara-lolimpionico-marco-aurelio-fontana-la-stella-delledizione-2013\/#article","isPartOf":{"@id":"https:\/\/www.bellunopress.it\/2013\/04\/27\/tutto-pronto-per-lmtb-alpago-trophy-del-4-e-5-maggio-sara-lolimpionico-marco-aurelio-fontana-la-stella-delledizione-2013\/"},"author":{"name":"redazione","@id":"https:\/\/www.bellunopress.it\/#\/schema\/person\/79bb06722b37ece1c03d3e94beb30d73"},"headline":"Tutto pronto per l&#8217;Mtb Alpago Trophy del 4 e 5 maggio Sar\u00e0 l&#8217;olimpionico Marco Aurelio Fontana la stella dell&#8217;edizione 2013","datePublished":"2013-04-27T19:47:43+00:00","mainEntityOfPage":{"@id":"https:\/\/www.bellunopress.it\/2013\/04\/27\/tutto-pronto-per-lmtb-alpago-trophy-del-4-e-5-maggio-sara-lolimpionico-marco-aurelio-fontana-la-stella-delledizione-2013\/"},"wordCount":429,"publisher":{"@id":"https:\/\/www.bellunopress.it\/#organization"},"image":{"@id":"https:\/\/www.bellunopress.it\/2013\/04\/27\/tutto-pronto-per-lmtb-alpago-trophy-del-4-e-5-maggio-sara-lolimpionico-marco-aurelio-fontana-la-stella-delledizione-2013\/#primaryimage"},"thumbnailUrl":"http:\/\/www.bellunopress.it\/wp-content\/uploads\/2012\/05\/mtb-alpago-marco-aurelio-fontana.jpg","articleSection":["Prima Pagina","Sport, tempo libero"],"inLanguage":"fr-FR"},{"@type":"WebPage","@id":"https:\/\/www.bellunopress.it\/2013\/04\/27\/tutto-pronto-per-lmtb-alpago-trophy-del-4-e-5-maggio-sara-lolimpionico-marco-aurelio-fontana-la-stella-delledizione-2013\/","url":"https:\/\/www.bellunopress.it\/2013\/04\/27\/tutto-pronto-per-lmtb-alpago-trophy-del-4-e-5-maggio-sara-lolimpionico-marco-aurelio-fontana-la-stella-delledizione-2013\/","name":"Tutto pronto per l'Mtb Alpago Trophy del 4 e 5 maggio Sar\u00e0 l'olimpionico Marco Aurelio Fontana la stella dell'edizione 2013 - Bellunopress - Dolomiti","isPartOf":{"@id":"https:\/\/www.bellunopress.it\/#website"},"primaryImageOfPage":{"@id":"https:\/\/www.bellunopress.it\/2013\/04\/27\/tutto-pronto-per-lmtb-alpago-trophy-del-4-e-5-maggio-sara-lolimpionico-marco-aurelio-fontana-la-stella-delledizione-2013\/#primaryimage"},"image":{"@id":"https:\/\/www.bellunopress.it\/2013\/04\/27\/tutto-pronto-per-lmtb-alpago-trophy-del-4-e-5-maggio-sara-lolimpionico-marco-aurelio-fontana-la-stella-delledizione-2013\/#primaryimage"},"thumbnailUrl":"http:\/\/www.bellunopress.it\/wp-content\/uploads\/2012\/05\/mtb-alpago-marco-aurelio-fontana.jpg","datePublished":"2013-04-27T19:47:43+00:00","breadcrumb":{"@id":"https:\/\/www.bellunopress.it\/2013\/04\/27\/tutto-pronto-per-lmtb-alpago-trophy-del-4-e-5-maggio-sara-lolimpionico-marco-aurelio-fontana-la-stella-delledizione-2013\/#breadcrumb"},"inLanguage":"fr-FR","potentialAction":[{"@type":"ReadAction","target":["https:\/\/www.bellunopress.it\/2013\/04\/27\/tutto-pronto-per-lmtb-alpago-trophy-del-4-e-5-maggio-sara-lolimpionico-marco-aurelio-fontana-la-stella-delledizione-2013\/"]}]},{"@type":"ImageObject","inLanguage":"fr-FR","@id":"https:\/\/www.bellunopress.it\/2013\/04\/27\/tutto-pronto-per-lmtb-alpago-trophy-del-4-e-5-maggio-sara-lolimpionico-marco-aurelio-fontana-la-stella-delledizione-2013\/#primaryimage","url":"http:\/\/www.bellunopress.it\/wp-content\/uploads\/2012\/05\/mtb-alpago-marco-aurelio-fontana.jpg","contentUrl":"http:\/\/www.bellunopress.it\/wp-content\/uploads\/2012\/05\/mtb-alpago-marco-aurelio-fontana.jpg"},{"@type":"BreadcrumbList","@id":"https:\/\/www.bellunopress.it\/2013\/04\/27\/tutto-pronto-per-lmtb-alpago-trophy-del-4-e-5-maggio-sara-lolimpionico-marco-aurelio-fontana-la-stella-delledizione-2013\/#breadcrumb","itemListElement":[{"@type":"ListItem","position":1,"name":"Home","item":"https:\/\/www.bellunopress.it\/"},{"@type":"ListItem","position":2,"name":"Tutto pronto per l&#8217;Mtb Alpago Trophy del 4 e 5 maggio Sar\u00e0 l&#8217;olimpionico Marco Aurelio Fontana la stella dell&#8217;edizione 2013"}]},{"@type":"WebSite","@id":"https:\/\/www.bellunopress.it\/#website","url":"https:\/\/www.bellunopress.it\/","name":"Bellunopress - Dolomiti","description":"e-mail: redazione@bellunopress.it","publisher":{"@id":"https:\/\/www.bellunopress.it\/#organization"},"potentialAction":[{"@type":"SearchAction","target":{"@type":"EntryPoint","urlTemplate":"https:\/\/www.bellunopress.it\/?s={search_term_string}"},"query-input":{"@type":"PropertyValueSpecification","valueRequired":true,"valueName":"search_term_string"}}],"inLanguage":"fr-FR"},{"@type":"Organization","@id":"https:\/\/www.bellunopress.it\/#organization","name":"Bellunopress","url":"https:\/\/www.bellunopress.it\/","logo":{"@type":"ImageObject","inLanguage":"fr-FR","@id":"https:\/\/www.bellunopress.it\/#\/schema\/logo\/image\/","url":"https:\/\/www.bellunopress.it\/wp-content\/uploads\/2011\/05\/cropped-logo-bellunopress-.jpg","contentUrl":"https:\/\/www.bellunopress.it\/wp-content\/uploads\/2011\/05\/cropped-logo-bellunopress-.jpg","width":512,"height":512,"caption":"Bellunopress"},"image":{"@id":"https:\/\/www.bellunopress.it\/#\/schema\/logo\/image\/"},"sameAs":["https:\/\/www.facebook.com\/profile.php?id=100008943462799","https:\/\/x.com\/bellunopress","https:\/\/www.linkedin.com\/hp\/?dnr=JBzUWaJfMUw8vbXJJ2tVW5-I3jZKvC4wsoxE&amp;amp;amp;amp;amp;amp;trk=nav_responsive_tab_home","https:\/\/www.youtube.com\/channel\/UCxL0wu1uN0_3_7hGG0306cw"]},{"@type":"Person","@id":"https:\/\/www.bellunopress.it\/#\/schema\/person\/79bb06722b37ece1c03d3e94beb30d73","name":"r\u00e9daction","image":{"@type":"ImageObject","inLanguage":"fr-FR","@id":"https:\/\/secure.gravatar.com\/avatar\/37d968a2e67a6fd04c169c4bdef102d0bc5d31b2546345219e348575eb80e9a0?s=96&d=mm&r=g","url":"https:\/\/secure.gravatar.com\/avatar\/37d968a2e67a6fd04c169c4bdef102d0bc5d31b2546345219e348575eb80e9a0?s=96&d=mm&r=g","contentUrl":"https:\/\/secure.gravatar.com\/avatar\/37d968a2e67a6fd04c169c4bdef102d0bc5d31b2546345219e348575eb80e9a0?s=96&d=mm&r=g","caption":"redazione"},"sameAs":["http:\/\/www.bellunopress.it","https:\/\/x.com\/bellunopress"],"url":"https:\/\/www.bellunopress.it\/fr\/author\/redazione\/"}]}},"_links":{"self":[{"href":"https:\/\/www.bellunopress.it\/fr\/wp-json\/wp\/v2\/posts\/48870","targetHints":{"allow":["GET"]}}],"collection":[{"href":"https:\/\/www.bellunopress.it\/fr\/wp-json\/wp\/v2\/posts"}],"about":[{"href":"https:\/\/www.bellunopress.it\/fr\/wp-json\/wp\/v2\/types\/post"}],"author":[{"embeddable":true,"href":"https:\/\/www.bellunopress.it\/fr\/wp-json\/wp\/v2\/users\/2"}],"replies":[{"embeddable":true,"href":"https:\/\/www.bellunopress.it\/fr\/wp-json\/wp\/v2\/comments?post=48870"}],"version-history":[{"count":1,"href":"https:\/\/www.bellunopress.it\/fr\/wp-json\/wp\/v2\/posts\/48870\/revisions"}],"predecessor-version":[{"id":48871,"href":"https:\/\/www.bellunopress.it\/fr\/wp-json\/wp\/v2\/posts\/48870\/revisions\/48871"}],"wp:attachment":[{"href":"https:\/\/www.bellunopress.it\/fr\/wp-json\/wp\/v2\/media?parent=48870"}],"wp:term":[{"taxonomy":"category","embeddable":true,"href":"https:\/\/www.bellunopress.it\/fr\/wp-json\/wp\/v2\/categories?post=48870"},{"taxonomy":"post_tag","embeddable":true,"href":"https:\/\/www.bellunopress.it\/fr\/wp-json\/wp\/v2\/tags?post=48870"}],"curies":[{"name":"wp","href":"https:\/\/api.w.org\/{rel}","templated":true}]}}