{"id":48867,"date":"2013-05-01T07:27:37","date_gmt":"2013-05-01T06:27:37","guid":{"rendered":"http:\/\/www.bellunopress.it\/?p=48867"},"modified":"2014-06-21T09:05:28","modified_gmt":"2014-06-21T08:05:28","slug":"aumentano-i-turisti-italiani-in-germania-nel-2012","status":"publish","type":"post","link":"https:\/\/www.bellunopress.it\/fr\/2013\/05\/01\/aumentano-i-turisti-italiani-in-germania-nel-2012\/","title":{"rendered":"Aumentano i turisti italiani in Germania nel 2012"},"content":{"rendered":"<p>Nel 2012 la Germania ha potuto registrare di nuovo un significativo aumento degli ospiti provenienti dall&#8217;Italia. Secondo le statistiche ufficiali pi\u00f9 recenti, nello scorso anno sono stati registrati quasi 3,5 milioni di pernottamenti nelle strutture ricettive della Germania a partire da dieci letti. Rispetto al 2011, la crescita dei pernottamenti \u00e8 stata del 6,4%. Sempre nel 2012, il numero degli arrivi italiani registrati si \u00e8 attestato su quasi 1,6 milioni con un aumento del 2,8% rispetto al 2011. Considerando che i viaggi all&#8217;estero degli italiani, come segnala IPK International, sono calati globalmente del 5% e aumentati invece del 2,8% verso la Germania, si pu\u00f2 dedurre che la destinazione Germania nel 2012 si \u00e8 ulteriormente consolidata sul mercato italiano. Con una quota del 5% del totale, i pernottamenti degli italiani si attestano al 5\u00b0 posto nel ranking dei turisti stranieri che visitano la Germania. Al primo posto si confermano i vicini olandesi con uno share del 15,9%, seguiti dagli svizzeri (7,6%), dagli statunitensi (7,1%) e dai britannici (6,6%). Tra le mete pi\u00f9 frequentate, la capitale Berlino nel 2012 ha visto aumentare del 12,4% i pernottamenti degli ospiti italiani. Anche la Baviera, il Land tedesco percentualmente pi\u00f9 visitato dagli italiani, archivia una crescita nei pernottamenti del 5,4%. Nel Baden-W\u00fcrttemberg, cui appartengono la Foresta Nera e citt\u00e0 intensamente frequentate come Stoccarda, Friburgo e Baden-Baden, nel 2012 si \u00e8 registrato un aumento degli italiani nella misura del 6,0%, mentre l&#8217;Assia con Francoforte, metropoli sempre pi\u00f9 popolare tra i viaggiatori, ha generato una crescita dei pernottamenti italiani pari al 7,8%. Interessante infine il dato della citt\u00e0-stato di Amburgo che ha segnato una crescita dei pernottamenti italiani pari al 13,6%.<br \/>\n<strong>Ottimi risultati complessivi del turismo verso la Germania<\/strong><br \/>\nIn generale, il turismo verso la Germania anche in tempi di crisi sta conoscendo uno sviluppo positivo, di molto superiore ai livelli di crescita mondiali ed europei. Nel 2012 gli esercizi alberghieri tedeschi con pi\u00f9 di nove letti hanno registrato oltre 68,8 milioni di pernottamenti di ospiti stranieri, equivalenti a un aumento di circa 8,1% rispetto ai dati del 2011. Secondo le aspettative dell&#8217;ENGT, entro il 2020 la Germania dovrebbe superare la cifra di 80 milioni di pernottamenti stranieri. Nel corso del 2012 \u00e8 stata anche abbondantemente superata la soglia preventivata di 400 milioni tra pernottamenti tedeschi e stranieri. Globalmente, l&#8217;aumento dei pernottamenti in Germania nel 2012 si attesta su 3,7% rispetto al 2011. Sempre nel 2012, gli arrivi stranieri in Germania sono cresciuti del 7,3%. Per il 2013 l&#8217;ENGT prevede un\u2019ulteriore crescita dei pernottamenti internazionali in Germania nella misura da 2 a 3%.<br \/>\nPer il terzo anno consecutivo, la Germania figura al secondo posto tra le mete preferite degli europei, preceduta soltanto dalla Spagna e seguita dalla Francia. Pi\u00f9 del 75% degli ospiti stranieri della Germania proviene dall&#8217;Europa, ma aumentano le quote di visitatori provenienti dall&#8217;area BRIC (Brasile, Russia, India e Cina). I pernottamenti dei russi sono aumentati del 25,9%, quelli dalla Cina del 18,2% e quelli dal Brasile del 18,4%. Sostanzioso anche l&#8217;aumento degli arrivi dai Paesi del Golfo Arabo che hanno generato una crescita dei pernottamenti (in totale 1,3 milioni) equivalente al 27,5%. Grazie alla loro offerta culturale e di shopping, attirano un numero crescente di visitatori soprattutto le grandi citt\u00e0 con pi\u00f9 di 100.000 abitanti, in particolare le 11 maggiori citt\u00e0 tedesche riunite dal marchio &#8220;Magic Cities&#8221;. Prima tra tutte Amburgo, dove i pernottamenti stranieri nel 2012 sono cresciuti del 17,1%, quindi Berlino (+ 14,5%) e Francoforte (+ 14,2%). Le 13 &#8220;Citt\u00e0 Storiche&#8221; hanno a loro volta registrato un lusinghiero volume di circa 2,5 milioni di pernottamenti stranieri.<\/p>","protected":false},"excerpt":{"rendered":"<p>Nel 2012 la Germania ha potuto registrare di nuovo un significativo aumento degli ospiti provenienti dall&#8217;Italia. Secondo le statistiche ufficiali pi\u00f9 recenti, nello scorso anno sono stati registrati quasi 3,5 milioni di pernottamenti nelle strutture ricettive della Germania a partire da dieci letti. Rispetto al 2011, la crescita dei pernottamenti \u00e8 stata del 6,4%. Sempre [&hellip;]<\/p>\n","protected":false},"author":2,"featured_media":0,"comment_status":"closed","ping_status":"open","sticky":false,"template":"","format":"standard","meta":{"footnotes":""},"categories":[26,50],"tags":[],"class_list":["post-48867","post","type-post","status-publish","format-standard","category-prima-pagina","category-pubbliredazionali"],"yoast_head":"<!-- This site is optimized with the Yoast SEO plugin v28.4 - https:\/\/yoast.com\/product\/yoast-seo-wordpress\/ -->\n<title>Aumentano i turisti italiani in Germania nel 2012 - Bellunopress - Dolomiti<\/title>\n<meta name=\"robots\" content=\"index, follow, max-snippet:-1, max-image-preview:large, max-video-preview:-1\" \/>\n<link rel=\"canonical\" href=\"https:\/\/www.bellunopress.it\/fr\/2013\/05\/01\/aumentano-i-turisti-italiani-in-germania-nel-2012\/\" \/>\n<meta property=\"og:locale\" content=\"fr_FR\" \/>\n<meta property=\"og:type\" content=\"article\" \/>\n<meta property=\"og:title\" content=\"Aumentano i turisti italiani in Germania nel 2012 - Bellunopress - Dolomiti\" \/>\n<meta property=\"og:description\" content=\"Nel 2012 la Germania ha potuto registrare di nuovo un significativo aumento degli ospiti provenienti dall&#8217;Italia. Secondo le statistiche ufficiali pi\u00f9 recenti, nello scorso anno sono stati registrati quasi 3,5 milioni di pernottamenti nelle strutture ricettive della Germania a partire da dieci letti. Rispetto al 2011, la crescita dei pernottamenti \u00e8 stata del 6,4%. Sempre [&hellip;]\" \/>\n<meta property=\"og:url\" content=\"https:\/\/www.bellunopress.it\/fr\/2013\/05\/01\/aumentano-i-turisti-italiani-in-germania-nel-2012\/\" \/>\n<meta property=\"og:site_name\" content=\"Bellunopress - Dolomiti\" \/>\n<meta property=\"article:publisher\" content=\"https:\/\/www.facebook.com\/profile.php?id=100008943462799\" \/>\n<meta property=\"article:published_time\" content=\"2013-05-01T06:27:37+00:00\" \/>\n<meta property=\"article:modified_time\" content=\"2014-06-21T08:05:28+00:00\" \/>\n<meta property=\"og:image\" content=\"http:\/\/www.bellunopress.it\/wp-content\/uploads\/2012\/07\/logo-bellunopress-250x250-2012.jpg\" \/>\n<meta name=\"author\" content=\"redazione\" \/>\n<meta name=\"twitter:card\" content=\"summary_large_image\" \/>\n<meta name=\"twitter:creator\" content=\"@bellunopress\" \/>\n<meta name=\"twitter:site\" content=\"@bellunopress\" \/>\n<meta name=\"twitter:label1\" content=\"\u00c9crit par\" \/>\n\t<meta name=\"twitter:data1\" content=\"redazione\" \/>\n\t<meta name=\"twitter:label2\" content=\"Dur\u00e9e de lecture estim\u00e9e\" \/>\n\t<meta name=\"twitter:data2\" content=\"3 minutes\" \/>\n<script type=\"application\/ld+json\" class=\"yoast-schema-graph\">{\"@context\":\"https:\\\/\\\/schema.org\",\"@graph\":[{\"@type\":\"Article\",\"@id\":\"https:\\\/\\\/www.bellunopress.it\\\/2013\\\/05\\\/01\\\/aumentano-i-turisti-italiani-in-germania-nel-2012\\\/#article\",\"isPartOf\":{\"@id\":\"https:\\\/\\\/www.bellunopress.it\\\/2013\\\/05\\\/01\\\/aumentano-i-turisti-italiani-in-germania-nel-2012\\\/\"},\"author\":{\"name\":\"redazione\",\"@id\":\"https:\\\/\\\/www.bellunopress.it\\\/#\\\/schema\\\/person\\\/79bb06722b37ece1c03d3e94beb30d73\"},\"headline\":\"Aumentano i turisti italiani in Germania nel 2012\",\"datePublished\":\"2013-05-01T06:27:37+00:00\",\"dateModified\":\"2014-06-21T08:05:28+00:00\",\"mainEntityOfPage\":{\"@id\":\"https:\\\/\\\/www.bellunopress.it\\\/2013\\\/05\\\/01\\\/aumentano-i-turisti-italiani-in-germania-nel-2012\\\/\"},\"wordCount\":552,\"publisher\":{\"@id\":\"https:\\\/\\\/www.bellunopress.it\\\/#organization\"},\"articleSection\":[\"Prima Pagina\",\"Pubbliredazionali\"],\"inLanguage\":\"fr-FR\"},{\"@type\":\"WebPage\",\"@id\":\"https:\\\/\\\/www.bellunopress.it\\\/2013\\\/05\\\/01\\\/aumentano-i-turisti-italiani-in-germania-nel-2012\\\/\",\"url\":\"https:\\\/\\\/www.bellunopress.it\\\/2013\\\/05\\\/01\\\/aumentano-i-turisti-italiani-in-germania-nel-2012\\\/\",\"name\":\"Aumentano i turisti italiani in Germania nel 2012 - Bellunopress - Dolomiti\",\"isPartOf\":{\"@id\":\"https:\\\/\\\/www.bellunopress.it\\\/#website\"},\"datePublished\":\"2013-05-01T06:27:37+00:00\",\"dateModified\":\"2014-06-21T08:05:28+00:00\",\"breadcrumb\":{\"@id\":\"https:\\\/\\\/www.bellunopress.it\\\/2013\\\/05\\\/01\\\/aumentano-i-turisti-italiani-in-germania-nel-2012\\\/#breadcrumb\"},\"inLanguage\":\"fr-FR\",\"potentialAction\":[{\"@type\":\"ReadAction\",\"target\":[\"https:\\\/\\\/www.bellunopress.it\\\/2013\\\/05\\\/01\\\/aumentano-i-turisti-italiani-in-germania-nel-2012\\\/\"]}]},{\"@type\":\"BreadcrumbList\",\"@id\":\"https:\\\/\\\/www.bellunopress.it\\\/2013\\\/05\\\/01\\\/aumentano-i-turisti-italiani-in-germania-nel-2012\\\/#breadcrumb\",\"itemListElement\":[{\"@type\":\"ListItem\",\"position\":1,\"name\":\"Home\",\"item\":\"https:\\\/\\\/www.bellunopress.it\\\/\"},{\"@type\":\"ListItem\",\"position\":2,\"name\":\"Aumentano i turisti italiani in Germania nel 2012\"}]},{\"@type\":\"WebSite\",\"@id\":\"https:\\\/\\\/www.bellunopress.it\\\/#website\",\"url\":\"https:\\\/\\\/www.bellunopress.it\\\/\",\"name\":\"Bellunopress - Dolomiti\",\"description\":\"e-mail: redazione@bellunopress.it\",\"publisher\":{\"@id\":\"https:\\\/\\\/www.bellunopress.it\\\/#organization\"},\"potentialAction\":[{\"@type\":\"SearchAction\",\"target\":{\"@type\":\"EntryPoint\",\"urlTemplate\":\"https:\\\/\\\/www.bellunopress.it\\\/?s={search_term_string}\"},\"query-input\":{\"@type\":\"PropertyValueSpecification\",\"valueRequired\":true,\"valueName\":\"search_term_string\"}}],\"inLanguage\":\"fr-FR\"},{\"@type\":\"Organization\",\"@id\":\"https:\\\/\\\/www.bellunopress.it\\\/#organization\",\"name\":\"Bellunopress\",\"url\":\"https:\\\/\\\/www.bellunopress.it\\\/\",\"logo\":{\"@type\":\"ImageObject\",\"inLanguage\":\"fr-FR\",\"@id\":\"https:\\\/\\\/www.bellunopress.it\\\/#\\\/schema\\\/logo\\\/image\\\/\",\"url\":\"https:\\\/\\\/www.bellunopress.it\\\/wp-content\\\/uploads\\\/2011\\\/05\\\/cropped-logo-bellunopress-.jpg\",\"contentUrl\":\"https:\\\/\\\/www.bellunopress.it\\\/wp-content\\\/uploads\\\/2011\\\/05\\\/cropped-logo-bellunopress-.jpg\",\"width\":512,\"height\":512,\"caption\":\"Bellunopress\"},\"image\":{\"@id\":\"https:\\\/\\\/www.bellunopress.it\\\/#\\\/schema\\\/logo\\\/image\\\/\"},\"sameAs\":[\"https:\\\/\\\/www.facebook.com\\\/profile.php?id=100008943462799\",\"https:\\\/\\\/x.com\\\/bellunopress\",\"https:\\\/\\\/www.linkedin.com\\\/hp\\\/?dnr=JBzUWaJfMUw8vbXJJ2tVW5-I3jZKvC4wsoxE&amp;amp;amp;amp;amp;amp;trk=nav_responsive_tab_home\",\"https:\\\/\\\/www.youtube.com\\\/channel\\\/UCxL0wu1uN0_3_7hGG0306cw\"]},{\"@type\":\"Person\",\"@id\":\"https:\\\/\\\/www.bellunopress.it\\\/#\\\/schema\\\/person\\\/79bb06722b37ece1c03d3e94beb30d73\",\"name\":\"redazione\",\"image\":{\"@type\":\"ImageObject\",\"inLanguage\":\"fr-FR\",\"@id\":\"https:\\\/\\\/secure.gravatar.com\\\/avatar\\\/37d968a2e67a6fd04c169c4bdef102d0bc5d31b2546345219e348575eb80e9a0?s=96&d=mm&r=g\",\"url\":\"https:\\\/\\\/secure.gravatar.com\\\/avatar\\\/37d968a2e67a6fd04c169c4bdef102d0bc5d31b2546345219e348575eb80e9a0?s=96&d=mm&r=g\",\"contentUrl\":\"https:\\\/\\\/secure.gravatar.com\\\/avatar\\\/37d968a2e67a6fd04c169c4bdef102d0bc5d31b2546345219e348575eb80e9a0?s=96&d=mm&r=g\",\"caption\":\"redazione\"},\"sameAs\":[\"http:\\\/\\\/www.bellunopress.it\",\"https:\\\/\\\/x.com\\\/bellunopress\"],\"url\":\"https:\\\/\\\/www.bellunopress.it\\\/fr\\\/author\\\/redazione\\\/\"}]}<\/script>\n<!-- \/ Yoast SEO plugin. -->","yoast_head_json":{"title":"Aumentano i turisti italiani in Germania nel 2012 - Bellunopress - Dolomiti","robots":{"index":"index","follow":"follow","max-snippet":"max-snippet:-1","max-image-preview":"max-image-preview:large","max-video-preview":"max-video-preview:-1"},"canonical":"https:\/\/www.bellunopress.it\/fr\/2013\/05\/01\/aumentano-i-turisti-italiani-in-germania-nel-2012\/","og_locale":"fr_FR","og_type":"article","og_title":"Aumentano i turisti italiani in Germania nel 2012 - Bellunopress - Dolomiti","og_description":"Nel 2012 la Germania ha potuto registrare di nuovo un significativo aumento degli ospiti provenienti dall&#8217;Italia. Secondo le statistiche ufficiali pi\u00f9 recenti, nello scorso anno sono stati registrati quasi 3,5 milioni di pernottamenti nelle strutture ricettive della Germania a partire da dieci letti. Rispetto al 2011, la crescita dei pernottamenti \u00e8 stata del 6,4%. Sempre [&hellip;]","og_url":"https:\/\/www.bellunopress.it\/fr\/2013\/05\/01\/aumentano-i-turisti-italiani-in-germania-nel-2012\/","og_site_name":"Bellunopress - Dolomiti","article_publisher":"https:\/\/www.facebook.com\/profile.php?id=100008943462799","article_published_time":"2013-05-01T06:27:37+00:00","article_modified_time":"2014-06-21T08:05:28+00:00","og_image":[{"url":"http:\/\/www.bellunopress.it\/wp-content\/uploads\/2012\/07\/logo-bellunopress-250x250-2012.jpg","type":"","width":"","height":""}],"author":"redazione","twitter_card":"summary_large_image","twitter_creator":"@bellunopress","twitter_site":"@bellunopress","twitter_misc":{"\u00c9crit par":"redazione","Dur\u00e9e de lecture estim\u00e9e":"3 minutes"},"schema":{"@context":"https:\/\/schema.org","@graph":[{"@type":"Article","@id":"https:\/\/www.bellunopress.it\/2013\/05\/01\/aumentano-i-turisti-italiani-in-germania-nel-2012\/#article","isPartOf":{"@id":"https:\/\/www.bellunopress.it\/2013\/05\/01\/aumentano-i-turisti-italiani-in-germania-nel-2012\/"},"author":{"name":"redazione","@id":"https:\/\/www.bellunopress.it\/#\/schema\/person\/79bb06722b37ece1c03d3e94beb30d73"},"headline":"Aumentano i turisti italiani in Germania nel 2012","datePublished":"2013-05-01T06:27:37+00:00","dateModified":"2014-06-21T08:05:28+00:00","mainEntityOfPage":{"@id":"https:\/\/www.bellunopress.it\/2013\/05\/01\/aumentano-i-turisti-italiani-in-germania-nel-2012\/"},"wordCount":552,"publisher":{"@id":"https:\/\/www.bellunopress.it\/#organization"},"articleSection":["Prima Pagina","Pubbliredazionali"],"inLanguage":"fr-FR"},{"@type":"WebPage","@id":"https:\/\/www.bellunopress.it\/2013\/05\/01\/aumentano-i-turisti-italiani-in-germania-nel-2012\/","url":"https:\/\/www.bellunopress.it\/2013\/05\/01\/aumentano-i-turisti-italiani-in-germania-nel-2012\/","name":"Aumentano i turisti italiani in Germania nel 2012 - Bellunopress - Dolomiti","isPartOf":{"@id":"https:\/\/www.bellunopress.it\/#website"},"datePublished":"2013-05-01T06:27:37+00:00","dateModified":"2014-06-21T08:05:28+00:00","breadcrumb":{"@id":"https:\/\/www.bellunopress.it\/2013\/05\/01\/aumentano-i-turisti-italiani-in-germania-nel-2012\/#breadcrumb"},"inLanguage":"fr-FR","potentialAction":[{"@type":"ReadAction","target":["https:\/\/www.bellunopress.it\/2013\/05\/01\/aumentano-i-turisti-italiani-in-germania-nel-2012\/"]}]},{"@type":"BreadcrumbList","@id":"https:\/\/www.bellunopress.it\/2013\/05\/01\/aumentano-i-turisti-italiani-in-germania-nel-2012\/#breadcrumb","itemListElement":[{"@type":"ListItem","position":1,"name":"Home","item":"https:\/\/www.bellunopress.it\/"},{"@type":"ListItem","position":2,"name":"Aumentano i turisti italiani in Germania nel 2012"}]},{"@type":"WebSite","@id":"https:\/\/www.bellunopress.it\/#website","url":"https:\/\/www.bellunopress.it\/","name":"Bellunopress - Dolomiti","description":"e-mail: redazione@bellunopress.it","publisher":{"@id":"https:\/\/www.bellunopress.it\/#organization"},"potentialAction":[{"@type":"SearchAction","target":{"@type":"EntryPoint","urlTemplate":"https:\/\/www.bellunopress.it\/?s={search_term_string}"},"query-input":{"@type":"PropertyValueSpecification","valueRequired":true,"valueName":"search_term_string"}}],"inLanguage":"fr-FR"},{"@type":"Organization","@id":"https:\/\/www.bellunopress.it\/#organization","name":"Bellunopress","url":"https:\/\/www.bellunopress.it\/","logo":{"@type":"ImageObject","inLanguage":"fr-FR","@id":"https:\/\/www.bellunopress.it\/#\/schema\/logo\/image\/","url":"https:\/\/www.bellunopress.it\/wp-content\/uploads\/2011\/05\/cropped-logo-bellunopress-.jpg","contentUrl":"https:\/\/www.bellunopress.it\/wp-content\/uploads\/2011\/05\/cropped-logo-bellunopress-.jpg","width":512,"height":512,"caption":"Bellunopress"},"image":{"@id":"https:\/\/www.bellunopress.it\/#\/schema\/logo\/image\/"},"sameAs":["https:\/\/www.facebook.com\/profile.php?id=100008943462799","https:\/\/x.com\/bellunopress","https:\/\/www.linkedin.com\/hp\/?dnr=JBzUWaJfMUw8vbXJJ2tVW5-I3jZKvC4wsoxE&amp;amp;amp;amp;amp;amp;trk=nav_responsive_tab_home","https:\/\/www.youtube.com\/channel\/UCxL0wu1uN0_3_7hGG0306cw"]},{"@type":"Person","@id":"https:\/\/www.bellunopress.it\/#\/schema\/person\/79bb06722b37ece1c03d3e94beb30d73","name":"r\u00e9daction","image":{"@type":"ImageObject","inLanguage":"fr-FR","@id":"https:\/\/secure.gravatar.com\/avatar\/37d968a2e67a6fd04c169c4bdef102d0bc5d31b2546345219e348575eb80e9a0?s=96&d=mm&r=g","url":"https:\/\/secure.gravatar.com\/avatar\/37d968a2e67a6fd04c169c4bdef102d0bc5d31b2546345219e348575eb80e9a0?s=96&d=mm&r=g","contentUrl":"https:\/\/secure.gravatar.com\/avatar\/37d968a2e67a6fd04c169c4bdef102d0bc5d31b2546345219e348575eb80e9a0?s=96&d=mm&r=g","caption":"redazione"},"sameAs":["http:\/\/www.bellunopress.it","https:\/\/x.com\/bellunopress"],"url":"https:\/\/www.bellunopress.it\/fr\/author\/redazione\/"}]}},"_links":{"self":[{"href":"https:\/\/www.bellunopress.it\/fr\/wp-json\/wp\/v2\/posts\/48867","targetHints":{"allow":["GET"]}}],"collection":[{"href":"https:\/\/www.bellunopress.it\/fr\/wp-json\/wp\/v2\/posts"}],"about":[{"href":"https:\/\/www.bellunopress.it\/fr\/wp-json\/wp\/v2\/types\/post"}],"author":[{"embeddable":true,"href":"https:\/\/www.bellunopress.it\/fr\/wp-json\/wp\/v2\/users\/2"}],"replies":[{"embeddable":true,"href":"https:\/\/www.bellunopress.it\/fr\/wp-json\/wp\/v2\/comments?post=48867"}],"version-history":[{"count":3,"href":"https:\/\/www.bellunopress.it\/fr\/wp-json\/wp\/v2\/posts\/48867\/revisions"}],"predecessor-version":[{"id":48941,"href":"https:\/\/www.bellunopress.it\/fr\/wp-json\/wp\/v2\/posts\/48867\/revisions\/48941"}],"wp:attachment":[{"href":"https:\/\/www.bellunopress.it\/fr\/wp-json\/wp\/v2\/media?parent=48867"}],"wp:term":[{"taxonomy":"category","embeddable":true,"href":"https:\/\/www.bellunopress.it\/fr\/wp-json\/wp\/v2\/categories?post=48867"},{"taxonomy":"post_tag","embeddable":true,"href":"https:\/\/www.bellunopress.it\/fr\/wp-json\/wp\/v2\/tags?post=48867"}],"curies":[{"name":"wp","href":"https:\/\/api.w.org\/{rel}","templated":true}]}}