{"id":4886,"date":"2009-06-15T18:47:18","date_gmt":"2009-06-15T17:47:18","guid":{"rendered":"http:\/\/www.bellunopress.it\/?p=4886"},"modified":"2009-06-16T15:51:22","modified_gmt":"2009-06-16T14:51:22","slug":"a-valmorel-sapori-della-tradizione-e-musica-ska-per-il-ventennale-onaf","status":"publish","type":"post","link":"https:\/\/www.bellunopress.it\/fr\/2009\/06\/15\/a-valmorel-sapori-della-tradizione-e-musica-ska-per-il-ventennale-onaf\/","title":{"rendered":"Domenica in Valmorel sapori della tradizione e musica ska per il ventennale Onaf"},"content":{"rendered":"<p><a href=\"http:\/\/www.bellunopress.it\/wp-content\/uploads\/2009\/06\/val-morel-leggera1.jpg\"><img loading=\"lazy\" decoding=\"async\" class=\"alignleft size-medium wp-image-4887\" title=\"val-morel-leggera1\" src=\"http:\/\/www.bellunopress.it\/wp-content\/uploads\/2009\/06\/val-morel-leggera1.jpg\" alt=\"\" width=\"270\" height=\"180\" \/><\/a>Sapori a suon di musica SKA a Valmorel. In occasione del ventennale di Onaf (l&#8217;Organizzazione nazionale assaggiatori di formaggi) la delegazione bellunese organizza domenica 21 giugno, nella splendida cornice naturale di Valmorel, una giornata dedicata interamente ai formaggi, ai sapori della tradizione e alla buona musica proveniente da Oltre Atlantico. E&#8217; qui, tra i paesaggi cari a Dino Buzzati che gusto, udito e vista trovano la loro sintesi perfetta, tra giochi per bambini, laboratori del gusto, mercatino dei sapori e musica ska di qualit\u00e0 superiore. Tutto questo \u00e8 l&#8217;Onaf day. Appuntamento alle 9, nella piazza di Valmorel, con la mattinata dedicata ai giochi a squadre, per grandi e piccini, con la regia dei \u201cfratelli giroldini\u201d. Protagonista, e non potrebbe davvero essere altrimenti, \u00e8 la Forma di formaggio, vista da una prospettiva diversa, ludica. Perch\u00e9 il cibo, e a suon di musica, \u00e8 prima di tutto divertimento. E allora via con SKAppa SKAppa, porta la forma, non farla caSKAr! Non mi SKAssare (versione moderna e movimentata del classico Lancio della Forma), la SKAffetta de formai (o, all&#8217;inglese, formai puzzle). Questi e molti altri giochi daranno pepe alla mattinata in Valmorel, premiando tutti i partecipanti. La quota di iscrizione per le squadre \u00e8 di 20 euro. Mentre c&#8217;\u00e8 chi si scatena con giochi e musica, apre il mercatino dei sapori, con la partecipazione delle latterie, delle malghe e delle aziende agricole bellunesi. Un&#8217;esposizione di sapori e profumi, un&#8217;esplosione di gioia per i sensi, che pu\u00f2 essere decuplicata dal laboratorio del gusto, che al piccolo prezzo di 5 euro permetter\u00e0 di entrare in contatto, quando non in simbiosi, con il meraviglioso mondo dei formaggi e dei prodotti ad esso legati. In attesa che apra la FraSKA, dedicata ai prodotti della tradizione. Dopo tutte queste abbondanti libagioni, cosa c&#8217;\u00e8 di meglio che un po&#8217; di sano movimento? L&#8217;appuntamento clou della giornata \u00e8 alle 17 e 30, quando saliranno sul palco allestito per l&#8217;occasione The toasters, una delle pi\u00f9 importanti Ska band americane, che ha contribuito a popolarizzare il genere nella scena underground mondiale negli anni&#8217;80. Un vero evento, all&#8217;interno di una giornata gi\u00e0 di per s\u00e9 un po&#8217; magica. The toasters sono ben noti agli appassionati, e stanno girando l&#8217;Europa per una lunga serie di concerti, ma questo di Valmorel \u00e8 uno dei pochi appuntamenti italiani, e l&#8217;unico ad essere organizzato in una cornice cos\u00ec peculiare. Ma la musica Ska non esaurisce la giornata, c&#8217;\u00e8 ancora la \u201cCena rustega\u201d da gustare. L&#8217;appuntamento in questo caso \u00e8 alle 20, con prenotazione. Un invitante e ricco matrimonio di sapori, per 25 euro. E per finire la serata, tutti al bar trattoria \u201cAlle scole\u201d, per un ultimo brindisi e un ultimo ballo. L&#8217;Onaf day \u00e8 organizzato dalla delegazione bellunese Onaf, in collaborazione con Comune di Limana, Provincia di Belluno, comitato frazionale di Valmorel, Cros, Navenze, Laste, AziendaAgricola \u201cLa schirata\u201d, AziendAgricola \u201cLe Zercole\u201d, B&amp;B \u201cI boschi del castagno\u201d, Bar trattoria e affittacamere \u201cAlle scole\u201d, e \u201cOsteria dei miracoli\u201d, di prossima apertura in piazza a Valmorel. Per informazioni \u00e8 possibile contattare il delegato Onaf per Belluno, Stefano Trevisson, al 3403033788 (stefanotrevisson@gmail.com).<br \/>\n<strong>The toasters<\/strong><br \/>\nOriginari di New York, sono una delle pi\u00f9 importanti ska band americane, che hanno contribuito a popolarizzare il genere nella scena underground mondiale negli anni&#8217;80. Nel 1983 viene distribuito il loro primo singolo, \u201cBeat up\u201d. Nel 1985 esce un Demo Ep, \u201cRecriminations2, prodotto da Joe Jackson. Due anni dopo, nel 1987, i Toasters lanciano il loro primo Lp, \u201cSkaboom\u201d, seguito a breve distanza di tempo da \u201cThrill me up\u201d (1988) e \u201cThis gun of fire (1990). La lineup dei Toasters continua a cambiare durante gli anni&#8217;90, con il vocalist e chitarrista Hingley come membro originario. I Toasters pubblicheranno in seguito: \u201cNew york fever\u201d (1992), \u201cDub 56\u201d (1994), \u201cHard band for dead\u201d (1996), \u201cD.L.T.B.G.Y.D. (1997), \u201cEnemy of the state\u201d del 2002 e una nuova compilation, \u201cIn retrospect, the best of The toasters2 nel 2003. Quando non sono in studio, hingley e la sua band sono sempre in tour negli Usa, in Europa e in tutti gli angoli del mondo affamati di ska, come Valmorel, domenica prossima.<\/p>","protected":false},"excerpt":{"rendered":"<p>Sapori a suon di musica SKA a Valmorel. In occasione del ventennale di Onaf (l&#8217;Organizzazione nazionale assaggiatori di formaggi) la delegazione bellunese organizza domenica 21 giugno, nella splendida cornice naturale di Valmorel, una giornata dedicata interamente ai formaggi, ai sapori della tradizione e alla buona musica proveniente da Oltre Atlantico. E&#8217; qui, tra i paesaggi [&hellip;]<\/p>\n","protected":false},"author":2,"featured_media":0,"comment_status":"closed","ping_status":"open","sticky":false,"template":"","format":"standard","meta":{"footnotes":""},"categories":[27,3,25],"tags":[139],"class_list":["post-4886","post","type-post","status-publish","format-standard","category-appuntamenti","category-arte-cultura-spettacoli-scienza-archivi","category-pausa-caffe","tag-belluno"],"yoast_head":"<!-- This site is optimized with the Yoast SEO plugin v28.4 - https:\/\/yoast.com\/product\/yoast-seo-wordpress\/ -->\n<title>Domenica in Valmorel sapori della tradizione e musica ska per il ventennale Onaf - Bellunopress - Dolomiti<\/title>\n<meta name=\"robots\" content=\"index, follow, max-snippet:-1, max-image-preview:large, max-video-preview:-1\" \/>\n<link rel=\"canonical\" href=\"https:\/\/www.bellunopress.it\/fr\/2009\/06\/15\/a-valmorel-sapori-della-tradizione-e-musica-ska-per-il-ventennale-onaf\/\" \/>\n<meta property=\"og:locale\" content=\"fr_FR\" \/>\n<meta property=\"og:type\" content=\"article\" \/>\n<meta property=\"og:title\" content=\"Domenica in Valmorel sapori della tradizione e musica ska per il ventennale Onaf - Bellunopress - Dolomiti\" \/>\n<meta property=\"og:description\" content=\"Sapori a suon di musica SKA a Valmorel. In occasione del ventennale di Onaf (l&#8217;Organizzazione nazionale assaggiatori di formaggi) la delegazione bellunese organizza domenica 21 giugno, nella splendida cornice naturale di Valmorel, una giornata dedicata interamente ai formaggi, ai sapori della tradizione e alla buona musica proveniente da Oltre Atlantico. E&#8217; qui, tra i paesaggi [&hellip;]\" \/>\n<meta property=\"og:url\" content=\"https:\/\/www.bellunopress.it\/fr\/2009\/06\/15\/a-valmorel-sapori-della-tradizione-e-musica-ska-per-il-ventennale-onaf\/\" \/>\n<meta property=\"og:site_name\" content=\"Bellunopress - Dolomiti\" \/>\n<meta property=\"article:publisher\" content=\"https:\/\/www.facebook.com\/profile.php?id=100008943462799\" \/>\n<meta property=\"article:published_time\" content=\"2009-06-15T17:47:18+00:00\" \/>\n<meta property=\"article:modified_time\" content=\"2009-06-16T14:51:22+00:00\" \/>\n<meta property=\"og:image\" content=\"http:\/\/www.bellunopress.it\/wp-content\/uploads\/2009\/06\/val-morel-leggera1.jpg\" \/>\n<meta name=\"author\" content=\"redazione\" \/>\n<meta name=\"twitter:card\" content=\"summary_large_image\" \/>\n<meta name=\"twitter:creator\" content=\"@bellunopress\" \/>\n<meta name=\"twitter:site\" content=\"@bellunopress\" \/>\n<meta name=\"twitter:label1\" content=\"Written by\" \/>\n\t<meta name=\"twitter:data1\" content=\"redazione\" \/>\n\t<meta name=\"twitter:label2\" content=\"Est. reading time\" \/>\n\t<meta name=\"twitter:data2\" content=\"3 minutes\" \/>\n<script type=\"application\/ld+json\" class=\"yoast-schema-graph\">{\"@context\":\"https:\\\/\\\/schema.org\",\"@graph\":[{\"@type\":\"Article\",\"@id\":\"https:\\\/\\\/www.bellunopress.it\\\/2009\\\/06\\\/15\\\/a-valmorel-sapori-della-tradizione-e-musica-ska-per-il-ventennale-onaf\\\/#article\",\"isPartOf\":{\"@id\":\"https:\\\/\\\/www.bellunopress.it\\\/2009\\\/06\\\/15\\\/a-valmorel-sapori-della-tradizione-e-musica-ska-per-il-ventennale-onaf\\\/\"},\"author\":{\"name\":\"redazione\",\"@id\":\"https:\\\/\\\/www.bellunopress.it\\\/#\\\/schema\\\/person\\\/79bb06722b37ece1c03d3e94beb30d73\"},\"headline\":\"Domenica in Valmorel sapori della tradizione e musica ska per il ventennale Onaf\",\"datePublished\":\"2009-06-15T17:47:18+00:00\",\"dateModified\":\"2009-06-16T14:51:22+00:00\",\"mainEntityOfPage\":{\"@id\":\"https:\\\/\\\/www.bellunopress.it\\\/2009\\\/06\\\/15\\\/a-valmorel-sapori-della-tradizione-e-musica-ska-per-il-ventennale-onaf\\\/\"},\"wordCount\":684,\"publisher\":{\"@id\":\"https:\\\/\\\/www.bellunopress.it\\\/#organization\"},\"image\":{\"@id\":\"https:\\\/\\\/www.bellunopress.it\\\/2009\\\/06\\\/15\\\/a-valmorel-sapori-della-tradizione-e-musica-ska-per-il-ventennale-onaf\\\/#primaryimage\"},\"thumbnailUrl\":\"http:\\\/\\\/www.bellunopress.it\\\/wp-content\\\/uploads\\\/2009\\\/06\\\/val-morel-leggera1.jpg\",\"keywords\":[\"Belluno\"],\"articleSection\":[\"Appuntamenti, Eventi\",\"Arte, Cultura, Spettacoli, Scienza\",\"Pausa Caff\u00e8\"],\"inLanguage\":\"fr-FR\"},{\"@type\":\"WebPage\",\"@id\":\"https:\\\/\\\/www.bellunopress.it\\\/2009\\\/06\\\/15\\\/a-valmorel-sapori-della-tradizione-e-musica-ska-per-il-ventennale-onaf\\\/\",\"url\":\"https:\\\/\\\/www.bellunopress.it\\\/2009\\\/06\\\/15\\\/a-valmorel-sapori-della-tradizione-e-musica-ska-per-il-ventennale-onaf\\\/\",\"name\":\"Domenica in Valmorel sapori della tradizione e musica ska per il ventennale Onaf - Bellunopress - Dolomiti\",\"isPartOf\":{\"@id\":\"https:\\\/\\\/www.bellunopress.it\\\/#website\"},\"primaryImageOfPage\":{\"@id\":\"https:\\\/\\\/www.bellunopress.it\\\/2009\\\/06\\\/15\\\/a-valmorel-sapori-della-tradizione-e-musica-ska-per-il-ventennale-onaf\\\/#primaryimage\"},\"image\":{\"@id\":\"https:\\\/\\\/www.bellunopress.it\\\/2009\\\/06\\\/15\\\/a-valmorel-sapori-della-tradizione-e-musica-ska-per-il-ventennale-onaf\\\/#primaryimage\"},\"thumbnailUrl\":\"http:\\\/\\\/www.bellunopress.it\\\/wp-content\\\/uploads\\\/2009\\\/06\\\/val-morel-leggera1.jpg\",\"datePublished\":\"2009-06-15T17:47:18+00:00\",\"dateModified\":\"2009-06-16T14:51:22+00:00\",\"breadcrumb\":{\"@id\":\"https:\\\/\\\/www.bellunopress.it\\\/2009\\\/06\\\/15\\\/a-valmorel-sapori-della-tradizione-e-musica-ska-per-il-ventennale-onaf\\\/#breadcrumb\"},\"inLanguage\":\"fr-FR\",\"potentialAction\":[{\"@type\":\"ReadAction\",\"target\":[\"https:\\\/\\\/www.bellunopress.it\\\/2009\\\/06\\\/15\\\/a-valmorel-sapori-della-tradizione-e-musica-ska-per-il-ventennale-onaf\\\/\"]}]},{\"@type\":\"ImageObject\",\"inLanguage\":\"fr-FR\",\"@id\":\"https:\\\/\\\/www.bellunopress.it\\\/2009\\\/06\\\/15\\\/a-valmorel-sapori-della-tradizione-e-musica-ska-per-il-ventennale-onaf\\\/#primaryimage\",\"url\":\"http:\\\/\\\/www.bellunopress.it\\\/wp-content\\\/uploads\\\/2009\\\/06\\\/val-morel-leggera1.jpg\",\"contentUrl\":\"http:\\\/\\\/www.bellunopress.it\\\/wp-content\\\/uploads\\\/2009\\\/06\\\/val-morel-leggera1.jpg\"},{\"@type\":\"BreadcrumbList\",\"@id\":\"https:\\\/\\\/www.bellunopress.it\\\/2009\\\/06\\\/15\\\/a-valmorel-sapori-della-tradizione-e-musica-ska-per-il-ventennale-onaf\\\/#breadcrumb\",\"itemListElement\":[{\"@type\":\"ListItem\",\"position\":1,\"name\":\"Home\",\"item\":\"https:\\\/\\\/www.bellunopress.it\\\/\"},{\"@type\":\"ListItem\",\"position\":2,\"name\":\"Domenica in Valmorel sapori della tradizione e musica ska per il ventennale Onaf\"}]},{\"@type\":\"WebSite\",\"@id\":\"https:\\\/\\\/www.bellunopress.it\\\/#website\",\"url\":\"https:\\\/\\\/www.bellunopress.it\\\/\",\"name\":\"Bellunopress - Dolomiti\",\"description\":\"e-mail: redazione@bellunopress.it\",\"publisher\":{\"@id\":\"https:\\\/\\\/www.bellunopress.it\\\/#organization\"},\"potentialAction\":[{\"@type\":\"SearchAction\",\"target\":{\"@type\":\"EntryPoint\",\"urlTemplate\":\"https:\\\/\\\/www.bellunopress.it\\\/?s={search_term_string}\"},\"query-input\":{\"@type\":\"PropertyValueSpecification\",\"valueRequired\":true,\"valueName\":\"search_term_string\"}}],\"inLanguage\":\"fr-FR\"},{\"@type\":\"Organization\",\"@id\":\"https:\\\/\\\/www.bellunopress.it\\\/#organization\",\"name\":\"Bellunopress\",\"url\":\"https:\\\/\\\/www.bellunopress.it\\\/\",\"logo\":{\"@type\":\"ImageObject\",\"inLanguage\":\"fr-FR\",\"@id\":\"https:\\\/\\\/www.bellunopress.it\\\/#\\\/schema\\\/logo\\\/image\\\/\",\"url\":\"https:\\\/\\\/www.bellunopress.it\\\/wp-content\\\/uploads\\\/2011\\\/05\\\/cropped-logo-bellunopress-.jpg\",\"contentUrl\":\"https:\\\/\\\/www.bellunopress.it\\\/wp-content\\\/uploads\\\/2011\\\/05\\\/cropped-logo-bellunopress-.jpg\",\"width\":512,\"height\":512,\"caption\":\"Bellunopress\"},\"image\":{\"@id\":\"https:\\\/\\\/www.bellunopress.it\\\/#\\\/schema\\\/logo\\\/image\\\/\"},\"sameAs\":[\"https:\\\/\\\/www.facebook.com\\\/profile.php?id=100008943462799\",\"https:\\\/\\\/x.com\\\/bellunopress\",\"https:\\\/\\\/www.linkedin.com\\\/hp\\\/?dnr=JBzUWaJfMUw8vbXJJ2tVW5-I3jZKvC4wsoxE&amp;amp;amp;amp;amp;amp;trk=nav_responsive_tab_home\",\"https:\\\/\\\/www.youtube.com\\\/channel\\\/UCxL0wu1uN0_3_7hGG0306cw\"]},{\"@type\":\"Person\",\"@id\":\"https:\\\/\\\/www.bellunopress.it\\\/#\\\/schema\\\/person\\\/79bb06722b37ece1c03d3e94beb30d73\",\"name\":\"redazione\",\"image\":{\"@type\":\"ImageObject\",\"inLanguage\":\"fr-FR\",\"@id\":\"https:\\\/\\\/secure.gravatar.com\\\/avatar\\\/37d968a2e67a6fd04c169c4bdef102d0bc5d31b2546345219e348575eb80e9a0?s=96&d=mm&r=g\",\"url\":\"https:\\\/\\\/secure.gravatar.com\\\/avatar\\\/37d968a2e67a6fd04c169c4bdef102d0bc5d31b2546345219e348575eb80e9a0?s=96&d=mm&r=g\",\"contentUrl\":\"https:\\\/\\\/secure.gravatar.com\\\/avatar\\\/37d968a2e67a6fd04c169c4bdef102d0bc5d31b2546345219e348575eb80e9a0?s=96&d=mm&r=g\",\"caption\":\"redazione\"},\"sameAs\":[\"http:\\\/\\\/www.bellunopress.it\",\"https:\\\/\\\/x.com\\\/bellunopress\"],\"url\":\"https:\\\/\\\/www.bellunopress.it\\\/fr\\\/author\\\/redazione\\\/\"}]}<\/script>\n<!-- \/ Yoast SEO plugin. -->","yoast_head_json":{"title":"Domenica in Valmorel sapori della tradizione e musica ska per il ventennale Onaf - Bellunopress - Dolomiti","robots":{"index":"index","follow":"follow","max-snippet":"max-snippet:-1","max-image-preview":"max-image-preview:large","max-video-preview":"max-video-preview:-1"},"canonical":"https:\/\/www.bellunopress.it\/fr\/2009\/06\/15\/a-valmorel-sapori-della-tradizione-e-musica-ska-per-il-ventennale-onaf\/","og_locale":"fr_FR","og_type":"article","og_title":"Domenica in Valmorel sapori della tradizione e musica ska per il ventennale Onaf - Bellunopress - Dolomiti","og_description":"Sapori a suon di musica SKA a Valmorel. In occasione del ventennale di Onaf (l&#8217;Organizzazione nazionale assaggiatori di formaggi) la delegazione bellunese organizza domenica 21 giugno, nella splendida cornice naturale di Valmorel, una giornata dedicata interamente ai formaggi, ai sapori della tradizione e alla buona musica proveniente da Oltre Atlantico. E&#8217; qui, tra i paesaggi [&hellip;]","og_url":"https:\/\/www.bellunopress.it\/fr\/2009\/06\/15\/a-valmorel-sapori-della-tradizione-e-musica-ska-per-il-ventennale-onaf\/","og_site_name":"Bellunopress - Dolomiti","article_publisher":"https:\/\/www.facebook.com\/profile.php?id=100008943462799","article_published_time":"2009-06-15T17:47:18+00:00","article_modified_time":"2009-06-16T14:51:22+00:00","og_image":[{"url":"http:\/\/www.bellunopress.it\/wp-content\/uploads\/2009\/06\/val-morel-leggera1.jpg","type":"","width":"","height":""}],"author":"redazione","twitter_card":"summary_large_image","twitter_creator":"@bellunopress","twitter_site":"@bellunopress","twitter_misc":{"Written by":"redazione","Est. reading time":"3 minutes"},"schema":{"@context":"https:\/\/schema.org","@graph":[{"@type":"Article","@id":"https:\/\/www.bellunopress.it\/2009\/06\/15\/a-valmorel-sapori-della-tradizione-e-musica-ska-per-il-ventennale-onaf\/#article","isPartOf":{"@id":"https:\/\/www.bellunopress.it\/2009\/06\/15\/a-valmorel-sapori-della-tradizione-e-musica-ska-per-il-ventennale-onaf\/"},"author":{"name":"redazione","@id":"https:\/\/www.bellunopress.it\/#\/schema\/person\/79bb06722b37ece1c03d3e94beb30d73"},"headline":"Domenica in Valmorel sapori della tradizione e musica ska per il ventennale Onaf","datePublished":"2009-06-15T17:47:18+00:00","dateModified":"2009-06-16T14:51:22+00:00","mainEntityOfPage":{"@id":"https:\/\/www.bellunopress.it\/2009\/06\/15\/a-valmorel-sapori-della-tradizione-e-musica-ska-per-il-ventennale-onaf\/"},"wordCount":684,"publisher":{"@id":"https:\/\/www.bellunopress.it\/#organization"},"image":{"@id":"https:\/\/www.bellunopress.it\/2009\/06\/15\/a-valmorel-sapori-della-tradizione-e-musica-ska-per-il-ventennale-onaf\/#primaryimage"},"thumbnailUrl":"http:\/\/www.bellunopress.it\/wp-content\/uploads\/2009\/06\/val-morel-leggera1.jpg","keywords":["Belluno"],"articleSection":["Appuntamenti, Eventi","Arte, Cultura, Spettacoli, Scienza","Pausa Caff\u00e8"],"inLanguage":"fr-FR"},{"@type":"WebPage","@id":"https:\/\/www.bellunopress.it\/2009\/06\/15\/a-valmorel-sapori-della-tradizione-e-musica-ska-per-il-ventennale-onaf\/","url":"https:\/\/www.bellunopress.it\/2009\/06\/15\/a-valmorel-sapori-della-tradizione-e-musica-ska-per-il-ventennale-onaf\/","name":"Domenica in Valmorel sapori della tradizione e musica ska per il ventennale Onaf - Bellunopress - Dolomiti","isPartOf":{"@id":"https:\/\/www.bellunopress.it\/#website"},"primaryImageOfPage":{"@id":"https:\/\/www.bellunopress.it\/2009\/06\/15\/a-valmorel-sapori-della-tradizione-e-musica-ska-per-il-ventennale-onaf\/#primaryimage"},"image":{"@id":"https:\/\/www.bellunopress.it\/2009\/06\/15\/a-valmorel-sapori-della-tradizione-e-musica-ska-per-il-ventennale-onaf\/#primaryimage"},"thumbnailUrl":"http:\/\/www.bellunopress.it\/wp-content\/uploads\/2009\/06\/val-morel-leggera1.jpg","datePublished":"2009-06-15T17:47:18+00:00","dateModified":"2009-06-16T14:51:22+00:00","breadcrumb":{"@id":"https:\/\/www.bellunopress.it\/2009\/06\/15\/a-valmorel-sapori-della-tradizione-e-musica-ska-per-il-ventennale-onaf\/#breadcrumb"},"inLanguage":"fr-FR","potentialAction":[{"@type":"ReadAction","target":["https:\/\/www.bellunopress.it\/2009\/06\/15\/a-valmorel-sapori-della-tradizione-e-musica-ska-per-il-ventennale-onaf\/"]}]},{"@type":"ImageObject","inLanguage":"fr-FR","@id":"https:\/\/www.bellunopress.it\/2009\/06\/15\/a-valmorel-sapori-della-tradizione-e-musica-ska-per-il-ventennale-onaf\/#primaryimage","url":"http:\/\/www.bellunopress.it\/wp-content\/uploads\/2009\/06\/val-morel-leggera1.jpg","contentUrl":"http:\/\/www.bellunopress.it\/wp-content\/uploads\/2009\/06\/val-morel-leggera1.jpg"},{"@type":"BreadcrumbList","@id":"https:\/\/www.bellunopress.it\/2009\/06\/15\/a-valmorel-sapori-della-tradizione-e-musica-ska-per-il-ventennale-onaf\/#breadcrumb","itemListElement":[{"@type":"ListItem","position":1,"name":"Home","item":"https:\/\/www.bellunopress.it\/"},{"@type":"ListItem","position":2,"name":"Domenica in Valmorel sapori della tradizione e musica ska per il ventennale Onaf"}]},{"@type":"WebSite","@id":"https:\/\/www.bellunopress.it\/#website","url":"https:\/\/www.bellunopress.it\/","name":"Bellunopress - Dolomiti","description":"e-mail: redazione@bellunopress.it","publisher":{"@id":"https:\/\/www.bellunopress.it\/#organization"},"potentialAction":[{"@type":"SearchAction","target":{"@type":"EntryPoint","urlTemplate":"https:\/\/www.bellunopress.it\/?s={search_term_string}"},"query-input":{"@type":"PropertyValueSpecification","valueRequired":true,"valueName":"search_term_string"}}],"inLanguage":"fr-FR"},{"@type":"Organization","@id":"https:\/\/www.bellunopress.it\/#organization","name":"Bellunopress","url":"https:\/\/www.bellunopress.it\/","logo":{"@type":"ImageObject","inLanguage":"fr-FR","@id":"https:\/\/www.bellunopress.it\/#\/schema\/logo\/image\/","url":"https:\/\/www.bellunopress.it\/wp-content\/uploads\/2011\/05\/cropped-logo-bellunopress-.jpg","contentUrl":"https:\/\/www.bellunopress.it\/wp-content\/uploads\/2011\/05\/cropped-logo-bellunopress-.jpg","width":512,"height":512,"caption":"Bellunopress"},"image":{"@id":"https:\/\/www.bellunopress.it\/#\/schema\/logo\/image\/"},"sameAs":["https:\/\/www.facebook.com\/profile.php?id=100008943462799","https:\/\/x.com\/bellunopress","https:\/\/www.linkedin.com\/hp\/?dnr=JBzUWaJfMUw8vbXJJ2tVW5-I3jZKvC4wsoxE&amp;amp;amp;amp;amp;amp;trk=nav_responsive_tab_home","https:\/\/www.youtube.com\/channel\/UCxL0wu1uN0_3_7hGG0306cw"]},{"@type":"Person","@id":"https:\/\/www.bellunopress.it\/#\/schema\/person\/79bb06722b37ece1c03d3e94beb30d73","name":"r\u00e9daction","image":{"@type":"ImageObject","inLanguage":"fr-FR","@id":"https:\/\/secure.gravatar.com\/avatar\/37d968a2e67a6fd04c169c4bdef102d0bc5d31b2546345219e348575eb80e9a0?s=96&d=mm&r=g","url":"https:\/\/secure.gravatar.com\/avatar\/37d968a2e67a6fd04c169c4bdef102d0bc5d31b2546345219e348575eb80e9a0?s=96&d=mm&r=g","contentUrl":"https:\/\/secure.gravatar.com\/avatar\/37d968a2e67a6fd04c169c4bdef102d0bc5d31b2546345219e348575eb80e9a0?s=96&d=mm&r=g","caption":"redazione"},"sameAs":["http:\/\/www.bellunopress.it","https:\/\/x.com\/bellunopress"],"url":"https:\/\/www.bellunopress.it\/fr\/author\/redazione\/"}]}},"_links":{"self":[{"href":"https:\/\/www.bellunopress.it\/fr\/wp-json\/wp\/v2\/posts\/4886","targetHints":{"allow":["GET"]}}],"collection":[{"href":"https:\/\/www.bellunopress.it\/fr\/wp-json\/wp\/v2\/posts"}],"about":[{"href":"https:\/\/www.bellunopress.it\/fr\/wp-json\/wp\/v2\/types\/post"}],"author":[{"embeddable":true,"href":"https:\/\/www.bellunopress.it\/fr\/wp-json\/wp\/v2\/users\/2"}],"replies":[{"embeddable":true,"href":"https:\/\/www.bellunopress.it\/fr\/wp-json\/wp\/v2\/comments?post=4886"}],"version-history":[{"count":2,"href":"https:\/\/www.bellunopress.it\/fr\/wp-json\/wp\/v2\/posts\/4886\/revisions"}],"predecessor-version":[{"id":4964,"href":"https:\/\/www.bellunopress.it\/fr\/wp-json\/wp\/v2\/posts\/4886\/revisions\/4964"}],"wp:attachment":[{"href":"https:\/\/www.bellunopress.it\/fr\/wp-json\/wp\/v2\/media?parent=4886"}],"wp:term":[{"taxonomy":"category","embeddable":true,"href":"https:\/\/www.bellunopress.it\/fr\/wp-json\/wp\/v2\/categories?post=4886"},{"taxonomy":"post_tag","embeddable":true,"href":"https:\/\/www.bellunopress.it\/fr\/wp-json\/wp\/v2\/tags?post=4886"}],"curies":[{"name":"wp","href":"https:\/\/api.w.org\/{rel}","templated":true}]}}