{"id":48856,"date":"2013-04-27T15:58:02","date_gmt":"2013-04-27T14:58:02","guid":{"rendered":"http:\/\/www.bellunopress.it\/?p=48856"},"modified":"2013-04-27T15:58:02","modified_gmt":"2013-04-27T14:58:02","slug":"caso-franceschi-ghezze-fuori-luogo-organizzare-un-corteo-perche-divide-la-comunita-e-presta-il-fianco-a-strumentalizzazioni","status":"publish","type":"post","link":"https:\/\/www.bellunopress.it\/fr\/2013\/04\/27\/caso-franceschi-ghezze-fuori-luogo-organizzare-un-corteo-perche-divide-la-comunita-e-presta-il-fianco-a-strumentalizzazioni\/","title":{"rendered":"Caso Franceschi. Ghezze: &#8220;Fuori luogo organizzare un corteo, perch\u00e9 divide la comunit\u00e0 e presta il fianco a strumentalizzazioni&#8221;"},"content":{"rendered":"<p><a href=\"http:\/\/www.bellunopress.it\/wp-content\/uploads\/2013\/04\/stefano-ghezze.jpg\"><img loading=\"lazy\" decoding=\"async\" class=\"alignleft size-full wp-image-48857\" alt=\"stefano ghezze\" src=\"http:\/\/www.bellunopress.it\/wp-content\/uploads\/2013\/04\/stefano-ghezze.jpg\" width=\"184\" height=\"270\" \/><\/a>&#8220;Un corteo di solidariet\u00e0, in questo preciso momento, \u00e8 totalmente fuori luogo. Capiamo le motivazioni di chi vuole solidarizzare con il sindaco, ma cos\u00ec si espone Cortina all&#8217;ennesima strumentalizzazione di quelli &#8211; e non sono pochi &#8211; che le vogliono male e la definiscono patria di evasori e amorali. Non solo, con un corteo di questo tipo si divide ulteriormente la cittadina tra colpevolisti e innocentisti, clima che dobbiamo assolutamente evitare. Se fossimo in Andrea Franceschi ringrazieremmo per l&#8217;affetto e la vicinanza, ma chiederemmo espressamente di non usare forme cos\u00ec eclatanti e premature&#8221;.<\/p>\n<p>A dirlo \u00e8 Stefano Ghezze, a nome dell\u2019intero gruppo di opposizione &#8220;Per la nostra Cortina&#8221;.<\/p>\n<p>Prosegue Ghezze &#8220;Lasciamo che la giustizia faccia il suo corso con fiducia. Occupiamoci piuttosto della citt\u00e0 e delle scelte strategiche che la attendono, dalla gestione dell&#8217;ospedale Codivilla-Putti alla candidatura ai mondiali di sci. Poi c&#8217;\u00e8 un problema pi\u00f9 generale di immagine. Basta accendere la tv: ieri sera Crozza su La7 non \u00e8 stato lusinghiero nei confronti di Franceschi ma neanche della Conca. Al di l\u00e0 del merito, che pu\u00f2 ferirci ma che rientra nella libert\u00e0 di satira, i danni cominciano a vedersi e a sentirsi. Lo continuo a dire perch\u00e9 ci credo: facciamo le persone responsabili. Ogni fuga in avanti, dettata anche dal cuore e dalla buona fede di alcuni, pu\u00f2 essere un boomerang per la nostra citt\u00e0\u201d.<\/p>","protected":false},"excerpt":{"rendered":"<p>&#8220;Un corteo di solidariet\u00e0, in questo preciso momento, \u00e8 totalmente fuori luogo. Capiamo le motivazioni di chi vuole solidarizzare con il sindaco, ma cos\u00ec si espone Cortina all&#8217;ennesima strumentalizzazione di quelli &#8211; e non sono pochi &#8211; che le vogliono male e la definiscono patria di evasori e amorali. Non solo, con un corteo di [&hellip;]<\/p>\n","protected":false},"author":2,"featured_media":0,"comment_status":"closed","ping_status":"open","sticky":false,"template":"","format":"standard","meta":{"footnotes":""},"categories":[1],"tags":[],"class_list":["post-48856","post","type-post","status-publish","format-standard","category-leo"],"yoast_head":"<!-- This site is optimized with the Yoast SEO plugin v28.4 - https:\/\/yoast.com\/product\/yoast-seo-wordpress\/ -->\n<title>Caso Franceschi. Ghezze: &quot;Fuori luogo organizzare un corteo, perch\u00e9 divide la comunit\u00e0 e presta il fianco a strumentalizzazioni&quot; - Bellunopress - Dolomiti<\/title>\n<meta name=\"robots\" content=\"index, follow, max-snippet:-1, max-image-preview:large, max-video-preview:-1\" \/>\n<link rel=\"canonical\" href=\"https:\/\/www.bellunopress.it\/fr\/2013\/04\/27\/caso-franceschi-ghezze-fuori-luogo-organizzare-un-corteo-perche-divide-la-comunita-e-presta-il-fianco-a-strumentalizzazioni\/\" \/>\n<meta property=\"og:locale\" content=\"fr_FR\" \/>\n<meta property=\"og:type\" content=\"article\" \/>\n<meta property=\"og:title\" content=\"Caso Franceschi. Ghezze: &quot;Fuori luogo organizzare un corteo, perch\u00e9 divide la comunit\u00e0 e presta il fianco a strumentalizzazioni&quot; - Bellunopress - Dolomiti\" \/>\n<meta property=\"og:description\" content=\"&#8220;Un corteo di solidariet\u00e0, in questo preciso momento, \u00e8 totalmente fuori luogo. Capiamo le motivazioni di chi vuole solidarizzare con il sindaco, ma cos\u00ec si espone Cortina all&#8217;ennesima strumentalizzazione di quelli &#8211; e non sono pochi &#8211; che le vogliono male e la definiscono patria di evasori e amorali. Non solo, con un corteo di [&hellip;]\" \/>\n<meta property=\"og:url\" content=\"https:\/\/www.bellunopress.it\/fr\/2013\/04\/27\/caso-franceschi-ghezze-fuori-luogo-organizzare-un-corteo-perche-divide-la-comunita-e-presta-il-fianco-a-strumentalizzazioni\/\" \/>\n<meta property=\"og:site_name\" content=\"Bellunopress - Dolomiti\" \/>\n<meta property=\"article:publisher\" content=\"https:\/\/www.facebook.com\/profile.php?id=100008943462799\" \/>\n<meta property=\"article:published_time\" content=\"2013-04-27T14:58:02+00:00\" \/>\n<meta property=\"og:image\" content=\"http:\/\/www.bellunopress.it\/wp-content\/uploads\/2013\/04\/stefano-ghezze.jpg\" \/>\n<meta name=\"author\" content=\"redazione\" \/>\n<meta name=\"twitter:card\" content=\"summary_large_image\" \/>\n<meta name=\"twitter:creator\" content=\"@bellunopress\" \/>\n<meta name=\"twitter:site\" content=\"@bellunopress\" \/>\n<meta name=\"twitter:label1\" content=\"\u00c9crit par\" \/>\n\t<meta name=\"twitter:data1\" content=\"redazione\" \/>\n\t<meta name=\"twitter:label2\" content=\"Dur\u00e9e de lecture estim\u00e9e\" \/>\n\t<meta name=\"twitter:data2\" content=\"1 minute\" \/>\n<script type=\"application\/ld+json\" class=\"yoast-schema-graph\">{\"@context\":\"https:\\\/\\\/schema.org\",\"@graph\":[{\"@type\":\"Article\",\"@id\":\"https:\\\/\\\/www.bellunopress.it\\\/2013\\\/04\\\/27\\\/caso-franceschi-ghezze-fuori-luogo-organizzare-un-corteo-perche-divide-la-comunita-e-presta-il-fianco-a-strumentalizzazioni\\\/#article\",\"isPartOf\":{\"@id\":\"https:\\\/\\\/www.bellunopress.it\\\/2013\\\/04\\\/27\\\/caso-franceschi-ghezze-fuori-luogo-organizzare-un-corteo-perche-divide-la-comunita-e-presta-il-fianco-a-strumentalizzazioni\\\/\"},\"author\":{\"name\":\"redazione\",\"@id\":\"https:\\\/\\\/www.bellunopress.it\\\/#\\\/schema\\\/person\\\/79bb06722b37ece1c03d3e94beb30d73\"},\"headline\":\"Caso Franceschi. Ghezze: &#8220;Fuori luogo organizzare un corteo, perch\u00e9 divide la comunit\u00e0 e presta il fianco a strumentalizzazioni&#8221;\",\"datePublished\":\"2013-04-27T14:58:02+00:00\",\"mainEntityOfPage\":{\"@id\":\"https:\\\/\\\/www.bellunopress.it\\\/2013\\\/04\\\/27\\\/caso-franceschi-ghezze-fuori-luogo-organizzare-un-corteo-perche-divide-la-comunita-e-presta-il-fianco-a-strumentalizzazioni\\\/\"},\"wordCount\":245,\"publisher\":{\"@id\":\"https:\\\/\\\/www.bellunopress.it\\\/#organization\"},\"image\":{\"@id\":\"https:\\\/\\\/www.bellunopress.it\\\/2013\\\/04\\\/27\\\/caso-franceschi-ghezze-fuori-luogo-organizzare-un-corteo-perche-divide-la-comunita-e-presta-il-fianco-a-strumentalizzazioni\\\/#primaryimage\"},\"thumbnailUrl\":\"http:\\\/\\\/www.bellunopress.it\\\/wp-content\\\/uploads\\\/2013\\\/04\\\/stefano-ghezze.jpg\",\"articleSection\":[\"Lettere Opinioni\"],\"inLanguage\":\"fr-FR\"},{\"@type\":\"WebPage\",\"@id\":\"https:\\\/\\\/www.bellunopress.it\\\/2013\\\/04\\\/27\\\/caso-franceschi-ghezze-fuori-luogo-organizzare-un-corteo-perche-divide-la-comunita-e-presta-il-fianco-a-strumentalizzazioni\\\/\",\"url\":\"https:\\\/\\\/www.bellunopress.it\\\/2013\\\/04\\\/27\\\/caso-franceschi-ghezze-fuori-luogo-organizzare-un-corteo-perche-divide-la-comunita-e-presta-il-fianco-a-strumentalizzazioni\\\/\",\"name\":\"Caso Franceschi. Ghezze: \\\"Fuori luogo organizzare un corteo, perch\u00e9 divide la comunit\u00e0 e presta il fianco a strumentalizzazioni\\\" - Bellunopress - Dolomiti\",\"isPartOf\":{\"@id\":\"https:\\\/\\\/www.bellunopress.it\\\/#website\"},\"primaryImageOfPage\":{\"@id\":\"https:\\\/\\\/www.bellunopress.it\\\/2013\\\/04\\\/27\\\/caso-franceschi-ghezze-fuori-luogo-organizzare-un-corteo-perche-divide-la-comunita-e-presta-il-fianco-a-strumentalizzazioni\\\/#primaryimage\"},\"image\":{\"@id\":\"https:\\\/\\\/www.bellunopress.it\\\/2013\\\/04\\\/27\\\/caso-franceschi-ghezze-fuori-luogo-organizzare-un-corteo-perche-divide-la-comunita-e-presta-il-fianco-a-strumentalizzazioni\\\/#primaryimage\"},\"thumbnailUrl\":\"http:\\\/\\\/www.bellunopress.it\\\/wp-content\\\/uploads\\\/2013\\\/04\\\/stefano-ghezze.jpg\",\"datePublished\":\"2013-04-27T14:58:02+00:00\",\"breadcrumb\":{\"@id\":\"https:\\\/\\\/www.bellunopress.it\\\/2013\\\/04\\\/27\\\/caso-franceschi-ghezze-fuori-luogo-organizzare-un-corteo-perche-divide-la-comunita-e-presta-il-fianco-a-strumentalizzazioni\\\/#breadcrumb\"},\"inLanguage\":\"fr-FR\",\"potentialAction\":[{\"@type\":\"ReadAction\",\"target\":[\"https:\\\/\\\/www.bellunopress.it\\\/2013\\\/04\\\/27\\\/caso-franceschi-ghezze-fuori-luogo-organizzare-un-corteo-perche-divide-la-comunita-e-presta-il-fianco-a-strumentalizzazioni\\\/\"]}]},{\"@type\":\"ImageObject\",\"inLanguage\":\"fr-FR\",\"@id\":\"https:\\\/\\\/www.bellunopress.it\\\/2013\\\/04\\\/27\\\/caso-franceschi-ghezze-fuori-luogo-organizzare-un-corteo-perche-divide-la-comunita-e-presta-il-fianco-a-strumentalizzazioni\\\/#primaryimage\",\"url\":\"http:\\\/\\\/www.bellunopress.it\\\/wp-content\\\/uploads\\\/2013\\\/04\\\/stefano-ghezze.jpg\",\"contentUrl\":\"http:\\\/\\\/www.bellunopress.it\\\/wp-content\\\/uploads\\\/2013\\\/04\\\/stefano-ghezze.jpg\"},{\"@type\":\"BreadcrumbList\",\"@id\":\"https:\\\/\\\/www.bellunopress.it\\\/2013\\\/04\\\/27\\\/caso-franceschi-ghezze-fuori-luogo-organizzare-un-corteo-perche-divide-la-comunita-e-presta-il-fianco-a-strumentalizzazioni\\\/#breadcrumb\",\"itemListElement\":[{\"@type\":\"ListItem\",\"position\":1,\"name\":\"Home\",\"item\":\"https:\\\/\\\/www.bellunopress.it\\\/\"},{\"@type\":\"ListItem\",\"position\":2,\"name\":\"Caso Franceschi. Ghezze: &#8220;Fuori luogo organizzare un corteo, perch\u00e9 divide la comunit\u00e0 e presta il fianco a strumentalizzazioni&#8221;\"}]},{\"@type\":\"WebSite\",\"@id\":\"https:\\\/\\\/www.bellunopress.it\\\/#website\",\"url\":\"https:\\\/\\\/www.bellunopress.it\\\/\",\"name\":\"Bellunopress - Dolomiti\",\"description\":\"e-mail: redazione@bellunopress.it\",\"publisher\":{\"@id\":\"https:\\\/\\\/www.bellunopress.it\\\/#organization\"},\"potentialAction\":[{\"@type\":\"SearchAction\",\"target\":{\"@type\":\"EntryPoint\",\"urlTemplate\":\"https:\\\/\\\/www.bellunopress.it\\\/?s={search_term_string}\"},\"query-input\":{\"@type\":\"PropertyValueSpecification\",\"valueRequired\":true,\"valueName\":\"search_term_string\"}}],\"inLanguage\":\"fr-FR\"},{\"@type\":\"Organization\",\"@id\":\"https:\\\/\\\/www.bellunopress.it\\\/#organization\",\"name\":\"Bellunopress\",\"url\":\"https:\\\/\\\/www.bellunopress.it\\\/\",\"logo\":{\"@type\":\"ImageObject\",\"inLanguage\":\"fr-FR\",\"@id\":\"https:\\\/\\\/www.bellunopress.it\\\/#\\\/schema\\\/logo\\\/image\\\/\",\"url\":\"https:\\\/\\\/www.bellunopress.it\\\/wp-content\\\/uploads\\\/2011\\\/05\\\/cropped-logo-bellunopress-.jpg\",\"contentUrl\":\"https:\\\/\\\/www.bellunopress.it\\\/wp-content\\\/uploads\\\/2011\\\/05\\\/cropped-logo-bellunopress-.jpg\",\"width\":512,\"height\":512,\"caption\":\"Bellunopress\"},\"image\":{\"@id\":\"https:\\\/\\\/www.bellunopress.it\\\/#\\\/schema\\\/logo\\\/image\\\/\"},\"sameAs\":[\"https:\\\/\\\/www.facebook.com\\\/profile.php?id=100008943462799\",\"https:\\\/\\\/x.com\\\/bellunopress\",\"https:\\\/\\\/www.linkedin.com\\\/hp\\\/?dnr=JBzUWaJfMUw8vbXJJ2tVW5-I3jZKvC4wsoxE&amp;amp;amp;amp;amp;amp;trk=nav_responsive_tab_home\",\"https:\\\/\\\/www.youtube.com\\\/channel\\\/UCxL0wu1uN0_3_7hGG0306cw\"]},{\"@type\":\"Person\",\"@id\":\"https:\\\/\\\/www.bellunopress.it\\\/#\\\/schema\\\/person\\\/79bb06722b37ece1c03d3e94beb30d73\",\"name\":\"redazione\",\"image\":{\"@type\":\"ImageObject\",\"inLanguage\":\"fr-FR\",\"@id\":\"https:\\\/\\\/secure.gravatar.com\\\/avatar\\\/37d968a2e67a6fd04c169c4bdef102d0bc5d31b2546345219e348575eb80e9a0?s=96&d=mm&r=g\",\"url\":\"https:\\\/\\\/secure.gravatar.com\\\/avatar\\\/37d968a2e67a6fd04c169c4bdef102d0bc5d31b2546345219e348575eb80e9a0?s=96&d=mm&r=g\",\"contentUrl\":\"https:\\\/\\\/secure.gravatar.com\\\/avatar\\\/37d968a2e67a6fd04c169c4bdef102d0bc5d31b2546345219e348575eb80e9a0?s=96&d=mm&r=g\",\"caption\":\"redazione\"},\"sameAs\":[\"http:\\\/\\\/www.bellunopress.it\",\"https:\\\/\\\/x.com\\\/bellunopress\"],\"url\":\"https:\\\/\\\/www.bellunopress.it\\\/fr\\\/author\\\/redazione\\\/\"}]}<\/script>\n<!-- \/ Yoast SEO plugin. -->","yoast_head_json":{"title":"Caso Franceschi. Ghezze: \"Fuori luogo organizzare un corteo, perch\u00e9 divide la comunit\u00e0 e presta il fianco a strumentalizzazioni\" - Bellunopress - Dolomiti","robots":{"index":"index","follow":"follow","max-snippet":"max-snippet:-1","max-image-preview":"max-image-preview:large","max-video-preview":"max-video-preview:-1"},"canonical":"https:\/\/www.bellunopress.it\/fr\/2013\/04\/27\/caso-franceschi-ghezze-fuori-luogo-organizzare-un-corteo-perche-divide-la-comunita-e-presta-il-fianco-a-strumentalizzazioni\/","og_locale":"fr_FR","og_type":"article","og_title":"Caso Franceschi. Ghezze: \"Fuori luogo organizzare un corteo, perch\u00e9 divide la comunit\u00e0 e presta il fianco a strumentalizzazioni\" - Bellunopress - Dolomiti","og_description":"&#8220;Un corteo di solidariet\u00e0, in questo preciso momento, \u00e8 totalmente fuori luogo. Capiamo le motivazioni di chi vuole solidarizzare con il sindaco, ma cos\u00ec si espone Cortina all&#8217;ennesima strumentalizzazione di quelli &#8211; e non sono pochi &#8211; che le vogliono male e la definiscono patria di evasori e amorali. Non solo, con un corteo di [&hellip;]","og_url":"https:\/\/www.bellunopress.it\/fr\/2013\/04\/27\/caso-franceschi-ghezze-fuori-luogo-organizzare-un-corteo-perche-divide-la-comunita-e-presta-il-fianco-a-strumentalizzazioni\/","og_site_name":"Bellunopress - Dolomiti","article_publisher":"https:\/\/www.facebook.com\/profile.php?id=100008943462799","article_published_time":"2013-04-27T14:58:02+00:00","og_image":[{"url":"http:\/\/www.bellunopress.it\/wp-content\/uploads\/2013\/04\/stefano-ghezze.jpg","type":"","width":"","height":""}],"author":"redazione","twitter_card":"summary_large_image","twitter_creator":"@bellunopress","twitter_site":"@bellunopress","twitter_misc":{"\u00c9crit par":"redazione","Dur\u00e9e de lecture estim\u00e9e":"1 minute"},"schema":{"@context":"https:\/\/schema.org","@graph":[{"@type":"Article","@id":"https:\/\/www.bellunopress.it\/2013\/04\/27\/caso-franceschi-ghezze-fuori-luogo-organizzare-un-corteo-perche-divide-la-comunita-e-presta-il-fianco-a-strumentalizzazioni\/#article","isPartOf":{"@id":"https:\/\/www.bellunopress.it\/2013\/04\/27\/caso-franceschi-ghezze-fuori-luogo-organizzare-un-corteo-perche-divide-la-comunita-e-presta-il-fianco-a-strumentalizzazioni\/"},"author":{"name":"redazione","@id":"https:\/\/www.bellunopress.it\/#\/schema\/person\/79bb06722b37ece1c03d3e94beb30d73"},"headline":"Caso Franceschi. Ghezze: &#8220;Fuori luogo organizzare un corteo, perch\u00e9 divide la comunit\u00e0 e presta il fianco a strumentalizzazioni&#8221;","datePublished":"2013-04-27T14:58:02+00:00","mainEntityOfPage":{"@id":"https:\/\/www.bellunopress.it\/2013\/04\/27\/caso-franceschi-ghezze-fuori-luogo-organizzare-un-corteo-perche-divide-la-comunita-e-presta-il-fianco-a-strumentalizzazioni\/"},"wordCount":245,"publisher":{"@id":"https:\/\/www.bellunopress.it\/#organization"},"image":{"@id":"https:\/\/www.bellunopress.it\/2013\/04\/27\/caso-franceschi-ghezze-fuori-luogo-organizzare-un-corteo-perche-divide-la-comunita-e-presta-il-fianco-a-strumentalizzazioni\/#primaryimage"},"thumbnailUrl":"http:\/\/www.bellunopress.it\/wp-content\/uploads\/2013\/04\/stefano-ghezze.jpg","articleSection":["Lettere Opinioni"],"inLanguage":"fr-FR"},{"@type":"WebPage","@id":"https:\/\/www.bellunopress.it\/2013\/04\/27\/caso-franceschi-ghezze-fuori-luogo-organizzare-un-corteo-perche-divide-la-comunita-e-presta-il-fianco-a-strumentalizzazioni\/","url":"https:\/\/www.bellunopress.it\/2013\/04\/27\/caso-franceschi-ghezze-fuori-luogo-organizzare-un-corteo-perche-divide-la-comunita-e-presta-il-fianco-a-strumentalizzazioni\/","name":"Caso Franceschi. Ghezze: \"Fuori luogo organizzare un corteo, perch\u00e9 divide la comunit\u00e0 e presta il fianco a strumentalizzazioni\" - Bellunopress - Dolomiti","isPartOf":{"@id":"https:\/\/www.bellunopress.it\/#website"},"primaryImageOfPage":{"@id":"https:\/\/www.bellunopress.it\/2013\/04\/27\/caso-franceschi-ghezze-fuori-luogo-organizzare-un-corteo-perche-divide-la-comunita-e-presta-il-fianco-a-strumentalizzazioni\/#primaryimage"},"image":{"@id":"https:\/\/www.bellunopress.it\/2013\/04\/27\/caso-franceschi-ghezze-fuori-luogo-organizzare-un-corteo-perche-divide-la-comunita-e-presta-il-fianco-a-strumentalizzazioni\/#primaryimage"},"thumbnailUrl":"http:\/\/www.bellunopress.it\/wp-content\/uploads\/2013\/04\/stefano-ghezze.jpg","datePublished":"2013-04-27T14:58:02+00:00","breadcrumb":{"@id":"https:\/\/www.bellunopress.it\/2013\/04\/27\/caso-franceschi-ghezze-fuori-luogo-organizzare-un-corteo-perche-divide-la-comunita-e-presta-il-fianco-a-strumentalizzazioni\/#breadcrumb"},"inLanguage":"fr-FR","potentialAction":[{"@type":"ReadAction","target":["https:\/\/www.bellunopress.it\/2013\/04\/27\/caso-franceschi-ghezze-fuori-luogo-organizzare-un-corteo-perche-divide-la-comunita-e-presta-il-fianco-a-strumentalizzazioni\/"]}]},{"@type":"ImageObject","inLanguage":"fr-FR","@id":"https:\/\/www.bellunopress.it\/2013\/04\/27\/caso-franceschi-ghezze-fuori-luogo-organizzare-un-corteo-perche-divide-la-comunita-e-presta-il-fianco-a-strumentalizzazioni\/#primaryimage","url":"http:\/\/www.bellunopress.it\/wp-content\/uploads\/2013\/04\/stefano-ghezze.jpg","contentUrl":"http:\/\/www.bellunopress.it\/wp-content\/uploads\/2013\/04\/stefano-ghezze.jpg"},{"@type":"BreadcrumbList","@id":"https:\/\/www.bellunopress.it\/2013\/04\/27\/caso-franceschi-ghezze-fuori-luogo-organizzare-un-corteo-perche-divide-la-comunita-e-presta-il-fianco-a-strumentalizzazioni\/#breadcrumb","itemListElement":[{"@type":"ListItem","position":1,"name":"Home","item":"https:\/\/www.bellunopress.it\/"},{"@type":"ListItem","position":2,"name":"Caso Franceschi. Ghezze: &#8220;Fuori luogo organizzare un corteo, perch\u00e9 divide la comunit\u00e0 e presta il fianco a strumentalizzazioni&#8221;"}]},{"@type":"WebSite","@id":"https:\/\/www.bellunopress.it\/#website","url":"https:\/\/www.bellunopress.it\/","name":"Bellunopress - Dolomiti","description":"e-mail: redazione@bellunopress.it","publisher":{"@id":"https:\/\/www.bellunopress.it\/#organization"},"potentialAction":[{"@type":"SearchAction","target":{"@type":"EntryPoint","urlTemplate":"https:\/\/www.bellunopress.it\/?s={search_term_string}"},"query-input":{"@type":"PropertyValueSpecification","valueRequired":true,"valueName":"search_term_string"}}],"inLanguage":"fr-FR"},{"@type":"Organization","@id":"https:\/\/www.bellunopress.it\/#organization","name":"Bellunopress","url":"https:\/\/www.bellunopress.it\/","logo":{"@type":"ImageObject","inLanguage":"fr-FR","@id":"https:\/\/www.bellunopress.it\/#\/schema\/logo\/image\/","url":"https:\/\/www.bellunopress.it\/wp-content\/uploads\/2011\/05\/cropped-logo-bellunopress-.jpg","contentUrl":"https:\/\/www.bellunopress.it\/wp-content\/uploads\/2011\/05\/cropped-logo-bellunopress-.jpg","width":512,"height":512,"caption":"Bellunopress"},"image":{"@id":"https:\/\/www.bellunopress.it\/#\/schema\/logo\/image\/"},"sameAs":["https:\/\/www.facebook.com\/profile.php?id=100008943462799","https:\/\/x.com\/bellunopress","https:\/\/www.linkedin.com\/hp\/?dnr=JBzUWaJfMUw8vbXJJ2tVW5-I3jZKvC4wsoxE&amp;amp;amp;amp;amp;amp;trk=nav_responsive_tab_home","https:\/\/www.youtube.com\/channel\/UCxL0wu1uN0_3_7hGG0306cw"]},{"@type":"Person","@id":"https:\/\/www.bellunopress.it\/#\/schema\/person\/79bb06722b37ece1c03d3e94beb30d73","name":"r\u00e9daction","image":{"@type":"ImageObject","inLanguage":"fr-FR","@id":"https:\/\/secure.gravatar.com\/avatar\/37d968a2e67a6fd04c169c4bdef102d0bc5d31b2546345219e348575eb80e9a0?s=96&d=mm&r=g","url":"https:\/\/secure.gravatar.com\/avatar\/37d968a2e67a6fd04c169c4bdef102d0bc5d31b2546345219e348575eb80e9a0?s=96&d=mm&r=g","contentUrl":"https:\/\/secure.gravatar.com\/avatar\/37d968a2e67a6fd04c169c4bdef102d0bc5d31b2546345219e348575eb80e9a0?s=96&d=mm&r=g","caption":"redazione"},"sameAs":["http:\/\/www.bellunopress.it","https:\/\/x.com\/bellunopress"],"url":"https:\/\/www.bellunopress.it\/fr\/author\/redazione\/"}]}},"_links":{"self":[{"href":"https:\/\/www.bellunopress.it\/fr\/wp-json\/wp\/v2\/posts\/48856","targetHints":{"allow":["GET"]}}],"collection":[{"href":"https:\/\/www.bellunopress.it\/fr\/wp-json\/wp\/v2\/posts"}],"about":[{"href":"https:\/\/www.bellunopress.it\/fr\/wp-json\/wp\/v2\/types\/post"}],"author":[{"embeddable":true,"href":"https:\/\/www.bellunopress.it\/fr\/wp-json\/wp\/v2\/users\/2"}],"replies":[{"embeddable":true,"href":"https:\/\/www.bellunopress.it\/fr\/wp-json\/wp\/v2\/comments?post=48856"}],"version-history":[{"count":1,"href":"https:\/\/www.bellunopress.it\/fr\/wp-json\/wp\/v2\/posts\/48856\/revisions"}],"predecessor-version":[{"id":48858,"href":"https:\/\/www.bellunopress.it\/fr\/wp-json\/wp\/v2\/posts\/48856\/revisions\/48858"}],"wp:attachment":[{"href":"https:\/\/www.bellunopress.it\/fr\/wp-json\/wp\/v2\/media?parent=48856"}],"wp:term":[{"taxonomy":"category","embeddable":true,"href":"https:\/\/www.bellunopress.it\/fr\/wp-json\/wp\/v2\/categories?post=48856"},{"taxonomy":"post_tag","embeddable":true,"href":"https:\/\/www.bellunopress.it\/fr\/wp-json\/wp\/v2\/tags?post=48856"}],"curies":[{"name":"wp","href":"https:\/\/api.w.org\/{rel}","templated":true}]}}