{"id":48854,"date":"2013-04-27T15:44:49","date_gmt":"2013-04-27T14:44:49","guid":{"rendered":"http:\/\/www.bellunopress.it\/?p=48854"},"modified":"2013-04-27T15:44:49","modified_gmt":"2013-04-27T14:44:49","slug":"alleanza-nazionale","status":"publish","type":"post","link":"https:\/\/www.bellunopress.it\/fr\/2013\/04\/27\/alleanza-nazionale\/","title":{"rendered":"&#8220;Alleanza nazionale&#8221;"},"content":{"rendered":"<p>Dal PD alla P2, il grande passo sta per compiersi.<\/p>\n<p>Matrimonio\u00a0d&#8217;interessi in cui anche l&#8217;officiante assume un alto valore simbolico,\u00a0tra un Letta e l&#8217;altro le differenze sono poco piu&#8217; che anagrafiche e\u00a0sartoriali. Ma il vero punto di partenza e&#8217; la strana rielezione di\u00a0Napolitano, mai viste tante e varie destre ri\/volere a tutti i costi il\u00a0progressista piu&#8217; equilibrato che c&#8217;e&#8217; in giro.<\/p>\n<p>Diventa pero&#8217; subito\u00a0evidente che l&#8217;aver costretto Re Giorgio ad un secondo mandato ed alle\u00a0scelte conseguenti rappresenta la chiusura definitiva delle ultime\u00a0elezioni politiche, e sancisce in modo evidente la vittoria di\u00a0Berlusconi. All&#8217;inizio Silvio, assieme a Grillo ed altri, voleva\u00a0rivotare. Ma ora va ancora meglio, un governo tragica fotocopia del\u00a0precedente e ben calibrato per non risolvere nulla aumenter\u00e0 l&#8217;utile\u00a0confusione permettendo un clima da massacro elettorale permanente da qui\u00a0alle prossime politiche. Un piccolo capolavoro. E nel frattempo il gioco\u00a0dei ricatti berlusconiani provocher\u00e0 ulteriori problemi e lascer\u00e0 in\u00a0vita l&#8217;attuale legge elettorale, quella di Toto&#8217; e Bernardo.<\/p>\n<p>Proseguendo\u00a0possiamo dire che anche a Beppe e&#8217; andata di lusso, anche se non gli e&#8217;\u00a0riuscito il giochetto del candidato scelto in laboratorio e troppo\u00a0perfetto per non essere rifiutato. Sivio ha bidonato anche lui. Ma ci\u00f2\u00a0che conta e&#8217; il risultato, mesi di tragico nulla consentiranno al\u00a0movimento di restare a bordo campo con fischietti trombette fumogeni e\u00a0striscioni. In attesa di proficue elezioni dove l&#8217;assenza di preferenze\u00a0consentir\u00e0&#8217; ancora una volta rappresentanze assolutamente in-linea. E\u00a0poi c&#8217;e&#8217; dell&#8217;altro, i 101 del PD, perfettamente coscienti che solo\u00a0l&#8217;elezione di Prodi avrebbe concesso qualche esigua possibilit\u00e0&#8217; di un\u00a0governo politico. Mentre e&#8217; chiaro che questi, renziani dalemiani e\u00a0cuccioli sciolti, hanno prodotto solo la non\/soluzione di ogni problema\u00a0ed interessanti casualita&#8217; personali.<\/p>\n<p>Nei fatti questo gruppo ha votato\u00a0PDL, spero solo che si sia trattato di normali &#8220;mancanze&#8221; e non di\u00a0spiacevoli dinamiche di scambio interparlamentare simili a quelle di cui\u00a0si e&#8217; spesso parlato nell&#8217;ultimo anno. Il problema pero&#8217; si porr\u00e0 alle\u00a0prossime politiche, votare (sicuramente) senza preferenze uno di costoro\u00a0(non molto lontano da qui) quale rappresentante di una coalizione pi\u00f9\u00a0vasta creera&#8217; in molti dei seri problemi di coscienza. Avendocela\u00a0bisogna farci i conti. Concludendo possiamo dire che e&#8217; andato tutto per\u00a0il meglio, Berlusconi tranquillo ed al riparo, Renzi e D&#8217;Alema in corsa\u00a0felice verso premierato e super\/presidenza della Repubblica e Grillo che\u00a0pu\u00f2 continuare a fare l&#8217;ultras della comicit\u00e0. Nel mondo reale,\u00a0invece, si continua a fare la fame in attesa della vittoria del PDL alle\u00a0prossime politiche.<\/p>\n<p>Un grazie sincero.<\/p>\n<p>Barbieri Moreno<\/p>\n<p>&nbsp;<\/p>","protected":false},"excerpt":{"rendered":"<p>Dal PD alla P2, il grande passo sta per compiersi. Matrimonio\u00a0d&#8217;interessi in cui anche l&#8217;officiante assume un alto valore simbolico,\u00a0tra un Letta e l&#8217;altro le differenze sono poco piu&#8217; che anagrafiche e\u00a0sartoriali. Ma il vero punto di partenza e&#8217; la strana rielezione di\u00a0Napolitano, mai viste tante e varie destre ri\/volere a tutti i costi il\u00a0progressista [&hellip;]<\/p>\n","protected":false},"author":2,"featured_media":0,"comment_status":"closed","ping_status":"open","sticky":false,"template":"","format":"standard","meta":{"footnotes":""},"categories":[5,26],"tags":[],"class_list":["post-48854","post","type-post","status-publish","format-standard","category-cronaca","category-prima-pagina"],"yoast_head":"<!-- This site is optimized with the Yoast SEO plugin v28.4 - https:\/\/yoast.com\/product\/yoast-seo-wordpress\/ -->\n<title>&quot;Alleanza nazionale&quot; - Bellunopress - Dolomiti<\/title>\n<meta name=\"robots\" content=\"index, follow, max-snippet:-1, max-image-preview:large, max-video-preview:-1\" \/>\n<link rel=\"canonical\" href=\"https:\/\/www.bellunopress.it\/fr\/2013\/04\/27\/alleanza-nazionale\/\" \/>\n<meta property=\"og:locale\" content=\"fr_FR\" \/>\n<meta property=\"og:type\" content=\"article\" \/>\n<meta property=\"og:title\" content=\"&quot;Alleanza nazionale&quot; - Bellunopress - Dolomiti\" \/>\n<meta property=\"og:description\" content=\"Dal PD alla P2, il grande passo sta per compiersi. Matrimonio\u00a0d&#8217;interessi in cui anche l&#8217;officiante assume un alto valore simbolico,\u00a0tra un Letta e l&#8217;altro le differenze sono poco piu&#8217; che anagrafiche e\u00a0sartoriali. Ma il vero punto di partenza e&#8217; la strana rielezione di\u00a0Napolitano, mai viste tante e varie destre ri\/volere a tutti i costi il\u00a0progressista [&hellip;]\" \/>\n<meta property=\"og:url\" content=\"https:\/\/www.bellunopress.it\/fr\/2013\/04\/27\/alleanza-nazionale\/\" \/>\n<meta property=\"og:site_name\" content=\"Bellunopress - Dolomiti\" \/>\n<meta property=\"article:publisher\" content=\"https:\/\/www.facebook.com\/profile.php?id=100008943462799\" \/>\n<meta property=\"article:published_time\" content=\"2013-04-27T14:44:49+00:00\" \/>\n<meta property=\"og:image\" content=\"http:\/\/www.bellunopress.it\/wp-content\/uploads\/2012\/07\/logo-bellunopress-250x250-2012.jpg\" \/>\n<meta name=\"author\" content=\"redazione\" \/>\n<meta name=\"twitter:card\" content=\"summary_large_image\" \/>\n<meta name=\"twitter:creator\" content=\"@bellunopress\" \/>\n<meta name=\"twitter:site\" content=\"@bellunopress\" \/>\n<meta name=\"twitter:label1\" content=\"\u00c9crit par\" \/>\n\t<meta name=\"twitter:data1\" content=\"redazione\" \/>\n\t<meta name=\"twitter:label2\" content=\"Dur\u00e9e de lecture estim\u00e9e\" \/>\n\t<meta name=\"twitter:data2\" content=\"2 minutes\" \/>\n<script type=\"application\/ld+json\" class=\"yoast-schema-graph\">{\"@context\":\"https:\\\/\\\/schema.org\",\"@graph\":[{\"@type\":\"Article\",\"@id\":\"https:\\\/\\\/www.bellunopress.it\\\/2013\\\/04\\\/27\\\/alleanza-nazionale\\\/#article\",\"isPartOf\":{\"@id\":\"https:\\\/\\\/www.bellunopress.it\\\/2013\\\/04\\\/27\\\/alleanza-nazionale\\\/\"},\"author\":{\"name\":\"redazione\",\"@id\":\"https:\\\/\\\/www.bellunopress.it\\\/#\\\/schema\\\/person\\\/79bb06722b37ece1c03d3e94beb30d73\"},\"headline\":\"&#8220;Alleanza nazionale&#8221;\",\"datePublished\":\"2013-04-27T14:44:49+00:00\",\"mainEntityOfPage\":{\"@id\":\"https:\\\/\\\/www.bellunopress.it\\\/2013\\\/04\\\/27\\\/alleanza-nazionale\\\/\"},\"wordCount\":447,\"publisher\":{\"@id\":\"https:\\\/\\\/www.bellunopress.it\\\/#organization\"},\"articleSection\":[\"Cronaca\\\/Politica\",\"Prima Pagina\"],\"inLanguage\":\"fr-FR\"},{\"@type\":\"WebPage\",\"@id\":\"https:\\\/\\\/www.bellunopress.it\\\/2013\\\/04\\\/27\\\/alleanza-nazionale\\\/\",\"url\":\"https:\\\/\\\/www.bellunopress.it\\\/2013\\\/04\\\/27\\\/alleanza-nazionale\\\/\",\"name\":\"\\\"Alleanza nazionale\\\" - Bellunopress - Dolomiti\",\"isPartOf\":{\"@id\":\"https:\\\/\\\/www.bellunopress.it\\\/#website\"},\"datePublished\":\"2013-04-27T14:44:49+00:00\",\"breadcrumb\":{\"@id\":\"https:\\\/\\\/www.bellunopress.it\\\/2013\\\/04\\\/27\\\/alleanza-nazionale\\\/#breadcrumb\"},\"inLanguage\":\"fr-FR\",\"potentialAction\":[{\"@type\":\"ReadAction\",\"target\":[\"https:\\\/\\\/www.bellunopress.it\\\/2013\\\/04\\\/27\\\/alleanza-nazionale\\\/\"]}]},{\"@type\":\"BreadcrumbList\",\"@id\":\"https:\\\/\\\/www.bellunopress.it\\\/2013\\\/04\\\/27\\\/alleanza-nazionale\\\/#breadcrumb\",\"itemListElement\":[{\"@type\":\"ListItem\",\"position\":1,\"name\":\"Home\",\"item\":\"https:\\\/\\\/www.bellunopress.it\\\/\"},{\"@type\":\"ListItem\",\"position\":2,\"name\":\"&#8220;Alleanza nazionale&#8221;\"}]},{\"@type\":\"WebSite\",\"@id\":\"https:\\\/\\\/www.bellunopress.it\\\/#website\",\"url\":\"https:\\\/\\\/www.bellunopress.it\\\/\",\"name\":\"Bellunopress - Dolomiti\",\"description\":\"e-mail: redazione@bellunopress.it\",\"publisher\":{\"@id\":\"https:\\\/\\\/www.bellunopress.it\\\/#organization\"},\"potentialAction\":[{\"@type\":\"SearchAction\",\"target\":{\"@type\":\"EntryPoint\",\"urlTemplate\":\"https:\\\/\\\/www.bellunopress.it\\\/?s={search_term_string}\"},\"query-input\":{\"@type\":\"PropertyValueSpecification\",\"valueRequired\":true,\"valueName\":\"search_term_string\"}}],\"inLanguage\":\"fr-FR\"},{\"@type\":\"Organization\",\"@id\":\"https:\\\/\\\/www.bellunopress.it\\\/#organization\",\"name\":\"Bellunopress\",\"url\":\"https:\\\/\\\/www.bellunopress.it\\\/\",\"logo\":{\"@type\":\"ImageObject\",\"inLanguage\":\"fr-FR\",\"@id\":\"https:\\\/\\\/www.bellunopress.it\\\/#\\\/schema\\\/logo\\\/image\\\/\",\"url\":\"https:\\\/\\\/www.bellunopress.it\\\/wp-content\\\/uploads\\\/2011\\\/05\\\/cropped-logo-bellunopress-.jpg\",\"contentUrl\":\"https:\\\/\\\/www.bellunopress.it\\\/wp-content\\\/uploads\\\/2011\\\/05\\\/cropped-logo-bellunopress-.jpg\",\"width\":512,\"height\":512,\"caption\":\"Bellunopress\"},\"image\":{\"@id\":\"https:\\\/\\\/www.bellunopress.it\\\/#\\\/schema\\\/logo\\\/image\\\/\"},\"sameAs\":[\"https:\\\/\\\/www.facebook.com\\\/profile.php?id=100008943462799\",\"https:\\\/\\\/x.com\\\/bellunopress\",\"https:\\\/\\\/www.linkedin.com\\\/hp\\\/?dnr=JBzUWaJfMUw8vbXJJ2tVW5-I3jZKvC4wsoxE&amp;amp;amp;amp;amp;amp;trk=nav_responsive_tab_home\",\"https:\\\/\\\/www.youtube.com\\\/channel\\\/UCxL0wu1uN0_3_7hGG0306cw\"]},{\"@type\":\"Person\",\"@id\":\"https:\\\/\\\/www.bellunopress.it\\\/#\\\/schema\\\/person\\\/79bb06722b37ece1c03d3e94beb30d73\",\"name\":\"redazione\",\"image\":{\"@type\":\"ImageObject\",\"inLanguage\":\"fr-FR\",\"@id\":\"https:\\\/\\\/secure.gravatar.com\\\/avatar\\\/37d968a2e67a6fd04c169c4bdef102d0bc5d31b2546345219e348575eb80e9a0?s=96&d=mm&r=g\",\"url\":\"https:\\\/\\\/secure.gravatar.com\\\/avatar\\\/37d968a2e67a6fd04c169c4bdef102d0bc5d31b2546345219e348575eb80e9a0?s=96&d=mm&r=g\",\"contentUrl\":\"https:\\\/\\\/secure.gravatar.com\\\/avatar\\\/37d968a2e67a6fd04c169c4bdef102d0bc5d31b2546345219e348575eb80e9a0?s=96&d=mm&r=g\",\"caption\":\"redazione\"},\"sameAs\":[\"http:\\\/\\\/www.bellunopress.it\",\"https:\\\/\\\/x.com\\\/bellunopress\"],\"url\":\"https:\\\/\\\/www.bellunopress.it\\\/fr\\\/author\\\/redazione\\\/\"}]}<\/script>\n<!-- \/ Yoast SEO plugin. -->","yoast_head_json":{"title":"\"Alleanza nazionale\" - Bellunopress - Dolomiti","robots":{"index":"index","follow":"follow","max-snippet":"max-snippet:-1","max-image-preview":"max-image-preview:large","max-video-preview":"max-video-preview:-1"},"canonical":"https:\/\/www.bellunopress.it\/fr\/2013\/04\/27\/alleanza-nazionale\/","og_locale":"fr_FR","og_type":"article","og_title":"\"Alleanza nazionale\" - Bellunopress - Dolomiti","og_description":"Dal PD alla P2, il grande passo sta per compiersi. Matrimonio\u00a0d&#8217;interessi in cui anche l&#8217;officiante assume un alto valore simbolico,\u00a0tra un Letta e l&#8217;altro le differenze sono poco piu&#8217; che anagrafiche e\u00a0sartoriali. Ma il vero punto di partenza e&#8217; la strana rielezione di\u00a0Napolitano, mai viste tante e varie destre ri\/volere a tutti i costi il\u00a0progressista [&hellip;]","og_url":"https:\/\/www.bellunopress.it\/fr\/2013\/04\/27\/alleanza-nazionale\/","og_site_name":"Bellunopress - Dolomiti","article_publisher":"https:\/\/www.facebook.com\/profile.php?id=100008943462799","article_published_time":"2013-04-27T14:44:49+00:00","og_image":[{"url":"http:\/\/www.bellunopress.it\/wp-content\/uploads\/2012\/07\/logo-bellunopress-250x250-2012.jpg","type":"","width":"","height":""}],"author":"redazione","twitter_card":"summary_large_image","twitter_creator":"@bellunopress","twitter_site":"@bellunopress","twitter_misc":{"\u00c9crit par":"redazione","Dur\u00e9e de lecture estim\u00e9e":"2 minutes"},"schema":{"@context":"https:\/\/schema.org","@graph":[{"@type":"Article","@id":"https:\/\/www.bellunopress.it\/2013\/04\/27\/alleanza-nazionale\/#article","isPartOf":{"@id":"https:\/\/www.bellunopress.it\/2013\/04\/27\/alleanza-nazionale\/"},"author":{"name":"redazione","@id":"https:\/\/www.bellunopress.it\/#\/schema\/person\/79bb06722b37ece1c03d3e94beb30d73"},"headline":"&#8220;Alleanza nazionale&#8221;","datePublished":"2013-04-27T14:44:49+00:00","mainEntityOfPage":{"@id":"https:\/\/www.bellunopress.it\/2013\/04\/27\/alleanza-nazionale\/"},"wordCount":447,"publisher":{"@id":"https:\/\/www.bellunopress.it\/#organization"},"articleSection":["Cronaca\/Politica","Prima Pagina"],"inLanguage":"fr-FR"},{"@type":"WebPage","@id":"https:\/\/www.bellunopress.it\/2013\/04\/27\/alleanza-nazionale\/","url":"https:\/\/www.bellunopress.it\/2013\/04\/27\/alleanza-nazionale\/","name":"\"Alleanza nazionale\" - Bellunopress - Dolomiti","isPartOf":{"@id":"https:\/\/www.bellunopress.it\/#website"},"datePublished":"2013-04-27T14:44:49+00:00","breadcrumb":{"@id":"https:\/\/www.bellunopress.it\/2013\/04\/27\/alleanza-nazionale\/#breadcrumb"},"inLanguage":"fr-FR","potentialAction":[{"@type":"ReadAction","target":["https:\/\/www.bellunopress.it\/2013\/04\/27\/alleanza-nazionale\/"]}]},{"@type":"BreadcrumbList","@id":"https:\/\/www.bellunopress.it\/2013\/04\/27\/alleanza-nazionale\/#breadcrumb","itemListElement":[{"@type":"ListItem","position":1,"name":"Home","item":"https:\/\/www.bellunopress.it\/"},{"@type":"ListItem","position":2,"name":"&#8220;Alleanza nazionale&#8221;"}]},{"@type":"WebSite","@id":"https:\/\/www.bellunopress.it\/#website","url":"https:\/\/www.bellunopress.it\/","name":"Bellunopress - Dolomiti","description":"e-mail: redazione@bellunopress.it","publisher":{"@id":"https:\/\/www.bellunopress.it\/#organization"},"potentialAction":[{"@type":"SearchAction","target":{"@type":"EntryPoint","urlTemplate":"https:\/\/www.bellunopress.it\/?s={search_term_string}"},"query-input":{"@type":"PropertyValueSpecification","valueRequired":true,"valueName":"search_term_string"}}],"inLanguage":"fr-FR"},{"@type":"Organization","@id":"https:\/\/www.bellunopress.it\/#organization","name":"Bellunopress","url":"https:\/\/www.bellunopress.it\/","logo":{"@type":"ImageObject","inLanguage":"fr-FR","@id":"https:\/\/www.bellunopress.it\/#\/schema\/logo\/image\/","url":"https:\/\/www.bellunopress.it\/wp-content\/uploads\/2011\/05\/cropped-logo-bellunopress-.jpg","contentUrl":"https:\/\/www.bellunopress.it\/wp-content\/uploads\/2011\/05\/cropped-logo-bellunopress-.jpg","width":512,"height":512,"caption":"Bellunopress"},"image":{"@id":"https:\/\/www.bellunopress.it\/#\/schema\/logo\/image\/"},"sameAs":["https:\/\/www.facebook.com\/profile.php?id=100008943462799","https:\/\/x.com\/bellunopress","https:\/\/www.linkedin.com\/hp\/?dnr=JBzUWaJfMUw8vbXJJ2tVW5-I3jZKvC4wsoxE&amp;amp;amp;amp;amp;amp;trk=nav_responsive_tab_home","https:\/\/www.youtube.com\/channel\/UCxL0wu1uN0_3_7hGG0306cw"]},{"@type":"Person","@id":"https:\/\/www.bellunopress.it\/#\/schema\/person\/79bb06722b37ece1c03d3e94beb30d73","name":"r\u00e9daction","image":{"@type":"ImageObject","inLanguage":"fr-FR","@id":"https:\/\/secure.gravatar.com\/avatar\/37d968a2e67a6fd04c169c4bdef102d0bc5d31b2546345219e348575eb80e9a0?s=96&d=mm&r=g","url":"https:\/\/secure.gravatar.com\/avatar\/37d968a2e67a6fd04c169c4bdef102d0bc5d31b2546345219e348575eb80e9a0?s=96&d=mm&r=g","contentUrl":"https:\/\/secure.gravatar.com\/avatar\/37d968a2e67a6fd04c169c4bdef102d0bc5d31b2546345219e348575eb80e9a0?s=96&d=mm&r=g","caption":"redazione"},"sameAs":["http:\/\/www.bellunopress.it","https:\/\/x.com\/bellunopress"],"url":"https:\/\/www.bellunopress.it\/fr\/author\/redazione\/"}]}},"_links":{"self":[{"href":"https:\/\/www.bellunopress.it\/fr\/wp-json\/wp\/v2\/posts\/48854","targetHints":{"allow":["GET"]}}],"collection":[{"href":"https:\/\/www.bellunopress.it\/fr\/wp-json\/wp\/v2\/posts"}],"about":[{"href":"https:\/\/www.bellunopress.it\/fr\/wp-json\/wp\/v2\/types\/post"}],"author":[{"embeddable":true,"href":"https:\/\/www.bellunopress.it\/fr\/wp-json\/wp\/v2\/users\/2"}],"replies":[{"embeddable":true,"href":"https:\/\/www.bellunopress.it\/fr\/wp-json\/wp\/v2\/comments?post=48854"}],"version-history":[{"count":1,"href":"https:\/\/www.bellunopress.it\/fr\/wp-json\/wp\/v2\/posts\/48854\/revisions"}],"predecessor-version":[{"id":48855,"href":"https:\/\/www.bellunopress.it\/fr\/wp-json\/wp\/v2\/posts\/48854\/revisions\/48855"}],"wp:attachment":[{"href":"https:\/\/www.bellunopress.it\/fr\/wp-json\/wp\/v2\/media?parent=48854"}],"wp:term":[{"taxonomy":"category","embeddable":true,"href":"https:\/\/www.bellunopress.it\/fr\/wp-json\/wp\/v2\/categories?post=48854"},{"taxonomy":"post_tag","embeddable":true,"href":"https:\/\/www.bellunopress.it\/fr\/wp-json\/wp\/v2\/tags?post=48854"}],"curies":[{"name":"wp","href":"https:\/\/api.w.org\/{rel}","templated":true}]}}