{"id":48851,"date":"2013-04-27T12:04:10","date_gmt":"2013-04-27T11:04:10","guid":{"rendered":"http:\/\/www.bellunopress.it\/?p=48851"},"modified":"2013-04-27T12:04:10","modified_gmt":"2013-04-27T11:04:10","slug":"la-lega-propone-un-consiglio-provinciale-elettivo","status":"publish","type":"post","link":"https:\/\/www.bellunopress.it\/fr\/2013\/04\/27\/la-lega-propone-un-consiglio-provinciale-elettivo\/","title":{"rendered":"La Lega propone un consiglio provinciale elettivo"},"content":{"rendered":"<p><a href=\"http:\/\/www.bellunopress.it\/wp-content\/uploads\/2010\/06\/lega-nord-130x130.gif\"><img loading=\"lazy\" decoding=\"async\" class=\"alignleft size-full wp-image-16304\" alt=\"lega-nord-130x130\" src=\"http:\/\/www.bellunopress.it\/wp-content\/uploads\/2010\/06\/lega-nord-130x130.gif\" width=\"130\" height=\"130\" \/><\/a>Si \u00e8 riunito nella serata di venerd\u00ec 26 aprile, presso al sede di Via Masi Simonetti, il Consiglio Direttivo Provinciale della Lega Nord di Belluno.<\/p>\n<p>Al punto inerente le \u201cproposte politiche\u201d il direttivo ha deliberato l\u2019appoggio all\u2019idea di una consultazione provinciale per l\u2019elezione di un consiglio provinciale per rimarcare l\u2019importanza di vivere in una provincia democraticamente eletta, quindi come ente di primo grado.<\/p>\n<p>Una forma di protesta, con gazebo e spazi dove la gente potr\u00e0 esprimersi, che dovr\u00e0 trovare eco e riscontro nelle istituzioni e nei partiti che oggi vorrebbero la soppressione delle province e la loro trasformazione in enti di secondo grado.<\/p>\n<p>I modi e le tempistiche su questa consultazione saranno da decidere con le varie forze politiche che si renderanno disponibili nell\u2019accogliere la proposta.<\/p>\n<p>Il direttivo provinciale ha poi definito una serie di quesiti da sottoporre ai cittadini, come la richiesta di applicazione dell\u2019articolo 15 dello Statuto Regionale del Veneto, che saranno proposti al comitato che seguir\u00e0 l\u2019organizzazione della consultazione.<\/p>\n<p>La Senatrice Raffaela Bellot e il Consigliere Regionale Matteo Toscani si sono espressi favorevolmente all\u2019iniziativa.<\/p>\n<p>Nella stessa serata su proposta del direttivo \u00e8 stata votata una mozione di impegno che attivi le forze politiche affinch\u00e9 si dia seguito, nel pieno rispetto della volont\u00e0 popolare, all\u2019esito del referendum per il distacco del comune di Taibon Agordino dal Veneto e l\u2019annessione al Trentino.<\/p>\n<p>Come gi\u00e0 dimostrato nei confronti di tutte le altre comunit\u00e0 della nostra provincia che in questi anni hanno espresso con voto democratico la volont\u00e0 di distacco, anche i cittadini di Taibon troveranno nella Lega Nord un partner politico disponibile e collaborativo.<\/p>\n<p>&nbsp;<\/p>\n<p>&nbsp;<\/p>","protected":false},"excerpt":{"rendered":"<p>Si \u00e8 riunito nella serata di venerd\u00ec 26 aprile, presso al sede di Via Masi Simonetti, il Consiglio Direttivo Provinciale della Lega Nord di Belluno. Al punto inerente le \u201cproposte politiche\u201d il direttivo ha deliberato l\u2019appoggio all\u2019idea di una consultazione provinciale per l\u2019elezione di un consiglio provinciale per rimarcare l\u2019importanza di vivere in una provincia [&hellip;]<\/p>\n","protected":false},"author":2,"featured_media":0,"comment_status":"closed","ping_status":"open","sticky":false,"template":"","format":"standard","meta":{"footnotes":""},"categories":[5,26],"tags":[],"class_list":["post-48851","post","type-post","status-publish","format-standard","category-cronaca","category-prima-pagina"],"yoast_head":"<!-- This site is optimized with the Yoast SEO plugin v28.4 - https:\/\/yoast.com\/product\/yoast-seo-wordpress\/ -->\n<title>La Lega propone un consiglio provinciale elettivo  - Bellunopress - Dolomiti<\/title>\n<meta name=\"robots\" content=\"index, follow, max-snippet:-1, max-image-preview:large, max-video-preview:-1\" \/>\n<link rel=\"canonical\" href=\"https:\/\/www.bellunopress.it\/fr\/2013\/04\/27\/la-lega-propone-un-consiglio-provinciale-elettivo\/\" \/>\n<meta property=\"og:locale\" content=\"fr_FR\" \/>\n<meta property=\"og:type\" content=\"article\" \/>\n<meta property=\"og:title\" content=\"La Lega propone un consiglio provinciale elettivo  - Bellunopress - Dolomiti\" \/>\n<meta property=\"og:description\" content=\"Si \u00e8 riunito nella serata di venerd\u00ec 26 aprile, presso al sede di Via Masi Simonetti, il Consiglio Direttivo Provinciale della Lega Nord di Belluno. Al punto inerente le \u201cproposte politiche\u201d il direttivo ha deliberato l\u2019appoggio all\u2019idea di una consultazione provinciale per l\u2019elezione di un consiglio provinciale per rimarcare l\u2019importanza di vivere in una provincia [&hellip;]\" \/>\n<meta property=\"og:url\" content=\"https:\/\/www.bellunopress.it\/fr\/2013\/04\/27\/la-lega-propone-un-consiglio-provinciale-elettivo\/\" \/>\n<meta property=\"og:site_name\" content=\"Bellunopress - Dolomiti\" \/>\n<meta property=\"article:publisher\" content=\"https:\/\/www.facebook.com\/profile.php?id=100008943462799\" \/>\n<meta property=\"article:published_time\" content=\"2013-04-27T11:04:10+00:00\" \/>\n<meta property=\"og:image\" content=\"http:\/\/www.bellunopress.it\/wp-content\/uploads\/2010\/06\/lega-nord-130x130.gif\" \/>\n<meta name=\"author\" content=\"redazione\" \/>\n<meta name=\"twitter:card\" content=\"summary_large_image\" \/>\n<meta name=\"twitter:creator\" content=\"@bellunopress\" \/>\n<meta name=\"twitter:site\" content=\"@bellunopress\" \/>\n<meta name=\"twitter:label1\" content=\"\u00c9crit par\" \/>\n\t<meta name=\"twitter:data1\" content=\"redazione\" \/>\n\t<meta name=\"twitter:label2\" content=\"Dur\u00e9e de lecture estim\u00e9e\" \/>\n\t<meta name=\"twitter:data2\" content=\"1 minute\" \/>\n<script type=\"application\/ld+json\" class=\"yoast-schema-graph\">{\"@context\":\"https:\\\/\\\/schema.org\",\"@graph\":[{\"@type\":\"Article\",\"@id\":\"https:\\\/\\\/www.bellunopress.it\\\/2013\\\/04\\\/27\\\/la-lega-propone-un-consiglio-provinciale-elettivo\\\/#article\",\"isPartOf\":{\"@id\":\"https:\\\/\\\/www.bellunopress.it\\\/2013\\\/04\\\/27\\\/la-lega-propone-un-consiglio-provinciale-elettivo\\\/\"},\"author\":{\"name\":\"redazione\",\"@id\":\"https:\\\/\\\/www.bellunopress.it\\\/#\\\/schema\\\/person\\\/79bb06722b37ece1c03d3e94beb30d73\"},\"headline\":\"La Lega propone un consiglio provinciale elettivo\",\"datePublished\":\"2013-04-27T11:04:10+00:00\",\"mainEntityOfPage\":{\"@id\":\"https:\\\/\\\/www.bellunopress.it\\\/2013\\\/04\\\/27\\\/la-lega-propone-un-consiglio-provinciale-elettivo\\\/\"},\"wordCount\":279,\"publisher\":{\"@id\":\"https:\\\/\\\/www.bellunopress.it\\\/#organization\"},\"image\":{\"@id\":\"https:\\\/\\\/www.bellunopress.it\\\/2013\\\/04\\\/27\\\/la-lega-propone-un-consiglio-provinciale-elettivo\\\/#primaryimage\"},\"thumbnailUrl\":\"http:\\\/\\\/www.bellunopress.it\\\/wp-content\\\/uploads\\\/2010\\\/06\\\/lega-nord-130x130.gif\",\"articleSection\":[\"Cronaca\\\/Politica\",\"Prima Pagina\"],\"inLanguage\":\"fr-FR\"},{\"@type\":\"WebPage\",\"@id\":\"https:\\\/\\\/www.bellunopress.it\\\/2013\\\/04\\\/27\\\/la-lega-propone-un-consiglio-provinciale-elettivo\\\/\",\"url\":\"https:\\\/\\\/www.bellunopress.it\\\/2013\\\/04\\\/27\\\/la-lega-propone-un-consiglio-provinciale-elettivo\\\/\",\"name\":\"La Lega propone un consiglio provinciale elettivo - Bellunopress - Dolomiti\",\"isPartOf\":{\"@id\":\"https:\\\/\\\/www.bellunopress.it\\\/#website\"},\"primaryImageOfPage\":{\"@id\":\"https:\\\/\\\/www.bellunopress.it\\\/2013\\\/04\\\/27\\\/la-lega-propone-un-consiglio-provinciale-elettivo\\\/#primaryimage\"},\"image\":{\"@id\":\"https:\\\/\\\/www.bellunopress.it\\\/2013\\\/04\\\/27\\\/la-lega-propone-un-consiglio-provinciale-elettivo\\\/#primaryimage\"},\"thumbnailUrl\":\"http:\\\/\\\/www.bellunopress.it\\\/wp-content\\\/uploads\\\/2010\\\/06\\\/lega-nord-130x130.gif\",\"datePublished\":\"2013-04-27T11:04:10+00:00\",\"breadcrumb\":{\"@id\":\"https:\\\/\\\/www.bellunopress.it\\\/2013\\\/04\\\/27\\\/la-lega-propone-un-consiglio-provinciale-elettivo\\\/#breadcrumb\"},\"inLanguage\":\"fr-FR\",\"potentialAction\":[{\"@type\":\"ReadAction\",\"target\":[\"https:\\\/\\\/www.bellunopress.it\\\/2013\\\/04\\\/27\\\/la-lega-propone-un-consiglio-provinciale-elettivo\\\/\"]}]},{\"@type\":\"ImageObject\",\"inLanguage\":\"fr-FR\",\"@id\":\"https:\\\/\\\/www.bellunopress.it\\\/2013\\\/04\\\/27\\\/la-lega-propone-un-consiglio-provinciale-elettivo\\\/#primaryimage\",\"url\":\"http:\\\/\\\/www.bellunopress.it\\\/wp-content\\\/uploads\\\/2010\\\/06\\\/lega-nord-130x130.gif\",\"contentUrl\":\"http:\\\/\\\/www.bellunopress.it\\\/wp-content\\\/uploads\\\/2010\\\/06\\\/lega-nord-130x130.gif\"},{\"@type\":\"BreadcrumbList\",\"@id\":\"https:\\\/\\\/www.bellunopress.it\\\/2013\\\/04\\\/27\\\/la-lega-propone-un-consiglio-provinciale-elettivo\\\/#breadcrumb\",\"itemListElement\":[{\"@type\":\"ListItem\",\"position\":1,\"name\":\"Home\",\"item\":\"https:\\\/\\\/www.bellunopress.it\\\/\"},{\"@type\":\"ListItem\",\"position\":2,\"name\":\"La Lega propone un consiglio provinciale elettivo\"}]},{\"@type\":\"WebSite\",\"@id\":\"https:\\\/\\\/www.bellunopress.it\\\/#website\",\"url\":\"https:\\\/\\\/www.bellunopress.it\\\/\",\"name\":\"Bellunopress - Dolomiti\",\"description\":\"e-mail: redazione@bellunopress.it\",\"publisher\":{\"@id\":\"https:\\\/\\\/www.bellunopress.it\\\/#organization\"},\"potentialAction\":[{\"@type\":\"SearchAction\",\"target\":{\"@type\":\"EntryPoint\",\"urlTemplate\":\"https:\\\/\\\/www.bellunopress.it\\\/?s={search_term_string}\"},\"query-input\":{\"@type\":\"PropertyValueSpecification\",\"valueRequired\":true,\"valueName\":\"search_term_string\"}}],\"inLanguage\":\"fr-FR\"},{\"@type\":\"Organization\",\"@id\":\"https:\\\/\\\/www.bellunopress.it\\\/#organization\",\"name\":\"Bellunopress\",\"url\":\"https:\\\/\\\/www.bellunopress.it\\\/\",\"logo\":{\"@type\":\"ImageObject\",\"inLanguage\":\"fr-FR\",\"@id\":\"https:\\\/\\\/www.bellunopress.it\\\/#\\\/schema\\\/logo\\\/image\\\/\",\"url\":\"https:\\\/\\\/www.bellunopress.it\\\/wp-content\\\/uploads\\\/2011\\\/05\\\/cropped-logo-bellunopress-.jpg\",\"contentUrl\":\"https:\\\/\\\/www.bellunopress.it\\\/wp-content\\\/uploads\\\/2011\\\/05\\\/cropped-logo-bellunopress-.jpg\",\"width\":512,\"height\":512,\"caption\":\"Bellunopress\"},\"image\":{\"@id\":\"https:\\\/\\\/www.bellunopress.it\\\/#\\\/schema\\\/logo\\\/image\\\/\"},\"sameAs\":[\"https:\\\/\\\/www.facebook.com\\\/profile.php?id=100008943462799\",\"https:\\\/\\\/x.com\\\/bellunopress\",\"https:\\\/\\\/www.linkedin.com\\\/hp\\\/?dnr=JBzUWaJfMUw8vbXJJ2tVW5-I3jZKvC4wsoxE&amp;amp;amp;amp;amp;amp;trk=nav_responsive_tab_home\",\"https:\\\/\\\/www.youtube.com\\\/channel\\\/UCxL0wu1uN0_3_7hGG0306cw\"]},{\"@type\":\"Person\",\"@id\":\"https:\\\/\\\/www.bellunopress.it\\\/#\\\/schema\\\/person\\\/79bb06722b37ece1c03d3e94beb30d73\",\"name\":\"redazione\",\"image\":{\"@type\":\"ImageObject\",\"inLanguage\":\"fr-FR\",\"@id\":\"https:\\\/\\\/secure.gravatar.com\\\/avatar\\\/37d968a2e67a6fd04c169c4bdef102d0bc5d31b2546345219e348575eb80e9a0?s=96&d=mm&r=g\",\"url\":\"https:\\\/\\\/secure.gravatar.com\\\/avatar\\\/37d968a2e67a6fd04c169c4bdef102d0bc5d31b2546345219e348575eb80e9a0?s=96&d=mm&r=g\",\"contentUrl\":\"https:\\\/\\\/secure.gravatar.com\\\/avatar\\\/37d968a2e67a6fd04c169c4bdef102d0bc5d31b2546345219e348575eb80e9a0?s=96&d=mm&r=g\",\"caption\":\"redazione\"},\"sameAs\":[\"http:\\\/\\\/www.bellunopress.it\",\"https:\\\/\\\/x.com\\\/bellunopress\"],\"url\":\"https:\\\/\\\/www.bellunopress.it\\\/fr\\\/author\\\/redazione\\\/\"}]}<\/script>\n<!-- \/ Yoast SEO plugin. -->","yoast_head_json":{"title":"La Lega propone un consiglio provinciale elettivo  - Bellunopress - Dolomiti","robots":{"index":"index","follow":"follow","max-snippet":"max-snippet:-1","max-image-preview":"max-image-preview:large","max-video-preview":"max-video-preview:-1"},"canonical":"https:\/\/www.bellunopress.it\/fr\/2013\/04\/27\/la-lega-propone-un-consiglio-provinciale-elettivo\/","og_locale":"fr_FR","og_type":"article","og_title":"La Lega propone un consiglio provinciale elettivo  - Bellunopress - Dolomiti","og_description":"Si \u00e8 riunito nella serata di venerd\u00ec 26 aprile, presso al sede di Via Masi Simonetti, il Consiglio Direttivo Provinciale della Lega Nord di Belluno. Al punto inerente le \u201cproposte politiche\u201d il direttivo ha deliberato l\u2019appoggio all\u2019idea di una consultazione provinciale per l\u2019elezione di un consiglio provinciale per rimarcare l\u2019importanza di vivere in una provincia [&hellip;]","og_url":"https:\/\/www.bellunopress.it\/fr\/2013\/04\/27\/la-lega-propone-un-consiglio-provinciale-elettivo\/","og_site_name":"Bellunopress - Dolomiti","article_publisher":"https:\/\/www.facebook.com\/profile.php?id=100008943462799","article_published_time":"2013-04-27T11:04:10+00:00","og_image":[{"url":"http:\/\/www.bellunopress.it\/wp-content\/uploads\/2010\/06\/lega-nord-130x130.gif","type":"","width":"","height":""}],"author":"redazione","twitter_card":"summary_large_image","twitter_creator":"@bellunopress","twitter_site":"@bellunopress","twitter_misc":{"\u00c9crit par":"redazione","Dur\u00e9e de lecture estim\u00e9e":"1 minute"},"schema":{"@context":"https:\/\/schema.org","@graph":[{"@type":"Article","@id":"https:\/\/www.bellunopress.it\/2013\/04\/27\/la-lega-propone-un-consiglio-provinciale-elettivo\/#article","isPartOf":{"@id":"https:\/\/www.bellunopress.it\/2013\/04\/27\/la-lega-propone-un-consiglio-provinciale-elettivo\/"},"author":{"name":"redazione","@id":"https:\/\/www.bellunopress.it\/#\/schema\/person\/79bb06722b37ece1c03d3e94beb30d73"},"headline":"La Lega propone un consiglio provinciale elettivo","datePublished":"2013-04-27T11:04:10+00:00","mainEntityOfPage":{"@id":"https:\/\/www.bellunopress.it\/2013\/04\/27\/la-lega-propone-un-consiglio-provinciale-elettivo\/"},"wordCount":279,"publisher":{"@id":"https:\/\/www.bellunopress.it\/#organization"},"image":{"@id":"https:\/\/www.bellunopress.it\/2013\/04\/27\/la-lega-propone-un-consiglio-provinciale-elettivo\/#primaryimage"},"thumbnailUrl":"http:\/\/www.bellunopress.it\/wp-content\/uploads\/2010\/06\/lega-nord-130x130.gif","articleSection":["Cronaca\/Politica","Prima Pagina"],"inLanguage":"fr-FR"},{"@type":"WebPage","@id":"https:\/\/www.bellunopress.it\/2013\/04\/27\/la-lega-propone-un-consiglio-provinciale-elettivo\/","url":"https:\/\/www.bellunopress.it\/2013\/04\/27\/la-lega-propone-un-consiglio-provinciale-elettivo\/","name":"La Lega propone un consiglio provinciale elettivo - Bellunopress - Dolomiti","isPartOf":{"@id":"https:\/\/www.bellunopress.it\/#website"},"primaryImageOfPage":{"@id":"https:\/\/www.bellunopress.it\/2013\/04\/27\/la-lega-propone-un-consiglio-provinciale-elettivo\/#primaryimage"},"image":{"@id":"https:\/\/www.bellunopress.it\/2013\/04\/27\/la-lega-propone-un-consiglio-provinciale-elettivo\/#primaryimage"},"thumbnailUrl":"http:\/\/www.bellunopress.it\/wp-content\/uploads\/2010\/06\/lega-nord-130x130.gif","datePublished":"2013-04-27T11:04:10+00:00","breadcrumb":{"@id":"https:\/\/www.bellunopress.it\/2013\/04\/27\/la-lega-propone-un-consiglio-provinciale-elettivo\/#breadcrumb"},"inLanguage":"fr-FR","potentialAction":[{"@type":"ReadAction","target":["https:\/\/www.bellunopress.it\/2013\/04\/27\/la-lega-propone-un-consiglio-provinciale-elettivo\/"]}]},{"@type":"ImageObject","inLanguage":"fr-FR","@id":"https:\/\/www.bellunopress.it\/2013\/04\/27\/la-lega-propone-un-consiglio-provinciale-elettivo\/#primaryimage","url":"http:\/\/www.bellunopress.it\/wp-content\/uploads\/2010\/06\/lega-nord-130x130.gif","contentUrl":"http:\/\/www.bellunopress.it\/wp-content\/uploads\/2010\/06\/lega-nord-130x130.gif"},{"@type":"BreadcrumbList","@id":"https:\/\/www.bellunopress.it\/2013\/04\/27\/la-lega-propone-un-consiglio-provinciale-elettivo\/#breadcrumb","itemListElement":[{"@type":"ListItem","position":1,"name":"Home","item":"https:\/\/www.bellunopress.it\/"},{"@type":"ListItem","position":2,"name":"La Lega propone un consiglio provinciale elettivo"}]},{"@type":"WebSite","@id":"https:\/\/www.bellunopress.it\/#website","url":"https:\/\/www.bellunopress.it\/","name":"Bellunopress - Dolomiti","description":"e-mail: redazione@bellunopress.it","publisher":{"@id":"https:\/\/www.bellunopress.it\/#organization"},"potentialAction":[{"@type":"SearchAction","target":{"@type":"EntryPoint","urlTemplate":"https:\/\/www.bellunopress.it\/?s={search_term_string}"},"query-input":{"@type":"PropertyValueSpecification","valueRequired":true,"valueName":"search_term_string"}}],"inLanguage":"fr-FR"},{"@type":"Organization","@id":"https:\/\/www.bellunopress.it\/#organization","name":"Bellunopress","url":"https:\/\/www.bellunopress.it\/","logo":{"@type":"ImageObject","inLanguage":"fr-FR","@id":"https:\/\/www.bellunopress.it\/#\/schema\/logo\/image\/","url":"https:\/\/www.bellunopress.it\/wp-content\/uploads\/2011\/05\/cropped-logo-bellunopress-.jpg","contentUrl":"https:\/\/www.bellunopress.it\/wp-content\/uploads\/2011\/05\/cropped-logo-bellunopress-.jpg","width":512,"height":512,"caption":"Bellunopress"},"image":{"@id":"https:\/\/www.bellunopress.it\/#\/schema\/logo\/image\/"},"sameAs":["https:\/\/www.facebook.com\/profile.php?id=100008943462799","https:\/\/x.com\/bellunopress","https:\/\/www.linkedin.com\/hp\/?dnr=JBzUWaJfMUw8vbXJJ2tVW5-I3jZKvC4wsoxE&amp;amp;amp;amp;amp;amp;trk=nav_responsive_tab_home","https:\/\/www.youtube.com\/channel\/UCxL0wu1uN0_3_7hGG0306cw"]},{"@type":"Person","@id":"https:\/\/www.bellunopress.it\/#\/schema\/person\/79bb06722b37ece1c03d3e94beb30d73","name":"r\u00e9daction","image":{"@type":"ImageObject","inLanguage":"fr-FR","@id":"https:\/\/secure.gravatar.com\/avatar\/37d968a2e67a6fd04c169c4bdef102d0bc5d31b2546345219e348575eb80e9a0?s=96&d=mm&r=g","url":"https:\/\/secure.gravatar.com\/avatar\/37d968a2e67a6fd04c169c4bdef102d0bc5d31b2546345219e348575eb80e9a0?s=96&d=mm&r=g","contentUrl":"https:\/\/secure.gravatar.com\/avatar\/37d968a2e67a6fd04c169c4bdef102d0bc5d31b2546345219e348575eb80e9a0?s=96&d=mm&r=g","caption":"redazione"},"sameAs":["http:\/\/www.bellunopress.it","https:\/\/x.com\/bellunopress"],"url":"https:\/\/www.bellunopress.it\/fr\/author\/redazione\/"}]}},"_links":{"self":[{"href":"https:\/\/www.bellunopress.it\/fr\/wp-json\/wp\/v2\/posts\/48851","targetHints":{"allow":["GET"]}}],"collection":[{"href":"https:\/\/www.bellunopress.it\/fr\/wp-json\/wp\/v2\/posts"}],"about":[{"href":"https:\/\/www.bellunopress.it\/fr\/wp-json\/wp\/v2\/types\/post"}],"author":[{"embeddable":true,"href":"https:\/\/www.bellunopress.it\/fr\/wp-json\/wp\/v2\/users\/2"}],"replies":[{"embeddable":true,"href":"https:\/\/www.bellunopress.it\/fr\/wp-json\/wp\/v2\/comments?post=48851"}],"version-history":[{"count":1,"href":"https:\/\/www.bellunopress.it\/fr\/wp-json\/wp\/v2\/posts\/48851\/revisions"}],"predecessor-version":[{"id":48852,"href":"https:\/\/www.bellunopress.it\/fr\/wp-json\/wp\/v2\/posts\/48851\/revisions\/48852"}],"wp:attachment":[{"href":"https:\/\/www.bellunopress.it\/fr\/wp-json\/wp\/v2\/media?parent=48851"}],"wp:term":[{"taxonomy":"category","embeddable":true,"href":"https:\/\/www.bellunopress.it\/fr\/wp-json\/wp\/v2\/categories?post=48851"},{"taxonomy":"post_tag","embeddable":true,"href":"https:\/\/www.bellunopress.it\/fr\/wp-json\/wp\/v2\/tags?post=48851"}],"curies":[{"name":"wp","href":"https:\/\/api.w.org\/{rel}","templated":true}]}}