{"id":4879,"date":"2009-06-15T18:29:13","date_gmt":"2009-06-15T17:29:13","guid":{"rendered":"http:\/\/www.bellunopress.it\/?p=4879"},"modified":"2009-06-15T18:34:46","modified_gmt":"2009-06-15T17:34:46","slug":"tre-ragazzi-austriaci-danneggiano-la-fontana-di-farra-bloccati-dalla-polizia-locale","status":"publish","type":"post","link":"https:\/\/www.bellunopress.it\/fr\/2009\/06\/15\/tre-ragazzi-austriaci-danneggiano-la-fontana-di-farra-bloccati-dalla-polizia-locale\/","title":{"rendered":"Tre ragazzi austriaci danneggiano la fontana di Farra, bloccati dalla Polizia Locale"},"content":{"rendered":"<p><a href=\"http:\/\/www.bellunopress.it\/wp-content\/uploads\/2009\/06\/danno-fontana-leggera.jpg\"><img loading=\"lazy\" decoding=\"async\" class=\"alignleft size-medium wp-image-4880\" title=\"danno-fontana-leggera\" src=\"http:\/\/www.bellunopress.it\/wp-content\/uploads\/2009\/06\/danno-fontana-leggera.jpg\" alt=\"\" width=\"270\" height=\"152\" \/><\/a>Pronto\u00a0 intervento da parte della polizia locale di Farra d\u2019Alpago, nel tardo pomeriggio di sabato scorso, per bloccare tre ragazzi austriaci che, in evidente stato di ebbrezza, stavano danneggiando la fontana del paese. Tre ragazzi austriaci, giunti a Farra per trascorrere dei giorni di vacanza, si sono gettati nella fontana del paese sabato pomeriggio. L&#8217;insolito bagno per\u00f2 si \u00e8 concluso con il danneggiamento della fontana. Una volta compreso il danno all&#8217;impianto che crea i giochi d\u2019acqua, i ragazzi si sono velocemente avviati verso il campeggio Saratei, dove erano sistemati. L&#8217;agente di polizia locale Deborah Da Rold, di pattuglia quel pomeriggio, si \u00e8 affrettata ad inseguirli riuscendo a bloccarli nei pressi del campeggio fino all\u2019arrivo dei carabinieri di Puos che hanno subito provveduto all\u2019identificazione. In seguito, i giovani sono stati condotti nell\u2019ufficio della polizia locale per la stesura dei verbali e la notifica delle sanzioni amministrative, gi\u00e0 saldate, e penali, alle quali dovranno rispondere a causa della bravata commessa. \u201cVoglio esprimete tutta la mia soddisfazione\u201d \u2013 spiega Luca Padovan, assessore alla Pubblica Sicurezza \u2013 \u201cper efficienza del lavoro svolto dalla Polizia locale e vorrei sottolineare l\u2019ottima collaborazione dimostrata dall\u2019arma dei carabinieri della stazione di Puos d\u2019Alpago nei confronti dei nostri agenti\u201d<\/p>","protected":false},"excerpt":{"rendered":"<p>Pronto\u00a0 intervento da parte della polizia locale di Farra d\u2019Alpago, nel tardo pomeriggio di sabato scorso, per bloccare tre ragazzi austriaci che, in evidente stato di ebbrezza, stavano danneggiando la fontana del paese. Tre ragazzi austriaci, giunti a Farra per trascorrere dei giorni di vacanza, si sono gettati nella fontana del paese sabato pomeriggio. L&#8217;insolito [&hellip;]<\/p>\n","protected":false},"author":2,"featured_media":0,"comment_status":"closed","ping_status":"open","sticky":false,"template":"","format":"standard","meta":{"footnotes":""},"categories":[5,26],"tags":[139],"class_list":["post-4879","post","type-post","status-publish","format-standard","category-cronaca","category-prima-pagina","tag-belluno"],"yoast_head":"<!-- This site is optimized with the Yoast SEO plugin v28.4 - https:\/\/yoast.com\/product\/yoast-seo-wordpress\/ -->\n<title>Tre ragazzi austriaci danneggiano la fontana di Farra, bloccati dalla Polizia Locale - Bellunopress - Dolomiti<\/title>\n<meta name=\"robots\" content=\"index, follow, max-snippet:-1, max-image-preview:large, max-video-preview:-1\" \/>\n<link rel=\"canonical\" href=\"https:\/\/www.bellunopress.it\/fr\/2009\/06\/15\/tre-ragazzi-austriaci-danneggiano-la-fontana-di-farra-bloccati-dalla-polizia-locale\/\" \/>\n<meta property=\"og:locale\" content=\"fr_FR\" \/>\n<meta property=\"og:type\" content=\"article\" \/>\n<meta property=\"og:title\" content=\"Tre ragazzi austriaci danneggiano la fontana di Farra, bloccati dalla Polizia Locale - Bellunopress - Dolomiti\" \/>\n<meta property=\"og:description\" content=\"Pronto\u00a0 intervento da parte della polizia locale di Farra d\u2019Alpago, nel tardo pomeriggio di sabato scorso, per bloccare tre ragazzi austriaci che, in evidente stato di ebbrezza, stavano danneggiando la fontana del paese. Tre ragazzi austriaci, giunti a Farra per trascorrere dei giorni di vacanza, si sono gettati nella fontana del paese sabato pomeriggio. L&#8217;insolito [&hellip;]\" \/>\n<meta property=\"og:url\" content=\"https:\/\/www.bellunopress.it\/fr\/2009\/06\/15\/tre-ragazzi-austriaci-danneggiano-la-fontana-di-farra-bloccati-dalla-polizia-locale\/\" \/>\n<meta property=\"og:site_name\" content=\"Bellunopress - Dolomiti\" \/>\n<meta property=\"article:publisher\" content=\"https:\/\/www.facebook.com\/profile.php?id=100008943462799\" \/>\n<meta property=\"article:published_time\" content=\"2009-06-15T17:29:13+00:00\" \/>\n<meta property=\"article:modified_time\" content=\"2009-06-15T17:34:46+00:00\" \/>\n<meta property=\"og:image\" content=\"http:\/\/www.bellunopress.it\/wp-content\/uploads\/2009\/06\/danno-fontana-leggera.jpg\" \/>\n<meta name=\"author\" content=\"redazione\" \/>\n<meta name=\"twitter:card\" content=\"summary_large_image\" \/>\n<meta name=\"twitter:creator\" content=\"@bellunopress\" \/>\n<meta name=\"twitter:site\" content=\"@bellunopress\" \/>\n<meta name=\"twitter:label1\" content=\"\u00c9crit par\" \/>\n\t<meta name=\"twitter:data1\" content=\"redazione\" \/>\n\t<meta name=\"twitter:label2\" content=\"Dur\u00e9e de lecture estim\u00e9e\" \/>\n\t<meta name=\"twitter:data2\" content=\"1 minute\" \/>\n<script type=\"application\/ld+json\" class=\"yoast-schema-graph\">{\"@context\":\"https:\\\/\\\/schema.org\",\"@graph\":[{\"@type\":\"Article\",\"@id\":\"https:\\\/\\\/www.bellunopress.it\\\/2009\\\/06\\\/15\\\/tre-ragazzi-austriaci-danneggiano-la-fontana-di-farra-bloccati-dalla-polizia-locale\\\/#article\",\"isPartOf\":{\"@id\":\"https:\\\/\\\/www.bellunopress.it\\\/2009\\\/06\\\/15\\\/tre-ragazzi-austriaci-danneggiano-la-fontana-di-farra-bloccati-dalla-polizia-locale\\\/\"},\"author\":{\"name\":\"redazione\",\"@id\":\"https:\\\/\\\/www.bellunopress.it\\\/#\\\/schema\\\/person\\\/79bb06722b37ece1c03d3e94beb30d73\"},\"headline\":\"Tre ragazzi austriaci danneggiano la fontana di Farra, bloccati dalla Polizia Locale\",\"datePublished\":\"2009-06-15T17:29:13+00:00\",\"dateModified\":\"2009-06-15T17:34:46+00:00\",\"mainEntityOfPage\":{\"@id\":\"https:\\\/\\\/www.bellunopress.it\\\/2009\\\/06\\\/15\\\/tre-ragazzi-austriaci-danneggiano-la-fontana-di-farra-bloccati-dalla-polizia-locale\\\/\"},\"wordCount\":219,\"publisher\":{\"@id\":\"https:\\\/\\\/www.bellunopress.it\\\/#organization\"},\"image\":{\"@id\":\"https:\\\/\\\/www.bellunopress.it\\\/2009\\\/06\\\/15\\\/tre-ragazzi-austriaci-danneggiano-la-fontana-di-farra-bloccati-dalla-polizia-locale\\\/#primaryimage\"},\"thumbnailUrl\":\"http:\\\/\\\/www.bellunopress.it\\\/wp-content\\\/uploads\\\/2009\\\/06\\\/danno-fontana-leggera.jpg\",\"keywords\":[\"Belluno\"],\"articleSection\":[\"Cronaca\\\/Politica\",\"Prima Pagina\"],\"inLanguage\":\"fr-FR\"},{\"@type\":\"WebPage\",\"@id\":\"https:\\\/\\\/www.bellunopress.it\\\/2009\\\/06\\\/15\\\/tre-ragazzi-austriaci-danneggiano-la-fontana-di-farra-bloccati-dalla-polizia-locale\\\/\",\"url\":\"https:\\\/\\\/www.bellunopress.it\\\/2009\\\/06\\\/15\\\/tre-ragazzi-austriaci-danneggiano-la-fontana-di-farra-bloccati-dalla-polizia-locale\\\/\",\"name\":\"Tre ragazzi austriaci danneggiano la fontana di Farra, bloccati dalla Polizia Locale - Bellunopress - Dolomiti\",\"isPartOf\":{\"@id\":\"https:\\\/\\\/www.bellunopress.it\\\/#website\"},\"primaryImageOfPage\":{\"@id\":\"https:\\\/\\\/www.bellunopress.it\\\/2009\\\/06\\\/15\\\/tre-ragazzi-austriaci-danneggiano-la-fontana-di-farra-bloccati-dalla-polizia-locale\\\/#primaryimage\"},\"image\":{\"@id\":\"https:\\\/\\\/www.bellunopress.it\\\/2009\\\/06\\\/15\\\/tre-ragazzi-austriaci-danneggiano-la-fontana-di-farra-bloccati-dalla-polizia-locale\\\/#primaryimage\"},\"thumbnailUrl\":\"http:\\\/\\\/www.bellunopress.it\\\/wp-content\\\/uploads\\\/2009\\\/06\\\/danno-fontana-leggera.jpg\",\"datePublished\":\"2009-06-15T17:29:13+00:00\",\"dateModified\":\"2009-06-15T17:34:46+00:00\",\"breadcrumb\":{\"@id\":\"https:\\\/\\\/www.bellunopress.it\\\/2009\\\/06\\\/15\\\/tre-ragazzi-austriaci-danneggiano-la-fontana-di-farra-bloccati-dalla-polizia-locale\\\/#breadcrumb\"},\"inLanguage\":\"fr-FR\",\"potentialAction\":[{\"@type\":\"ReadAction\",\"target\":[\"https:\\\/\\\/www.bellunopress.it\\\/2009\\\/06\\\/15\\\/tre-ragazzi-austriaci-danneggiano-la-fontana-di-farra-bloccati-dalla-polizia-locale\\\/\"]}]},{\"@type\":\"ImageObject\",\"inLanguage\":\"fr-FR\",\"@id\":\"https:\\\/\\\/www.bellunopress.it\\\/2009\\\/06\\\/15\\\/tre-ragazzi-austriaci-danneggiano-la-fontana-di-farra-bloccati-dalla-polizia-locale\\\/#primaryimage\",\"url\":\"http:\\\/\\\/www.bellunopress.it\\\/wp-content\\\/uploads\\\/2009\\\/06\\\/danno-fontana-leggera.jpg\",\"contentUrl\":\"http:\\\/\\\/www.bellunopress.it\\\/wp-content\\\/uploads\\\/2009\\\/06\\\/danno-fontana-leggera.jpg\"},{\"@type\":\"BreadcrumbList\",\"@id\":\"https:\\\/\\\/www.bellunopress.it\\\/2009\\\/06\\\/15\\\/tre-ragazzi-austriaci-danneggiano-la-fontana-di-farra-bloccati-dalla-polizia-locale\\\/#breadcrumb\",\"itemListElement\":[{\"@type\":\"ListItem\",\"position\":1,\"name\":\"Home\",\"item\":\"https:\\\/\\\/www.bellunopress.it\\\/\"},{\"@type\":\"ListItem\",\"position\":2,\"name\":\"Tre ragazzi austriaci danneggiano la fontana di Farra, bloccati dalla Polizia Locale\"}]},{\"@type\":\"WebSite\",\"@id\":\"https:\\\/\\\/www.bellunopress.it\\\/#website\",\"url\":\"https:\\\/\\\/www.bellunopress.it\\\/\",\"name\":\"Bellunopress - Dolomiti\",\"description\":\"e-mail: redazione@bellunopress.it\",\"publisher\":{\"@id\":\"https:\\\/\\\/www.bellunopress.it\\\/#organization\"},\"potentialAction\":[{\"@type\":\"SearchAction\",\"target\":{\"@type\":\"EntryPoint\",\"urlTemplate\":\"https:\\\/\\\/www.bellunopress.it\\\/?s={search_term_string}\"},\"query-input\":{\"@type\":\"PropertyValueSpecification\",\"valueRequired\":true,\"valueName\":\"search_term_string\"}}],\"inLanguage\":\"fr-FR\"},{\"@type\":\"Organization\",\"@id\":\"https:\\\/\\\/www.bellunopress.it\\\/#organization\",\"name\":\"Bellunopress\",\"url\":\"https:\\\/\\\/www.bellunopress.it\\\/\",\"logo\":{\"@type\":\"ImageObject\",\"inLanguage\":\"fr-FR\",\"@id\":\"https:\\\/\\\/www.bellunopress.it\\\/#\\\/schema\\\/logo\\\/image\\\/\",\"url\":\"https:\\\/\\\/www.bellunopress.it\\\/wp-content\\\/uploads\\\/2011\\\/05\\\/cropped-logo-bellunopress-.jpg\",\"contentUrl\":\"https:\\\/\\\/www.bellunopress.it\\\/wp-content\\\/uploads\\\/2011\\\/05\\\/cropped-logo-bellunopress-.jpg\",\"width\":512,\"height\":512,\"caption\":\"Bellunopress\"},\"image\":{\"@id\":\"https:\\\/\\\/www.bellunopress.it\\\/#\\\/schema\\\/logo\\\/image\\\/\"},\"sameAs\":[\"https:\\\/\\\/www.facebook.com\\\/profile.php?id=100008943462799\",\"https:\\\/\\\/x.com\\\/bellunopress\",\"https:\\\/\\\/www.linkedin.com\\\/hp\\\/?dnr=JBzUWaJfMUw8vbXJJ2tVW5-I3jZKvC4wsoxE&amp;amp;amp;amp;amp;amp;trk=nav_responsive_tab_home\",\"https:\\\/\\\/www.youtube.com\\\/channel\\\/UCxL0wu1uN0_3_7hGG0306cw\"]},{\"@type\":\"Person\",\"@id\":\"https:\\\/\\\/www.bellunopress.it\\\/#\\\/schema\\\/person\\\/79bb06722b37ece1c03d3e94beb30d73\",\"name\":\"redazione\",\"image\":{\"@type\":\"ImageObject\",\"inLanguage\":\"fr-FR\",\"@id\":\"https:\\\/\\\/secure.gravatar.com\\\/avatar\\\/37d968a2e67a6fd04c169c4bdef102d0bc5d31b2546345219e348575eb80e9a0?s=96&d=mm&r=g\",\"url\":\"https:\\\/\\\/secure.gravatar.com\\\/avatar\\\/37d968a2e67a6fd04c169c4bdef102d0bc5d31b2546345219e348575eb80e9a0?s=96&d=mm&r=g\",\"contentUrl\":\"https:\\\/\\\/secure.gravatar.com\\\/avatar\\\/37d968a2e67a6fd04c169c4bdef102d0bc5d31b2546345219e348575eb80e9a0?s=96&d=mm&r=g\",\"caption\":\"redazione\"},\"sameAs\":[\"http:\\\/\\\/www.bellunopress.it\",\"https:\\\/\\\/x.com\\\/bellunopress\"],\"url\":\"https:\\\/\\\/www.bellunopress.it\\\/fr\\\/author\\\/redazione\\\/\"}]}<\/script>\n<!-- \/ Yoast SEO plugin. -->","yoast_head_json":{"title":"Tre ragazzi austriaci danneggiano la fontana di Farra, bloccati dalla Polizia Locale - Bellunopress - Dolomiti","robots":{"index":"index","follow":"follow","max-snippet":"max-snippet:-1","max-image-preview":"max-image-preview:large","max-video-preview":"max-video-preview:-1"},"canonical":"https:\/\/www.bellunopress.it\/fr\/2009\/06\/15\/tre-ragazzi-austriaci-danneggiano-la-fontana-di-farra-bloccati-dalla-polizia-locale\/","og_locale":"fr_FR","og_type":"article","og_title":"Tre ragazzi austriaci danneggiano la fontana di Farra, bloccati dalla Polizia Locale - Bellunopress - Dolomiti","og_description":"Pronto\u00a0 intervento da parte della polizia locale di Farra d\u2019Alpago, nel tardo pomeriggio di sabato scorso, per bloccare tre ragazzi austriaci che, in evidente stato di ebbrezza, stavano danneggiando la fontana del paese. Tre ragazzi austriaci, giunti a Farra per trascorrere dei giorni di vacanza, si sono gettati nella fontana del paese sabato pomeriggio. L&#8217;insolito [&hellip;]","og_url":"https:\/\/www.bellunopress.it\/fr\/2009\/06\/15\/tre-ragazzi-austriaci-danneggiano-la-fontana-di-farra-bloccati-dalla-polizia-locale\/","og_site_name":"Bellunopress - Dolomiti","article_publisher":"https:\/\/www.facebook.com\/profile.php?id=100008943462799","article_published_time":"2009-06-15T17:29:13+00:00","article_modified_time":"2009-06-15T17:34:46+00:00","og_image":[{"url":"http:\/\/www.bellunopress.it\/wp-content\/uploads\/2009\/06\/danno-fontana-leggera.jpg","type":"","width":"","height":""}],"author":"redazione","twitter_card":"summary_large_image","twitter_creator":"@bellunopress","twitter_site":"@bellunopress","twitter_misc":{"\u00c9crit par":"redazione","Dur\u00e9e de lecture estim\u00e9e":"1 minute"},"schema":{"@context":"https:\/\/schema.org","@graph":[{"@type":"Article","@id":"https:\/\/www.bellunopress.it\/2009\/06\/15\/tre-ragazzi-austriaci-danneggiano-la-fontana-di-farra-bloccati-dalla-polizia-locale\/#article","isPartOf":{"@id":"https:\/\/www.bellunopress.it\/2009\/06\/15\/tre-ragazzi-austriaci-danneggiano-la-fontana-di-farra-bloccati-dalla-polizia-locale\/"},"author":{"name":"redazione","@id":"https:\/\/www.bellunopress.it\/#\/schema\/person\/79bb06722b37ece1c03d3e94beb30d73"},"headline":"Tre ragazzi austriaci danneggiano la fontana di Farra, bloccati dalla Polizia Locale","datePublished":"2009-06-15T17:29:13+00:00","dateModified":"2009-06-15T17:34:46+00:00","mainEntityOfPage":{"@id":"https:\/\/www.bellunopress.it\/2009\/06\/15\/tre-ragazzi-austriaci-danneggiano-la-fontana-di-farra-bloccati-dalla-polizia-locale\/"},"wordCount":219,"publisher":{"@id":"https:\/\/www.bellunopress.it\/#organization"},"image":{"@id":"https:\/\/www.bellunopress.it\/2009\/06\/15\/tre-ragazzi-austriaci-danneggiano-la-fontana-di-farra-bloccati-dalla-polizia-locale\/#primaryimage"},"thumbnailUrl":"http:\/\/www.bellunopress.it\/wp-content\/uploads\/2009\/06\/danno-fontana-leggera.jpg","keywords":["Belluno"],"articleSection":["Cronaca\/Politica","Prima Pagina"],"inLanguage":"fr-FR"},{"@type":"WebPage","@id":"https:\/\/www.bellunopress.it\/2009\/06\/15\/tre-ragazzi-austriaci-danneggiano-la-fontana-di-farra-bloccati-dalla-polizia-locale\/","url":"https:\/\/www.bellunopress.it\/2009\/06\/15\/tre-ragazzi-austriaci-danneggiano-la-fontana-di-farra-bloccati-dalla-polizia-locale\/","name":"Tre ragazzi austriaci danneggiano la fontana di Farra, bloccati dalla Polizia Locale - Bellunopress - Dolomiti","isPartOf":{"@id":"https:\/\/www.bellunopress.it\/#website"},"primaryImageOfPage":{"@id":"https:\/\/www.bellunopress.it\/2009\/06\/15\/tre-ragazzi-austriaci-danneggiano-la-fontana-di-farra-bloccati-dalla-polizia-locale\/#primaryimage"},"image":{"@id":"https:\/\/www.bellunopress.it\/2009\/06\/15\/tre-ragazzi-austriaci-danneggiano-la-fontana-di-farra-bloccati-dalla-polizia-locale\/#primaryimage"},"thumbnailUrl":"http:\/\/www.bellunopress.it\/wp-content\/uploads\/2009\/06\/danno-fontana-leggera.jpg","datePublished":"2009-06-15T17:29:13+00:00","dateModified":"2009-06-15T17:34:46+00:00","breadcrumb":{"@id":"https:\/\/www.bellunopress.it\/2009\/06\/15\/tre-ragazzi-austriaci-danneggiano-la-fontana-di-farra-bloccati-dalla-polizia-locale\/#breadcrumb"},"inLanguage":"fr-FR","potentialAction":[{"@type":"ReadAction","target":["https:\/\/www.bellunopress.it\/2009\/06\/15\/tre-ragazzi-austriaci-danneggiano-la-fontana-di-farra-bloccati-dalla-polizia-locale\/"]}]},{"@type":"ImageObject","inLanguage":"fr-FR","@id":"https:\/\/www.bellunopress.it\/2009\/06\/15\/tre-ragazzi-austriaci-danneggiano-la-fontana-di-farra-bloccati-dalla-polizia-locale\/#primaryimage","url":"http:\/\/www.bellunopress.it\/wp-content\/uploads\/2009\/06\/danno-fontana-leggera.jpg","contentUrl":"http:\/\/www.bellunopress.it\/wp-content\/uploads\/2009\/06\/danno-fontana-leggera.jpg"},{"@type":"BreadcrumbList","@id":"https:\/\/www.bellunopress.it\/2009\/06\/15\/tre-ragazzi-austriaci-danneggiano-la-fontana-di-farra-bloccati-dalla-polizia-locale\/#breadcrumb","itemListElement":[{"@type":"ListItem","position":1,"name":"Home","item":"https:\/\/www.bellunopress.it\/"},{"@type":"ListItem","position":2,"name":"Tre ragazzi austriaci danneggiano la fontana di Farra, bloccati dalla Polizia Locale"}]},{"@type":"WebSite","@id":"https:\/\/www.bellunopress.it\/#website","url":"https:\/\/www.bellunopress.it\/","name":"Bellunopress - Dolomiti","description":"e-mail: redazione@bellunopress.it","publisher":{"@id":"https:\/\/www.bellunopress.it\/#organization"},"potentialAction":[{"@type":"SearchAction","target":{"@type":"EntryPoint","urlTemplate":"https:\/\/www.bellunopress.it\/?s={search_term_string}"},"query-input":{"@type":"PropertyValueSpecification","valueRequired":true,"valueName":"search_term_string"}}],"inLanguage":"fr-FR"},{"@type":"Organization","@id":"https:\/\/www.bellunopress.it\/#organization","name":"Bellunopress","url":"https:\/\/www.bellunopress.it\/","logo":{"@type":"ImageObject","inLanguage":"fr-FR","@id":"https:\/\/www.bellunopress.it\/#\/schema\/logo\/image\/","url":"https:\/\/www.bellunopress.it\/wp-content\/uploads\/2011\/05\/cropped-logo-bellunopress-.jpg","contentUrl":"https:\/\/www.bellunopress.it\/wp-content\/uploads\/2011\/05\/cropped-logo-bellunopress-.jpg","width":512,"height":512,"caption":"Bellunopress"},"image":{"@id":"https:\/\/www.bellunopress.it\/#\/schema\/logo\/image\/"},"sameAs":["https:\/\/www.facebook.com\/profile.php?id=100008943462799","https:\/\/x.com\/bellunopress","https:\/\/www.linkedin.com\/hp\/?dnr=JBzUWaJfMUw8vbXJJ2tVW5-I3jZKvC4wsoxE&amp;amp;amp;amp;amp;amp;trk=nav_responsive_tab_home","https:\/\/www.youtube.com\/channel\/UCxL0wu1uN0_3_7hGG0306cw"]},{"@type":"Person","@id":"https:\/\/www.bellunopress.it\/#\/schema\/person\/79bb06722b37ece1c03d3e94beb30d73","name":"r\u00e9daction","image":{"@type":"ImageObject","inLanguage":"fr-FR","@id":"https:\/\/secure.gravatar.com\/avatar\/37d968a2e67a6fd04c169c4bdef102d0bc5d31b2546345219e348575eb80e9a0?s=96&d=mm&r=g","url":"https:\/\/secure.gravatar.com\/avatar\/37d968a2e67a6fd04c169c4bdef102d0bc5d31b2546345219e348575eb80e9a0?s=96&d=mm&r=g","contentUrl":"https:\/\/secure.gravatar.com\/avatar\/37d968a2e67a6fd04c169c4bdef102d0bc5d31b2546345219e348575eb80e9a0?s=96&d=mm&r=g","caption":"redazione"},"sameAs":["http:\/\/www.bellunopress.it","https:\/\/x.com\/bellunopress"],"url":"https:\/\/www.bellunopress.it\/fr\/author\/redazione\/"}]}},"_links":{"self":[{"href":"https:\/\/www.bellunopress.it\/fr\/wp-json\/wp\/v2\/posts\/4879","targetHints":{"allow":["GET"]}}],"collection":[{"href":"https:\/\/www.bellunopress.it\/fr\/wp-json\/wp\/v2\/posts"}],"about":[{"href":"https:\/\/www.bellunopress.it\/fr\/wp-json\/wp\/v2\/types\/post"}],"author":[{"embeddable":true,"href":"https:\/\/www.bellunopress.it\/fr\/wp-json\/wp\/v2\/users\/2"}],"replies":[{"embeddable":true,"href":"https:\/\/www.bellunopress.it\/fr\/wp-json\/wp\/v2\/comments?post=4879"}],"version-history":[{"count":3,"href":"https:\/\/www.bellunopress.it\/fr\/wp-json\/wp\/v2\/posts\/4879\/revisions"}],"predecessor-version":[{"id":4885,"href":"https:\/\/www.bellunopress.it\/fr\/wp-json\/wp\/v2\/posts\/4879\/revisions\/4885"}],"wp:attachment":[{"href":"https:\/\/www.bellunopress.it\/fr\/wp-json\/wp\/v2\/media?parent=4879"}],"wp:term":[{"taxonomy":"category","embeddable":true,"href":"https:\/\/www.bellunopress.it\/fr\/wp-json\/wp\/v2\/categories?post=4879"},{"taxonomy":"post_tag","embeddable":true,"href":"https:\/\/www.bellunopress.it\/fr\/wp-json\/wp\/v2\/tags?post=4879"}],"curies":[{"name":"wp","href":"https:\/\/api.w.org\/{rel}","templated":true}]}}