{"id":4876,"date":"2009-06-15T18:19:13","date_gmt":"2009-06-15T17:19:13","guid":{"rendered":"http:\/\/www.bellunopress.it\/?p=4876"},"modified":"2009-06-15T18:19:54","modified_gmt":"2009-06-15T17:19:54","slug":"pratiche-e-forme-di-autonomia-contro-lo-spopolamento-la-montagna","status":"publish","type":"post","link":"https:\/\/www.bellunopress.it\/fr\/2009\/06\/15\/pratiche-e-forme-di-autonomia-contro-lo-spopolamento-la-montagna\/","title":{"rendered":"Pratiche e forme di autonomia contro lo spopolamento la montagna"},"content":{"rendered":"<p>\u201cServono pratiche e forme di autonomia. Contro lo spopolamento, la montagna deve fare sinergie economiche e sociali, rafforzare le pratiche che mettono al centro un buon governo del territorio fatto di valorizzazione delle differenze, riconoscimento delle competenze di ciascuno, orientamento agli interessi collettivi e responsabilit\u00e0 rispetto alle future generazioni\u201d. Cos\u00ec Sergio Reolon commenta il dibattito sviluppato sabato al convegno del Rotary sullo spopolamento della montagna. \u201cIl Rotary non sbaglia a individuare nello spopolamento il pericolo di collasso della nostra montagna che oggi \u00e8 l&#8217;area del Veneto che corre i maggiori rischi dal punto di vista economico e sociale\u201d. \u201cPenso a una sinergia di iniziative per ridare slancio all&#8217;economia, per mantenere i servizi in montagna \u2013 dalle scuole alla sanit\u00e0 \u2013 per la promozione turistica, agricola e culturale della nostra eccezionale terra con i suoi prodotti, le sue bellezze e le sue tradizioni\u201d. \u201cL&#8217;impegno delle tante realt\u00e0 territoriali\u201d, prosegue Reolon, \u201cdalle Associazioni di categoria ai collegi professionali, dai sindacati alle associazioni di volontariato, dai Comuni alle Comunit\u00e0 montane, mobilitate per rivitalizzare la montagna \u00e8 concreto e di valore. Non possiamo permetterci di vanificarlo\u201d. \u201cLa crisi economica si affronta in modo credibile solo con pratiche quotidiane e forme strutturali di autonomia. Tra le pratiche possiamo individuare il settore delle energie rinnovabili che rappresenta uno dei cantieri a cui possono collaborare attivamente soggetti pubblici e privati, ridando slancio al mercato del lavoro locale\u201d. \u201cSul piano strutturale \u201c, ricorda Reolon, \u201cl&#8217;appuntamento cruciale sar\u00e0 con lo Statuto veneto. Mai ci stancheremo di differenziare le caratteristiche della montagna bellunese dal resto del Veneto. Il Bellunese \u00e8 il 20% dell&#8217;intera regione, un&#8217;area interamente montana scarsamente popolata (5% dei Veneti), transfrontaliera, in cui risiedono consistenti minoranze linguistiche, stretta tra due Province Autonome e una Regione a statuto speciale. E&#8217; del tutto evidente che le ricette metropolitane qui da noi sono destinate ad aumentare il disagio, ad aumentare indici di vecchiaia che gi\u00e0 oggi sono i pi\u00f9 alti del Veneto e, di conseguenza, lo spopolamento\u201d<\/p>","protected":false},"excerpt":{"rendered":"<p>\u201cServono pratiche e forme di autonomia. Contro lo spopolamento, la montagna deve fare sinergie economiche e sociali, rafforzare le pratiche che mettono al centro un buon governo del territorio fatto di valorizzazione delle differenze, riconoscimento delle competenze di ciascuno, orientamento agli interessi collettivi e responsabilit\u00e0 rispetto alle future generazioni\u201d. Cos\u00ec Sergio Reolon commenta il dibattito [&hellip;]<\/p>\n","protected":false},"author":2,"featured_media":0,"comment_status":"closed","ping_status":"open","sticky":false,"template":"","format":"standard","meta":{"footnotes":""},"categories":[5],"tags":[],"class_list":["post-4876","post","type-post","status-publish","format-standard","category-cronaca"],"yoast_head":"<!-- This site is optimized with the Yoast SEO plugin v28.4 - https:\/\/yoast.com\/product\/yoast-seo-wordpress\/ -->\n<title>Pratiche e forme di autonomia contro lo spopolamento la montagna  - Bellunopress - Dolomiti<\/title>\n<meta name=\"robots\" content=\"index, follow, max-snippet:-1, max-image-preview:large, max-video-preview:-1\" \/>\n<link rel=\"canonical\" href=\"https:\/\/www.bellunopress.it\/fr\/2009\/06\/15\/pratiche-e-forme-di-autonomia-contro-lo-spopolamento-la-montagna\/\" \/>\n<meta property=\"og:locale\" content=\"fr_FR\" \/>\n<meta property=\"og:type\" content=\"article\" \/>\n<meta property=\"og:title\" content=\"Pratiche e forme di autonomia contro lo spopolamento la montagna  - Bellunopress - Dolomiti\" \/>\n<meta property=\"og:description\" content=\"\u201cServono pratiche e forme di autonomia. Contro lo spopolamento, la montagna deve fare sinergie economiche e sociali, rafforzare le pratiche che mettono al centro un buon governo del territorio fatto di valorizzazione delle differenze, riconoscimento delle competenze di ciascuno, orientamento agli interessi collettivi e responsabilit\u00e0 rispetto alle future generazioni\u201d. Cos\u00ec Sergio Reolon commenta il dibattito [&hellip;]\" \/>\n<meta property=\"og:url\" content=\"https:\/\/www.bellunopress.it\/fr\/2009\/06\/15\/pratiche-e-forme-di-autonomia-contro-lo-spopolamento-la-montagna\/\" \/>\n<meta property=\"og:site_name\" content=\"Bellunopress - Dolomiti\" \/>\n<meta property=\"article:publisher\" content=\"https:\/\/www.facebook.com\/profile.php?id=100008943462799\" \/>\n<meta property=\"article:published_time\" content=\"2009-06-15T17:19:13+00:00\" \/>\n<meta property=\"article:modified_time\" content=\"2009-06-15T17:19:54+00:00\" \/>\n<meta property=\"og:image\" content=\"http:\/\/www.bellunopress.it\/wp-content\/uploads\/2012\/07\/logo-bellunopress-250x250-2012.jpg\" \/>\n<meta name=\"author\" content=\"redazione\" \/>\n<meta name=\"twitter:card\" content=\"summary_large_image\" \/>\n<meta name=\"twitter:creator\" content=\"@bellunopress\" \/>\n<meta name=\"twitter:site\" content=\"@bellunopress\" \/>\n<meta name=\"twitter:label1\" content=\"\u00c9crit par\" \/>\n\t<meta name=\"twitter:data1\" content=\"redazione\" \/>\n\t<meta name=\"twitter:label2\" content=\"Dur\u00e9e de lecture estim\u00e9e\" \/>\n\t<meta name=\"twitter:data2\" content=\"2 minutes\" \/>\n<script type=\"application\/ld+json\" class=\"yoast-schema-graph\">{\"@context\":\"https:\\\/\\\/schema.org\",\"@graph\":[{\"@type\":\"Article\",\"@id\":\"https:\\\/\\\/www.bellunopress.it\\\/2009\\\/06\\\/15\\\/pratiche-e-forme-di-autonomia-contro-lo-spopolamento-la-montagna\\\/#article\",\"isPartOf\":{\"@id\":\"https:\\\/\\\/www.bellunopress.it\\\/2009\\\/06\\\/15\\\/pratiche-e-forme-di-autonomia-contro-lo-spopolamento-la-montagna\\\/\"},\"author\":{\"name\":\"redazione\",\"@id\":\"https:\\\/\\\/www.bellunopress.it\\\/#\\\/schema\\\/person\\\/79bb06722b37ece1c03d3e94beb30d73\"},\"headline\":\"Pratiche e forme di autonomia contro lo spopolamento la montagna\",\"datePublished\":\"2009-06-15T17:19:13+00:00\",\"dateModified\":\"2009-06-15T17:19:54+00:00\",\"mainEntityOfPage\":{\"@id\":\"https:\\\/\\\/www.bellunopress.it\\\/2009\\\/06\\\/15\\\/pratiche-e-forme-di-autonomia-contro-lo-spopolamento-la-montagna\\\/\"},\"wordCount\":334,\"publisher\":{\"@id\":\"https:\\\/\\\/www.bellunopress.it\\\/#organization\"},\"articleSection\":[\"Cronaca\\\/Politica\"],\"inLanguage\":\"fr-FR\"},{\"@type\":\"WebPage\",\"@id\":\"https:\\\/\\\/www.bellunopress.it\\\/2009\\\/06\\\/15\\\/pratiche-e-forme-di-autonomia-contro-lo-spopolamento-la-montagna\\\/\",\"url\":\"https:\\\/\\\/www.bellunopress.it\\\/2009\\\/06\\\/15\\\/pratiche-e-forme-di-autonomia-contro-lo-spopolamento-la-montagna\\\/\",\"name\":\"Pratiche e forme di autonomia contro lo spopolamento la montagna - Bellunopress - Dolomiti\",\"isPartOf\":{\"@id\":\"https:\\\/\\\/www.bellunopress.it\\\/#website\"},\"datePublished\":\"2009-06-15T17:19:13+00:00\",\"dateModified\":\"2009-06-15T17:19:54+00:00\",\"breadcrumb\":{\"@id\":\"https:\\\/\\\/www.bellunopress.it\\\/2009\\\/06\\\/15\\\/pratiche-e-forme-di-autonomia-contro-lo-spopolamento-la-montagna\\\/#breadcrumb\"},\"inLanguage\":\"fr-FR\",\"potentialAction\":[{\"@type\":\"ReadAction\",\"target\":[\"https:\\\/\\\/www.bellunopress.it\\\/2009\\\/06\\\/15\\\/pratiche-e-forme-di-autonomia-contro-lo-spopolamento-la-montagna\\\/\"]}]},{\"@type\":\"BreadcrumbList\",\"@id\":\"https:\\\/\\\/www.bellunopress.it\\\/2009\\\/06\\\/15\\\/pratiche-e-forme-di-autonomia-contro-lo-spopolamento-la-montagna\\\/#breadcrumb\",\"itemListElement\":[{\"@type\":\"ListItem\",\"position\":1,\"name\":\"Home\",\"item\":\"https:\\\/\\\/www.bellunopress.it\\\/\"},{\"@type\":\"ListItem\",\"position\":2,\"name\":\"Pratiche e forme di autonomia contro lo spopolamento la montagna\"}]},{\"@type\":\"WebSite\",\"@id\":\"https:\\\/\\\/www.bellunopress.it\\\/#website\",\"url\":\"https:\\\/\\\/www.bellunopress.it\\\/\",\"name\":\"Bellunopress - Dolomiti\",\"description\":\"e-mail: redazione@bellunopress.it\",\"publisher\":{\"@id\":\"https:\\\/\\\/www.bellunopress.it\\\/#organization\"},\"potentialAction\":[{\"@type\":\"SearchAction\",\"target\":{\"@type\":\"EntryPoint\",\"urlTemplate\":\"https:\\\/\\\/www.bellunopress.it\\\/?s={search_term_string}\"},\"query-input\":{\"@type\":\"PropertyValueSpecification\",\"valueRequired\":true,\"valueName\":\"search_term_string\"}}],\"inLanguage\":\"fr-FR\"},{\"@type\":\"Organization\",\"@id\":\"https:\\\/\\\/www.bellunopress.it\\\/#organization\",\"name\":\"Bellunopress\",\"url\":\"https:\\\/\\\/www.bellunopress.it\\\/\",\"logo\":{\"@type\":\"ImageObject\",\"inLanguage\":\"fr-FR\",\"@id\":\"https:\\\/\\\/www.bellunopress.it\\\/#\\\/schema\\\/logo\\\/image\\\/\",\"url\":\"https:\\\/\\\/www.bellunopress.it\\\/wp-content\\\/uploads\\\/2011\\\/05\\\/cropped-logo-bellunopress-.jpg\",\"contentUrl\":\"https:\\\/\\\/www.bellunopress.it\\\/wp-content\\\/uploads\\\/2011\\\/05\\\/cropped-logo-bellunopress-.jpg\",\"width\":512,\"height\":512,\"caption\":\"Bellunopress\"},\"image\":{\"@id\":\"https:\\\/\\\/www.bellunopress.it\\\/#\\\/schema\\\/logo\\\/image\\\/\"},\"sameAs\":[\"https:\\\/\\\/www.facebook.com\\\/profile.php?id=100008943462799\",\"https:\\\/\\\/x.com\\\/bellunopress\",\"https:\\\/\\\/www.linkedin.com\\\/hp\\\/?dnr=JBzUWaJfMUw8vbXJJ2tVW5-I3jZKvC4wsoxE&amp;amp;amp;amp;amp;amp;trk=nav_responsive_tab_home\",\"https:\\\/\\\/www.youtube.com\\\/channel\\\/UCxL0wu1uN0_3_7hGG0306cw\"]},{\"@type\":\"Person\",\"@id\":\"https:\\\/\\\/www.bellunopress.it\\\/#\\\/schema\\\/person\\\/79bb06722b37ece1c03d3e94beb30d73\",\"name\":\"redazione\",\"image\":{\"@type\":\"ImageObject\",\"inLanguage\":\"fr-FR\",\"@id\":\"https:\\\/\\\/secure.gravatar.com\\\/avatar\\\/37d968a2e67a6fd04c169c4bdef102d0bc5d31b2546345219e348575eb80e9a0?s=96&d=mm&r=g\",\"url\":\"https:\\\/\\\/secure.gravatar.com\\\/avatar\\\/37d968a2e67a6fd04c169c4bdef102d0bc5d31b2546345219e348575eb80e9a0?s=96&d=mm&r=g\",\"contentUrl\":\"https:\\\/\\\/secure.gravatar.com\\\/avatar\\\/37d968a2e67a6fd04c169c4bdef102d0bc5d31b2546345219e348575eb80e9a0?s=96&d=mm&r=g\",\"caption\":\"redazione\"},\"sameAs\":[\"http:\\\/\\\/www.bellunopress.it\",\"https:\\\/\\\/x.com\\\/bellunopress\"],\"url\":\"https:\\\/\\\/www.bellunopress.it\\\/fr\\\/author\\\/redazione\\\/\"}]}<\/script>\n<!-- \/ Yoast SEO plugin. -->","yoast_head_json":{"title":"Pratiche e forme di autonomia contro lo spopolamento la montagna  - Bellunopress - Dolomiti","robots":{"index":"index","follow":"follow","max-snippet":"max-snippet:-1","max-image-preview":"max-image-preview:large","max-video-preview":"max-video-preview:-1"},"canonical":"https:\/\/www.bellunopress.it\/fr\/2009\/06\/15\/pratiche-e-forme-di-autonomia-contro-lo-spopolamento-la-montagna\/","og_locale":"fr_FR","og_type":"article","og_title":"Pratiche e forme di autonomia contro lo spopolamento la montagna  - Bellunopress - Dolomiti","og_description":"\u201cServono pratiche e forme di autonomia. Contro lo spopolamento, la montagna deve fare sinergie economiche e sociali, rafforzare le pratiche che mettono al centro un buon governo del territorio fatto di valorizzazione delle differenze, riconoscimento delle competenze di ciascuno, orientamento agli interessi collettivi e responsabilit\u00e0 rispetto alle future generazioni\u201d. Cos\u00ec Sergio Reolon commenta il dibattito [&hellip;]","og_url":"https:\/\/www.bellunopress.it\/fr\/2009\/06\/15\/pratiche-e-forme-di-autonomia-contro-lo-spopolamento-la-montagna\/","og_site_name":"Bellunopress - Dolomiti","article_publisher":"https:\/\/www.facebook.com\/profile.php?id=100008943462799","article_published_time":"2009-06-15T17:19:13+00:00","article_modified_time":"2009-06-15T17:19:54+00:00","og_image":[{"url":"http:\/\/www.bellunopress.it\/wp-content\/uploads\/2012\/07\/logo-bellunopress-250x250-2012.jpg","type":"","width":"","height":""}],"author":"redazione","twitter_card":"summary_large_image","twitter_creator":"@bellunopress","twitter_site":"@bellunopress","twitter_misc":{"\u00c9crit par":"redazione","Dur\u00e9e de lecture estim\u00e9e":"2 minutes"},"schema":{"@context":"https:\/\/schema.org","@graph":[{"@type":"Article","@id":"https:\/\/www.bellunopress.it\/2009\/06\/15\/pratiche-e-forme-di-autonomia-contro-lo-spopolamento-la-montagna\/#article","isPartOf":{"@id":"https:\/\/www.bellunopress.it\/2009\/06\/15\/pratiche-e-forme-di-autonomia-contro-lo-spopolamento-la-montagna\/"},"author":{"name":"redazione","@id":"https:\/\/www.bellunopress.it\/#\/schema\/person\/79bb06722b37ece1c03d3e94beb30d73"},"headline":"Pratiche e forme di autonomia contro lo spopolamento la montagna","datePublished":"2009-06-15T17:19:13+00:00","dateModified":"2009-06-15T17:19:54+00:00","mainEntityOfPage":{"@id":"https:\/\/www.bellunopress.it\/2009\/06\/15\/pratiche-e-forme-di-autonomia-contro-lo-spopolamento-la-montagna\/"},"wordCount":334,"publisher":{"@id":"https:\/\/www.bellunopress.it\/#organization"},"articleSection":["Cronaca\/Politica"],"inLanguage":"fr-FR"},{"@type":"WebPage","@id":"https:\/\/www.bellunopress.it\/2009\/06\/15\/pratiche-e-forme-di-autonomia-contro-lo-spopolamento-la-montagna\/","url":"https:\/\/www.bellunopress.it\/2009\/06\/15\/pratiche-e-forme-di-autonomia-contro-lo-spopolamento-la-montagna\/","name":"Pratiche e forme di autonomia contro lo spopolamento la montagna - Bellunopress - Dolomiti","isPartOf":{"@id":"https:\/\/www.bellunopress.it\/#website"},"datePublished":"2009-06-15T17:19:13+00:00","dateModified":"2009-06-15T17:19:54+00:00","breadcrumb":{"@id":"https:\/\/www.bellunopress.it\/2009\/06\/15\/pratiche-e-forme-di-autonomia-contro-lo-spopolamento-la-montagna\/#breadcrumb"},"inLanguage":"fr-FR","potentialAction":[{"@type":"ReadAction","target":["https:\/\/www.bellunopress.it\/2009\/06\/15\/pratiche-e-forme-di-autonomia-contro-lo-spopolamento-la-montagna\/"]}]},{"@type":"BreadcrumbList","@id":"https:\/\/www.bellunopress.it\/2009\/06\/15\/pratiche-e-forme-di-autonomia-contro-lo-spopolamento-la-montagna\/#breadcrumb","itemListElement":[{"@type":"ListItem","position":1,"name":"Home","item":"https:\/\/www.bellunopress.it\/"},{"@type":"ListItem","position":2,"name":"Pratiche e forme di autonomia contro lo spopolamento la montagna"}]},{"@type":"WebSite","@id":"https:\/\/www.bellunopress.it\/#website","url":"https:\/\/www.bellunopress.it\/","name":"Bellunopress - Dolomiti","description":"e-mail: redazione@bellunopress.it","publisher":{"@id":"https:\/\/www.bellunopress.it\/#organization"},"potentialAction":[{"@type":"SearchAction","target":{"@type":"EntryPoint","urlTemplate":"https:\/\/www.bellunopress.it\/?s={search_term_string}"},"query-input":{"@type":"PropertyValueSpecification","valueRequired":true,"valueName":"search_term_string"}}],"inLanguage":"fr-FR"},{"@type":"Organization","@id":"https:\/\/www.bellunopress.it\/#organization","name":"Bellunopress","url":"https:\/\/www.bellunopress.it\/","logo":{"@type":"ImageObject","inLanguage":"fr-FR","@id":"https:\/\/www.bellunopress.it\/#\/schema\/logo\/image\/","url":"https:\/\/www.bellunopress.it\/wp-content\/uploads\/2011\/05\/cropped-logo-bellunopress-.jpg","contentUrl":"https:\/\/www.bellunopress.it\/wp-content\/uploads\/2011\/05\/cropped-logo-bellunopress-.jpg","width":512,"height":512,"caption":"Bellunopress"},"image":{"@id":"https:\/\/www.bellunopress.it\/#\/schema\/logo\/image\/"},"sameAs":["https:\/\/www.facebook.com\/profile.php?id=100008943462799","https:\/\/x.com\/bellunopress","https:\/\/www.linkedin.com\/hp\/?dnr=JBzUWaJfMUw8vbXJJ2tVW5-I3jZKvC4wsoxE&amp;amp;amp;amp;amp;amp;trk=nav_responsive_tab_home","https:\/\/www.youtube.com\/channel\/UCxL0wu1uN0_3_7hGG0306cw"]},{"@type":"Person","@id":"https:\/\/www.bellunopress.it\/#\/schema\/person\/79bb06722b37ece1c03d3e94beb30d73","name":"r\u00e9daction","image":{"@type":"ImageObject","inLanguage":"fr-FR","@id":"https:\/\/secure.gravatar.com\/avatar\/37d968a2e67a6fd04c169c4bdef102d0bc5d31b2546345219e348575eb80e9a0?s=96&d=mm&r=g","url":"https:\/\/secure.gravatar.com\/avatar\/37d968a2e67a6fd04c169c4bdef102d0bc5d31b2546345219e348575eb80e9a0?s=96&d=mm&r=g","contentUrl":"https:\/\/secure.gravatar.com\/avatar\/37d968a2e67a6fd04c169c4bdef102d0bc5d31b2546345219e348575eb80e9a0?s=96&d=mm&r=g","caption":"redazione"},"sameAs":["http:\/\/www.bellunopress.it","https:\/\/x.com\/bellunopress"],"url":"https:\/\/www.bellunopress.it\/fr\/author\/redazione\/"}]}},"_links":{"self":[{"href":"https:\/\/www.bellunopress.it\/fr\/wp-json\/wp\/v2\/posts\/4876","targetHints":{"allow":["GET"]}}],"collection":[{"href":"https:\/\/www.bellunopress.it\/fr\/wp-json\/wp\/v2\/posts"}],"about":[{"href":"https:\/\/www.bellunopress.it\/fr\/wp-json\/wp\/v2\/types\/post"}],"author":[{"embeddable":true,"href":"https:\/\/www.bellunopress.it\/fr\/wp-json\/wp\/v2\/users\/2"}],"replies":[{"embeddable":true,"href":"https:\/\/www.bellunopress.it\/fr\/wp-json\/wp\/v2\/comments?post=4876"}],"version-history":[{"count":2,"href":"https:\/\/www.bellunopress.it\/fr\/wp-json\/wp\/v2\/posts\/4876\/revisions"}],"predecessor-version":[{"id":4878,"href":"https:\/\/www.bellunopress.it\/fr\/wp-json\/wp\/v2\/posts\/4876\/revisions\/4878"}],"wp:attachment":[{"href":"https:\/\/www.bellunopress.it\/fr\/wp-json\/wp\/v2\/media?parent=4876"}],"wp:term":[{"taxonomy":"category","embeddable":true,"href":"https:\/\/www.bellunopress.it\/fr\/wp-json\/wp\/v2\/categories?post=4876"},{"taxonomy":"post_tag","embeddable":true,"href":"https:\/\/www.bellunopress.it\/fr\/wp-json\/wp\/v2\/tags?post=4876"}],"curies":[{"name":"wp","href":"https:\/\/api.w.org\/{rel}","templated":true}]}}