{"id":48714,"date":"2013-04-22T12:01:34","date_gmt":"2013-04-22T11:01:34","guid":{"rendered":"http:\/\/www.bellunopress.it\/?p=48714"},"modified":"2013-04-22T14:48:14","modified_gmt":"2013-04-22T13:48:14","slug":"giovani-democratici-del-feltrino-loccupazione-e-finita-dalla-protesta-alla-proposta","status":"publish","type":"post","link":"https:\/\/www.bellunopress.it\/fr\/2013\/04\/22\/giovani-democratici-del-feltrino-loccupazione-e-finita-dalla-protesta-alla-proposta\/","title":{"rendered":"Giovani democratici del Feltrino: l\u2019occupazione \u00e8 finita. Dalla protesta alla proposta"},"content":{"rendered":"<p><a href=\"http:\/\/www.bellunopress.it\/wp-content\/uploads\/2013\/04\/giovani-democratici-feltrino-e-de-menech.jpg\"><img loading=\"lazy\" decoding=\"async\" class=\"alignleft size-full wp-image-48716\" alt=\"giovani democratici feltrino e de menech\" src=\"http:\/\/www.bellunopress.it\/wp-content\/uploads\/2013\/04\/giovani-democratici-feltrino-e-de-menech.jpg\" width=\"290\" height=\"195\" \/><\/a>E&#8217; \u00a0stata ufficialmente sollevata l\u2019occupazione della sede del Partito democratico di Feltre ad opera del locale gruppo dei Giovani democratici. &#8220;I problemi non sono risolti e i nodi non appaiono sbrogliati &#8211; recita una nota del Gruppo &#8211; tuttavia, dopo le giuste, auspicate, pretese dimissioni dell\u2019intera segreteria nazionale, \u00e8 giunto il momento di passare dalla fase della protesta, del dissenso, finanche dello sdegno, a quella della ricostruzione.<\/p>\n<p>Durante l\u2019ultima serata di presidio, il dibattito con l\u2019onorevole Roger De Menech, cui va il merito indiscusso di essersi messo in gioco, faccia a faccia, con la schiettezza e la trasparenza che i Gd di Feltre gli chiedevano, \u00e8 stato partecipatissimo e si \u00e8 protratto fino ad ora tarda nella sede ancora occupata, che non \u00e8 bastata a contenere tutti coloro che vi hanno voluto partecipare. Ad interpellare il deputato, naturalmente, gli iscritti ed elettori Pd, amministratori locali, il consigliere regionale Reolon, persino alcuni attivisti del Movimento 5 Stelle, in una sede che i Gd, con la loro azione, hanno voluto aperta come non mai. Sulla graticola ci sono le scelte del partito nei giorni appena trascorsi, le fratture interne, la vergognosa prova dell\u2019esistenza di potentati orientabili da dentro e fuori il Parlamento.<\/p>\n<p>Ci\u00f2 che emerge con forza \u00e8 un dato: nato per la sintesi tra culture vicine ma non omologhe, il Pd ha per troppo tempo rinunciato alla propria mission, alla propria vocazione unitaria, scegliendo di tenere unito il partito attraverso la mancata adozione di posizioni univoche sui grandi temi, preferendo piuttosto assumere un atteggiamento ondivago, strizzando contemporaneamente l\u2019occhio a Casini ed a Vendola. Il Pd, anzich\u00e9 scegliere di restare unito attraverso la sintesi chiara ed efficace delle posizioni riformiste, spingendo per il superamento della qualifica di ex-questo o ex-quell\u2019altro, ha preferito mantenere una natura ambigua: in sostanza anzich\u00e9 risolvere le proprie contraddizioni interne ha preferito nasconderle sotto il tappeto ed il risultato \u00e8 apparso evidente in tutta la sua pochezza in occasione dell\u2019elezione del Presidente della Repubblica.<\/p>\n<p>Ora per\u00f2 bisogna ripartire e questo \u00e8 l\u2019onere di cui si fanno carico i Gd. La protesta e l\u2019indignazione hanno portato alle dimissioni in toto dell\u2019attuale dirigenza, un primo risultato, ma non \u00e8 che il punto di partenza, ora il partito va ricostruito. \u201cVogliamo essere in prima linea nel farlo \u2013 dicono i giovani \u2013 cominciando dalla \u201cbase\u201de dalla discussione libera, con tutti e su tutti i temi. Vogliamo innanzitutto ascoltare ci\u00f2 che ogni singolo elettore ha da dire, desideriamo comprendere le diverse posizioni, ci piacerebbe discutere con chiunque, tesserato e non, abbia un\u2019idea di cosa deve essere il Pd, per ripartire in primis dalla voce di quel popolo di centrosinistra che si \u00e8 perlopi\u00f9 sentito ignorato dalle scelte dei vertici nazionali. Una discussione sui contenuti prima che sulle persone.\u201d<\/p>\n<p>Per questo, terminata l\u2019occupazione nella nottata appena trascorsa, i Gd hanno deciso che da luned\u00ec 22\/04 a sabato 27\/04, dalle ore 14 alle ore 18, terranno personalmente aperta, attraverso una turnazione giornaliera, la sede del Partito democratico pocanzi \u201cliberata\u201d: \u201csar\u00e0 il luogo per il confronto costruttivo che auspichiamo parta da qui in avanti, aperto a chiunque vi voglia partecipare\u201d. Un percorso che proseguir\u00e0 successivamente ogni sabato pomeriggio, in attesa della calendarizzazione di un programma di eventi di stampo politico-culturale al momento ancora in fase di studio.<\/p>\n<p>L\u2019idea\u00a0 &#8211; conclude la nota del Gruppo Giovani democratici del Feltrino &#8211; \u00e8 \u00a0quella di aprire un tavolo permanente di confronto con gli altri Gd del Veneto, approfittando delle relazioni strette in questi giorni tra gruppi \u201coccupanti\u201d e forti dell\u2019indubbia comunit\u00e0 di intenti che ne \u00e8 emersa.<\/p>","protected":false},"excerpt":{"rendered":"<p>E&#8217; \u00a0stata ufficialmente sollevata l\u2019occupazione della sede del Partito democratico di Feltre ad opera del locale gruppo dei Giovani democratici. &#8220;I problemi non sono risolti e i nodi non appaiono sbrogliati &#8211; recita una nota del Gruppo &#8211; tuttavia, dopo le giuste, auspicate, pretese dimissioni dell\u2019intera segreteria nazionale, \u00e8 giunto il momento di passare dalla [&hellip;]<\/p>\n","protected":false},"author":2,"featured_media":0,"comment_status":"closed","ping_status":"open","sticky":false,"template":"","format":"standard","meta":{"footnotes":""},"categories":[1],"tags":[],"class_list":["post-48714","post","type-post","status-publish","format-standard","category-leo"],"yoast_head":"<!-- This site is optimized with the Yoast SEO plugin v28.4 - https:\/\/yoast.com\/product\/yoast-seo-wordpress\/ -->\n<title>Giovani democratici del Feltrino: l\u2019occupazione \u00e8 finita. Dalla protesta alla proposta - Bellunopress - Dolomiti<\/title>\n<meta name=\"robots\" content=\"index, follow, max-snippet:-1, max-image-preview:large, max-video-preview:-1\" \/>\n<link rel=\"canonical\" href=\"https:\/\/www.bellunopress.it\/fr\/2013\/04\/22\/giovani-democratici-del-feltrino-loccupazione-e-finita-dalla-protesta-alla-proposta\/\" \/>\n<meta property=\"og:locale\" content=\"fr_FR\" \/>\n<meta property=\"og:type\" content=\"article\" \/>\n<meta property=\"og:title\" content=\"Giovani democratici del Feltrino: l\u2019occupazione \u00e8 finita. Dalla protesta alla proposta - Bellunopress - Dolomiti\" \/>\n<meta property=\"og:description\" content=\"E&#8217; \u00a0stata ufficialmente sollevata l\u2019occupazione della sede del Partito democratico di Feltre ad opera del locale gruppo dei Giovani democratici. &#8220;I problemi non sono risolti e i nodi non appaiono sbrogliati &#8211; recita una nota del Gruppo &#8211; tuttavia, dopo le giuste, auspicate, pretese dimissioni dell\u2019intera segreteria nazionale, \u00e8 giunto il momento di passare dalla [&hellip;]\" \/>\n<meta property=\"og:url\" content=\"https:\/\/www.bellunopress.it\/fr\/2013\/04\/22\/giovani-democratici-del-feltrino-loccupazione-e-finita-dalla-protesta-alla-proposta\/\" \/>\n<meta property=\"og:site_name\" content=\"Bellunopress - Dolomiti\" \/>\n<meta property=\"article:publisher\" content=\"https:\/\/www.facebook.com\/profile.php?id=100008943462799\" \/>\n<meta property=\"article:published_time\" content=\"2013-04-22T11:01:34+00:00\" \/>\n<meta property=\"article:modified_time\" content=\"2013-04-22T13:48:14+00:00\" \/>\n<meta property=\"og:image\" content=\"http:\/\/www.bellunopress.it\/wp-content\/uploads\/2013\/04\/giovani-democratici-feltrino-e-de-menech.jpg\" \/>\n<meta name=\"author\" content=\"redazione\" \/>\n<meta name=\"twitter:card\" content=\"summary_large_image\" \/>\n<meta name=\"twitter:creator\" content=\"@bellunopress\" \/>\n<meta name=\"twitter:site\" content=\"@bellunopress\" \/>\n<meta name=\"twitter:label1\" content=\"\u00c9crit par\" \/>\n\t<meta name=\"twitter:data1\" content=\"redazione\" \/>\n\t<meta name=\"twitter:label2\" content=\"Dur\u00e9e de lecture estim\u00e9e\" \/>\n\t<meta name=\"twitter:data2\" content=\"3 minutes\" \/>\n<script type=\"application\/ld+json\" class=\"yoast-schema-graph\">{\"@context\":\"https:\\\/\\\/schema.org\",\"@graph\":[{\"@type\":\"Article\",\"@id\":\"https:\\\/\\\/www.bellunopress.it\\\/2013\\\/04\\\/22\\\/giovani-democratici-del-feltrino-loccupazione-e-finita-dalla-protesta-alla-proposta\\\/#article\",\"isPartOf\":{\"@id\":\"https:\\\/\\\/www.bellunopress.it\\\/2013\\\/04\\\/22\\\/giovani-democratici-del-feltrino-loccupazione-e-finita-dalla-protesta-alla-proposta\\\/\"},\"author\":{\"name\":\"redazione\",\"@id\":\"https:\\\/\\\/www.bellunopress.it\\\/#\\\/schema\\\/person\\\/79bb06722b37ece1c03d3e94beb30d73\"},\"headline\":\"Giovani democratici del Feltrino: l\u2019occupazione \u00e8 finita. Dalla protesta alla proposta\",\"datePublished\":\"2013-04-22T11:01:34+00:00\",\"dateModified\":\"2013-04-22T13:48:14+00:00\",\"mainEntityOfPage\":{\"@id\":\"https:\\\/\\\/www.bellunopress.it\\\/2013\\\/04\\\/22\\\/giovani-democratici-del-feltrino-loccupazione-e-finita-dalla-protesta-alla-proposta\\\/\"},\"wordCount\":598,\"publisher\":{\"@id\":\"https:\\\/\\\/www.bellunopress.it\\\/#organization\"},\"image\":{\"@id\":\"https:\\\/\\\/www.bellunopress.it\\\/2013\\\/04\\\/22\\\/giovani-democratici-del-feltrino-loccupazione-e-finita-dalla-protesta-alla-proposta\\\/#primaryimage\"},\"thumbnailUrl\":\"http:\\\/\\\/www.bellunopress.it\\\/wp-content\\\/uploads\\\/2013\\\/04\\\/giovani-democratici-feltrino-e-de-menech.jpg\",\"articleSection\":[\"Lettere Opinioni\"],\"inLanguage\":\"fr-FR\"},{\"@type\":\"WebPage\",\"@id\":\"https:\\\/\\\/www.bellunopress.it\\\/2013\\\/04\\\/22\\\/giovani-democratici-del-feltrino-loccupazione-e-finita-dalla-protesta-alla-proposta\\\/\",\"url\":\"https:\\\/\\\/www.bellunopress.it\\\/2013\\\/04\\\/22\\\/giovani-democratici-del-feltrino-loccupazione-e-finita-dalla-protesta-alla-proposta\\\/\",\"name\":\"Giovani democratici del Feltrino: l\u2019occupazione \u00e8 finita. Dalla protesta alla proposta - Bellunopress - Dolomiti\",\"isPartOf\":{\"@id\":\"https:\\\/\\\/www.bellunopress.it\\\/#website\"},\"primaryImageOfPage\":{\"@id\":\"https:\\\/\\\/www.bellunopress.it\\\/2013\\\/04\\\/22\\\/giovani-democratici-del-feltrino-loccupazione-e-finita-dalla-protesta-alla-proposta\\\/#primaryimage\"},\"image\":{\"@id\":\"https:\\\/\\\/www.bellunopress.it\\\/2013\\\/04\\\/22\\\/giovani-democratici-del-feltrino-loccupazione-e-finita-dalla-protesta-alla-proposta\\\/#primaryimage\"},\"thumbnailUrl\":\"http:\\\/\\\/www.bellunopress.it\\\/wp-content\\\/uploads\\\/2013\\\/04\\\/giovani-democratici-feltrino-e-de-menech.jpg\",\"datePublished\":\"2013-04-22T11:01:34+00:00\",\"dateModified\":\"2013-04-22T13:48:14+00:00\",\"breadcrumb\":{\"@id\":\"https:\\\/\\\/www.bellunopress.it\\\/2013\\\/04\\\/22\\\/giovani-democratici-del-feltrino-loccupazione-e-finita-dalla-protesta-alla-proposta\\\/#breadcrumb\"},\"inLanguage\":\"fr-FR\",\"potentialAction\":[{\"@type\":\"ReadAction\",\"target\":[\"https:\\\/\\\/www.bellunopress.it\\\/2013\\\/04\\\/22\\\/giovani-democratici-del-feltrino-loccupazione-e-finita-dalla-protesta-alla-proposta\\\/\"]}]},{\"@type\":\"ImageObject\",\"inLanguage\":\"fr-FR\",\"@id\":\"https:\\\/\\\/www.bellunopress.it\\\/2013\\\/04\\\/22\\\/giovani-democratici-del-feltrino-loccupazione-e-finita-dalla-protesta-alla-proposta\\\/#primaryimage\",\"url\":\"http:\\\/\\\/www.bellunopress.it\\\/wp-content\\\/uploads\\\/2013\\\/04\\\/giovani-democratici-feltrino-e-de-menech.jpg\",\"contentUrl\":\"http:\\\/\\\/www.bellunopress.it\\\/wp-content\\\/uploads\\\/2013\\\/04\\\/giovani-democratici-feltrino-e-de-menech.jpg\"},{\"@type\":\"BreadcrumbList\",\"@id\":\"https:\\\/\\\/www.bellunopress.it\\\/2013\\\/04\\\/22\\\/giovani-democratici-del-feltrino-loccupazione-e-finita-dalla-protesta-alla-proposta\\\/#breadcrumb\",\"itemListElement\":[{\"@type\":\"ListItem\",\"position\":1,\"name\":\"Home\",\"item\":\"https:\\\/\\\/www.bellunopress.it\\\/\"},{\"@type\":\"ListItem\",\"position\":2,\"name\":\"Giovani democratici del Feltrino: l\u2019occupazione \u00e8 finita. Dalla protesta alla proposta\"}]},{\"@type\":\"WebSite\",\"@id\":\"https:\\\/\\\/www.bellunopress.it\\\/#website\",\"url\":\"https:\\\/\\\/www.bellunopress.it\\\/\",\"name\":\"Bellunopress - Dolomiti\",\"description\":\"e-mail: redazione@bellunopress.it\",\"publisher\":{\"@id\":\"https:\\\/\\\/www.bellunopress.it\\\/#organization\"},\"potentialAction\":[{\"@type\":\"SearchAction\",\"target\":{\"@type\":\"EntryPoint\",\"urlTemplate\":\"https:\\\/\\\/www.bellunopress.it\\\/?s={search_term_string}\"},\"query-input\":{\"@type\":\"PropertyValueSpecification\",\"valueRequired\":true,\"valueName\":\"search_term_string\"}}],\"inLanguage\":\"fr-FR\"},{\"@type\":\"Organization\",\"@id\":\"https:\\\/\\\/www.bellunopress.it\\\/#organization\",\"name\":\"Bellunopress\",\"url\":\"https:\\\/\\\/www.bellunopress.it\\\/\",\"logo\":{\"@type\":\"ImageObject\",\"inLanguage\":\"fr-FR\",\"@id\":\"https:\\\/\\\/www.bellunopress.it\\\/#\\\/schema\\\/logo\\\/image\\\/\",\"url\":\"https:\\\/\\\/www.bellunopress.it\\\/wp-content\\\/uploads\\\/2011\\\/05\\\/cropped-logo-bellunopress-.jpg\",\"contentUrl\":\"https:\\\/\\\/www.bellunopress.it\\\/wp-content\\\/uploads\\\/2011\\\/05\\\/cropped-logo-bellunopress-.jpg\",\"width\":512,\"height\":512,\"caption\":\"Bellunopress\"},\"image\":{\"@id\":\"https:\\\/\\\/www.bellunopress.it\\\/#\\\/schema\\\/logo\\\/image\\\/\"},\"sameAs\":[\"https:\\\/\\\/www.facebook.com\\\/profile.php?id=100008943462799\",\"https:\\\/\\\/x.com\\\/bellunopress\",\"https:\\\/\\\/www.linkedin.com\\\/hp\\\/?dnr=JBzUWaJfMUw8vbXJJ2tVW5-I3jZKvC4wsoxE&amp;amp;amp;amp;amp;amp;trk=nav_responsive_tab_home\",\"https:\\\/\\\/www.youtube.com\\\/channel\\\/UCxL0wu1uN0_3_7hGG0306cw\"]},{\"@type\":\"Person\",\"@id\":\"https:\\\/\\\/www.bellunopress.it\\\/#\\\/schema\\\/person\\\/79bb06722b37ece1c03d3e94beb30d73\",\"name\":\"redazione\",\"image\":{\"@type\":\"ImageObject\",\"inLanguage\":\"fr-FR\",\"@id\":\"https:\\\/\\\/secure.gravatar.com\\\/avatar\\\/37d968a2e67a6fd04c169c4bdef102d0bc5d31b2546345219e348575eb80e9a0?s=96&d=mm&r=g\",\"url\":\"https:\\\/\\\/secure.gravatar.com\\\/avatar\\\/37d968a2e67a6fd04c169c4bdef102d0bc5d31b2546345219e348575eb80e9a0?s=96&d=mm&r=g\",\"contentUrl\":\"https:\\\/\\\/secure.gravatar.com\\\/avatar\\\/37d968a2e67a6fd04c169c4bdef102d0bc5d31b2546345219e348575eb80e9a0?s=96&d=mm&r=g\",\"caption\":\"redazione\"},\"sameAs\":[\"http:\\\/\\\/www.bellunopress.it\",\"https:\\\/\\\/x.com\\\/bellunopress\"],\"url\":\"https:\\\/\\\/www.bellunopress.it\\\/fr\\\/author\\\/redazione\\\/\"}]}<\/script>\n<!-- \/ Yoast SEO plugin. -->","yoast_head_json":{"title":"Giovani democratici del Feltrino: l\u2019occupazione \u00e8 finita. Dalla protesta alla proposta - Bellunopress - Dolomiti","robots":{"index":"index","follow":"follow","max-snippet":"max-snippet:-1","max-image-preview":"max-image-preview:large","max-video-preview":"max-video-preview:-1"},"canonical":"https:\/\/www.bellunopress.it\/fr\/2013\/04\/22\/giovani-democratici-del-feltrino-loccupazione-e-finita-dalla-protesta-alla-proposta\/","og_locale":"fr_FR","og_type":"article","og_title":"Giovani democratici del Feltrino: l\u2019occupazione \u00e8 finita. Dalla protesta alla proposta - Bellunopress - Dolomiti","og_description":"E&#8217; \u00a0stata ufficialmente sollevata l\u2019occupazione della sede del Partito democratico di Feltre ad opera del locale gruppo dei Giovani democratici. &#8220;I problemi non sono risolti e i nodi non appaiono sbrogliati &#8211; recita una nota del Gruppo &#8211; tuttavia, dopo le giuste, auspicate, pretese dimissioni dell\u2019intera segreteria nazionale, \u00e8 giunto il momento di passare dalla [&hellip;]","og_url":"https:\/\/www.bellunopress.it\/fr\/2013\/04\/22\/giovani-democratici-del-feltrino-loccupazione-e-finita-dalla-protesta-alla-proposta\/","og_site_name":"Bellunopress - Dolomiti","article_publisher":"https:\/\/www.facebook.com\/profile.php?id=100008943462799","article_published_time":"2013-04-22T11:01:34+00:00","article_modified_time":"2013-04-22T13:48:14+00:00","og_image":[{"url":"http:\/\/www.bellunopress.it\/wp-content\/uploads\/2013\/04\/giovani-democratici-feltrino-e-de-menech.jpg","type":"","width":"","height":""}],"author":"redazione","twitter_card":"summary_large_image","twitter_creator":"@bellunopress","twitter_site":"@bellunopress","twitter_misc":{"\u00c9crit par":"redazione","Dur\u00e9e de lecture estim\u00e9e":"3 minutes"},"schema":{"@context":"https:\/\/schema.org","@graph":[{"@type":"Article","@id":"https:\/\/www.bellunopress.it\/2013\/04\/22\/giovani-democratici-del-feltrino-loccupazione-e-finita-dalla-protesta-alla-proposta\/#article","isPartOf":{"@id":"https:\/\/www.bellunopress.it\/2013\/04\/22\/giovani-democratici-del-feltrino-loccupazione-e-finita-dalla-protesta-alla-proposta\/"},"author":{"name":"redazione","@id":"https:\/\/www.bellunopress.it\/#\/schema\/person\/79bb06722b37ece1c03d3e94beb30d73"},"headline":"Giovani democratici del Feltrino: l\u2019occupazione \u00e8 finita. Dalla protesta alla proposta","datePublished":"2013-04-22T11:01:34+00:00","dateModified":"2013-04-22T13:48:14+00:00","mainEntityOfPage":{"@id":"https:\/\/www.bellunopress.it\/2013\/04\/22\/giovani-democratici-del-feltrino-loccupazione-e-finita-dalla-protesta-alla-proposta\/"},"wordCount":598,"publisher":{"@id":"https:\/\/www.bellunopress.it\/#organization"},"image":{"@id":"https:\/\/www.bellunopress.it\/2013\/04\/22\/giovani-democratici-del-feltrino-loccupazione-e-finita-dalla-protesta-alla-proposta\/#primaryimage"},"thumbnailUrl":"http:\/\/www.bellunopress.it\/wp-content\/uploads\/2013\/04\/giovani-democratici-feltrino-e-de-menech.jpg","articleSection":["Lettere Opinioni"],"inLanguage":"fr-FR"},{"@type":"WebPage","@id":"https:\/\/www.bellunopress.it\/2013\/04\/22\/giovani-democratici-del-feltrino-loccupazione-e-finita-dalla-protesta-alla-proposta\/","url":"https:\/\/www.bellunopress.it\/2013\/04\/22\/giovani-democratici-del-feltrino-loccupazione-e-finita-dalla-protesta-alla-proposta\/","name":"Giovani democratici del Feltrino: l\u2019occupazione \u00e8 finita. Dalla protesta alla proposta - Bellunopress - Dolomiti","isPartOf":{"@id":"https:\/\/www.bellunopress.it\/#website"},"primaryImageOfPage":{"@id":"https:\/\/www.bellunopress.it\/2013\/04\/22\/giovani-democratici-del-feltrino-loccupazione-e-finita-dalla-protesta-alla-proposta\/#primaryimage"},"image":{"@id":"https:\/\/www.bellunopress.it\/2013\/04\/22\/giovani-democratici-del-feltrino-loccupazione-e-finita-dalla-protesta-alla-proposta\/#primaryimage"},"thumbnailUrl":"http:\/\/www.bellunopress.it\/wp-content\/uploads\/2013\/04\/giovani-democratici-feltrino-e-de-menech.jpg","datePublished":"2013-04-22T11:01:34+00:00","dateModified":"2013-04-22T13:48:14+00:00","breadcrumb":{"@id":"https:\/\/www.bellunopress.it\/2013\/04\/22\/giovani-democratici-del-feltrino-loccupazione-e-finita-dalla-protesta-alla-proposta\/#breadcrumb"},"inLanguage":"fr-FR","potentialAction":[{"@type":"ReadAction","target":["https:\/\/www.bellunopress.it\/2013\/04\/22\/giovani-democratici-del-feltrino-loccupazione-e-finita-dalla-protesta-alla-proposta\/"]}]},{"@type":"ImageObject","inLanguage":"fr-FR","@id":"https:\/\/www.bellunopress.it\/2013\/04\/22\/giovani-democratici-del-feltrino-loccupazione-e-finita-dalla-protesta-alla-proposta\/#primaryimage","url":"http:\/\/www.bellunopress.it\/wp-content\/uploads\/2013\/04\/giovani-democratici-feltrino-e-de-menech.jpg","contentUrl":"http:\/\/www.bellunopress.it\/wp-content\/uploads\/2013\/04\/giovani-democratici-feltrino-e-de-menech.jpg"},{"@type":"BreadcrumbList","@id":"https:\/\/www.bellunopress.it\/2013\/04\/22\/giovani-democratici-del-feltrino-loccupazione-e-finita-dalla-protesta-alla-proposta\/#breadcrumb","itemListElement":[{"@type":"ListItem","position":1,"name":"Home","item":"https:\/\/www.bellunopress.it\/"},{"@type":"ListItem","position":2,"name":"Giovani democratici del Feltrino: l\u2019occupazione \u00e8 finita. Dalla protesta alla proposta"}]},{"@type":"WebSite","@id":"https:\/\/www.bellunopress.it\/#website","url":"https:\/\/www.bellunopress.it\/","name":"Bellunopress - Dolomiti","description":"e-mail: redazione@bellunopress.it","publisher":{"@id":"https:\/\/www.bellunopress.it\/#organization"},"potentialAction":[{"@type":"SearchAction","target":{"@type":"EntryPoint","urlTemplate":"https:\/\/www.bellunopress.it\/?s={search_term_string}"},"query-input":{"@type":"PropertyValueSpecification","valueRequired":true,"valueName":"search_term_string"}}],"inLanguage":"fr-FR"},{"@type":"Organization","@id":"https:\/\/www.bellunopress.it\/#organization","name":"Bellunopress","url":"https:\/\/www.bellunopress.it\/","logo":{"@type":"ImageObject","inLanguage":"fr-FR","@id":"https:\/\/www.bellunopress.it\/#\/schema\/logo\/image\/","url":"https:\/\/www.bellunopress.it\/wp-content\/uploads\/2011\/05\/cropped-logo-bellunopress-.jpg","contentUrl":"https:\/\/www.bellunopress.it\/wp-content\/uploads\/2011\/05\/cropped-logo-bellunopress-.jpg","width":512,"height":512,"caption":"Bellunopress"},"image":{"@id":"https:\/\/www.bellunopress.it\/#\/schema\/logo\/image\/"},"sameAs":["https:\/\/www.facebook.com\/profile.php?id=100008943462799","https:\/\/x.com\/bellunopress","https:\/\/www.linkedin.com\/hp\/?dnr=JBzUWaJfMUw8vbXJJ2tVW5-I3jZKvC4wsoxE&amp;amp;amp;amp;amp;amp;trk=nav_responsive_tab_home","https:\/\/www.youtube.com\/channel\/UCxL0wu1uN0_3_7hGG0306cw"]},{"@type":"Person","@id":"https:\/\/www.bellunopress.it\/#\/schema\/person\/79bb06722b37ece1c03d3e94beb30d73","name":"r\u00e9daction","image":{"@type":"ImageObject","inLanguage":"fr-FR","@id":"https:\/\/secure.gravatar.com\/avatar\/37d968a2e67a6fd04c169c4bdef102d0bc5d31b2546345219e348575eb80e9a0?s=96&d=mm&r=g","url":"https:\/\/secure.gravatar.com\/avatar\/37d968a2e67a6fd04c169c4bdef102d0bc5d31b2546345219e348575eb80e9a0?s=96&d=mm&r=g","contentUrl":"https:\/\/secure.gravatar.com\/avatar\/37d968a2e67a6fd04c169c4bdef102d0bc5d31b2546345219e348575eb80e9a0?s=96&d=mm&r=g","caption":"redazione"},"sameAs":["http:\/\/www.bellunopress.it","https:\/\/x.com\/bellunopress"],"url":"https:\/\/www.bellunopress.it\/fr\/author\/redazione\/"}]}},"_links":{"self":[{"href":"https:\/\/www.bellunopress.it\/fr\/wp-json\/wp\/v2\/posts\/48714","targetHints":{"allow":["GET"]}}],"collection":[{"href":"https:\/\/www.bellunopress.it\/fr\/wp-json\/wp\/v2\/posts"}],"about":[{"href":"https:\/\/www.bellunopress.it\/fr\/wp-json\/wp\/v2\/types\/post"}],"author":[{"embeddable":true,"href":"https:\/\/www.bellunopress.it\/fr\/wp-json\/wp\/v2\/users\/2"}],"replies":[{"embeddable":true,"href":"https:\/\/www.bellunopress.it\/fr\/wp-json\/wp\/v2\/comments?post=48714"}],"version-history":[{"count":2,"href":"https:\/\/www.bellunopress.it\/fr\/wp-json\/wp\/v2\/posts\/48714\/revisions"}],"predecessor-version":[{"id":48717,"href":"https:\/\/www.bellunopress.it\/fr\/wp-json\/wp\/v2\/posts\/48714\/revisions\/48717"}],"wp:attachment":[{"href":"https:\/\/www.bellunopress.it\/fr\/wp-json\/wp\/v2\/media?parent=48714"}],"wp:term":[{"taxonomy":"category","embeddable":true,"href":"https:\/\/www.bellunopress.it\/fr\/wp-json\/wp\/v2\/categories?post=48714"},{"taxonomy":"post_tag","embeddable":true,"href":"https:\/\/www.bellunopress.it\/fr\/wp-json\/wp\/v2\/tags?post=48714"}],"curies":[{"name":"wp","href":"https:\/\/api.w.org\/{rel}","templated":true}]}}