{"id":48712,"date":"2013-04-22T10:52:00","date_gmt":"2013-04-22T09:52:00","guid":{"rendered":"http:\/\/www.bellunopress.it\/?p=48712"},"modified":"2013-04-22T10:52:00","modified_gmt":"2013-04-22T09:52:00","slug":"da-martedi-su-telebelluno-i-documentari-di-giuseppe-taffarel","status":"publish","type":"post","link":"https:\/\/www.bellunopress.it\/fr\/2013\/04\/22\/da-martedi-su-telebelluno-i-documentari-di-giuseppe-taffarel\/","title":{"rendered":"Da marted\u00ec su Telebelluno i documentari di Giuseppe Taffarel"},"content":{"rendered":"<p>Telebelluno, grazie alla collaborazione con il professor Mirco Melanco, docente di cinema presso il DAMS &#8211; Universit\u00e0 di Padova, propone una serie di documentari realizzati da Giuseppe Taffarel. In onda ogni settimana, a partire da marted\u00ec 23 aprile 2013 alle 17.55, mercoled\u00ec alle 23.50, gioved\u00ec alle 20.50, venerd\u00ec alle 14.00 e sabato alle 15.40. Si inizia con il documentario biografico \u201cGiuseppe Taffarel &#8211; l&#8217;altro volto del Neorealismo\u201d. Questo documentario spiega vita e opere di Giuseppe Taffarel. Attore e prolifico regista di documentari, Taffarel ha vissuto a lungo sapendo ben guardare la vita degli altri, cercando di capire e cogliere i fili tra la piccola invisibile storia e la grande storia. Per questo oggi i suoi documentari rimangono come piccole perle nella storia del cinema, trasformando la vita e il dolore di persone comuni in poetica dell&#8217;immagine.<\/p>\n<p>La programmazione prevede poi la proposta del film \u201cLa Croce\u201d (1960, 10&#8242;); \u201cIl ritorno di Barba Giovanni\u201d (1960, 10&#8242;); \u201cFazzoletti di terra\u201d (1963, 13&#8242;); \u201cUna guida alpina\u201d (1960, 12&#8242;); \u201cLa montagna del sole\u201d (1966, 13&#8242;); \u201cUn alpino della settima\u201d (1969, 18&#8242;); \u201cIl bosco delle castagne\u201d (1971, 19&#8242;); \u201cVia crucis\u201d (1972, 17&#8242;) e \u201cLa leggenda dell&#8217;ultimo dei Croderes\u201d (1970, 16&#8242;).<\/p>\n<p>BIOGRAFIA<\/p>\n<p>Giuseppe Taffarel nasce a Vittorio Veneto (Treviso) il 1\u00b0 marzo 1922, dove muore il 9 aprile 2012, fin da piccolo manifesta un\u2019innata passione per il teatro. Nel 1943 si arruola nella resistenza partigiana combattuta sulle prealpi bellunesi-trevigiane. Si distingue per il coraggio in numerose azioni di guerra. Nel 1946 torna a Roma, nel periodo d\u2019oro neorealista frequentando il mondo del cinema che si ritrova alla trattoria dei Fratelli Menghi e al bar Rosati. Nella capitale mentre partecipa alla scrittura di numerose sceneggiature, intraprende la carriera di attore cinematografico. Alla fine degli anni Quaranta collabora con Glauco Pellegrini e Rodolfo Sonego alla realizzazione di alcuni documentari. Nel 1960 \u2013 dopo aver teorizzato sulla nascita del \u201cnuovo cinema documentario\u201d con Michelangelo Antonioni e l\u2019amico coetaneo Vittorio De Seta \u2013 dirige il suo primo film La Croce girato a Vittorio Veneto e dintorni. Da allora fino all\u2019inizio degli anni Ottanta, realizza oltre trecento documentari di tematiche e generi diversi: dalla paleontologia alla storia contemporanea, dalle scienze naturali ai costumi italiani fino alla rappresentazione di citt\u00e0 e di paesaggi dove la storia dell\u2019arte e l\u2019antropologia sono sempre messe in risalto. In tutte le opere di Taffarel lo sguardo antropologico\/etnografico confluisce nell\u2019estetica dell\u2019immagine, culminando in momenti di assoluta liricit\u00e0 e rara poetica audiovisiva. La capacit\u00e0 dell\u2019autore veneto di osservare la vita, afferrando i fili che collegano la piccola storia dell\u2019uomo comune alla grande storia dell\u2019umanit\u00e0, \u00e8 riconoscibile in una ventina di cortometraggi di stile neorealista.<\/p>","protected":false},"excerpt":{"rendered":"<p>Telebelluno, grazie alla collaborazione con il professor Mirco Melanco, docente di cinema presso il DAMS &#8211; Universit\u00e0 di Padova, propone una serie di documentari realizzati da Giuseppe Taffarel. In onda ogni settimana, a partire da marted\u00ec 23 aprile 2013 alle 17.55, mercoled\u00ec alle 23.50, gioved\u00ec alle 20.50, venerd\u00ec alle 14.00 e sabato alle 15.40. Si [&hellip;]<\/p>\n","protected":false},"author":2,"featured_media":0,"comment_status":"closed","ping_status":"open","sticky":false,"template":"","format":"standard","meta":{"footnotes":""},"categories":[27,3,25],"tags":[],"class_list":["post-48712","post","type-post","status-publish","format-standard","category-appuntamenti","category-arte-cultura-spettacoli-scienza-archivi","category-pausa-caffe"],"yoast_head":"<!-- This site is optimized with the Yoast SEO plugin v28.4 - https:\/\/yoast.com\/product\/yoast-seo-wordpress\/ -->\n<title>Da marted\u00ec su Telebelluno i documentari di Giuseppe Taffarel - Bellunopress - Dolomiti<\/title>\n<meta name=\"robots\" content=\"index, follow, max-snippet:-1, max-image-preview:large, max-video-preview:-1\" \/>\n<link rel=\"canonical\" href=\"https:\/\/www.bellunopress.it\/fr\/2013\/04\/22\/da-martedi-su-telebelluno-i-documentari-di-giuseppe-taffarel\/\" \/>\n<meta property=\"og:locale\" content=\"fr_FR\" \/>\n<meta property=\"og:type\" content=\"article\" \/>\n<meta property=\"og:title\" content=\"Da marted\u00ec su Telebelluno i documentari di Giuseppe Taffarel - Bellunopress - Dolomiti\" \/>\n<meta property=\"og:description\" content=\"Telebelluno, grazie alla collaborazione con il professor Mirco Melanco, docente di cinema presso il DAMS &#8211; Universit\u00e0 di Padova, propone una serie di documentari realizzati da Giuseppe Taffarel. In onda ogni settimana, a partire da marted\u00ec 23 aprile 2013 alle 17.55, mercoled\u00ec alle 23.50, gioved\u00ec alle 20.50, venerd\u00ec alle 14.00 e sabato alle 15.40. Si [&hellip;]\" \/>\n<meta property=\"og:url\" content=\"https:\/\/www.bellunopress.it\/fr\/2013\/04\/22\/da-martedi-su-telebelluno-i-documentari-di-giuseppe-taffarel\/\" \/>\n<meta property=\"og:site_name\" content=\"Bellunopress - Dolomiti\" \/>\n<meta property=\"article:publisher\" content=\"https:\/\/www.facebook.com\/profile.php?id=100008943462799\" \/>\n<meta property=\"article:published_time\" content=\"2013-04-22T09:52:00+00:00\" \/>\n<meta property=\"og:image\" content=\"http:\/\/www.bellunopress.it\/wp-content\/uploads\/2012\/07\/logo-bellunopress-250x250-2012.jpg\" \/>\n<meta name=\"author\" content=\"redazione\" \/>\n<meta name=\"twitter:card\" content=\"summary_large_image\" \/>\n<meta name=\"twitter:creator\" content=\"@bellunopress\" \/>\n<meta name=\"twitter:site\" content=\"@bellunopress\" \/>\n<meta name=\"twitter:label1\" content=\"\u00c9crit par\" \/>\n\t<meta name=\"twitter:data1\" content=\"redazione\" \/>\n\t<meta name=\"twitter:label2\" content=\"Dur\u00e9e de lecture estim\u00e9e\" \/>\n\t<meta name=\"twitter:data2\" content=\"2 minutes\" \/>\n<script type=\"application\/ld+json\" class=\"yoast-schema-graph\">{\"@context\":\"https:\\\/\\\/schema.org\",\"@graph\":[{\"@type\":\"Article\",\"@id\":\"https:\\\/\\\/www.bellunopress.it\\\/2013\\\/04\\\/22\\\/da-martedi-su-telebelluno-i-documentari-di-giuseppe-taffarel\\\/#article\",\"isPartOf\":{\"@id\":\"https:\\\/\\\/www.bellunopress.it\\\/2013\\\/04\\\/22\\\/da-martedi-su-telebelluno-i-documentari-di-giuseppe-taffarel\\\/\"},\"author\":{\"name\":\"redazione\",\"@id\":\"https:\\\/\\\/www.bellunopress.it\\\/#\\\/schema\\\/person\\\/79bb06722b37ece1c03d3e94beb30d73\"},\"headline\":\"Da marted\u00ec su Telebelluno i documentari di Giuseppe Taffarel\",\"datePublished\":\"2013-04-22T09:52:00+00:00\",\"mainEntityOfPage\":{\"@id\":\"https:\\\/\\\/www.bellunopress.it\\\/2013\\\/04\\\/22\\\/da-martedi-su-telebelluno-i-documentari-di-giuseppe-taffarel\\\/\"},\"wordCount\":425,\"publisher\":{\"@id\":\"https:\\\/\\\/www.bellunopress.it\\\/#organization\"},\"articleSection\":[\"Appuntamenti, Eventi\",\"Arte, Cultura, Spettacoli, Scienza\",\"Pausa Caff\u00e8\"],\"inLanguage\":\"fr-FR\"},{\"@type\":\"WebPage\",\"@id\":\"https:\\\/\\\/www.bellunopress.it\\\/2013\\\/04\\\/22\\\/da-martedi-su-telebelluno-i-documentari-di-giuseppe-taffarel\\\/\",\"url\":\"https:\\\/\\\/www.bellunopress.it\\\/2013\\\/04\\\/22\\\/da-martedi-su-telebelluno-i-documentari-di-giuseppe-taffarel\\\/\",\"name\":\"Da marted\u00ec su Telebelluno i documentari di Giuseppe Taffarel - Bellunopress - Dolomiti\",\"isPartOf\":{\"@id\":\"https:\\\/\\\/www.bellunopress.it\\\/#website\"},\"datePublished\":\"2013-04-22T09:52:00+00:00\",\"breadcrumb\":{\"@id\":\"https:\\\/\\\/www.bellunopress.it\\\/2013\\\/04\\\/22\\\/da-martedi-su-telebelluno-i-documentari-di-giuseppe-taffarel\\\/#breadcrumb\"},\"inLanguage\":\"fr-FR\",\"potentialAction\":[{\"@type\":\"ReadAction\",\"target\":[\"https:\\\/\\\/www.bellunopress.it\\\/2013\\\/04\\\/22\\\/da-martedi-su-telebelluno-i-documentari-di-giuseppe-taffarel\\\/\"]}]},{\"@type\":\"BreadcrumbList\",\"@id\":\"https:\\\/\\\/www.bellunopress.it\\\/2013\\\/04\\\/22\\\/da-martedi-su-telebelluno-i-documentari-di-giuseppe-taffarel\\\/#breadcrumb\",\"itemListElement\":[{\"@type\":\"ListItem\",\"position\":1,\"name\":\"Home\",\"item\":\"https:\\\/\\\/www.bellunopress.it\\\/\"},{\"@type\":\"ListItem\",\"position\":2,\"name\":\"Da marted\u00ec su Telebelluno i documentari di Giuseppe Taffarel\"}]},{\"@type\":\"WebSite\",\"@id\":\"https:\\\/\\\/www.bellunopress.it\\\/#website\",\"url\":\"https:\\\/\\\/www.bellunopress.it\\\/\",\"name\":\"Bellunopress - Dolomiti\",\"description\":\"e-mail: redazione@bellunopress.it\",\"publisher\":{\"@id\":\"https:\\\/\\\/www.bellunopress.it\\\/#organization\"},\"potentialAction\":[{\"@type\":\"SearchAction\",\"target\":{\"@type\":\"EntryPoint\",\"urlTemplate\":\"https:\\\/\\\/www.bellunopress.it\\\/?s={search_term_string}\"},\"query-input\":{\"@type\":\"PropertyValueSpecification\",\"valueRequired\":true,\"valueName\":\"search_term_string\"}}],\"inLanguage\":\"fr-FR\"},{\"@type\":\"Organization\",\"@id\":\"https:\\\/\\\/www.bellunopress.it\\\/#organization\",\"name\":\"Bellunopress\",\"url\":\"https:\\\/\\\/www.bellunopress.it\\\/\",\"logo\":{\"@type\":\"ImageObject\",\"inLanguage\":\"fr-FR\",\"@id\":\"https:\\\/\\\/www.bellunopress.it\\\/#\\\/schema\\\/logo\\\/image\\\/\",\"url\":\"https:\\\/\\\/www.bellunopress.it\\\/wp-content\\\/uploads\\\/2011\\\/05\\\/cropped-logo-bellunopress-.jpg\",\"contentUrl\":\"https:\\\/\\\/www.bellunopress.it\\\/wp-content\\\/uploads\\\/2011\\\/05\\\/cropped-logo-bellunopress-.jpg\",\"width\":512,\"height\":512,\"caption\":\"Bellunopress\"},\"image\":{\"@id\":\"https:\\\/\\\/www.bellunopress.it\\\/#\\\/schema\\\/logo\\\/image\\\/\"},\"sameAs\":[\"https:\\\/\\\/www.facebook.com\\\/profile.php?id=100008943462799\",\"https:\\\/\\\/x.com\\\/bellunopress\",\"https:\\\/\\\/www.linkedin.com\\\/hp\\\/?dnr=JBzUWaJfMUw8vbXJJ2tVW5-I3jZKvC4wsoxE&amp;amp;amp;amp;amp;amp;trk=nav_responsive_tab_home\",\"https:\\\/\\\/www.youtube.com\\\/channel\\\/UCxL0wu1uN0_3_7hGG0306cw\"]},{\"@type\":\"Person\",\"@id\":\"https:\\\/\\\/www.bellunopress.it\\\/#\\\/schema\\\/person\\\/79bb06722b37ece1c03d3e94beb30d73\",\"name\":\"redazione\",\"image\":{\"@type\":\"ImageObject\",\"inLanguage\":\"fr-FR\",\"@id\":\"https:\\\/\\\/secure.gravatar.com\\\/avatar\\\/37d968a2e67a6fd04c169c4bdef102d0bc5d31b2546345219e348575eb80e9a0?s=96&d=mm&r=g\",\"url\":\"https:\\\/\\\/secure.gravatar.com\\\/avatar\\\/37d968a2e67a6fd04c169c4bdef102d0bc5d31b2546345219e348575eb80e9a0?s=96&d=mm&r=g\",\"contentUrl\":\"https:\\\/\\\/secure.gravatar.com\\\/avatar\\\/37d968a2e67a6fd04c169c4bdef102d0bc5d31b2546345219e348575eb80e9a0?s=96&d=mm&r=g\",\"caption\":\"redazione\"},\"sameAs\":[\"http:\\\/\\\/www.bellunopress.it\",\"https:\\\/\\\/x.com\\\/bellunopress\"],\"url\":\"https:\\\/\\\/www.bellunopress.it\\\/fr\\\/author\\\/redazione\\\/\"}]}<\/script>\n<!-- \/ Yoast SEO plugin. -->","yoast_head_json":{"title":"Da marted\u00ec su Telebelluno i documentari di Giuseppe Taffarel - Bellunopress - Dolomiti","robots":{"index":"index","follow":"follow","max-snippet":"max-snippet:-1","max-image-preview":"max-image-preview:large","max-video-preview":"max-video-preview:-1"},"canonical":"https:\/\/www.bellunopress.it\/fr\/2013\/04\/22\/da-martedi-su-telebelluno-i-documentari-di-giuseppe-taffarel\/","og_locale":"fr_FR","og_type":"article","og_title":"Da marted\u00ec su Telebelluno i documentari di Giuseppe Taffarel - Bellunopress - Dolomiti","og_description":"Telebelluno, grazie alla collaborazione con il professor Mirco Melanco, docente di cinema presso il DAMS &#8211; Universit\u00e0 di Padova, propone una serie di documentari realizzati da Giuseppe Taffarel. In onda ogni settimana, a partire da marted\u00ec 23 aprile 2013 alle 17.55, mercoled\u00ec alle 23.50, gioved\u00ec alle 20.50, venerd\u00ec alle 14.00 e sabato alle 15.40. Si [&hellip;]","og_url":"https:\/\/www.bellunopress.it\/fr\/2013\/04\/22\/da-martedi-su-telebelluno-i-documentari-di-giuseppe-taffarel\/","og_site_name":"Bellunopress - Dolomiti","article_publisher":"https:\/\/www.facebook.com\/profile.php?id=100008943462799","article_published_time":"2013-04-22T09:52:00+00:00","og_image":[{"url":"http:\/\/www.bellunopress.it\/wp-content\/uploads\/2012\/07\/logo-bellunopress-250x250-2012.jpg","type":"","width":"","height":""}],"author":"redazione","twitter_card":"summary_large_image","twitter_creator":"@bellunopress","twitter_site":"@bellunopress","twitter_misc":{"\u00c9crit par":"redazione","Dur\u00e9e de lecture estim\u00e9e":"2 minutes"},"schema":{"@context":"https:\/\/schema.org","@graph":[{"@type":"Article","@id":"https:\/\/www.bellunopress.it\/2013\/04\/22\/da-martedi-su-telebelluno-i-documentari-di-giuseppe-taffarel\/#article","isPartOf":{"@id":"https:\/\/www.bellunopress.it\/2013\/04\/22\/da-martedi-su-telebelluno-i-documentari-di-giuseppe-taffarel\/"},"author":{"name":"redazione","@id":"https:\/\/www.bellunopress.it\/#\/schema\/person\/79bb06722b37ece1c03d3e94beb30d73"},"headline":"Da marted\u00ec su Telebelluno i documentari di Giuseppe Taffarel","datePublished":"2013-04-22T09:52:00+00:00","mainEntityOfPage":{"@id":"https:\/\/www.bellunopress.it\/2013\/04\/22\/da-martedi-su-telebelluno-i-documentari-di-giuseppe-taffarel\/"},"wordCount":425,"publisher":{"@id":"https:\/\/www.bellunopress.it\/#organization"},"articleSection":["Appuntamenti, Eventi","Arte, Cultura, Spettacoli, Scienza","Pausa Caff\u00e8"],"inLanguage":"fr-FR"},{"@type":"WebPage","@id":"https:\/\/www.bellunopress.it\/2013\/04\/22\/da-martedi-su-telebelluno-i-documentari-di-giuseppe-taffarel\/","url":"https:\/\/www.bellunopress.it\/2013\/04\/22\/da-martedi-su-telebelluno-i-documentari-di-giuseppe-taffarel\/","name":"Da marted\u00ec su Telebelluno i documentari di Giuseppe Taffarel - Bellunopress - Dolomiti","isPartOf":{"@id":"https:\/\/www.bellunopress.it\/#website"},"datePublished":"2013-04-22T09:52:00+00:00","breadcrumb":{"@id":"https:\/\/www.bellunopress.it\/2013\/04\/22\/da-martedi-su-telebelluno-i-documentari-di-giuseppe-taffarel\/#breadcrumb"},"inLanguage":"fr-FR","potentialAction":[{"@type":"ReadAction","target":["https:\/\/www.bellunopress.it\/2013\/04\/22\/da-martedi-su-telebelluno-i-documentari-di-giuseppe-taffarel\/"]}]},{"@type":"BreadcrumbList","@id":"https:\/\/www.bellunopress.it\/2013\/04\/22\/da-martedi-su-telebelluno-i-documentari-di-giuseppe-taffarel\/#breadcrumb","itemListElement":[{"@type":"ListItem","position":1,"name":"Home","item":"https:\/\/www.bellunopress.it\/"},{"@type":"ListItem","position":2,"name":"Da marted\u00ec su Telebelluno i documentari di Giuseppe Taffarel"}]},{"@type":"WebSite","@id":"https:\/\/www.bellunopress.it\/#website","url":"https:\/\/www.bellunopress.it\/","name":"Bellunopress - Dolomiti","description":"e-mail: redazione@bellunopress.it","publisher":{"@id":"https:\/\/www.bellunopress.it\/#organization"},"potentialAction":[{"@type":"SearchAction","target":{"@type":"EntryPoint","urlTemplate":"https:\/\/www.bellunopress.it\/?s={search_term_string}"},"query-input":{"@type":"PropertyValueSpecification","valueRequired":true,"valueName":"search_term_string"}}],"inLanguage":"fr-FR"},{"@type":"Organization","@id":"https:\/\/www.bellunopress.it\/#organization","name":"Bellunopress","url":"https:\/\/www.bellunopress.it\/","logo":{"@type":"ImageObject","inLanguage":"fr-FR","@id":"https:\/\/www.bellunopress.it\/#\/schema\/logo\/image\/","url":"https:\/\/www.bellunopress.it\/wp-content\/uploads\/2011\/05\/cropped-logo-bellunopress-.jpg","contentUrl":"https:\/\/www.bellunopress.it\/wp-content\/uploads\/2011\/05\/cropped-logo-bellunopress-.jpg","width":512,"height":512,"caption":"Bellunopress"},"image":{"@id":"https:\/\/www.bellunopress.it\/#\/schema\/logo\/image\/"},"sameAs":["https:\/\/www.facebook.com\/profile.php?id=100008943462799","https:\/\/x.com\/bellunopress","https:\/\/www.linkedin.com\/hp\/?dnr=JBzUWaJfMUw8vbXJJ2tVW5-I3jZKvC4wsoxE&amp;amp;amp;amp;amp;amp;trk=nav_responsive_tab_home","https:\/\/www.youtube.com\/channel\/UCxL0wu1uN0_3_7hGG0306cw"]},{"@type":"Person","@id":"https:\/\/www.bellunopress.it\/#\/schema\/person\/79bb06722b37ece1c03d3e94beb30d73","name":"r\u00e9daction","image":{"@type":"ImageObject","inLanguage":"fr-FR","@id":"https:\/\/secure.gravatar.com\/avatar\/37d968a2e67a6fd04c169c4bdef102d0bc5d31b2546345219e348575eb80e9a0?s=96&d=mm&r=g","url":"https:\/\/secure.gravatar.com\/avatar\/37d968a2e67a6fd04c169c4bdef102d0bc5d31b2546345219e348575eb80e9a0?s=96&d=mm&r=g","contentUrl":"https:\/\/secure.gravatar.com\/avatar\/37d968a2e67a6fd04c169c4bdef102d0bc5d31b2546345219e348575eb80e9a0?s=96&d=mm&r=g","caption":"redazione"},"sameAs":["http:\/\/www.bellunopress.it","https:\/\/x.com\/bellunopress"],"url":"https:\/\/www.bellunopress.it\/fr\/author\/redazione\/"}]}},"_links":{"self":[{"href":"https:\/\/www.bellunopress.it\/fr\/wp-json\/wp\/v2\/posts\/48712","targetHints":{"allow":["GET"]}}],"collection":[{"href":"https:\/\/www.bellunopress.it\/fr\/wp-json\/wp\/v2\/posts"}],"about":[{"href":"https:\/\/www.bellunopress.it\/fr\/wp-json\/wp\/v2\/types\/post"}],"author":[{"embeddable":true,"href":"https:\/\/www.bellunopress.it\/fr\/wp-json\/wp\/v2\/users\/2"}],"replies":[{"embeddable":true,"href":"https:\/\/www.bellunopress.it\/fr\/wp-json\/wp\/v2\/comments?post=48712"}],"version-history":[{"count":1,"href":"https:\/\/www.bellunopress.it\/fr\/wp-json\/wp\/v2\/posts\/48712\/revisions"}],"predecessor-version":[{"id":48713,"href":"https:\/\/www.bellunopress.it\/fr\/wp-json\/wp\/v2\/posts\/48712\/revisions\/48713"}],"wp:attachment":[{"href":"https:\/\/www.bellunopress.it\/fr\/wp-json\/wp\/v2\/media?parent=48712"}],"wp:term":[{"taxonomy":"category","embeddable":true,"href":"https:\/\/www.bellunopress.it\/fr\/wp-json\/wp\/v2\/categories?post=48712"},{"taxonomy":"post_tag","embeddable":true,"href":"https:\/\/www.bellunopress.it\/fr\/wp-json\/wp\/v2\/tags?post=48712"}],"curies":[{"name":"wp","href":"https:\/\/api.w.org\/{rel}","templated":true}]}}