{"id":4866,"date":"2009-06-15T07:46:43","date_gmt":"2009-06-15T06:46:43","guid":{"rendered":"http:\/\/www.bellunopress.it\/?p=4866"},"modified":"2009-06-15T07:46:43","modified_gmt":"2009-06-15T06:46:43","slug":"in-partenza-lestate-partecipando-ricevuti-a-palazzo-rosso-i-primi-38-ragazzi-che-lavoreranno-in-comune","status":"publish","type":"post","link":"https:\/\/www.bellunopress.it\/fr\/2009\/06\/15\/in-partenza-lestate-partecipando-ricevuti-a-palazzo-rosso-i-primi-38-ragazzi-che-lavoreranno-in-comune\/","title":{"rendered":"In partenza l&#8217;Estate partecipando: ricevuti a Palazzo Rosso i primi 38 ragazzi che lavoreranno in Comune"},"content":{"rendered":"<p>Sono stati ricevuti ieri mattina, nella Sala consiliare di Palazzo Rosso, i 38 ragazzi che, in quattro turni di tre settimane, si alterneranno in attivit\u00e0 di supporto a diversi settori e uffici comunali, a partire dal 15 giugno prossimo. L&#8217;iniziativa, che va sotto il nome di \u201cEstate partecipando\u201d, \u00e8 alla sua terza edizione e registra, anno dopo anno, un crescendo di adesioni. L&#8217;idea di base \u00e8 quella di dare ai ragazzi residenti nel Comune di Belluno, che abbiano tra i 16 e i 18 anni (non compiuti), la possibilit\u00e0 di impegnarsi per tre settimane durante il periodo estivo, per 20 ore alla settimana, in stage formativi che consentano loro di conoscere da vicino l&#8217;organizzazione \u201cComune\u201d, dando una mano per lo svolgimento di alcuni lavoretti di archiviazione o manutenzione ordinaria. \u201cCredo molto in questo progetto \u2013 ha affermato l&#8217;assessore alle Politiche Giovanili, Marco Da Rin Zanco \u2013 perch\u00e9 \u00e8 un&#8217;ottima occasione per incontrare i ragazzi del nostro Comune,\u00a0 instaurando un rapporto privilegiato che ci permetter\u00e0 di comunicare per coinvolgerli in progetti pensati per i giovani. Il loro primo contatto con l&#8217;Informagiovani, attraverso questo esperienza, fa ben sperare che in futuro possano prendere questo servizio come punto di riferimento per le loro esigenze e per essere sempre aggiornati sulle proposte del Comune per loro\u201d. Dopo il saluto di benvenuto da parte dell&#8217;assessore, ai ragazzi sono state illustrate le modalit\u00e0 di svolgimento dello stage, con l&#8217;intervento della referente del Centro per l&#8217;Impiego di Belluno e dei tutor dei diversi settori in cui i ragazzi saranno inseriti. Il progetto \u00e8 stato costruito e seguito dall&#8217;Informagiovani, dall&#8217;Ufficio Formazione del Comune, dal Servizio Sociale e Giovent\u00f9 e verr\u00e0 realizzato grazie all&#8217;impegno dei settori Tecnologici, Economato, Archivio Storico, Archivio e Protocollo, Polizia Locale. Al momento tutti i posti disponibili sono stati assegnati. Si accettano le iscrizioni di ulteriori partecipanti solo in qualit\u00e0 di riserve in caso di eventuali rinunce.<br \/>\nUlteriori informazioni potranno essere chieste all&#8217;Informagiovani di Piazza Duomo, 2, dal marted\u00ec al venerd\u00ec, dalle 16 alle 19, e il sabato, dalle 9 alle 12 (telefono 0437 913255, email: informagiovani@comune.belluno.it, gruppo \u201cBelluno Giovane\u201d su Facebook)<\/p>","protected":false},"excerpt":{"rendered":"<p>Sono stati ricevuti ieri mattina, nella Sala consiliare di Palazzo Rosso, i 38 ragazzi che, in quattro turni di tre settimane, si alterneranno in attivit\u00e0 di supporto a diversi settori e uffici comunali, a partire dal 15 giugno prossimo. L&#8217;iniziativa, che va sotto il nome di \u201cEstate partecipando\u201d, \u00e8 alla sua terza edizione e registra, [&hellip;]<\/p>\n","protected":false},"author":2,"featured_media":0,"comment_status":"closed","ping_status":"open","sticky":false,"template":"","format":"standard","meta":{"footnotes":""},"categories":[36],"tags":[139],"class_list":["post-4866","post","type-post","status-publish","format-standard","category-lavoro-economia","tag-belluno"],"yoast_head":"<!-- This site is optimized with the Yoast SEO plugin v28.4 - https:\/\/yoast.com\/product\/yoast-seo-wordpress\/ -->\n<title>In partenza l&#039;Estate partecipando: ricevuti a Palazzo Rosso i primi 38 ragazzi che lavoreranno in Comune - Bellunopress - Dolomiti<\/title>\n<meta name=\"robots\" content=\"index, follow, max-snippet:-1, max-image-preview:large, max-video-preview:-1\" \/>\n<link rel=\"canonical\" href=\"https:\/\/www.bellunopress.it\/fr\/2009\/06\/15\/in-partenza-lestate-partecipando-ricevuti-a-palazzo-rosso-i-primi-38-ragazzi-che-lavoreranno-in-comune\/\" \/>\n<meta property=\"og:locale\" content=\"fr_FR\" \/>\n<meta property=\"og:type\" content=\"article\" \/>\n<meta property=\"og:title\" content=\"In partenza l&#039;Estate partecipando: ricevuti a Palazzo Rosso i primi 38 ragazzi che lavoreranno in Comune - Bellunopress - Dolomiti\" \/>\n<meta property=\"og:description\" content=\"Sono stati ricevuti ieri mattina, nella Sala consiliare di Palazzo Rosso, i 38 ragazzi che, in quattro turni di tre settimane, si alterneranno in attivit\u00e0 di supporto a diversi settori e uffici comunali, a partire dal 15 giugno prossimo. L&#8217;iniziativa, che va sotto il nome di \u201cEstate partecipando\u201d, \u00e8 alla sua terza edizione e registra, [&hellip;]\" \/>\n<meta property=\"og:url\" content=\"https:\/\/www.bellunopress.it\/fr\/2009\/06\/15\/in-partenza-lestate-partecipando-ricevuti-a-palazzo-rosso-i-primi-38-ragazzi-che-lavoreranno-in-comune\/\" \/>\n<meta property=\"og:site_name\" content=\"Bellunopress - Dolomiti\" \/>\n<meta property=\"article:publisher\" content=\"https:\/\/www.facebook.com\/profile.php?id=100008943462799\" \/>\n<meta property=\"article:published_time\" content=\"2009-06-15T06:46:43+00:00\" \/>\n<meta property=\"og:image\" content=\"http:\/\/www.bellunopress.it\/wp-content\/uploads\/2012\/07\/logo-bellunopress-250x250-2012.jpg\" \/>\n<meta name=\"author\" content=\"redazione\" \/>\n<meta name=\"twitter:card\" content=\"summary_large_image\" \/>\n<meta name=\"twitter:creator\" content=\"@bellunopress\" \/>\n<meta name=\"twitter:site\" content=\"@bellunopress\" \/>\n<meta name=\"twitter:label1\" content=\"\u00c9crit par\" \/>\n\t<meta name=\"twitter:data1\" content=\"redazione\" \/>\n\t<meta name=\"twitter:label2\" content=\"Dur\u00e9e de lecture estim\u00e9e\" \/>\n\t<meta name=\"twitter:data2\" content=\"2 minutes\" \/>\n<script type=\"application\/ld+json\" class=\"yoast-schema-graph\">{\"@context\":\"https:\\\/\\\/schema.org\",\"@graph\":[{\"@type\":\"Article\",\"@id\":\"https:\\\/\\\/www.bellunopress.it\\\/2009\\\/06\\\/15\\\/in-partenza-lestate-partecipando-ricevuti-a-palazzo-rosso-i-primi-38-ragazzi-che-lavoreranno-in-comune\\\/#article\",\"isPartOf\":{\"@id\":\"https:\\\/\\\/www.bellunopress.it\\\/2009\\\/06\\\/15\\\/in-partenza-lestate-partecipando-ricevuti-a-palazzo-rosso-i-primi-38-ragazzi-che-lavoreranno-in-comune\\\/\"},\"author\":{\"name\":\"redazione\",\"@id\":\"https:\\\/\\\/www.bellunopress.it\\\/#\\\/schema\\\/person\\\/79bb06722b37ece1c03d3e94beb30d73\"},\"headline\":\"In partenza l&#8217;Estate partecipando: ricevuti a Palazzo Rosso i primi 38 ragazzi che lavoreranno in Comune\",\"datePublished\":\"2009-06-15T06:46:43+00:00\",\"mainEntityOfPage\":{\"@id\":\"https:\\\/\\\/www.bellunopress.it\\\/2009\\\/06\\\/15\\\/in-partenza-lestate-partecipando-ricevuti-a-palazzo-rosso-i-primi-38-ragazzi-che-lavoreranno-in-comune\\\/\"},\"wordCount\":361,\"publisher\":{\"@id\":\"https:\\\/\\\/www.bellunopress.it\\\/#organization\"},\"keywords\":[\"Belluno\"],\"articleSection\":[\"Lavoro, Economia, Turismo\"],\"inLanguage\":\"fr-FR\"},{\"@type\":\"WebPage\",\"@id\":\"https:\\\/\\\/www.bellunopress.it\\\/2009\\\/06\\\/15\\\/in-partenza-lestate-partecipando-ricevuti-a-palazzo-rosso-i-primi-38-ragazzi-che-lavoreranno-in-comune\\\/\",\"url\":\"https:\\\/\\\/www.bellunopress.it\\\/2009\\\/06\\\/15\\\/in-partenza-lestate-partecipando-ricevuti-a-palazzo-rosso-i-primi-38-ragazzi-che-lavoreranno-in-comune\\\/\",\"name\":\"In partenza l'Estate partecipando: ricevuti a Palazzo Rosso i primi 38 ragazzi che lavoreranno in Comune - Bellunopress - Dolomiti\",\"isPartOf\":{\"@id\":\"https:\\\/\\\/www.bellunopress.it\\\/#website\"},\"datePublished\":\"2009-06-15T06:46:43+00:00\",\"breadcrumb\":{\"@id\":\"https:\\\/\\\/www.bellunopress.it\\\/2009\\\/06\\\/15\\\/in-partenza-lestate-partecipando-ricevuti-a-palazzo-rosso-i-primi-38-ragazzi-che-lavoreranno-in-comune\\\/#breadcrumb\"},\"inLanguage\":\"fr-FR\",\"potentialAction\":[{\"@type\":\"ReadAction\",\"target\":[\"https:\\\/\\\/www.bellunopress.it\\\/2009\\\/06\\\/15\\\/in-partenza-lestate-partecipando-ricevuti-a-palazzo-rosso-i-primi-38-ragazzi-che-lavoreranno-in-comune\\\/\"]}]},{\"@type\":\"BreadcrumbList\",\"@id\":\"https:\\\/\\\/www.bellunopress.it\\\/2009\\\/06\\\/15\\\/in-partenza-lestate-partecipando-ricevuti-a-palazzo-rosso-i-primi-38-ragazzi-che-lavoreranno-in-comune\\\/#breadcrumb\",\"itemListElement\":[{\"@type\":\"ListItem\",\"position\":1,\"name\":\"Home\",\"item\":\"https:\\\/\\\/www.bellunopress.it\\\/\"},{\"@type\":\"ListItem\",\"position\":2,\"name\":\"In partenza l&#8217;Estate partecipando: ricevuti a Palazzo Rosso i primi 38 ragazzi che lavoreranno in Comune\"}]},{\"@type\":\"WebSite\",\"@id\":\"https:\\\/\\\/www.bellunopress.it\\\/#website\",\"url\":\"https:\\\/\\\/www.bellunopress.it\\\/\",\"name\":\"Bellunopress - Dolomiti\",\"description\":\"e-mail: redazione@bellunopress.it\",\"publisher\":{\"@id\":\"https:\\\/\\\/www.bellunopress.it\\\/#organization\"},\"potentialAction\":[{\"@type\":\"SearchAction\",\"target\":{\"@type\":\"EntryPoint\",\"urlTemplate\":\"https:\\\/\\\/www.bellunopress.it\\\/?s={search_term_string}\"},\"query-input\":{\"@type\":\"PropertyValueSpecification\",\"valueRequired\":true,\"valueName\":\"search_term_string\"}}],\"inLanguage\":\"fr-FR\"},{\"@type\":\"Organization\",\"@id\":\"https:\\\/\\\/www.bellunopress.it\\\/#organization\",\"name\":\"Bellunopress\",\"url\":\"https:\\\/\\\/www.bellunopress.it\\\/\",\"logo\":{\"@type\":\"ImageObject\",\"inLanguage\":\"fr-FR\",\"@id\":\"https:\\\/\\\/www.bellunopress.it\\\/#\\\/schema\\\/logo\\\/image\\\/\",\"url\":\"https:\\\/\\\/www.bellunopress.it\\\/wp-content\\\/uploads\\\/2011\\\/05\\\/cropped-logo-bellunopress-.jpg\",\"contentUrl\":\"https:\\\/\\\/www.bellunopress.it\\\/wp-content\\\/uploads\\\/2011\\\/05\\\/cropped-logo-bellunopress-.jpg\",\"width\":512,\"height\":512,\"caption\":\"Bellunopress\"},\"image\":{\"@id\":\"https:\\\/\\\/www.bellunopress.it\\\/#\\\/schema\\\/logo\\\/image\\\/\"},\"sameAs\":[\"https:\\\/\\\/www.facebook.com\\\/profile.php?id=100008943462799\",\"https:\\\/\\\/x.com\\\/bellunopress\",\"https:\\\/\\\/www.linkedin.com\\\/hp\\\/?dnr=JBzUWaJfMUw8vbXJJ2tVW5-I3jZKvC4wsoxE&amp;amp;amp;amp;amp;amp;trk=nav_responsive_tab_home\",\"https:\\\/\\\/www.youtube.com\\\/channel\\\/UCxL0wu1uN0_3_7hGG0306cw\"]},{\"@type\":\"Person\",\"@id\":\"https:\\\/\\\/www.bellunopress.it\\\/#\\\/schema\\\/person\\\/79bb06722b37ece1c03d3e94beb30d73\",\"name\":\"redazione\",\"image\":{\"@type\":\"ImageObject\",\"inLanguage\":\"fr-FR\",\"@id\":\"https:\\\/\\\/secure.gravatar.com\\\/avatar\\\/37d968a2e67a6fd04c169c4bdef102d0bc5d31b2546345219e348575eb80e9a0?s=96&d=mm&r=g\",\"url\":\"https:\\\/\\\/secure.gravatar.com\\\/avatar\\\/37d968a2e67a6fd04c169c4bdef102d0bc5d31b2546345219e348575eb80e9a0?s=96&d=mm&r=g\",\"contentUrl\":\"https:\\\/\\\/secure.gravatar.com\\\/avatar\\\/37d968a2e67a6fd04c169c4bdef102d0bc5d31b2546345219e348575eb80e9a0?s=96&d=mm&r=g\",\"caption\":\"redazione\"},\"sameAs\":[\"http:\\\/\\\/www.bellunopress.it\",\"https:\\\/\\\/x.com\\\/bellunopress\"],\"url\":\"https:\\\/\\\/www.bellunopress.it\\\/fr\\\/author\\\/redazione\\\/\"}]}<\/script>\n<!-- \/ Yoast SEO plugin. -->","yoast_head_json":{"title":"In partenza l'Estate partecipando: ricevuti a Palazzo Rosso i primi 38 ragazzi che lavoreranno in Comune - Bellunopress - Dolomiti","robots":{"index":"index","follow":"follow","max-snippet":"max-snippet:-1","max-image-preview":"max-image-preview:large","max-video-preview":"max-video-preview:-1"},"canonical":"https:\/\/www.bellunopress.it\/fr\/2009\/06\/15\/in-partenza-lestate-partecipando-ricevuti-a-palazzo-rosso-i-primi-38-ragazzi-che-lavoreranno-in-comune\/","og_locale":"fr_FR","og_type":"article","og_title":"In partenza l'Estate partecipando: ricevuti a Palazzo Rosso i primi 38 ragazzi che lavoreranno in Comune - Bellunopress - Dolomiti","og_description":"Sono stati ricevuti ieri mattina, nella Sala consiliare di Palazzo Rosso, i 38 ragazzi che, in quattro turni di tre settimane, si alterneranno in attivit\u00e0 di supporto a diversi settori e uffici comunali, a partire dal 15 giugno prossimo. L&#8217;iniziativa, che va sotto il nome di \u201cEstate partecipando\u201d, \u00e8 alla sua terza edizione e registra, [&hellip;]","og_url":"https:\/\/www.bellunopress.it\/fr\/2009\/06\/15\/in-partenza-lestate-partecipando-ricevuti-a-palazzo-rosso-i-primi-38-ragazzi-che-lavoreranno-in-comune\/","og_site_name":"Bellunopress - Dolomiti","article_publisher":"https:\/\/www.facebook.com\/profile.php?id=100008943462799","article_published_time":"2009-06-15T06:46:43+00:00","og_image":[{"url":"http:\/\/www.bellunopress.it\/wp-content\/uploads\/2012\/07\/logo-bellunopress-250x250-2012.jpg","type":"","width":"","height":""}],"author":"redazione","twitter_card":"summary_large_image","twitter_creator":"@bellunopress","twitter_site":"@bellunopress","twitter_misc":{"\u00c9crit par":"redazione","Dur\u00e9e de lecture estim\u00e9e":"2 minutes"},"schema":{"@context":"https:\/\/schema.org","@graph":[{"@type":"Article","@id":"https:\/\/www.bellunopress.it\/2009\/06\/15\/in-partenza-lestate-partecipando-ricevuti-a-palazzo-rosso-i-primi-38-ragazzi-che-lavoreranno-in-comune\/#article","isPartOf":{"@id":"https:\/\/www.bellunopress.it\/2009\/06\/15\/in-partenza-lestate-partecipando-ricevuti-a-palazzo-rosso-i-primi-38-ragazzi-che-lavoreranno-in-comune\/"},"author":{"name":"redazione","@id":"https:\/\/www.bellunopress.it\/#\/schema\/person\/79bb06722b37ece1c03d3e94beb30d73"},"headline":"In partenza l&#8217;Estate partecipando: ricevuti a Palazzo Rosso i primi 38 ragazzi che lavoreranno in Comune","datePublished":"2009-06-15T06:46:43+00:00","mainEntityOfPage":{"@id":"https:\/\/www.bellunopress.it\/2009\/06\/15\/in-partenza-lestate-partecipando-ricevuti-a-palazzo-rosso-i-primi-38-ragazzi-che-lavoreranno-in-comune\/"},"wordCount":361,"publisher":{"@id":"https:\/\/www.bellunopress.it\/#organization"},"keywords":["Belluno"],"articleSection":["Lavoro, Economia, Turismo"],"inLanguage":"fr-FR"},{"@type":"WebPage","@id":"https:\/\/www.bellunopress.it\/2009\/06\/15\/in-partenza-lestate-partecipando-ricevuti-a-palazzo-rosso-i-primi-38-ragazzi-che-lavoreranno-in-comune\/","url":"https:\/\/www.bellunopress.it\/2009\/06\/15\/in-partenza-lestate-partecipando-ricevuti-a-palazzo-rosso-i-primi-38-ragazzi-che-lavoreranno-in-comune\/","name":"In partenza l'Estate partecipando: ricevuti a Palazzo Rosso i primi 38 ragazzi che lavoreranno in Comune - Bellunopress - Dolomiti","isPartOf":{"@id":"https:\/\/www.bellunopress.it\/#website"},"datePublished":"2009-06-15T06:46:43+00:00","breadcrumb":{"@id":"https:\/\/www.bellunopress.it\/2009\/06\/15\/in-partenza-lestate-partecipando-ricevuti-a-palazzo-rosso-i-primi-38-ragazzi-che-lavoreranno-in-comune\/#breadcrumb"},"inLanguage":"fr-FR","potentialAction":[{"@type":"ReadAction","target":["https:\/\/www.bellunopress.it\/2009\/06\/15\/in-partenza-lestate-partecipando-ricevuti-a-palazzo-rosso-i-primi-38-ragazzi-che-lavoreranno-in-comune\/"]}]},{"@type":"BreadcrumbList","@id":"https:\/\/www.bellunopress.it\/2009\/06\/15\/in-partenza-lestate-partecipando-ricevuti-a-palazzo-rosso-i-primi-38-ragazzi-che-lavoreranno-in-comune\/#breadcrumb","itemListElement":[{"@type":"ListItem","position":1,"name":"Home","item":"https:\/\/www.bellunopress.it\/"},{"@type":"ListItem","position":2,"name":"In partenza l&#8217;Estate partecipando: ricevuti a Palazzo Rosso i primi 38 ragazzi che lavoreranno in Comune"}]},{"@type":"WebSite","@id":"https:\/\/www.bellunopress.it\/#website","url":"https:\/\/www.bellunopress.it\/","name":"Bellunopress - Dolomiti","description":"e-mail: redazione@bellunopress.it","publisher":{"@id":"https:\/\/www.bellunopress.it\/#organization"},"potentialAction":[{"@type":"SearchAction","target":{"@type":"EntryPoint","urlTemplate":"https:\/\/www.bellunopress.it\/?s={search_term_string}"},"query-input":{"@type":"PropertyValueSpecification","valueRequired":true,"valueName":"search_term_string"}}],"inLanguage":"fr-FR"},{"@type":"Organization","@id":"https:\/\/www.bellunopress.it\/#organization","name":"Bellunopress","url":"https:\/\/www.bellunopress.it\/","logo":{"@type":"ImageObject","inLanguage":"fr-FR","@id":"https:\/\/www.bellunopress.it\/#\/schema\/logo\/image\/","url":"https:\/\/www.bellunopress.it\/wp-content\/uploads\/2011\/05\/cropped-logo-bellunopress-.jpg","contentUrl":"https:\/\/www.bellunopress.it\/wp-content\/uploads\/2011\/05\/cropped-logo-bellunopress-.jpg","width":512,"height":512,"caption":"Bellunopress"},"image":{"@id":"https:\/\/www.bellunopress.it\/#\/schema\/logo\/image\/"},"sameAs":["https:\/\/www.facebook.com\/profile.php?id=100008943462799","https:\/\/x.com\/bellunopress","https:\/\/www.linkedin.com\/hp\/?dnr=JBzUWaJfMUw8vbXJJ2tVW5-I3jZKvC4wsoxE&amp;amp;amp;amp;amp;amp;trk=nav_responsive_tab_home","https:\/\/www.youtube.com\/channel\/UCxL0wu1uN0_3_7hGG0306cw"]},{"@type":"Person","@id":"https:\/\/www.bellunopress.it\/#\/schema\/person\/79bb06722b37ece1c03d3e94beb30d73","name":"r\u00e9daction","image":{"@type":"ImageObject","inLanguage":"fr-FR","@id":"https:\/\/secure.gravatar.com\/avatar\/37d968a2e67a6fd04c169c4bdef102d0bc5d31b2546345219e348575eb80e9a0?s=96&d=mm&r=g","url":"https:\/\/secure.gravatar.com\/avatar\/37d968a2e67a6fd04c169c4bdef102d0bc5d31b2546345219e348575eb80e9a0?s=96&d=mm&r=g","contentUrl":"https:\/\/secure.gravatar.com\/avatar\/37d968a2e67a6fd04c169c4bdef102d0bc5d31b2546345219e348575eb80e9a0?s=96&d=mm&r=g","caption":"redazione"},"sameAs":["http:\/\/www.bellunopress.it","https:\/\/x.com\/bellunopress"],"url":"https:\/\/www.bellunopress.it\/fr\/author\/redazione\/"}]}},"_links":{"self":[{"href":"https:\/\/www.bellunopress.it\/fr\/wp-json\/wp\/v2\/posts\/4866","targetHints":{"allow":["GET"]}}],"collection":[{"href":"https:\/\/www.bellunopress.it\/fr\/wp-json\/wp\/v2\/posts"}],"about":[{"href":"https:\/\/www.bellunopress.it\/fr\/wp-json\/wp\/v2\/types\/post"}],"author":[{"embeddable":true,"href":"https:\/\/www.bellunopress.it\/fr\/wp-json\/wp\/v2\/users\/2"}],"replies":[{"embeddable":true,"href":"https:\/\/www.bellunopress.it\/fr\/wp-json\/wp\/v2\/comments?post=4866"}],"version-history":[{"count":1,"href":"https:\/\/www.bellunopress.it\/fr\/wp-json\/wp\/v2\/posts\/4866\/revisions"}],"predecessor-version":[{"id":4867,"href":"https:\/\/www.bellunopress.it\/fr\/wp-json\/wp\/v2\/posts\/4866\/revisions\/4867"}],"wp:attachment":[{"href":"https:\/\/www.bellunopress.it\/fr\/wp-json\/wp\/v2\/media?parent=4866"}],"wp:term":[{"taxonomy":"category","embeddable":true,"href":"https:\/\/www.bellunopress.it\/fr\/wp-json\/wp\/v2\/categories?post=4866"},{"taxonomy":"post_tag","embeddable":true,"href":"https:\/\/www.bellunopress.it\/fr\/wp-json\/wp\/v2\/tags?post=4866"}],"curies":[{"name":"wp","href":"https:\/\/api.w.org\/{rel}","templated":true}]}}