{"id":4863,"date":"2009-06-15T07:41:00","date_gmt":"2009-06-15T06:41:00","guid":{"rendered":"http:\/\/www.bellunopress.it\/?p=4863"},"modified":"2009-06-15T07:41:00","modified_gmt":"2009-06-15T06:41:00","slug":"presentazione-del-libro-%e2%80%9clettere-scomposte%e2%80%9d-di-annarita-capraro","status":"publish","type":"post","link":"https:\/\/www.bellunopress.it\/fr\/2009\/06\/15\/presentazione-del-libro-%e2%80%9clettere-scomposte%e2%80%9d-di-annarita-capraro\/","title":{"rendered":"Presentazione del libro \u201cLettere scomposte\u201d di Annarita Capraro"},"content":{"rendered":"<p><a href=\"http:\/\/www.bellunopress.it\/wp-content\/uploads\/2009\/06\/lettere-scomposte-leggera.jpg\"><img loading=\"lazy\" decoding=\"async\" class=\"alignleft size-medium wp-image-4864\" title=\"lettere-scomposte-leggera\" src=\"http:\/\/www.bellunopress.it\/wp-content\/uploads\/2009\/06\/lettere-scomposte-leggera.jpg\" alt=\"\" width=\"185\" height=\"270\" \/><\/a>La Biblioteca civica di Belluno organizza marted\u00ec 16 giugno alle ore 18 presso l\u2019Auditorium comunale, la presentazione del volume di poesie \u201cLettere scomposte\u201d di Annarita Capraro. Presentazione e letture saranno curate da Pier Luigi Svaluto Moreolo. Come scrive l\u2019autrice, alla sua prima pubblicazione di una raccolta di poesie, \u201cho cominciato a scrivere poesie per me stessa, per cercare di sciogliere alcuni nodi che custodivo nel cuore e cominciavano a pesare. Confidando nel potere catartico dello scritto\u2026 per dare un senso alle paure, alle tristezze, ma anche alle piccole gioie e a tutte le altre emozioni che via via provavo guardandomi dentro, restando in ascolto e scoprendomi fragile e forte allo stesso tempo. Ne \u00e8 nata questa piccola raccolta\u2026 il cui scopo \u00e8 mettersi in viaggio per cercare dentro di s\u00e9 le risposte, riscoprendo altres\u00ec la bellezza imprescindibile di ci\u00f2 che ci sta intorno.\u201d<br \/>\n<strong>Annarita Capraro<\/strong> \u00e8 nata nel 1967 a Belluno, dove tuttora risiede. Ha studiato Lettere Moderne all&#8217;Universit\u00e0 degli Studi di Padova ed attualmente insegna in una Scuola Media della sua citt\u00e0. Da sempre appassionata lettrice, ha cominciato da poco a scrivere con una certa continuit\u00e0. Due sue componimenti sono inseriti in altrettante Antologie edite nell&#8217;anno 2008. Lo scorso mese di febbraio \u00e8 uscita la prima raccolta di poesie dal titolo &#8220;Lettere scomposte&#8221;, Edizioni Panda<\/p>","protected":false},"excerpt":{"rendered":"<p>La Biblioteca civica di Belluno organizza marted\u00ec 16 giugno alle ore 18 presso l\u2019Auditorium comunale, la presentazione del volume di poesie \u201cLettere scomposte\u201d di Annarita Capraro. Presentazione e letture saranno curate da Pier Luigi Svaluto Moreolo. Come scrive l\u2019autrice, alla sua prima pubblicazione di una raccolta di poesie, \u201cho cominciato a scrivere poesie per me [&hellip;]<\/p>\n","protected":false},"author":2,"featured_media":0,"comment_status":"closed","ping_status":"open","sticky":false,"template":"","format":"standard","meta":{"footnotes":""},"categories":[3,25],"tags":[139],"class_list":["post-4863","post","type-post","status-publish","format-standard","category-arte-cultura-spettacoli-scienza-archivi","category-pausa-caffe","tag-belluno"],"yoast_head":"<!-- This site is optimized with the Yoast SEO plugin v28.4 - https:\/\/yoast.com\/product\/yoast-seo-wordpress\/ -->\n<title>Presentazione del libro \u201cLettere scomposte\u201d di Annarita Capraro - Bellunopress - Dolomiti<\/title>\n<meta name=\"robots\" content=\"index, follow, max-snippet:-1, max-image-preview:large, max-video-preview:-1\" \/>\n<link rel=\"canonical\" href=\"https:\/\/www.bellunopress.it\/fr\/2009\/06\/15\/presentazione-del-libro-\u201clettere-scomposte\u201d-di-annarita-capraro\/\" \/>\n<meta property=\"og:locale\" content=\"fr_FR\" \/>\n<meta property=\"og:type\" content=\"article\" \/>\n<meta property=\"og:title\" content=\"Presentazione del libro \u201cLettere scomposte\u201d di Annarita Capraro - Bellunopress - Dolomiti\" \/>\n<meta property=\"og:description\" content=\"La Biblioteca civica di Belluno organizza marted\u00ec 16 giugno alle ore 18 presso l\u2019Auditorium comunale, la presentazione del volume di poesie \u201cLettere scomposte\u201d di Annarita Capraro. Presentazione e letture saranno curate da Pier Luigi Svaluto Moreolo. Come scrive l\u2019autrice, alla sua prima pubblicazione di una raccolta di poesie, \u201cho cominciato a scrivere poesie per me [&hellip;]\" \/>\n<meta property=\"og:url\" content=\"https:\/\/www.bellunopress.it\/fr\/2009\/06\/15\/presentazione-del-libro-\u201clettere-scomposte\u201d-di-annarita-capraro\/\" \/>\n<meta property=\"og:site_name\" content=\"Bellunopress - Dolomiti\" \/>\n<meta property=\"article:publisher\" content=\"https:\/\/www.facebook.com\/profile.php?id=100008943462799\" \/>\n<meta property=\"article:published_time\" content=\"2009-06-15T06:41:00+00:00\" \/>\n<meta property=\"og:image\" content=\"http:\/\/www.bellunopress.it\/wp-content\/uploads\/2009\/06\/lettere-scomposte-leggera.jpg\" \/>\n<meta name=\"author\" content=\"redazione\" \/>\n<meta name=\"twitter:card\" content=\"summary_large_image\" \/>\n<meta name=\"twitter:creator\" content=\"@bellunopress\" \/>\n<meta name=\"twitter:site\" content=\"@bellunopress\" \/>\n<meta name=\"twitter:label1\" content=\"\u00c9crit par\" \/>\n\t<meta name=\"twitter:data1\" content=\"redazione\" \/>\n\t<meta name=\"twitter:label2\" content=\"Dur\u00e9e de lecture estim\u00e9e\" \/>\n\t<meta name=\"twitter:data2\" content=\"1 minute\" \/>\n<script type=\"application\/ld+json\" class=\"yoast-schema-graph\">{\"@context\":\"https:\\\/\\\/schema.org\",\"@graph\":[{\"@type\":\"Article\",\"@id\":\"https:\\\/\\\/www.bellunopress.it\\\/2009\\\/06\\\/15\\\/presentazione-del-libro-%e2%80%9clettere-scomposte%e2%80%9d-di-annarita-capraro\\\/#article\",\"isPartOf\":{\"@id\":\"https:\\\/\\\/www.bellunopress.it\\\/2009\\\/06\\\/15\\\/presentazione-del-libro-%e2%80%9clettere-scomposte%e2%80%9d-di-annarita-capraro\\\/\"},\"author\":{\"name\":\"redazione\",\"@id\":\"https:\\\/\\\/www.bellunopress.it\\\/#\\\/schema\\\/person\\\/79bb06722b37ece1c03d3e94beb30d73\"},\"headline\":\"Presentazione del libro \u201cLettere scomposte\u201d di Annarita Capraro\",\"datePublished\":\"2009-06-15T06:41:00+00:00\",\"mainEntityOfPage\":{\"@id\":\"https:\\\/\\\/www.bellunopress.it\\\/2009\\\/06\\\/15\\\/presentazione-del-libro-%e2%80%9clettere-scomposte%e2%80%9d-di-annarita-capraro\\\/\"},\"wordCount\":220,\"publisher\":{\"@id\":\"https:\\\/\\\/www.bellunopress.it\\\/#organization\"},\"image\":{\"@id\":\"https:\\\/\\\/www.bellunopress.it\\\/2009\\\/06\\\/15\\\/presentazione-del-libro-%e2%80%9clettere-scomposte%e2%80%9d-di-annarita-capraro\\\/#primaryimage\"},\"thumbnailUrl\":\"http:\\\/\\\/www.bellunopress.it\\\/wp-content\\\/uploads\\\/2009\\\/06\\\/lettere-scomposte-leggera.jpg\",\"keywords\":[\"Belluno\"],\"articleSection\":[\"Arte, Cultura, Spettacoli, Scienza\",\"Pausa Caff\u00e8\"],\"inLanguage\":\"fr-FR\"},{\"@type\":\"WebPage\",\"@id\":\"https:\\\/\\\/www.bellunopress.it\\\/2009\\\/06\\\/15\\\/presentazione-del-libro-%e2%80%9clettere-scomposte%e2%80%9d-di-annarita-capraro\\\/\",\"url\":\"https:\\\/\\\/www.bellunopress.it\\\/2009\\\/06\\\/15\\\/presentazione-del-libro-%e2%80%9clettere-scomposte%e2%80%9d-di-annarita-capraro\\\/\",\"name\":\"Presentazione del libro \u201cLettere scomposte\u201d di Annarita Capraro - Bellunopress - Dolomiti\",\"isPartOf\":{\"@id\":\"https:\\\/\\\/www.bellunopress.it\\\/#website\"},\"primaryImageOfPage\":{\"@id\":\"https:\\\/\\\/www.bellunopress.it\\\/2009\\\/06\\\/15\\\/presentazione-del-libro-%e2%80%9clettere-scomposte%e2%80%9d-di-annarita-capraro\\\/#primaryimage\"},\"image\":{\"@id\":\"https:\\\/\\\/www.bellunopress.it\\\/2009\\\/06\\\/15\\\/presentazione-del-libro-%e2%80%9clettere-scomposte%e2%80%9d-di-annarita-capraro\\\/#primaryimage\"},\"thumbnailUrl\":\"http:\\\/\\\/www.bellunopress.it\\\/wp-content\\\/uploads\\\/2009\\\/06\\\/lettere-scomposte-leggera.jpg\",\"datePublished\":\"2009-06-15T06:41:00+00:00\",\"breadcrumb\":{\"@id\":\"https:\\\/\\\/www.bellunopress.it\\\/2009\\\/06\\\/15\\\/presentazione-del-libro-%e2%80%9clettere-scomposte%e2%80%9d-di-annarita-capraro\\\/#breadcrumb\"},\"inLanguage\":\"fr-FR\",\"potentialAction\":[{\"@type\":\"ReadAction\",\"target\":[\"https:\\\/\\\/www.bellunopress.it\\\/2009\\\/06\\\/15\\\/presentazione-del-libro-%e2%80%9clettere-scomposte%e2%80%9d-di-annarita-capraro\\\/\"]}]},{\"@type\":\"ImageObject\",\"inLanguage\":\"fr-FR\",\"@id\":\"https:\\\/\\\/www.bellunopress.it\\\/2009\\\/06\\\/15\\\/presentazione-del-libro-%e2%80%9clettere-scomposte%e2%80%9d-di-annarita-capraro\\\/#primaryimage\",\"url\":\"http:\\\/\\\/www.bellunopress.it\\\/wp-content\\\/uploads\\\/2009\\\/06\\\/lettere-scomposte-leggera.jpg\",\"contentUrl\":\"http:\\\/\\\/www.bellunopress.it\\\/wp-content\\\/uploads\\\/2009\\\/06\\\/lettere-scomposte-leggera.jpg\"},{\"@type\":\"BreadcrumbList\",\"@id\":\"https:\\\/\\\/www.bellunopress.it\\\/2009\\\/06\\\/15\\\/presentazione-del-libro-%e2%80%9clettere-scomposte%e2%80%9d-di-annarita-capraro\\\/#breadcrumb\",\"itemListElement\":[{\"@type\":\"ListItem\",\"position\":1,\"name\":\"Home\",\"item\":\"https:\\\/\\\/www.bellunopress.it\\\/\"},{\"@type\":\"ListItem\",\"position\":2,\"name\":\"Presentazione del libro \u201cLettere scomposte\u201d di Annarita Capraro\"}]},{\"@type\":\"WebSite\",\"@id\":\"https:\\\/\\\/www.bellunopress.it\\\/#website\",\"url\":\"https:\\\/\\\/www.bellunopress.it\\\/\",\"name\":\"Bellunopress - Dolomiti\",\"description\":\"e-mail: redazione@bellunopress.it\",\"publisher\":{\"@id\":\"https:\\\/\\\/www.bellunopress.it\\\/#organization\"},\"potentialAction\":[{\"@type\":\"SearchAction\",\"target\":{\"@type\":\"EntryPoint\",\"urlTemplate\":\"https:\\\/\\\/www.bellunopress.it\\\/?s={search_term_string}\"},\"query-input\":{\"@type\":\"PropertyValueSpecification\",\"valueRequired\":true,\"valueName\":\"search_term_string\"}}],\"inLanguage\":\"fr-FR\"},{\"@type\":\"Organization\",\"@id\":\"https:\\\/\\\/www.bellunopress.it\\\/#organization\",\"name\":\"Bellunopress\",\"url\":\"https:\\\/\\\/www.bellunopress.it\\\/\",\"logo\":{\"@type\":\"ImageObject\",\"inLanguage\":\"fr-FR\",\"@id\":\"https:\\\/\\\/www.bellunopress.it\\\/#\\\/schema\\\/logo\\\/image\\\/\",\"url\":\"https:\\\/\\\/www.bellunopress.it\\\/wp-content\\\/uploads\\\/2011\\\/05\\\/cropped-logo-bellunopress-.jpg\",\"contentUrl\":\"https:\\\/\\\/www.bellunopress.it\\\/wp-content\\\/uploads\\\/2011\\\/05\\\/cropped-logo-bellunopress-.jpg\",\"width\":512,\"height\":512,\"caption\":\"Bellunopress\"},\"image\":{\"@id\":\"https:\\\/\\\/www.bellunopress.it\\\/#\\\/schema\\\/logo\\\/image\\\/\"},\"sameAs\":[\"https:\\\/\\\/www.facebook.com\\\/profile.php?id=100008943462799\",\"https:\\\/\\\/x.com\\\/bellunopress\",\"https:\\\/\\\/www.linkedin.com\\\/hp\\\/?dnr=JBzUWaJfMUw8vbXJJ2tVW5-I3jZKvC4wsoxE&amp;amp;amp;amp;amp;amp;trk=nav_responsive_tab_home\",\"https:\\\/\\\/www.youtube.com\\\/channel\\\/UCxL0wu1uN0_3_7hGG0306cw\"]},{\"@type\":\"Person\",\"@id\":\"https:\\\/\\\/www.bellunopress.it\\\/#\\\/schema\\\/person\\\/79bb06722b37ece1c03d3e94beb30d73\",\"name\":\"redazione\",\"image\":{\"@type\":\"ImageObject\",\"inLanguage\":\"fr-FR\",\"@id\":\"https:\\\/\\\/secure.gravatar.com\\\/avatar\\\/37d968a2e67a6fd04c169c4bdef102d0bc5d31b2546345219e348575eb80e9a0?s=96&d=mm&r=g\",\"url\":\"https:\\\/\\\/secure.gravatar.com\\\/avatar\\\/37d968a2e67a6fd04c169c4bdef102d0bc5d31b2546345219e348575eb80e9a0?s=96&d=mm&r=g\",\"contentUrl\":\"https:\\\/\\\/secure.gravatar.com\\\/avatar\\\/37d968a2e67a6fd04c169c4bdef102d0bc5d31b2546345219e348575eb80e9a0?s=96&d=mm&r=g\",\"caption\":\"redazione\"},\"sameAs\":[\"http:\\\/\\\/www.bellunopress.it\",\"https:\\\/\\\/x.com\\\/bellunopress\"],\"url\":\"https:\\\/\\\/www.bellunopress.it\\\/fr\\\/author\\\/redazione\\\/\"}]}<\/script>\n<!-- \/ Yoast SEO plugin. -->","yoast_head_json":{"title":"Presentazione del libro \u201cLettere scomposte\u201d di Annarita Capraro - Bellunopress - Dolomiti","robots":{"index":"index","follow":"follow","max-snippet":"max-snippet:-1","max-image-preview":"max-image-preview:large","max-video-preview":"max-video-preview:-1"},"canonical":"https:\/\/www.bellunopress.it\/fr\/2009\/06\/15\/presentazione-del-libro-\u201clettere-scomposte\u201d-di-annarita-capraro\/","og_locale":"fr_FR","og_type":"article","og_title":"Presentazione del libro \u201cLettere scomposte\u201d di Annarita Capraro - Bellunopress - Dolomiti","og_description":"La Biblioteca civica di Belluno organizza marted\u00ec 16 giugno alle ore 18 presso l\u2019Auditorium comunale, la presentazione del volume di poesie \u201cLettere scomposte\u201d di Annarita Capraro. Presentazione e letture saranno curate da Pier Luigi Svaluto Moreolo. Come scrive l\u2019autrice, alla sua prima pubblicazione di una raccolta di poesie, \u201cho cominciato a scrivere poesie per me [&hellip;]","og_url":"https:\/\/www.bellunopress.it\/fr\/2009\/06\/15\/presentazione-del-libro-\u201clettere-scomposte\u201d-di-annarita-capraro\/","og_site_name":"Bellunopress - Dolomiti","article_publisher":"https:\/\/www.facebook.com\/profile.php?id=100008943462799","article_published_time":"2009-06-15T06:41:00+00:00","og_image":[{"url":"http:\/\/www.bellunopress.it\/wp-content\/uploads\/2009\/06\/lettere-scomposte-leggera.jpg","type":"","width":"","height":""}],"author":"redazione","twitter_card":"summary_large_image","twitter_creator":"@bellunopress","twitter_site":"@bellunopress","twitter_misc":{"\u00c9crit par":"redazione","Dur\u00e9e de lecture estim\u00e9e":"1 minute"},"schema":{"@context":"https:\/\/schema.org","@graph":[{"@type":"Article","@id":"https:\/\/www.bellunopress.it\/2009\/06\/15\/presentazione-del-libro-%e2%80%9clettere-scomposte%e2%80%9d-di-annarita-capraro\/#article","isPartOf":{"@id":"https:\/\/www.bellunopress.it\/2009\/06\/15\/presentazione-del-libro-%e2%80%9clettere-scomposte%e2%80%9d-di-annarita-capraro\/"},"author":{"name":"redazione","@id":"https:\/\/www.bellunopress.it\/#\/schema\/person\/79bb06722b37ece1c03d3e94beb30d73"},"headline":"Presentazione del libro \u201cLettere scomposte\u201d di Annarita Capraro","datePublished":"2009-06-15T06:41:00+00:00","mainEntityOfPage":{"@id":"https:\/\/www.bellunopress.it\/2009\/06\/15\/presentazione-del-libro-%e2%80%9clettere-scomposte%e2%80%9d-di-annarita-capraro\/"},"wordCount":220,"publisher":{"@id":"https:\/\/www.bellunopress.it\/#organization"},"image":{"@id":"https:\/\/www.bellunopress.it\/2009\/06\/15\/presentazione-del-libro-%e2%80%9clettere-scomposte%e2%80%9d-di-annarita-capraro\/#primaryimage"},"thumbnailUrl":"http:\/\/www.bellunopress.it\/wp-content\/uploads\/2009\/06\/lettere-scomposte-leggera.jpg","keywords":["Belluno"],"articleSection":["Arte, Cultura, Spettacoli, Scienza","Pausa Caff\u00e8"],"inLanguage":"fr-FR"},{"@type":"WebPage","@id":"https:\/\/www.bellunopress.it\/2009\/06\/15\/presentazione-del-libro-%e2%80%9clettere-scomposte%e2%80%9d-di-annarita-capraro\/","url":"https:\/\/www.bellunopress.it\/2009\/06\/15\/presentazione-del-libro-%e2%80%9clettere-scomposte%e2%80%9d-di-annarita-capraro\/","name":"Presentazione del libro \u201cLettere scomposte\u201d di Annarita Capraro - Bellunopress - Dolomiti","isPartOf":{"@id":"https:\/\/www.bellunopress.it\/#website"},"primaryImageOfPage":{"@id":"https:\/\/www.bellunopress.it\/2009\/06\/15\/presentazione-del-libro-%e2%80%9clettere-scomposte%e2%80%9d-di-annarita-capraro\/#primaryimage"},"image":{"@id":"https:\/\/www.bellunopress.it\/2009\/06\/15\/presentazione-del-libro-%e2%80%9clettere-scomposte%e2%80%9d-di-annarita-capraro\/#primaryimage"},"thumbnailUrl":"http:\/\/www.bellunopress.it\/wp-content\/uploads\/2009\/06\/lettere-scomposte-leggera.jpg","datePublished":"2009-06-15T06:41:00+00:00","breadcrumb":{"@id":"https:\/\/www.bellunopress.it\/2009\/06\/15\/presentazione-del-libro-%e2%80%9clettere-scomposte%e2%80%9d-di-annarita-capraro\/#breadcrumb"},"inLanguage":"fr-FR","potentialAction":[{"@type":"ReadAction","target":["https:\/\/www.bellunopress.it\/2009\/06\/15\/presentazione-del-libro-%e2%80%9clettere-scomposte%e2%80%9d-di-annarita-capraro\/"]}]},{"@type":"ImageObject","inLanguage":"fr-FR","@id":"https:\/\/www.bellunopress.it\/2009\/06\/15\/presentazione-del-libro-%e2%80%9clettere-scomposte%e2%80%9d-di-annarita-capraro\/#primaryimage","url":"http:\/\/www.bellunopress.it\/wp-content\/uploads\/2009\/06\/lettere-scomposte-leggera.jpg","contentUrl":"http:\/\/www.bellunopress.it\/wp-content\/uploads\/2009\/06\/lettere-scomposte-leggera.jpg"},{"@type":"BreadcrumbList","@id":"https:\/\/www.bellunopress.it\/2009\/06\/15\/presentazione-del-libro-%e2%80%9clettere-scomposte%e2%80%9d-di-annarita-capraro\/#breadcrumb","itemListElement":[{"@type":"ListItem","position":1,"name":"Home","item":"https:\/\/www.bellunopress.it\/"},{"@type":"ListItem","position":2,"name":"Presentazione del libro \u201cLettere scomposte\u201d di Annarita Capraro"}]},{"@type":"WebSite","@id":"https:\/\/www.bellunopress.it\/#website","url":"https:\/\/www.bellunopress.it\/","name":"Bellunopress - Dolomiti","description":"e-mail: redazione@bellunopress.it","publisher":{"@id":"https:\/\/www.bellunopress.it\/#organization"},"potentialAction":[{"@type":"SearchAction","target":{"@type":"EntryPoint","urlTemplate":"https:\/\/www.bellunopress.it\/?s={search_term_string}"},"query-input":{"@type":"PropertyValueSpecification","valueRequired":true,"valueName":"search_term_string"}}],"inLanguage":"fr-FR"},{"@type":"Organization","@id":"https:\/\/www.bellunopress.it\/#organization","name":"Bellunopress","url":"https:\/\/www.bellunopress.it\/","logo":{"@type":"ImageObject","inLanguage":"fr-FR","@id":"https:\/\/www.bellunopress.it\/#\/schema\/logo\/image\/","url":"https:\/\/www.bellunopress.it\/wp-content\/uploads\/2011\/05\/cropped-logo-bellunopress-.jpg","contentUrl":"https:\/\/www.bellunopress.it\/wp-content\/uploads\/2011\/05\/cropped-logo-bellunopress-.jpg","width":512,"height":512,"caption":"Bellunopress"},"image":{"@id":"https:\/\/www.bellunopress.it\/#\/schema\/logo\/image\/"},"sameAs":["https:\/\/www.facebook.com\/profile.php?id=100008943462799","https:\/\/x.com\/bellunopress","https:\/\/www.linkedin.com\/hp\/?dnr=JBzUWaJfMUw8vbXJJ2tVW5-I3jZKvC4wsoxE&amp;amp;amp;amp;amp;amp;trk=nav_responsive_tab_home","https:\/\/www.youtube.com\/channel\/UCxL0wu1uN0_3_7hGG0306cw"]},{"@type":"Person","@id":"https:\/\/www.bellunopress.it\/#\/schema\/person\/79bb06722b37ece1c03d3e94beb30d73","name":"r\u00e9daction","image":{"@type":"ImageObject","inLanguage":"fr-FR","@id":"https:\/\/secure.gravatar.com\/avatar\/37d968a2e67a6fd04c169c4bdef102d0bc5d31b2546345219e348575eb80e9a0?s=96&d=mm&r=g","url":"https:\/\/secure.gravatar.com\/avatar\/37d968a2e67a6fd04c169c4bdef102d0bc5d31b2546345219e348575eb80e9a0?s=96&d=mm&r=g","contentUrl":"https:\/\/secure.gravatar.com\/avatar\/37d968a2e67a6fd04c169c4bdef102d0bc5d31b2546345219e348575eb80e9a0?s=96&d=mm&r=g","caption":"redazione"},"sameAs":["http:\/\/www.bellunopress.it","https:\/\/x.com\/bellunopress"],"url":"https:\/\/www.bellunopress.it\/fr\/author\/redazione\/"}]}},"_links":{"self":[{"href":"https:\/\/www.bellunopress.it\/fr\/wp-json\/wp\/v2\/posts\/4863","targetHints":{"allow":["GET"]}}],"collection":[{"href":"https:\/\/www.bellunopress.it\/fr\/wp-json\/wp\/v2\/posts"}],"about":[{"href":"https:\/\/www.bellunopress.it\/fr\/wp-json\/wp\/v2\/types\/post"}],"author":[{"embeddable":true,"href":"https:\/\/www.bellunopress.it\/fr\/wp-json\/wp\/v2\/users\/2"}],"replies":[{"embeddable":true,"href":"https:\/\/www.bellunopress.it\/fr\/wp-json\/wp\/v2\/comments?post=4863"}],"version-history":[{"count":1,"href":"https:\/\/www.bellunopress.it\/fr\/wp-json\/wp\/v2\/posts\/4863\/revisions"}],"predecessor-version":[{"id":4865,"href":"https:\/\/www.bellunopress.it\/fr\/wp-json\/wp\/v2\/posts\/4863\/revisions\/4865"}],"wp:attachment":[{"href":"https:\/\/www.bellunopress.it\/fr\/wp-json\/wp\/v2\/media?parent=4863"}],"wp:term":[{"taxonomy":"category","embeddable":true,"href":"https:\/\/www.bellunopress.it\/fr\/wp-json\/wp\/v2\/categories?post=4863"},{"taxonomy":"post_tag","embeddable":true,"href":"https:\/\/www.bellunopress.it\/fr\/wp-json\/wp\/v2\/tags?post=4863"}],"curies":[{"name":"wp","href":"https:\/\/api.w.org\/{rel}","templated":true}]}}