{"id":48590,"date":"2013-04-17T23:49:40","date_gmt":"2013-04-17T22:49:40","guid":{"rendered":"http:\/\/www.bellunopress.it\/?p=48590"},"modified":"2013-04-17T23:49:40","modified_gmt":"2013-04-17T22:49:40","slug":"via-alla-15ma-edizione-di-bella-di-marca-si-inizia-sabato-11-maggio-a-vittorio-veneto","status":"publish","type":"post","link":"https:\/\/www.bellunopress.it\/fr\/2013\/04\/17\/via-alla-15ma-edizione-di-bella-di-marca-si-inizia-sabato-11-maggio-a-vittorio-veneto\/","title":{"rendered":"Via alla 15ma edizione di Bella di Marca. Si inizia sabato 11 maggio a Vittorio Veneto"},"content":{"rendered":"<p>L\u201911 maggio a riparte dal centro storico di Serravalle di Vittorio Veneto alle ore 21.00 la 15ma edizione del Concorso Bella di Marca e terminer\u00e0 con la finale il 21 settembre.<\/p>\n<p><a href=\"http:\/\/www.bellunopress.it\/wp-content\/uploads\/2012\/09\/alexa-draganic-bella-di-marca-2012.jpg\"><img loading=\"lazy\" decoding=\"async\" class=\"alignleft size-thumbnail wp-image-42053\" alt=\"alexa  draganic bella di marca 2012\" src=\"http:\/\/www.bellunopress.it\/wp-content\/uploads\/2012\/09\/alexa-draganic-bella-di-marca-2012-132x150.jpg\" width=\"132\" height=\"150\" \/><\/a>La Prom&amp;venti affiliata alla O.r.ve. Srl annuncia le tante novit\u00e0 di quest\u2019anno, ci saranno tappe in localit\u00e0 nuove, e verranno toccate le principali piazze del Triveneto e le localit\u00e0 balneari pi\u00f9 rinomate, inoltre la Costa Crociere nuovo partner di Bella di Marca organizzer\u00e0 ad ottobre una Crociera Bella di Marca di una settimana con partenza da Trieste con destinazione Grecia, visitando anche la Croazia e il Montenegro. Tanti gli spettacoli di contorno alla manifestazione. L\u2019intento della Prom&amp;venti \u00e8 di allargare ulteriormente gli orizzonti per dare lustro all\u2019evento!!! Per partecipare basta entrare nel sito www.belladimarca.it e fare l\u2019iscrizione, oppure per ulteriori dettagli e informazioni tel. al 346\/6973991.<\/p>\n<p>&nbsp;<\/p>\n<p>&nbsp;<\/p>","protected":false},"excerpt":{"rendered":"<p>L\u201911 maggio a riparte dal centro storico di Serravalle di Vittorio Veneto alle ore 21.00 la 15ma edizione del Concorso Bella di Marca e terminer\u00e0 con la finale il 21 settembre. La Prom&amp;venti affiliata alla O.r.ve. Srl annuncia le tante novit\u00e0 di quest\u2019anno, ci saranno tappe in localit\u00e0 nuove, e verranno toccate le principali piazze [&hellip;]<\/p>\n","protected":false},"author":2,"featured_media":0,"comment_status":"closed","ping_status":"open","sticky":false,"template":"","format":"standard","meta":{"footnotes":""},"categories":[27,3,25],"tags":[],"class_list":["post-48590","post","type-post","status-publish","format-standard","category-appuntamenti","category-arte-cultura-spettacoli-scienza-archivi","category-pausa-caffe"],"yoast_head":"<!-- This site is optimized with the Yoast SEO plugin v28.4 - https:\/\/yoast.com\/product\/yoast-seo-wordpress\/ -->\n<title>Via alla 15ma edizione di Bella di Marca. Si inizia sabato 11 maggio a Vittorio Veneto  - Bellunopress - Dolomiti<\/title>\n<meta name=\"robots\" content=\"index, follow, max-snippet:-1, max-image-preview:large, max-video-preview:-1\" \/>\n<link rel=\"canonical\" href=\"https:\/\/www.bellunopress.it\/fr\/2013\/04\/17\/via-alla-15ma-edizione-di-bella-di-marca-si-inizia-sabato-11-maggio-a-vittorio-veneto\/\" \/>\n<meta property=\"og:locale\" content=\"fr_FR\" \/>\n<meta property=\"og:type\" content=\"article\" \/>\n<meta property=\"og:title\" content=\"Via alla 15ma edizione di Bella di Marca. Si inizia sabato 11 maggio a Vittorio Veneto  - Bellunopress - Dolomiti\" \/>\n<meta property=\"og:description\" content=\"L\u201911 maggio a riparte dal centro storico di Serravalle di Vittorio Veneto alle ore 21.00 la 15ma edizione del Concorso Bella di Marca e terminer\u00e0 con la finale il 21 settembre. La Prom&amp;venti affiliata alla O.r.ve. Srl annuncia le tante novit\u00e0 di quest\u2019anno, ci saranno tappe in localit\u00e0 nuove, e verranno toccate le principali piazze [&hellip;]\" \/>\n<meta property=\"og:url\" content=\"https:\/\/www.bellunopress.it\/fr\/2013\/04\/17\/via-alla-15ma-edizione-di-bella-di-marca-si-inizia-sabato-11-maggio-a-vittorio-veneto\/\" \/>\n<meta property=\"og:site_name\" content=\"Bellunopress - Dolomiti\" \/>\n<meta property=\"article:publisher\" content=\"https:\/\/www.facebook.com\/profile.php?id=100008943462799\" \/>\n<meta property=\"article:published_time\" content=\"2013-04-17T22:49:40+00:00\" \/>\n<meta property=\"og:image\" content=\"http:\/\/www.bellunopress.it\/wp-content\/uploads\/2012\/09\/alexa-draganic-bella-di-marca-2012-132x150.jpg\" \/>\n<meta name=\"author\" content=\"redazione\" \/>\n<meta name=\"twitter:card\" content=\"summary_large_image\" \/>\n<meta name=\"twitter:creator\" content=\"@bellunopress\" \/>\n<meta name=\"twitter:site\" content=\"@bellunopress\" \/>\n<meta name=\"twitter:label1\" content=\"\u00c9crit par\" \/>\n\t<meta name=\"twitter:data1\" content=\"redazione\" \/>\n\t<meta name=\"twitter:label2\" content=\"Dur\u00e9e de lecture estim\u00e9e\" \/>\n\t<meta name=\"twitter:data2\" content=\"1 minute\" \/>\n<script type=\"application\/ld+json\" class=\"yoast-schema-graph\">{\"@context\":\"https:\\\/\\\/schema.org\",\"@graph\":[{\"@type\":\"Article\",\"@id\":\"https:\\\/\\\/www.bellunopress.it\\\/2013\\\/04\\\/17\\\/via-alla-15ma-edizione-di-bella-di-marca-si-inizia-sabato-11-maggio-a-vittorio-veneto\\\/#article\",\"isPartOf\":{\"@id\":\"https:\\\/\\\/www.bellunopress.it\\\/2013\\\/04\\\/17\\\/via-alla-15ma-edizione-di-bella-di-marca-si-inizia-sabato-11-maggio-a-vittorio-veneto\\\/\"},\"author\":{\"name\":\"redazione\",\"@id\":\"https:\\\/\\\/www.bellunopress.it\\\/#\\\/schema\\\/person\\\/79bb06722b37ece1c03d3e94beb30d73\"},\"headline\":\"Via alla 15ma edizione di Bella di Marca. Si inizia sabato 11 maggio a Vittorio Veneto\",\"datePublished\":\"2013-04-17T22:49:40+00:00\",\"mainEntityOfPage\":{\"@id\":\"https:\\\/\\\/www.bellunopress.it\\\/2013\\\/04\\\/17\\\/via-alla-15ma-edizione-di-bella-di-marca-si-inizia-sabato-11-maggio-a-vittorio-veneto\\\/\"},\"wordCount\":162,\"publisher\":{\"@id\":\"https:\\\/\\\/www.bellunopress.it\\\/#organization\"},\"image\":{\"@id\":\"https:\\\/\\\/www.bellunopress.it\\\/2013\\\/04\\\/17\\\/via-alla-15ma-edizione-di-bella-di-marca-si-inizia-sabato-11-maggio-a-vittorio-veneto\\\/#primaryimage\"},\"thumbnailUrl\":\"http:\\\/\\\/www.bellunopress.it\\\/wp-content\\\/uploads\\\/2012\\\/09\\\/alexa-draganic-bella-di-marca-2012-132x150.jpg\",\"articleSection\":[\"Appuntamenti, Eventi\",\"Arte, Cultura, Spettacoli, Scienza\",\"Pausa Caff\u00e8\"],\"inLanguage\":\"fr-FR\"},{\"@type\":\"WebPage\",\"@id\":\"https:\\\/\\\/www.bellunopress.it\\\/2013\\\/04\\\/17\\\/via-alla-15ma-edizione-di-bella-di-marca-si-inizia-sabato-11-maggio-a-vittorio-veneto\\\/\",\"url\":\"https:\\\/\\\/www.bellunopress.it\\\/2013\\\/04\\\/17\\\/via-alla-15ma-edizione-di-bella-di-marca-si-inizia-sabato-11-maggio-a-vittorio-veneto\\\/\",\"name\":\"Via alla 15ma edizione di Bella di Marca. Si inizia sabato 11 maggio a Vittorio Veneto - Bellunopress - Dolomiti\",\"isPartOf\":{\"@id\":\"https:\\\/\\\/www.bellunopress.it\\\/#website\"},\"primaryImageOfPage\":{\"@id\":\"https:\\\/\\\/www.bellunopress.it\\\/2013\\\/04\\\/17\\\/via-alla-15ma-edizione-di-bella-di-marca-si-inizia-sabato-11-maggio-a-vittorio-veneto\\\/#primaryimage\"},\"image\":{\"@id\":\"https:\\\/\\\/www.bellunopress.it\\\/2013\\\/04\\\/17\\\/via-alla-15ma-edizione-di-bella-di-marca-si-inizia-sabato-11-maggio-a-vittorio-veneto\\\/#primaryimage\"},\"thumbnailUrl\":\"http:\\\/\\\/www.bellunopress.it\\\/wp-content\\\/uploads\\\/2012\\\/09\\\/alexa-draganic-bella-di-marca-2012-132x150.jpg\",\"datePublished\":\"2013-04-17T22:49:40+00:00\",\"breadcrumb\":{\"@id\":\"https:\\\/\\\/www.bellunopress.it\\\/2013\\\/04\\\/17\\\/via-alla-15ma-edizione-di-bella-di-marca-si-inizia-sabato-11-maggio-a-vittorio-veneto\\\/#breadcrumb\"},\"inLanguage\":\"fr-FR\",\"potentialAction\":[{\"@type\":\"ReadAction\",\"target\":[\"https:\\\/\\\/www.bellunopress.it\\\/2013\\\/04\\\/17\\\/via-alla-15ma-edizione-di-bella-di-marca-si-inizia-sabato-11-maggio-a-vittorio-veneto\\\/\"]}]},{\"@type\":\"ImageObject\",\"inLanguage\":\"fr-FR\",\"@id\":\"https:\\\/\\\/www.bellunopress.it\\\/2013\\\/04\\\/17\\\/via-alla-15ma-edizione-di-bella-di-marca-si-inizia-sabato-11-maggio-a-vittorio-veneto\\\/#primaryimage\",\"url\":\"http:\\\/\\\/www.bellunopress.it\\\/wp-content\\\/uploads\\\/2012\\\/09\\\/alexa-draganic-bella-di-marca-2012-132x150.jpg\",\"contentUrl\":\"http:\\\/\\\/www.bellunopress.it\\\/wp-content\\\/uploads\\\/2012\\\/09\\\/alexa-draganic-bella-di-marca-2012-132x150.jpg\"},{\"@type\":\"BreadcrumbList\",\"@id\":\"https:\\\/\\\/www.bellunopress.it\\\/2013\\\/04\\\/17\\\/via-alla-15ma-edizione-di-bella-di-marca-si-inizia-sabato-11-maggio-a-vittorio-veneto\\\/#breadcrumb\",\"itemListElement\":[{\"@type\":\"ListItem\",\"position\":1,\"name\":\"Home\",\"item\":\"https:\\\/\\\/www.bellunopress.it\\\/\"},{\"@type\":\"ListItem\",\"position\":2,\"name\":\"Via alla 15ma edizione di Bella di Marca. Si inizia sabato 11 maggio a Vittorio Veneto\"}]},{\"@type\":\"WebSite\",\"@id\":\"https:\\\/\\\/www.bellunopress.it\\\/#website\",\"url\":\"https:\\\/\\\/www.bellunopress.it\\\/\",\"name\":\"Bellunopress - Dolomiti\",\"description\":\"e-mail: redazione@bellunopress.it\",\"publisher\":{\"@id\":\"https:\\\/\\\/www.bellunopress.it\\\/#organization\"},\"potentialAction\":[{\"@type\":\"SearchAction\",\"target\":{\"@type\":\"EntryPoint\",\"urlTemplate\":\"https:\\\/\\\/www.bellunopress.it\\\/?s={search_term_string}\"},\"query-input\":{\"@type\":\"PropertyValueSpecification\",\"valueRequired\":true,\"valueName\":\"search_term_string\"}}],\"inLanguage\":\"fr-FR\"},{\"@type\":\"Organization\",\"@id\":\"https:\\\/\\\/www.bellunopress.it\\\/#organization\",\"name\":\"Bellunopress\",\"url\":\"https:\\\/\\\/www.bellunopress.it\\\/\",\"logo\":{\"@type\":\"ImageObject\",\"inLanguage\":\"fr-FR\",\"@id\":\"https:\\\/\\\/www.bellunopress.it\\\/#\\\/schema\\\/logo\\\/image\\\/\",\"url\":\"https:\\\/\\\/www.bellunopress.it\\\/wp-content\\\/uploads\\\/2011\\\/05\\\/cropped-logo-bellunopress-.jpg\",\"contentUrl\":\"https:\\\/\\\/www.bellunopress.it\\\/wp-content\\\/uploads\\\/2011\\\/05\\\/cropped-logo-bellunopress-.jpg\",\"width\":512,\"height\":512,\"caption\":\"Bellunopress\"},\"image\":{\"@id\":\"https:\\\/\\\/www.bellunopress.it\\\/#\\\/schema\\\/logo\\\/image\\\/\"},\"sameAs\":[\"https:\\\/\\\/www.facebook.com\\\/profile.php?id=100008943462799\",\"https:\\\/\\\/x.com\\\/bellunopress\",\"https:\\\/\\\/www.linkedin.com\\\/hp\\\/?dnr=JBzUWaJfMUw8vbXJJ2tVW5-I3jZKvC4wsoxE&amp;amp;amp;amp;amp;amp;trk=nav_responsive_tab_home\",\"https:\\\/\\\/www.youtube.com\\\/channel\\\/UCxL0wu1uN0_3_7hGG0306cw\"]},{\"@type\":\"Person\",\"@id\":\"https:\\\/\\\/www.bellunopress.it\\\/#\\\/schema\\\/person\\\/79bb06722b37ece1c03d3e94beb30d73\",\"name\":\"redazione\",\"image\":{\"@type\":\"ImageObject\",\"inLanguage\":\"fr-FR\",\"@id\":\"https:\\\/\\\/secure.gravatar.com\\\/avatar\\\/37d968a2e67a6fd04c169c4bdef102d0bc5d31b2546345219e348575eb80e9a0?s=96&d=mm&r=g\",\"url\":\"https:\\\/\\\/secure.gravatar.com\\\/avatar\\\/37d968a2e67a6fd04c169c4bdef102d0bc5d31b2546345219e348575eb80e9a0?s=96&d=mm&r=g\",\"contentUrl\":\"https:\\\/\\\/secure.gravatar.com\\\/avatar\\\/37d968a2e67a6fd04c169c4bdef102d0bc5d31b2546345219e348575eb80e9a0?s=96&d=mm&r=g\",\"caption\":\"redazione\"},\"sameAs\":[\"http:\\\/\\\/www.bellunopress.it\",\"https:\\\/\\\/x.com\\\/bellunopress\"],\"url\":\"https:\\\/\\\/www.bellunopress.it\\\/fr\\\/author\\\/redazione\\\/\"}]}<\/script>\n<!-- \/ Yoast SEO plugin. -->","yoast_head_json":{"title":"Via alla 15ma edizione di Bella di Marca. Si inizia sabato 11 maggio a Vittorio Veneto  - Bellunopress - Dolomiti","robots":{"index":"index","follow":"follow","max-snippet":"max-snippet:-1","max-image-preview":"max-image-preview:large","max-video-preview":"max-video-preview:-1"},"canonical":"https:\/\/www.bellunopress.it\/fr\/2013\/04\/17\/via-alla-15ma-edizione-di-bella-di-marca-si-inizia-sabato-11-maggio-a-vittorio-veneto\/","og_locale":"fr_FR","og_type":"article","og_title":"Via alla 15ma edizione di Bella di Marca. Si inizia sabato 11 maggio a Vittorio Veneto  - Bellunopress - Dolomiti","og_description":"L\u201911 maggio a riparte dal centro storico di Serravalle di Vittorio Veneto alle ore 21.00 la 15ma edizione del Concorso Bella di Marca e terminer\u00e0 con la finale il 21 settembre. La Prom&amp;venti affiliata alla O.r.ve. Srl annuncia le tante novit\u00e0 di quest\u2019anno, ci saranno tappe in localit\u00e0 nuove, e verranno toccate le principali piazze [&hellip;]","og_url":"https:\/\/www.bellunopress.it\/fr\/2013\/04\/17\/via-alla-15ma-edizione-di-bella-di-marca-si-inizia-sabato-11-maggio-a-vittorio-veneto\/","og_site_name":"Bellunopress - Dolomiti","article_publisher":"https:\/\/www.facebook.com\/profile.php?id=100008943462799","article_published_time":"2013-04-17T22:49:40+00:00","og_image":[{"url":"http:\/\/www.bellunopress.it\/wp-content\/uploads\/2012\/09\/alexa-draganic-bella-di-marca-2012-132x150.jpg","type":"","width":"","height":""}],"author":"redazione","twitter_card":"summary_large_image","twitter_creator":"@bellunopress","twitter_site":"@bellunopress","twitter_misc":{"\u00c9crit par":"redazione","Dur\u00e9e de lecture estim\u00e9e":"1 minute"},"schema":{"@context":"https:\/\/schema.org","@graph":[{"@type":"Article","@id":"https:\/\/www.bellunopress.it\/2013\/04\/17\/via-alla-15ma-edizione-di-bella-di-marca-si-inizia-sabato-11-maggio-a-vittorio-veneto\/#article","isPartOf":{"@id":"https:\/\/www.bellunopress.it\/2013\/04\/17\/via-alla-15ma-edizione-di-bella-di-marca-si-inizia-sabato-11-maggio-a-vittorio-veneto\/"},"author":{"name":"redazione","@id":"https:\/\/www.bellunopress.it\/#\/schema\/person\/79bb06722b37ece1c03d3e94beb30d73"},"headline":"Via alla 15ma edizione di Bella di Marca. Si inizia sabato 11 maggio a Vittorio Veneto","datePublished":"2013-04-17T22:49:40+00:00","mainEntityOfPage":{"@id":"https:\/\/www.bellunopress.it\/2013\/04\/17\/via-alla-15ma-edizione-di-bella-di-marca-si-inizia-sabato-11-maggio-a-vittorio-veneto\/"},"wordCount":162,"publisher":{"@id":"https:\/\/www.bellunopress.it\/#organization"},"image":{"@id":"https:\/\/www.bellunopress.it\/2013\/04\/17\/via-alla-15ma-edizione-di-bella-di-marca-si-inizia-sabato-11-maggio-a-vittorio-veneto\/#primaryimage"},"thumbnailUrl":"http:\/\/www.bellunopress.it\/wp-content\/uploads\/2012\/09\/alexa-draganic-bella-di-marca-2012-132x150.jpg","articleSection":["Appuntamenti, Eventi","Arte, Cultura, Spettacoli, Scienza","Pausa Caff\u00e8"],"inLanguage":"fr-FR"},{"@type":"WebPage","@id":"https:\/\/www.bellunopress.it\/2013\/04\/17\/via-alla-15ma-edizione-di-bella-di-marca-si-inizia-sabato-11-maggio-a-vittorio-veneto\/","url":"https:\/\/www.bellunopress.it\/2013\/04\/17\/via-alla-15ma-edizione-di-bella-di-marca-si-inizia-sabato-11-maggio-a-vittorio-veneto\/","name":"Via alla 15ma edizione di Bella di Marca. Si inizia sabato 11 maggio a Vittorio Veneto - Bellunopress - Dolomiti","isPartOf":{"@id":"https:\/\/www.bellunopress.it\/#website"},"primaryImageOfPage":{"@id":"https:\/\/www.bellunopress.it\/2013\/04\/17\/via-alla-15ma-edizione-di-bella-di-marca-si-inizia-sabato-11-maggio-a-vittorio-veneto\/#primaryimage"},"image":{"@id":"https:\/\/www.bellunopress.it\/2013\/04\/17\/via-alla-15ma-edizione-di-bella-di-marca-si-inizia-sabato-11-maggio-a-vittorio-veneto\/#primaryimage"},"thumbnailUrl":"http:\/\/www.bellunopress.it\/wp-content\/uploads\/2012\/09\/alexa-draganic-bella-di-marca-2012-132x150.jpg","datePublished":"2013-04-17T22:49:40+00:00","breadcrumb":{"@id":"https:\/\/www.bellunopress.it\/2013\/04\/17\/via-alla-15ma-edizione-di-bella-di-marca-si-inizia-sabato-11-maggio-a-vittorio-veneto\/#breadcrumb"},"inLanguage":"fr-FR","potentialAction":[{"@type":"ReadAction","target":["https:\/\/www.bellunopress.it\/2013\/04\/17\/via-alla-15ma-edizione-di-bella-di-marca-si-inizia-sabato-11-maggio-a-vittorio-veneto\/"]}]},{"@type":"ImageObject","inLanguage":"fr-FR","@id":"https:\/\/www.bellunopress.it\/2013\/04\/17\/via-alla-15ma-edizione-di-bella-di-marca-si-inizia-sabato-11-maggio-a-vittorio-veneto\/#primaryimage","url":"http:\/\/www.bellunopress.it\/wp-content\/uploads\/2012\/09\/alexa-draganic-bella-di-marca-2012-132x150.jpg","contentUrl":"http:\/\/www.bellunopress.it\/wp-content\/uploads\/2012\/09\/alexa-draganic-bella-di-marca-2012-132x150.jpg"},{"@type":"BreadcrumbList","@id":"https:\/\/www.bellunopress.it\/2013\/04\/17\/via-alla-15ma-edizione-di-bella-di-marca-si-inizia-sabato-11-maggio-a-vittorio-veneto\/#breadcrumb","itemListElement":[{"@type":"ListItem","position":1,"name":"Home","item":"https:\/\/www.bellunopress.it\/"},{"@type":"ListItem","position":2,"name":"Via alla 15ma edizione di Bella di Marca. Si inizia sabato 11 maggio a Vittorio Veneto"}]},{"@type":"WebSite","@id":"https:\/\/www.bellunopress.it\/#website","url":"https:\/\/www.bellunopress.it\/","name":"Bellunopress - Dolomiti","description":"e-mail: redazione@bellunopress.it","publisher":{"@id":"https:\/\/www.bellunopress.it\/#organization"},"potentialAction":[{"@type":"SearchAction","target":{"@type":"EntryPoint","urlTemplate":"https:\/\/www.bellunopress.it\/?s={search_term_string}"},"query-input":{"@type":"PropertyValueSpecification","valueRequired":true,"valueName":"search_term_string"}}],"inLanguage":"fr-FR"},{"@type":"Organization","@id":"https:\/\/www.bellunopress.it\/#organization","name":"Bellunopress","url":"https:\/\/www.bellunopress.it\/","logo":{"@type":"ImageObject","inLanguage":"fr-FR","@id":"https:\/\/www.bellunopress.it\/#\/schema\/logo\/image\/","url":"https:\/\/www.bellunopress.it\/wp-content\/uploads\/2011\/05\/cropped-logo-bellunopress-.jpg","contentUrl":"https:\/\/www.bellunopress.it\/wp-content\/uploads\/2011\/05\/cropped-logo-bellunopress-.jpg","width":512,"height":512,"caption":"Bellunopress"},"image":{"@id":"https:\/\/www.bellunopress.it\/#\/schema\/logo\/image\/"},"sameAs":["https:\/\/www.facebook.com\/profile.php?id=100008943462799","https:\/\/x.com\/bellunopress","https:\/\/www.linkedin.com\/hp\/?dnr=JBzUWaJfMUw8vbXJJ2tVW5-I3jZKvC4wsoxE&amp;amp;amp;amp;amp;amp;trk=nav_responsive_tab_home","https:\/\/www.youtube.com\/channel\/UCxL0wu1uN0_3_7hGG0306cw"]},{"@type":"Person","@id":"https:\/\/www.bellunopress.it\/#\/schema\/person\/79bb06722b37ece1c03d3e94beb30d73","name":"r\u00e9daction","image":{"@type":"ImageObject","inLanguage":"fr-FR","@id":"https:\/\/secure.gravatar.com\/avatar\/37d968a2e67a6fd04c169c4bdef102d0bc5d31b2546345219e348575eb80e9a0?s=96&d=mm&r=g","url":"https:\/\/secure.gravatar.com\/avatar\/37d968a2e67a6fd04c169c4bdef102d0bc5d31b2546345219e348575eb80e9a0?s=96&d=mm&r=g","contentUrl":"https:\/\/secure.gravatar.com\/avatar\/37d968a2e67a6fd04c169c4bdef102d0bc5d31b2546345219e348575eb80e9a0?s=96&d=mm&r=g","caption":"redazione"},"sameAs":["http:\/\/www.bellunopress.it","https:\/\/x.com\/bellunopress"],"url":"https:\/\/www.bellunopress.it\/fr\/author\/redazione\/"}]}},"_links":{"self":[{"href":"https:\/\/www.bellunopress.it\/fr\/wp-json\/wp\/v2\/posts\/48590","targetHints":{"allow":["GET"]}}],"collection":[{"href":"https:\/\/www.bellunopress.it\/fr\/wp-json\/wp\/v2\/posts"}],"about":[{"href":"https:\/\/www.bellunopress.it\/fr\/wp-json\/wp\/v2\/types\/post"}],"author":[{"embeddable":true,"href":"https:\/\/www.bellunopress.it\/fr\/wp-json\/wp\/v2\/users\/2"}],"replies":[{"embeddable":true,"href":"https:\/\/www.bellunopress.it\/fr\/wp-json\/wp\/v2\/comments?post=48590"}],"version-history":[{"count":1,"href":"https:\/\/www.bellunopress.it\/fr\/wp-json\/wp\/v2\/posts\/48590\/revisions"}],"predecessor-version":[{"id":48591,"href":"https:\/\/www.bellunopress.it\/fr\/wp-json\/wp\/v2\/posts\/48590\/revisions\/48591"}],"wp:attachment":[{"href":"https:\/\/www.bellunopress.it\/fr\/wp-json\/wp\/v2\/media?parent=48590"}],"wp:term":[{"taxonomy":"category","embeddable":true,"href":"https:\/\/www.bellunopress.it\/fr\/wp-json\/wp\/v2\/categories?post=48590"},{"taxonomy":"post_tag","embeddable":true,"href":"https:\/\/www.bellunopress.it\/fr\/wp-json\/wp\/v2\/tags?post=48590"}],"curies":[{"name":"wp","href":"https:\/\/api.w.org\/{rel}","templated":true}]}}