{"id":4859,"date":"2009-06-14T17:25:53","date_gmt":"2009-06-14T16:25:53","guid":{"rendered":"http:\/\/www.bellunopress.it\/?p=4859"},"modified":"2009-06-14T17:27:04","modified_gmt":"2009-06-14T16:27:04","slug":"veneto-e-trentino-risposte-diverse-alla-crisi","status":"publish","type":"post","link":"https:\/\/www.bellunopress.it\/fr\/2009\/06\/14\/veneto-e-trentino-risposte-diverse-alla-crisi\/","title":{"rendered":"Veneto e Trentino, risposte diverse alla crisi"},"content":{"rendered":"<p><a href=\"http:\/\/www.bellunopress.it\/wp-content\/uploads\/2009\/06\/maurizio-ranon.jpg\"><img loading=\"lazy\" decoding=\"async\" class=\"alignleft size-medium wp-image-4860\" title=\"maurizio-ranon\" src=\"http:\/\/www.bellunopress.it\/wp-content\/uploads\/2009\/06\/maurizio-ranon.jpg\" alt=\"\" width=\"90\" height=\"90\" \/><\/a>I comuni bellunesi hanno tempo fino al 13 luglio per, inoltrare alla giunta regionale domanda per ottenere un contributo dell\u201980% sui piccoli lavori sotto i 500 mila euro che saranno realizzati dalle pubbliche amministrazioni. \u201c L\u2019iniziativa che ha una funzione chiaramente anticiclica rispetto all\u2019attuale difficile fase congiunturale e che era una delle nostre precise richieste \u2013 fa notare il presidente dell\u2019A.P.P.I.A. Moreno De Col \u2013 punta a mettere in moto appalti di piccola taglia che rappresentano, nel panorama regionale, circa il 60% in termini numerici e il 15% in termini di valore, del totale dei lavori pubblici cantierati. La decisione di riservare nel bilancio di previsione regionale\u00a0 2010 risorse per questa fascia dimensionale di lavori da destinare , mediante procedure semplici, a programmi di spesa da portare a compimento in tempi brevi, \u00e9 sicuramente positiva e pu\u00f2 costituire una buona occasione di lavoro per le imprese di minori dimensioni.\u201dLe tipologie di opere ammissibili, riguardano la realizzazione di reti viarie, di reti idriche, di illuminazione di telecomunicazione, la costruzione o il rinnovo di edifici pubblici anche in funzione sismica, l\u2019abbattimento di barriere architettoniche,\u00a0 la prevenzione incendi. Interessante il fatto che tali lavori non dovranno essere tra gli interventi gi\u00e0 inclusi dai comuni nell\u2019elenco dei lavori pubblici 2009 in quanto la finalit\u00e0 \u00e9 appunto quella di stimolare lavori aggiuntivi creando quindi possibilit\u00e0 di nuovo lavoro per le imprese.\u00a0 Un\u2019azione sicuramente apprezzabile che va nella giusta direzione anche a parere del direttore dell\u2019Associazione Maurizio Ranon (nella foto)\u00a0che non pu\u00f2 non sottolineare come esista comunque uno squilibrio evidente tra provvedimenti anticrisi posti in atto da regioni a statuto ordinario e regioni a statuto speciale. E\u2019 di questi giorni, continua Ranon, la decisione dell\u2019amministrazione provinciale di Trento di portare la dotazione del fondo per le ristrutturazioni edilizie private da 30 a 85 milioni di euro in modo tale da garantire alle oltre 3400 domande pervenute un contributo pari al 30% dell\u2019investimento. Ci\u00f2 significher\u00e0 che per i prossimi due anni le imprese edili trentine, in particolare quelle artigianali e medio piccole, avranno lavori certi per circa 300 milioni di euro anche considerata la scarsa permeabilit\u00e0 di quel territorio a presenze imprenditoriali esterne. Anche la crisi insomma si affronta con strumenti e risorse differenti tra territori vicini ampliando, se possibile, le differenze gi\u00e0 esistenti. L\u2019unica considerazione positiva \u00e9 forse data dal fatto che le imprese trentine saranno molto impegnate a lavorare in casa e quindi ridurranno la loro presenza in provincia di Belluno. Ma non si tratta di una grande consolazione.<\/p>","protected":false},"excerpt":{"rendered":"<p>I comuni bellunesi hanno tempo fino al 13 luglio per, inoltrare alla giunta regionale domanda per ottenere un contributo dell\u201980% sui piccoli lavori sotto i 500 mila euro che saranno realizzati dalle pubbliche amministrazioni. \u201c L\u2019iniziativa che ha una funzione chiaramente anticiclica rispetto all\u2019attuale difficile fase congiunturale e che era una delle nostre precise richieste [&hellip;]<\/p>\n","protected":false},"author":2,"featured_media":0,"comment_status":"closed","ping_status":"open","sticky":false,"template":"","format":"standard","meta":{"footnotes":""},"categories":[5,36,26],"tags":[139],"class_list":["post-4859","post","type-post","status-publish","format-standard","category-cronaca","category-lavoro-economia","category-prima-pagina","tag-belluno"],"yoast_head":"<!-- This site is optimized with the Yoast SEO plugin v28.4 - https:\/\/yoast.com\/product\/yoast-seo-wordpress\/ -->\n<title>Veneto e Trentino, risposte diverse alla crisi - Bellunopress - Dolomiti<\/title>\n<meta name=\"robots\" content=\"index, follow, max-snippet:-1, max-image-preview:large, max-video-preview:-1\" \/>\n<link rel=\"canonical\" href=\"https:\/\/www.bellunopress.it\/fr\/2009\/06\/14\/veneto-e-trentino-risposte-diverse-alla-crisi\/\" \/>\n<meta property=\"og:locale\" content=\"fr_FR\" \/>\n<meta property=\"og:type\" content=\"article\" \/>\n<meta property=\"og:title\" content=\"Veneto e Trentino, risposte diverse alla crisi - Bellunopress - Dolomiti\" \/>\n<meta property=\"og:description\" content=\"I comuni bellunesi hanno tempo fino al 13 luglio per, inoltrare alla giunta regionale domanda per ottenere un contributo dell\u201980% sui piccoli lavori sotto i 500 mila euro che saranno realizzati dalle pubbliche amministrazioni. \u201c L\u2019iniziativa che ha una funzione chiaramente anticiclica rispetto all\u2019attuale difficile fase congiunturale e che era una delle nostre precise richieste [&hellip;]\" \/>\n<meta property=\"og:url\" content=\"https:\/\/www.bellunopress.it\/fr\/2009\/06\/14\/veneto-e-trentino-risposte-diverse-alla-crisi\/\" \/>\n<meta property=\"og:site_name\" content=\"Bellunopress - Dolomiti\" \/>\n<meta property=\"article:publisher\" content=\"https:\/\/www.facebook.com\/profile.php?id=100008943462799\" \/>\n<meta property=\"article:published_time\" content=\"2009-06-14T16:25:53+00:00\" \/>\n<meta property=\"article:modified_time\" content=\"2009-06-14T16:27:04+00:00\" \/>\n<meta property=\"og:image\" content=\"http:\/\/www.bellunopress.it\/wp-content\/uploads\/2009\/06\/maurizio-ranon.jpg\" \/>\n<meta name=\"author\" content=\"redazione\" \/>\n<meta name=\"twitter:card\" content=\"summary_large_image\" \/>\n<meta name=\"twitter:creator\" content=\"@bellunopress\" \/>\n<meta name=\"twitter:site\" content=\"@bellunopress\" \/>\n<meta name=\"twitter:label1\" content=\"Written by\" \/>\n\t<meta name=\"twitter:data1\" content=\"redazione\" \/>\n\t<meta name=\"twitter:label2\" content=\"Est. reading time\" \/>\n\t<meta name=\"twitter:data2\" content=\"2 minutes\" \/>\n<script type=\"application\/ld+json\" class=\"yoast-schema-graph\">{\"@context\":\"https:\\\/\\\/schema.org\",\"@graph\":[{\"@type\":\"Article\",\"@id\":\"https:\\\/\\\/www.bellunopress.it\\\/2009\\\/06\\\/14\\\/veneto-e-trentino-risposte-diverse-alla-crisi\\\/#article\",\"isPartOf\":{\"@id\":\"https:\\\/\\\/www.bellunopress.it\\\/2009\\\/06\\\/14\\\/veneto-e-trentino-risposte-diverse-alla-crisi\\\/\"},\"author\":{\"name\":\"redazione\",\"@id\":\"https:\\\/\\\/www.bellunopress.it\\\/#\\\/schema\\\/person\\\/79bb06722b37ece1c03d3e94beb30d73\"},\"headline\":\"Veneto e Trentino, risposte diverse alla crisi\",\"datePublished\":\"2009-06-14T16:25:53+00:00\",\"dateModified\":\"2009-06-14T16:27:04+00:00\",\"mainEntityOfPage\":{\"@id\":\"https:\\\/\\\/www.bellunopress.it\\\/2009\\\/06\\\/14\\\/veneto-e-trentino-risposte-diverse-alla-crisi\\\/\"},\"wordCount\":419,\"publisher\":{\"@id\":\"https:\\\/\\\/www.bellunopress.it\\\/#organization\"},\"image\":{\"@id\":\"https:\\\/\\\/www.bellunopress.it\\\/2009\\\/06\\\/14\\\/veneto-e-trentino-risposte-diverse-alla-crisi\\\/#primaryimage\"},\"thumbnailUrl\":\"http:\\\/\\\/www.bellunopress.it\\\/wp-content\\\/uploads\\\/2009\\\/06\\\/maurizio-ranon.jpg\",\"keywords\":[\"Belluno\"],\"articleSection\":[\"Cronaca\\\/Politica\",\"Lavoro, Economia, Turismo\",\"Prima Pagina\"],\"inLanguage\":\"fr-FR\"},{\"@type\":\"WebPage\",\"@id\":\"https:\\\/\\\/www.bellunopress.it\\\/2009\\\/06\\\/14\\\/veneto-e-trentino-risposte-diverse-alla-crisi\\\/\",\"url\":\"https:\\\/\\\/www.bellunopress.it\\\/2009\\\/06\\\/14\\\/veneto-e-trentino-risposte-diverse-alla-crisi\\\/\",\"name\":\"Veneto e Trentino, risposte diverse alla crisi - Bellunopress - Dolomiti\",\"isPartOf\":{\"@id\":\"https:\\\/\\\/www.bellunopress.it\\\/#website\"},\"primaryImageOfPage\":{\"@id\":\"https:\\\/\\\/www.bellunopress.it\\\/2009\\\/06\\\/14\\\/veneto-e-trentino-risposte-diverse-alla-crisi\\\/#primaryimage\"},\"image\":{\"@id\":\"https:\\\/\\\/www.bellunopress.it\\\/2009\\\/06\\\/14\\\/veneto-e-trentino-risposte-diverse-alla-crisi\\\/#primaryimage\"},\"thumbnailUrl\":\"http:\\\/\\\/www.bellunopress.it\\\/wp-content\\\/uploads\\\/2009\\\/06\\\/maurizio-ranon.jpg\",\"datePublished\":\"2009-06-14T16:25:53+00:00\",\"dateModified\":\"2009-06-14T16:27:04+00:00\",\"breadcrumb\":{\"@id\":\"https:\\\/\\\/www.bellunopress.it\\\/2009\\\/06\\\/14\\\/veneto-e-trentino-risposte-diverse-alla-crisi\\\/#breadcrumb\"},\"inLanguage\":\"fr-FR\",\"potentialAction\":[{\"@type\":\"ReadAction\",\"target\":[\"https:\\\/\\\/www.bellunopress.it\\\/2009\\\/06\\\/14\\\/veneto-e-trentino-risposte-diverse-alla-crisi\\\/\"]}]},{\"@type\":\"ImageObject\",\"inLanguage\":\"fr-FR\",\"@id\":\"https:\\\/\\\/www.bellunopress.it\\\/2009\\\/06\\\/14\\\/veneto-e-trentino-risposte-diverse-alla-crisi\\\/#primaryimage\",\"url\":\"http:\\\/\\\/www.bellunopress.it\\\/wp-content\\\/uploads\\\/2009\\\/06\\\/maurizio-ranon.jpg\",\"contentUrl\":\"http:\\\/\\\/www.bellunopress.it\\\/wp-content\\\/uploads\\\/2009\\\/06\\\/maurizio-ranon.jpg\"},{\"@type\":\"BreadcrumbList\",\"@id\":\"https:\\\/\\\/www.bellunopress.it\\\/2009\\\/06\\\/14\\\/veneto-e-trentino-risposte-diverse-alla-crisi\\\/#breadcrumb\",\"itemListElement\":[{\"@type\":\"ListItem\",\"position\":1,\"name\":\"Home\",\"item\":\"https:\\\/\\\/www.bellunopress.it\\\/\"},{\"@type\":\"ListItem\",\"position\":2,\"name\":\"Veneto e Trentino, risposte diverse alla crisi\"}]},{\"@type\":\"WebSite\",\"@id\":\"https:\\\/\\\/www.bellunopress.it\\\/#website\",\"url\":\"https:\\\/\\\/www.bellunopress.it\\\/\",\"name\":\"Bellunopress - Dolomiti\",\"description\":\"e-mail: redazione@bellunopress.it\",\"publisher\":{\"@id\":\"https:\\\/\\\/www.bellunopress.it\\\/#organization\"},\"potentialAction\":[{\"@type\":\"SearchAction\",\"target\":{\"@type\":\"EntryPoint\",\"urlTemplate\":\"https:\\\/\\\/www.bellunopress.it\\\/?s={search_term_string}\"},\"query-input\":{\"@type\":\"PropertyValueSpecification\",\"valueRequired\":true,\"valueName\":\"search_term_string\"}}],\"inLanguage\":\"fr-FR\"},{\"@type\":\"Organization\",\"@id\":\"https:\\\/\\\/www.bellunopress.it\\\/#organization\",\"name\":\"Bellunopress\",\"url\":\"https:\\\/\\\/www.bellunopress.it\\\/\",\"logo\":{\"@type\":\"ImageObject\",\"inLanguage\":\"fr-FR\",\"@id\":\"https:\\\/\\\/www.bellunopress.it\\\/#\\\/schema\\\/logo\\\/image\\\/\",\"url\":\"https:\\\/\\\/www.bellunopress.it\\\/wp-content\\\/uploads\\\/2011\\\/05\\\/cropped-logo-bellunopress-.jpg\",\"contentUrl\":\"https:\\\/\\\/www.bellunopress.it\\\/wp-content\\\/uploads\\\/2011\\\/05\\\/cropped-logo-bellunopress-.jpg\",\"width\":512,\"height\":512,\"caption\":\"Bellunopress\"},\"image\":{\"@id\":\"https:\\\/\\\/www.bellunopress.it\\\/#\\\/schema\\\/logo\\\/image\\\/\"},\"sameAs\":[\"https:\\\/\\\/www.facebook.com\\\/profile.php?id=100008943462799\",\"https:\\\/\\\/x.com\\\/bellunopress\",\"https:\\\/\\\/www.linkedin.com\\\/hp\\\/?dnr=JBzUWaJfMUw8vbXJJ2tVW5-I3jZKvC4wsoxE&amp;amp;amp;amp;amp;amp;trk=nav_responsive_tab_home\",\"https:\\\/\\\/www.youtube.com\\\/channel\\\/UCxL0wu1uN0_3_7hGG0306cw\"]},{\"@type\":\"Person\",\"@id\":\"https:\\\/\\\/www.bellunopress.it\\\/#\\\/schema\\\/person\\\/79bb06722b37ece1c03d3e94beb30d73\",\"name\":\"redazione\",\"image\":{\"@type\":\"ImageObject\",\"inLanguage\":\"fr-FR\",\"@id\":\"https:\\\/\\\/secure.gravatar.com\\\/avatar\\\/37d968a2e67a6fd04c169c4bdef102d0bc5d31b2546345219e348575eb80e9a0?s=96&d=mm&r=g\",\"url\":\"https:\\\/\\\/secure.gravatar.com\\\/avatar\\\/37d968a2e67a6fd04c169c4bdef102d0bc5d31b2546345219e348575eb80e9a0?s=96&d=mm&r=g\",\"contentUrl\":\"https:\\\/\\\/secure.gravatar.com\\\/avatar\\\/37d968a2e67a6fd04c169c4bdef102d0bc5d31b2546345219e348575eb80e9a0?s=96&d=mm&r=g\",\"caption\":\"redazione\"},\"sameAs\":[\"http:\\\/\\\/www.bellunopress.it\",\"https:\\\/\\\/x.com\\\/bellunopress\"],\"url\":\"https:\\\/\\\/www.bellunopress.it\\\/fr\\\/author\\\/redazione\\\/\"}]}<\/script>\n<!-- \/ Yoast SEO plugin. -->","yoast_head_json":{"title":"Veneto e Trentino, risposte diverse alla crisi - Bellunopress - Dolomiti","robots":{"index":"index","follow":"follow","max-snippet":"max-snippet:-1","max-image-preview":"max-image-preview:large","max-video-preview":"max-video-preview:-1"},"canonical":"https:\/\/www.bellunopress.it\/fr\/2009\/06\/14\/veneto-e-trentino-risposte-diverse-alla-crisi\/","og_locale":"fr_FR","og_type":"article","og_title":"Veneto e Trentino, risposte diverse alla crisi - Bellunopress - Dolomiti","og_description":"I comuni bellunesi hanno tempo fino al 13 luglio per, inoltrare alla giunta regionale domanda per ottenere un contributo dell\u201980% sui piccoli lavori sotto i 500 mila euro che saranno realizzati dalle pubbliche amministrazioni. \u201c L\u2019iniziativa che ha una funzione chiaramente anticiclica rispetto all\u2019attuale difficile fase congiunturale e che era una delle nostre precise richieste [&hellip;]","og_url":"https:\/\/www.bellunopress.it\/fr\/2009\/06\/14\/veneto-e-trentino-risposte-diverse-alla-crisi\/","og_site_name":"Bellunopress - Dolomiti","article_publisher":"https:\/\/www.facebook.com\/profile.php?id=100008943462799","article_published_time":"2009-06-14T16:25:53+00:00","article_modified_time":"2009-06-14T16:27:04+00:00","og_image":[{"url":"http:\/\/www.bellunopress.it\/wp-content\/uploads\/2009\/06\/maurizio-ranon.jpg","type":"","width":"","height":""}],"author":"redazione","twitter_card":"summary_large_image","twitter_creator":"@bellunopress","twitter_site":"@bellunopress","twitter_misc":{"Written by":"redazione","Est. reading time":"2 minutes"},"schema":{"@context":"https:\/\/schema.org","@graph":[{"@type":"Article","@id":"https:\/\/www.bellunopress.it\/2009\/06\/14\/veneto-e-trentino-risposte-diverse-alla-crisi\/#article","isPartOf":{"@id":"https:\/\/www.bellunopress.it\/2009\/06\/14\/veneto-e-trentino-risposte-diverse-alla-crisi\/"},"author":{"name":"redazione","@id":"https:\/\/www.bellunopress.it\/#\/schema\/person\/79bb06722b37ece1c03d3e94beb30d73"},"headline":"Veneto e Trentino, risposte diverse alla crisi","datePublished":"2009-06-14T16:25:53+00:00","dateModified":"2009-06-14T16:27:04+00:00","mainEntityOfPage":{"@id":"https:\/\/www.bellunopress.it\/2009\/06\/14\/veneto-e-trentino-risposte-diverse-alla-crisi\/"},"wordCount":419,"publisher":{"@id":"https:\/\/www.bellunopress.it\/#organization"},"image":{"@id":"https:\/\/www.bellunopress.it\/2009\/06\/14\/veneto-e-trentino-risposte-diverse-alla-crisi\/#primaryimage"},"thumbnailUrl":"http:\/\/www.bellunopress.it\/wp-content\/uploads\/2009\/06\/maurizio-ranon.jpg","keywords":["Belluno"],"articleSection":["Cronaca\/Politica","Lavoro, Economia, Turismo","Prima Pagina"],"inLanguage":"fr-FR"},{"@type":"WebPage","@id":"https:\/\/www.bellunopress.it\/2009\/06\/14\/veneto-e-trentino-risposte-diverse-alla-crisi\/","url":"https:\/\/www.bellunopress.it\/2009\/06\/14\/veneto-e-trentino-risposte-diverse-alla-crisi\/","name":"Veneto e Trentino, risposte diverse alla crisi - Bellunopress - Dolomiti","isPartOf":{"@id":"https:\/\/www.bellunopress.it\/#website"},"primaryImageOfPage":{"@id":"https:\/\/www.bellunopress.it\/2009\/06\/14\/veneto-e-trentino-risposte-diverse-alla-crisi\/#primaryimage"},"image":{"@id":"https:\/\/www.bellunopress.it\/2009\/06\/14\/veneto-e-trentino-risposte-diverse-alla-crisi\/#primaryimage"},"thumbnailUrl":"http:\/\/www.bellunopress.it\/wp-content\/uploads\/2009\/06\/maurizio-ranon.jpg","datePublished":"2009-06-14T16:25:53+00:00","dateModified":"2009-06-14T16:27:04+00:00","breadcrumb":{"@id":"https:\/\/www.bellunopress.it\/2009\/06\/14\/veneto-e-trentino-risposte-diverse-alla-crisi\/#breadcrumb"},"inLanguage":"fr-FR","potentialAction":[{"@type":"ReadAction","target":["https:\/\/www.bellunopress.it\/2009\/06\/14\/veneto-e-trentino-risposte-diverse-alla-crisi\/"]}]},{"@type":"ImageObject","inLanguage":"fr-FR","@id":"https:\/\/www.bellunopress.it\/2009\/06\/14\/veneto-e-trentino-risposte-diverse-alla-crisi\/#primaryimage","url":"http:\/\/www.bellunopress.it\/wp-content\/uploads\/2009\/06\/maurizio-ranon.jpg","contentUrl":"http:\/\/www.bellunopress.it\/wp-content\/uploads\/2009\/06\/maurizio-ranon.jpg"},{"@type":"BreadcrumbList","@id":"https:\/\/www.bellunopress.it\/2009\/06\/14\/veneto-e-trentino-risposte-diverse-alla-crisi\/#breadcrumb","itemListElement":[{"@type":"ListItem","position":1,"name":"Home","item":"https:\/\/www.bellunopress.it\/"},{"@type":"ListItem","position":2,"name":"Veneto e Trentino, risposte diverse alla crisi"}]},{"@type":"WebSite","@id":"https:\/\/www.bellunopress.it\/#website","url":"https:\/\/www.bellunopress.it\/","name":"Bellunopress - Dolomiti","description":"e-mail: redazione@bellunopress.it","publisher":{"@id":"https:\/\/www.bellunopress.it\/#organization"},"potentialAction":[{"@type":"SearchAction","target":{"@type":"EntryPoint","urlTemplate":"https:\/\/www.bellunopress.it\/?s={search_term_string}"},"query-input":{"@type":"PropertyValueSpecification","valueRequired":true,"valueName":"search_term_string"}}],"inLanguage":"fr-FR"},{"@type":"Organization","@id":"https:\/\/www.bellunopress.it\/#organization","name":"Bellunopress","url":"https:\/\/www.bellunopress.it\/","logo":{"@type":"ImageObject","inLanguage":"fr-FR","@id":"https:\/\/www.bellunopress.it\/#\/schema\/logo\/image\/","url":"https:\/\/www.bellunopress.it\/wp-content\/uploads\/2011\/05\/cropped-logo-bellunopress-.jpg","contentUrl":"https:\/\/www.bellunopress.it\/wp-content\/uploads\/2011\/05\/cropped-logo-bellunopress-.jpg","width":512,"height":512,"caption":"Bellunopress"},"image":{"@id":"https:\/\/www.bellunopress.it\/#\/schema\/logo\/image\/"},"sameAs":["https:\/\/www.facebook.com\/profile.php?id=100008943462799","https:\/\/x.com\/bellunopress","https:\/\/www.linkedin.com\/hp\/?dnr=JBzUWaJfMUw8vbXJJ2tVW5-I3jZKvC4wsoxE&amp;amp;amp;amp;amp;amp;trk=nav_responsive_tab_home","https:\/\/www.youtube.com\/channel\/UCxL0wu1uN0_3_7hGG0306cw"]},{"@type":"Person","@id":"https:\/\/www.bellunopress.it\/#\/schema\/person\/79bb06722b37ece1c03d3e94beb30d73","name":"r\u00e9daction","image":{"@type":"ImageObject","inLanguage":"fr-FR","@id":"https:\/\/secure.gravatar.com\/avatar\/37d968a2e67a6fd04c169c4bdef102d0bc5d31b2546345219e348575eb80e9a0?s=96&d=mm&r=g","url":"https:\/\/secure.gravatar.com\/avatar\/37d968a2e67a6fd04c169c4bdef102d0bc5d31b2546345219e348575eb80e9a0?s=96&d=mm&r=g","contentUrl":"https:\/\/secure.gravatar.com\/avatar\/37d968a2e67a6fd04c169c4bdef102d0bc5d31b2546345219e348575eb80e9a0?s=96&d=mm&r=g","caption":"redazione"},"sameAs":["http:\/\/www.bellunopress.it","https:\/\/x.com\/bellunopress"],"url":"https:\/\/www.bellunopress.it\/fr\/author\/redazione\/"}]}},"_links":{"self":[{"href":"https:\/\/www.bellunopress.it\/fr\/wp-json\/wp\/v2\/posts\/4859","targetHints":{"allow":["GET"]}}],"collection":[{"href":"https:\/\/www.bellunopress.it\/fr\/wp-json\/wp\/v2\/posts"}],"about":[{"href":"https:\/\/www.bellunopress.it\/fr\/wp-json\/wp\/v2\/types\/post"}],"author":[{"embeddable":true,"href":"https:\/\/www.bellunopress.it\/fr\/wp-json\/wp\/v2\/users\/2"}],"replies":[{"embeddable":true,"href":"https:\/\/www.bellunopress.it\/fr\/wp-json\/wp\/v2\/comments?post=4859"}],"version-history":[{"count":2,"href":"https:\/\/www.bellunopress.it\/fr\/wp-json\/wp\/v2\/posts\/4859\/revisions"}],"predecessor-version":[{"id":4862,"href":"https:\/\/www.bellunopress.it\/fr\/wp-json\/wp\/v2\/posts\/4859\/revisions\/4862"}],"wp:attachment":[{"href":"https:\/\/www.bellunopress.it\/fr\/wp-json\/wp\/v2\/media?parent=4859"}],"wp:term":[{"taxonomy":"category","embeddable":true,"href":"https:\/\/www.bellunopress.it\/fr\/wp-json\/wp\/v2\/categories?post=4859"},{"taxonomy":"post_tag","embeddable":true,"href":"https:\/\/www.bellunopress.it\/fr\/wp-json\/wp\/v2\/tags?post=4859"}],"curies":[{"name":"wp","href":"https:\/\/api.w.org\/{rel}","templated":true}]}}