{"id":4854,"date":"2009-06-14T13:08:49","date_gmt":"2009-06-14T12:08:49","guid":{"rendered":"http:\/\/www.bellunopress.it\/?p=4854"},"modified":"2009-06-14T13:08:49","modified_gmt":"2009-06-14T12:08:49","slug":"lo-sport-veneto-in-festa-ha-premiato-il-top-del-movimento-sportivo-veneto-alla-spes-arena-di-belluno","status":"publish","type":"post","link":"https:\/\/www.bellunopress.it\/fr\/2009\/06\/14\/lo-sport-veneto-in-festa-ha-premiato-il-top-del-movimento-sportivo-veneto-alla-spes-arena-di-belluno\/","title":{"rendered":"Lo sport veneto in festa ha premiato il top del movimento sportivo veneto alla Spes Arena di Belluno"},"content":{"rendered":"<p>Belluno 13.06.09 \u2013 Si chiama festa e tale \u00e8 stata la quarta edizione di &#8220;Sport Veneto in Festa&#8221; che quest&#8217;anno si \u00e8 tenuta presso la Spes Arena di Belluno, in una splendida cornice degna della portata della manifestazione promossa dal Coni Veneto. La giornata di premiazioni \u00e8 iniziata con il saluto delle massime autorit\u00e0 del movimento sportivo regionale, su tutti Gianfranco Bardelle, Presidente del Coni Veneto, che ha ufficialmente aperto la quarta edizione di Sport Veneto in Festa. Il numero uno del Coni Veneto si \u00e8 voluto congratulare con tutti i presenti per aver dato vita ad un 2008 sportivo entusiasmante, ricordando giustamente come la Regione Veneto sia la prima in assoluto per numero di medaglie conquistate alle Olimpiadi di Pechino, aggiudicandosene addirittura di pi\u00f9 di alcuni Stati Nazionali quali ad esempio il Belgio. Questo straordinario risultato \u00e8 merito delle sette province venete che hanno nel loro dna una filosofia sportiva di valore assoluto e che grazie a dirigenti, presidenti, atleti e molti volontari, porta ai massimi vertici il movimento sportivo veneto, con beneficio anche per tutti i settori collaterali allo sport.<br \/>\nIl primo a salire sul palco per le premiazioni \u00e8 stato Rossano Galtarossa, che assieme a Pietro Piller Cottrer, Fulvio Valbusa e Sabrina Valbusa \u00e8 stato insignito del titolo di \u201cAlfiere veneto dello sport\u201d. Campione di canottaggio vincitore di una medaglia d&#8217;argento a Pechino, Rossano ha gi\u00e0 lo sguardo puntato a Londra 2012, che sarebbe la sua sesta Olimpiade: &#8220;Dopo Atene pensavo di fermarmi ma dopo un attimo di riflessione ho capito che avevo ancora molto da dare ed \u00e8 arrivato l&#8217;argento di Pechino. Non nascondo che sto facendo un mezzo pensiero a Londra 2012, la mia sesta Olimpiade, ma ora i miei pensieri sono solo per il bimbo in arrivo, sicuramente la medaglia pi\u00f9 preziosa.&#8221;<br \/>\nLa Cerimonia \u00e8 poi proseguita con i riconoscimenti consegnati alle diverse categorie premiate, tra cui atleti, dirigenti, societ\u00e0 e giornalisti sportivi che si sono distinti con merito nel corso di questa stagione sportiva. Un riconoscimento era previsto agli Olimpionici Fulvio Valbusa e Oscar De Pellegrin, purtroppo assenti. Intervallata da momenti di intrattenimento musicale ed esibizioni di ginnastica artistica da parte dei ragazzi della Juventus Alpina, la festa \u00e8 stata un&#8217;occasione di aggregazione e un tributo allo sport veneto con protagonisti gli artefici di una stagione agonistica ricca di risultati importanti. Il Coni, con questo appuntamento itinerante che tocca tutte le province venete e che quest&#8217;anno ha scelto di fermarsi nel capoluogo bellunese, vuole veicolare un messaggio di attenzione nei confronti dello sport come disciplina intrisa di valori che deve essere portata in primo piano anche all&#8217;interno della scuola, per una formazione psico-fisica corretta dei giovani.<br \/>\nDIRIGENTI-UNA VITA PER LO SPORT: i 7 premiati per Comitato Provinciale<br \/>\nC.P. BELLUNO<br \/>\nRIVA NILO (Hockey)<br \/>\nC.P. ROVIGO<br \/>\nFAEDO ARTURO (Ciclismo)<br \/>\nC.P. PADOVA<br \/>\nZARATTIN STEFANO (calcio)<br \/>\nC.P. TREVISO<br \/>\nFIOR EGIDIO (ciclismo)<br \/>\nC.P. VENEZIA<br \/>\nMOSCATI ADRIANO (ginnastica)<br \/>\nC.P. VERONA<br \/>\nFIUMI GIANCARLO (calcio)<br \/>\nC.P. VICENZA<br \/>\nCAMPANA SERGIO (calcio)<\/p>\n<p>L\u2019appuntamento \u00e8 per la prossima edizione con la speranza che sia un anno altrettanto ricco di successi!<\/p>\n<p>Per ulteriori informazioni, di seguito l\u2019elenco completo dei premiati:<\/p>\n<p>STELLA\u00a0 D\u2019ORO\u00a0 AL MERITO SPORTIVO<br \/>\n\u00a0\u00a0BISOFFI\u00a0 VARANI\u00a0 GIANFRANCO\u00a0 ( AUTOMOBILISMO )- VERONA<br \/>\n\u00a0\u00a0MENAPACE PAOLO (SPORT INVERNAL.) \u2013 VERONA<br \/>\n\u00a0\u00a0 \u00a0CROSARA MARCELLO (PALLACANESTRO) \u2013 VICENZA<br \/>\n\u00a0\u00a0\u00a0\u00a0 \u00a0RUMOR CORRADO ( GINNASTICA) \u2013 VICENZA<br \/>\nMEDAGLIE D\u2019ORO AL VALORE ATLETICO\u00a0<br \/>\n\u00a0\u00a0TRANQUILLO UGO (PESCA SPORTIVA) \u2013 BELLUNO<br \/>\n\u00a0\u00a0BOSCO PAOLO (DANZA) \u2013 PADOVA<br \/>\n\u00a0\u00a0ZANARDI ALESSANDRO (AUTOMOBILISMO) \u2013 PADOVA<br \/>\n\u00a0 \u00a0BIANCHINI ANGELO (MOTONAUTICA) \u2013 TREVISO<br \/>\n\u00a0\u00a0MARANGONI SILVIA (HOCKEY E PATTINAGGIO) \u2013 TREVISO<br \/>\n\u00a0\u00a0PONTELLO MIRKO (HOCKEY E PATTINAGGIO) \u2013 TREVISO<br \/>\n\u00a0\u00a0BUBACCO SAUL (MOTONAUTICA) \u2013 VENEZIA<br \/>\n\u00a0\u00a0ZANNI ALESSANDRO (MOTOCICLISMO) \u2013 VENEZIA<br \/>\n\u00a0\u00a0\u00a0\u00a0\u00a0\u00a0 \u00a0CELON NICOLA (VELA) &#8211; VERONA<br \/>\nATLETI &#8211; GIOVANI SUL PODIO\u00a0\u00a0\u00a0<br \/>\n\u00a0ANDRICH TOMMASO (UNDER 16\/ 1996) \u2013 TIRO CON L\u2019ARCO &#8211; (C.P. CONI BL)<br \/>\n\u00a0BOSCHETTI\u00a0 NICOLO\u2019 (1993) \u2013 SCHERMA &#8211;\u00a0 (C.P. CONI RO)<br \/>\n\u00a0SCAPIN VALENTINA \u2013 GINNASTICA \u2013 (C.P. CONI PD)<br \/>\n\u00a0VARAGO VERONICA (UNDER 16) &#8211; SPORT EQUESTRI &#8211; (C.P. CONI TV)<br \/>\n\u00a0SONEGO MARGHERITA (1997) \u2013 SPORT EQUESTRI \u2013 (C.P. CONI TV)<br \/>\n\u00a0SARA PENZO (1989 )\u2013 CALCIO FEMM.LE \u2013 (C.P. CONI VE)<br \/>\n\u00a0SCANDOLARA VALENTINA (1990)- CICLISMO ( C.P. CONI VR)<br \/>\n\u00a0CESTONARO OTTAVIA (1995) \u2013 ATLETICA \u2013 (C.P. CONI VI)<br \/>\nDIRIGENTI &#8211; UNA VITA PER LO SPORT\u00a0<br \/>\n&#8211; C.P. BELLUNO\u00a0\u00a0RIVA NILO\u00a0 (HOCKEY)<br \/>\n&#8211; C.P. ROVIGO\u00a0\u00a0\u00a0FAEDO ARTURO (CICLISMO)<br \/>\n&#8211; C.P. PADOVA\u00a0\u00a0\u00a0ZARATTIN STEFANO (CALCIO)<br \/>\n&#8211; C.P. TREVISO\u00a0\u00a0\u00a0FIOR EGIDIO (CICLISMO)<br \/>\n&#8211; C.P. VENEZIA\u00a0\u00a0\u00a0MOSCATI ADRIANO\u00a0 (GINNASTICA)<br \/>\n&#8211; C.P. VERONA\u00a0\u00a0\u00a0FIUMI GIANCARLO\u00a0 (CALCIO)<br \/>\n&#8211; C.P. VICENZA\u00a0\u00a0\u00a0CAMPANA SERGIO\u00a0 (CALCIO)<br \/>\nDIRIGENTI\u00a0\u00a0 &#8211;\u00a0 PER MERITI SPORTIVI\u00a0<br \/>\n\u00a0NATOLI GIANFRANCO<br \/>\n\u00a0VENTURINI PAOLO<br \/>\nSOLIDARIETA\u2019 NELLO SPORT<br \/>\nBICCIATO\u00a0 MICHELE\u00a0\u00a0\u00a0 (NUOTO)<br \/>\nGIORNALISTA SPORTIVO DELL\u2019ANNO<br \/>\nCAMILLO CAMETTI\u00a0<br \/>\nPROMOZIONE DELLO SPORT NELLE\u00a0 SCUOLE<br \/>\nPROF.SSA\u00a0 AGNOLIN ROSSELLA\u00a0\u00a0 (S. Don\u00e0 di Piave- VE)<br \/>\nAMICI DEL CONI\u00a0<br \/>\nGRUPPO GIOVANI IMPRENDITORI BELLUNO<br \/>\n\u00a0\u00a0\u00a0\u00a0 (Presidente\u00a0 MARCO BORTOLUZZI)<\/p>\n<p>ALBARELLA MARCEGAGLIA S.p.A.\u00a0 (ROVIGO)<br \/>\n\u00a0\u00a0\u00a0\u00a0\u00a0\u00a0\u00a0\u00a0\u00a0\u00a0 (Direttore CANTELLI ROSSANO)<\/p>\n<p>DUEFFE SPORT\u00a0 (PADOVA)<br \/>\n\u00a0\u00a0\u00a0\u00a0 (Titolare\u00a0 FAGGIN FRANCESCA)<\/p>\n<p>EFFEDUE\u00a0 S.r.l.\u00a0 (TREVISO)<br \/>\n\u00a0\u00a0\u00a0\u00a0 (Titolare\u00a0 FELTRIN GIOVANNI)<\/p>\n<p>SOCIETA\u2019\u00a0 CENTENARIE<br \/>\nCLUB ALPINO ITALIANO SEZ. CADORINA \u201cLUIGI RIZZARDI\u201d \u2013 (1874)- AUTONZO DI CADORE (BL)<br \/>\nRARI NANTES PATAVIUM\u00a0\u00a0\u00a0\u00a0 (1905)\u00a0 &#8211; PADOVA<br \/>\nCANOTTIERI SILE\u00a0 (1908) \u2013 TREVISO<br \/>\nPREMIO MEMORIAL \u201c GIANLUIGI LEVORATO\u201d\u00a0<br \/>\nAvv. LIVIO DALLA BERNARDINA<br \/>\nALFIERI VENETI DELLO SPORT\u00a0 (OLIMPIONICI)<br \/>\nROSSANO GALTAROSSA\u00a0 (PECHINO 2008)<br \/>\nPIETRO PILLER COTTRER (TORINO 2006)<br \/>\nVALBUSA FULVIO\u00a0 (TORINO 2006)<br \/>\nVALBUSA SABRINA\u00a0 (TORINO 2006)<\/p>","protected":false},"excerpt":{"rendered":"<p>Belluno 13.06.09 \u2013 Si chiama festa e tale \u00e8 stata la quarta edizione di &#8220;Sport Veneto in Festa&#8221; che quest&#8217;anno si \u00e8 tenuta presso la Spes Arena di Belluno, in una splendida cornice degna della portata della manifestazione promossa dal Coni Veneto. La giornata di premiazioni \u00e8 iniziata con il saluto delle massime autorit\u00e0 del [&hellip;]<\/p>\n","protected":false},"author":2,"featured_media":0,"comment_status":"closed","ping_status":"open","sticky":false,"template":"","format":"standard","meta":{"footnotes":""},"categories":[4],"tags":[139,151],"class_list":["post-4854","post","type-post","status-publish","format-standard","category-sport","tag-belluno","tag-cadore"],"yoast_head":"<!-- This site is optimized with the Yoast SEO plugin v28.4 - https:\/\/yoast.com\/product\/yoast-seo-wordpress\/ -->\n<title>Lo sport veneto in festa ha premiato il top del movimento sportivo veneto alla Spes Arena di Belluno - Bellunopress - Dolomiti<\/title>\n<meta name=\"robots\" content=\"index, follow, max-snippet:-1, max-image-preview:large, max-video-preview:-1\" \/>\n<link rel=\"canonical\" href=\"https:\/\/www.bellunopress.it\/fr\/2009\/06\/14\/lo-sport-veneto-in-festa-ha-premiato-il-top-del-movimento-sportivo-veneto-alla-spes-arena-di-belluno\/\" \/>\n<meta property=\"og:locale\" content=\"fr_FR\" \/>\n<meta property=\"og:type\" content=\"article\" \/>\n<meta property=\"og:title\" content=\"Lo sport veneto in festa ha premiato il top del movimento sportivo veneto alla Spes Arena di Belluno - Bellunopress - Dolomiti\" \/>\n<meta property=\"og:description\" content=\"Belluno 13.06.09 \u2013 Si chiama festa e tale \u00e8 stata la quarta edizione di &#8220;Sport Veneto in Festa&#8221; che quest&#8217;anno si \u00e8 tenuta presso la Spes Arena di Belluno, in una splendida cornice degna della portata della manifestazione promossa dal Coni Veneto. La giornata di premiazioni \u00e8 iniziata con il saluto delle massime autorit\u00e0 del [&hellip;]\" \/>\n<meta property=\"og:url\" content=\"https:\/\/www.bellunopress.it\/fr\/2009\/06\/14\/lo-sport-veneto-in-festa-ha-premiato-il-top-del-movimento-sportivo-veneto-alla-spes-arena-di-belluno\/\" \/>\n<meta property=\"og:site_name\" content=\"Bellunopress - Dolomiti\" \/>\n<meta property=\"article:publisher\" content=\"https:\/\/www.facebook.com\/profile.php?id=100008943462799\" \/>\n<meta property=\"article:published_time\" content=\"2009-06-14T12:08:49+00:00\" \/>\n<meta property=\"og:image\" content=\"http:\/\/www.bellunopress.it\/wp-content\/uploads\/2012\/07\/logo-bellunopress-250x250-2012.jpg\" \/>\n<meta name=\"author\" content=\"redazione\" \/>\n<meta name=\"twitter:card\" content=\"summary_large_image\" \/>\n<meta name=\"twitter:creator\" content=\"@bellunopress\" \/>\n<meta name=\"twitter:site\" content=\"@bellunopress\" \/>\n<meta name=\"twitter:label1\" content=\"\u00c9crit par\" \/>\n\t<meta name=\"twitter:data1\" content=\"redazione\" \/>\n\t<meta name=\"twitter:label2\" content=\"Dur\u00e9e de lecture estim\u00e9e\" \/>\n\t<meta name=\"twitter:data2\" content=\"4 minutes\" \/>\n<script type=\"application\/ld+json\" class=\"yoast-schema-graph\">{\"@context\":\"https:\\\/\\\/schema.org\",\"@graph\":[{\"@type\":\"Article\",\"@id\":\"https:\\\/\\\/www.bellunopress.it\\\/2009\\\/06\\\/14\\\/lo-sport-veneto-in-festa-ha-premiato-il-top-del-movimento-sportivo-veneto-alla-spes-arena-di-belluno\\\/#article\",\"isPartOf\":{\"@id\":\"https:\\\/\\\/www.bellunopress.it\\\/2009\\\/06\\\/14\\\/lo-sport-veneto-in-festa-ha-premiato-il-top-del-movimento-sportivo-veneto-alla-spes-arena-di-belluno\\\/\"},\"author\":{\"name\":\"redazione\",\"@id\":\"https:\\\/\\\/www.bellunopress.it\\\/#\\\/schema\\\/person\\\/79bb06722b37ece1c03d3e94beb30d73\"},\"headline\":\"Lo sport veneto in festa ha premiato il top del movimento sportivo veneto alla Spes Arena di Belluno\",\"datePublished\":\"2009-06-14T12:08:49+00:00\",\"mainEntityOfPage\":{\"@id\":\"https:\\\/\\\/www.bellunopress.it\\\/2009\\\/06\\\/14\\\/lo-sport-veneto-in-festa-ha-premiato-il-top-del-movimento-sportivo-veneto-alla-spes-arena-di-belluno\\\/\"},\"wordCount\":851,\"publisher\":{\"@id\":\"https:\\\/\\\/www.bellunopress.it\\\/#organization\"},\"keywords\":[\"Belluno\",\"Cadore\"],\"articleSection\":[\"Sport, tempo libero\"],\"inLanguage\":\"fr-FR\"},{\"@type\":\"WebPage\",\"@id\":\"https:\\\/\\\/www.bellunopress.it\\\/2009\\\/06\\\/14\\\/lo-sport-veneto-in-festa-ha-premiato-il-top-del-movimento-sportivo-veneto-alla-spes-arena-di-belluno\\\/\",\"url\":\"https:\\\/\\\/www.bellunopress.it\\\/2009\\\/06\\\/14\\\/lo-sport-veneto-in-festa-ha-premiato-il-top-del-movimento-sportivo-veneto-alla-spes-arena-di-belluno\\\/\",\"name\":\"Lo sport veneto in festa ha premiato il top del movimento sportivo veneto alla Spes Arena di Belluno - Bellunopress - Dolomiti\",\"isPartOf\":{\"@id\":\"https:\\\/\\\/www.bellunopress.it\\\/#website\"},\"datePublished\":\"2009-06-14T12:08:49+00:00\",\"breadcrumb\":{\"@id\":\"https:\\\/\\\/www.bellunopress.it\\\/2009\\\/06\\\/14\\\/lo-sport-veneto-in-festa-ha-premiato-il-top-del-movimento-sportivo-veneto-alla-spes-arena-di-belluno\\\/#breadcrumb\"},\"inLanguage\":\"fr-FR\",\"potentialAction\":[{\"@type\":\"ReadAction\",\"target\":[\"https:\\\/\\\/www.bellunopress.it\\\/2009\\\/06\\\/14\\\/lo-sport-veneto-in-festa-ha-premiato-il-top-del-movimento-sportivo-veneto-alla-spes-arena-di-belluno\\\/\"]}]},{\"@type\":\"BreadcrumbList\",\"@id\":\"https:\\\/\\\/www.bellunopress.it\\\/2009\\\/06\\\/14\\\/lo-sport-veneto-in-festa-ha-premiato-il-top-del-movimento-sportivo-veneto-alla-spes-arena-di-belluno\\\/#breadcrumb\",\"itemListElement\":[{\"@type\":\"ListItem\",\"position\":1,\"name\":\"Home\",\"item\":\"https:\\\/\\\/www.bellunopress.it\\\/\"},{\"@type\":\"ListItem\",\"position\":2,\"name\":\"Lo sport veneto in festa ha premiato il top del movimento sportivo veneto alla Spes Arena di Belluno\"}]},{\"@type\":\"WebSite\",\"@id\":\"https:\\\/\\\/www.bellunopress.it\\\/#website\",\"url\":\"https:\\\/\\\/www.bellunopress.it\\\/\",\"name\":\"Bellunopress - Dolomiti\",\"description\":\"e-mail: redazione@bellunopress.it\",\"publisher\":{\"@id\":\"https:\\\/\\\/www.bellunopress.it\\\/#organization\"},\"potentialAction\":[{\"@type\":\"SearchAction\",\"target\":{\"@type\":\"EntryPoint\",\"urlTemplate\":\"https:\\\/\\\/www.bellunopress.it\\\/?s={search_term_string}\"},\"query-input\":{\"@type\":\"PropertyValueSpecification\",\"valueRequired\":true,\"valueName\":\"search_term_string\"}}],\"inLanguage\":\"fr-FR\"},{\"@type\":\"Organization\",\"@id\":\"https:\\\/\\\/www.bellunopress.it\\\/#organization\",\"name\":\"Bellunopress\",\"url\":\"https:\\\/\\\/www.bellunopress.it\\\/\",\"logo\":{\"@type\":\"ImageObject\",\"inLanguage\":\"fr-FR\",\"@id\":\"https:\\\/\\\/www.bellunopress.it\\\/#\\\/schema\\\/logo\\\/image\\\/\",\"url\":\"https:\\\/\\\/www.bellunopress.it\\\/wp-content\\\/uploads\\\/2011\\\/05\\\/cropped-logo-bellunopress-.jpg\",\"contentUrl\":\"https:\\\/\\\/www.bellunopress.it\\\/wp-content\\\/uploads\\\/2011\\\/05\\\/cropped-logo-bellunopress-.jpg\",\"width\":512,\"height\":512,\"caption\":\"Bellunopress\"},\"image\":{\"@id\":\"https:\\\/\\\/www.bellunopress.it\\\/#\\\/schema\\\/logo\\\/image\\\/\"},\"sameAs\":[\"https:\\\/\\\/www.facebook.com\\\/profile.php?id=100008943462799\",\"https:\\\/\\\/x.com\\\/bellunopress\",\"https:\\\/\\\/www.linkedin.com\\\/hp\\\/?dnr=JBzUWaJfMUw8vbXJJ2tVW5-I3jZKvC4wsoxE&amp;amp;amp;amp;amp;amp;trk=nav_responsive_tab_home\",\"https:\\\/\\\/www.youtube.com\\\/channel\\\/UCxL0wu1uN0_3_7hGG0306cw\"]},{\"@type\":\"Person\",\"@id\":\"https:\\\/\\\/www.bellunopress.it\\\/#\\\/schema\\\/person\\\/79bb06722b37ece1c03d3e94beb30d73\",\"name\":\"redazione\",\"image\":{\"@type\":\"ImageObject\",\"inLanguage\":\"fr-FR\",\"@id\":\"https:\\\/\\\/secure.gravatar.com\\\/avatar\\\/37d968a2e67a6fd04c169c4bdef102d0bc5d31b2546345219e348575eb80e9a0?s=96&d=mm&r=g\",\"url\":\"https:\\\/\\\/secure.gravatar.com\\\/avatar\\\/37d968a2e67a6fd04c169c4bdef102d0bc5d31b2546345219e348575eb80e9a0?s=96&d=mm&r=g\",\"contentUrl\":\"https:\\\/\\\/secure.gravatar.com\\\/avatar\\\/37d968a2e67a6fd04c169c4bdef102d0bc5d31b2546345219e348575eb80e9a0?s=96&d=mm&r=g\",\"caption\":\"redazione\"},\"sameAs\":[\"http:\\\/\\\/www.bellunopress.it\",\"https:\\\/\\\/x.com\\\/bellunopress\"],\"url\":\"https:\\\/\\\/www.bellunopress.it\\\/fr\\\/author\\\/redazione\\\/\"}]}<\/script>\n<!-- \/ Yoast SEO plugin. -->","yoast_head_json":{"title":"Lo sport veneto in festa ha premiato il top del movimento sportivo veneto alla Spes Arena di Belluno - Bellunopress - Dolomiti","robots":{"index":"index","follow":"follow","max-snippet":"max-snippet:-1","max-image-preview":"max-image-preview:large","max-video-preview":"max-video-preview:-1"},"canonical":"https:\/\/www.bellunopress.it\/fr\/2009\/06\/14\/lo-sport-veneto-in-festa-ha-premiato-il-top-del-movimento-sportivo-veneto-alla-spes-arena-di-belluno\/","og_locale":"fr_FR","og_type":"article","og_title":"Lo sport veneto in festa ha premiato il top del movimento sportivo veneto alla Spes Arena di Belluno - Bellunopress - Dolomiti","og_description":"Belluno 13.06.09 \u2013 Si chiama festa e tale \u00e8 stata la quarta edizione di &#8220;Sport Veneto in Festa&#8221; che quest&#8217;anno si \u00e8 tenuta presso la Spes Arena di Belluno, in una splendida cornice degna della portata della manifestazione promossa dal Coni Veneto. La giornata di premiazioni \u00e8 iniziata con il saluto delle massime autorit\u00e0 del [&hellip;]","og_url":"https:\/\/www.bellunopress.it\/fr\/2009\/06\/14\/lo-sport-veneto-in-festa-ha-premiato-il-top-del-movimento-sportivo-veneto-alla-spes-arena-di-belluno\/","og_site_name":"Bellunopress - Dolomiti","article_publisher":"https:\/\/www.facebook.com\/profile.php?id=100008943462799","article_published_time":"2009-06-14T12:08:49+00:00","og_image":[{"url":"http:\/\/www.bellunopress.it\/wp-content\/uploads\/2012\/07\/logo-bellunopress-250x250-2012.jpg","type":"","width":"","height":""}],"author":"redazione","twitter_card":"summary_large_image","twitter_creator":"@bellunopress","twitter_site":"@bellunopress","twitter_misc":{"\u00c9crit par":"redazione","Dur\u00e9e de lecture estim\u00e9e":"4 minutes"},"schema":{"@context":"https:\/\/schema.org","@graph":[{"@type":"Article","@id":"https:\/\/www.bellunopress.it\/2009\/06\/14\/lo-sport-veneto-in-festa-ha-premiato-il-top-del-movimento-sportivo-veneto-alla-spes-arena-di-belluno\/#article","isPartOf":{"@id":"https:\/\/www.bellunopress.it\/2009\/06\/14\/lo-sport-veneto-in-festa-ha-premiato-il-top-del-movimento-sportivo-veneto-alla-spes-arena-di-belluno\/"},"author":{"name":"redazione","@id":"https:\/\/www.bellunopress.it\/#\/schema\/person\/79bb06722b37ece1c03d3e94beb30d73"},"headline":"Lo sport veneto in festa ha premiato il top del movimento sportivo veneto alla Spes Arena di Belluno","datePublished":"2009-06-14T12:08:49+00:00","mainEntityOfPage":{"@id":"https:\/\/www.bellunopress.it\/2009\/06\/14\/lo-sport-veneto-in-festa-ha-premiato-il-top-del-movimento-sportivo-veneto-alla-spes-arena-di-belluno\/"},"wordCount":851,"publisher":{"@id":"https:\/\/www.bellunopress.it\/#organization"},"keywords":["Belluno","Cadore"],"articleSection":["Sport, tempo libero"],"inLanguage":"fr-FR"},{"@type":"WebPage","@id":"https:\/\/www.bellunopress.it\/2009\/06\/14\/lo-sport-veneto-in-festa-ha-premiato-il-top-del-movimento-sportivo-veneto-alla-spes-arena-di-belluno\/","url":"https:\/\/www.bellunopress.it\/2009\/06\/14\/lo-sport-veneto-in-festa-ha-premiato-il-top-del-movimento-sportivo-veneto-alla-spes-arena-di-belluno\/","name":"Lo sport veneto in festa ha premiato il top del movimento sportivo veneto alla Spes Arena di Belluno - Bellunopress - Dolomiti","isPartOf":{"@id":"https:\/\/www.bellunopress.it\/#website"},"datePublished":"2009-06-14T12:08:49+00:00","breadcrumb":{"@id":"https:\/\/www.bellunopress.it\/2009\/06\/14\/lo-sport-veneto-in-festa-ha-premiato-il-top-del-movimento-sportivo-veneto-alla-spes-arena-di-belluno\/#breadcrumb"},"inLanguage":"fr-FR","potentialAction":[{"@type":"ReadAction","target":["https:\/\/www.bellunopress.it\/2009\/06\/14\/lo-sport-veneto-in-festa-ha-premiato-il-top-del-movimento-sportivo-veneto-alla-spes-arena-di-belluno\/"]}]},{"@type":"BreadcrumbList","@id":"https:\/\/www.bellunopress.it\/2009\/06\/14\/lo-sport-veneto-in-festa-ha-premiato-il-top-del-movimento-sportivo-veneto-alla-spes-arena-di-belluno\/#breadcrumb","itemListElement":[{"@type":"ListItem","position":1,"name":"Home","item":"https:\/\/www.bellunopress.it\/"},{"@type":"ListItem","position":2,"name":"Lo sport veneto in festa ha premiato il top del movimento sportivo veneto alla Spes Arena di Belluno"}]},{"@type":"WebSite","@id":"https:\/\/www.bellunopress.it\/#website","url":"https:\/\/www.bellunopress.it\/","name":"Bellunopress - Dolomiti","description":"e-mail: redazione@bellunopress.it","publisher":{"@id":"https:\/\/www.bellunopress.it\/#organization"},"potentialAction":[{"@type":"SearchAction","target":{"@type":"EntryPoint","urlTemplate":"https:\/\/www.bellunopress.it\/?s={search_term_string}"},"query-input":{"@type":"PropertyValueSpecification","valueRequired":true,"valueName":"search_term_string"}}],"inLanguage":"fr-FR"},{"@type":"Organization","@id":"https:\/\/www.bellunopress.it\/#organization","name":"Bellunopress","url":"https:\/\/www.bellunopress.it\/","logo":{"@type":"ImageObject","inLanguage":"fr-FR","@id":"https:\/\/www.bellunopress.it\/#\/schema\/logo\/image\/","url":"https:\/\/www.bellunopress.it\/wp-content\/uploads\/2011\/05\/cropped-logo-bellunopress-.jpg","contentUrl":"https:\/\/www.bellunopress.it\/wp-content\/uploads\/2011\/05\/cropped-logo-bellunopress-.jpg","width":512,"height":512,"caption":"Bellunopress"},"image":{"@id":"https:\/\/www.bellunopress.it\/#\/schema\/logo\/image\/"},"sameAs":["https:\/\/www.facebook.com\/profile.php?id=100008943462799","https:\/\/x.com\/bellunopress","https:\/\/www.linkedin.com\/hp\/?dnr=JBzUWaJfMUw8vbXJJ2tVW5-I3jZKvC4wsoxE&amp;amp;amp;amp;amp;amp;trk=nav_responsive_tab_home","https:\/\/www.youtube.com\/channel\/UCxL0wu1uN0_3_7hGG0306cw"]},{"@type":"Person","@id":"https:\/\/www.bellunopress.it\/#\/schema\/person\/79bb06722b37ece1c03d3e94beb30d73","name":"r\u00e9daction","image":{"@type":"ImageObject","inLanguage":"fr-FR","@id":"https:\/\/secure.gravatar.com\/avatar\/37d968a2e67a6fd04c169c4bdef102d0bc5d31b2546345219e348575eb80e9a0?s=96&d=mm&r=g","url":"https:\/\/secure.gravatar.com\/avatar\/37d968a2e67a6fd04c169c4bdef102d0bc5d31b2546345219e348575eb80e9a0?s=96&d=mm&r=g","contentUrl":"https:\/\/secure.gravatar.com\/avatar\/37d968a2e67a6fd04c169c4bdef102d0bc5d31b2546345219e348575eb80e9a0?s=96&d=mm&r=g","caption":"redazione"},"sameAs":["http:\/\/www.bellunopress.it","https:\/\/x.com\/bellunopress"],"url":"https:\/\/www.bellunopress.it\/fr\/author\/redazione\/"}]}},"_links":{"self":[{"href":"https:\/\/www.bellunopress.it\/fr\/wp-json\/wp\/v2\/posts\/4854","targetHints":{"allow":["GET"]}}],"collection":[{"href":"https:\/\/www.bellunopress.it\/fr\/wp-json\/wp\/v2\/posts"}],"about":[{"href":"https:\/\/www.bellunopress.it\/fr\/wp-json\/wp\/v2\/types\/post"}],"author":[{"embeddable":true,"href":"https:\/\/www.bellunopress.it\/fr\/wp-json\/wp\/v2\/users\/2"}],"replies":[{"embeddable":true,"href":"https:\/\/www.bellunopress.it\/fr\/wp-json\/wp\/v2\/comments?post=4854"}],"version-history":[{"count":1,"href":"https:\/\/www.bellunopress.it\/fr\/wp-json\/wp\/v2\/posts\/4854\/revisions"}],"predecessor-version":[{"id":4855,"href":"https:\/\/www.bellunopress.it\/fr\/wp-json\/wp\/v2\/posts\/4854\/revisions\/4855"}],"wp:attachment":[{"href":"https:\/\/www.bellunopress.it\/fr\/wp-json\/wp\/v2\/media?parent=4854"}],"wp:term":[{"taxonomy":"category","embeddable":true,"href":"https:\/\/www.bellunopress.it\/fr\/wp-json\/wp\/v2\/categories?post=4854"},{"taxonomy":"post_tag","embeddable":true,"href":"https:\/\/www.bellunopress.it\/fr\/wp-json\/wp\/v2\/tags?post=4854"}],"curies":[{"name":"wp","href":"https:\/\/api.w.org\/{rel}","templated":true}]}}