{"id":4852,"date":"2009-06-14T12:56:16","date_gmt":"2009-06-14T11:56:16","guid":{"rendered":"http:\/\/www.bellunopress.it\/?p=4852"},"modified":"2009-06-14T12:56:16","modified_gmt":"2009-06-14T11:56:16","slug":"in-provincia-ci-sara-un-team-per-fare-il-bilancio-energetico-delle-abitazioni","status":"publish","type":"post","link":"https:\/\/www.bellunopress.it\/fr\/2009\/06\/14\/in-provincia-ci-sara-un-team-per-fare-il-bilancio-energetico-delle-abitazioni\/","title":{"rendered":"In Provincia ci sar\u00e0 un team per fare il bilancio energetico delle abitazioni"},"content":{"rendered":"<p><a href=\"http:\/\/www.bellunopress.it\/wp-content\/uploads\/2009\/04\/reolon-leggerissima-2.jpg\"><img loading=\"lazy\" decoding=\"async\" class=\"alignleft size-medium wp-image-3234\" title=\"reolon-leggerissima-2\" src=\"http:\/\/www.bellunopress.it\/wp-content\/uploads\/2009\/04\/reolon-leggerissima-2.jpg\" alt=\"\" width=\"86\" height=\"90\" \/><\/a>\u201cCon la diffusione delle energie rinnovabili faremo ripartire l&#8217;economia\u201d. Sergio Reolon \u00e8 deciso\u00a0 a moltiplicare gli sforzi per ridurre i combustibili fossili e aumentare la quota di energie rinnovabili. Voglio dare una grossa spinta all&#8217;edilizia, creare nuovi posti di lavoro in un settore innovativo, far risparmiare le famiglie e tutelare l&#8217;ambiente. Alle condizioni attuali l&#8217;unica strada che dobbiamo seguire \u00e8 lo sviluppo e la diffusione delle energie rinnovabili\u201d. In questa prospettiva, prosegue Reolon, \u201cvedo un ruolo importante, accanto alla Provincia di Belluno, per le associazioni di categoria, penso agli Industriali e agli Artigiani, ma anche per ordini professionali come gli Ingegneri, gli Architetti e i Geometri\u201d. Si inserisce in questo ambito la proposta di costituire all&#8217;interno dell&#8217;amministrazione provinciale uno speciale team tecnico in grado di fornire ai cittadini il bilancio energetico delle proprie abitazioni. \u201cLe nostre case\u201d, afferma Reolon, \u201coggi consumano 6 o 7 volte in pi\u00f9 di quanto potrebbero realmente consumare. E&#8217; un problema economico prima ancora che ambientale e in montagna incide pesantemente sui bilanci familiari. Sono oggi disponibili soluzioni tecniche in grado di abbassare i livelli di consumo con spese contenute. I vantaggi saranno maggiori soprattutto nelle terre alte, dove solo per il riscaldamento una famiglia spende dal 15 al 40% in pi\u00f9 rispetto a chi abita in pianura. Il ruolo della Provincia sar\u00e0 di accompagnare questa trasformazione mettendo a disposizione dei Bellunesi le competenze e le conoscenze condivise, sulla scorta di quanto fa gi\u00e0 la Provincia di Bolzano. Il team tecnico sar\u00e0 in grado di fare il bilancio energetico dell&#8217;abitazione e di valutare quali soluzioni sono possibili in ogni caso specifico per abbassare la quota di consumo dei combustibili fossili: pannelli solari, impianti fotovoltaici, sonde geotermiche, pompe di calore, materiali per la coibentazione\u201d.<br \/>\nLo sportello sar\u00e0 anche un centro di consulenza per i finanziamenti, \u201cperch\u00e9 \u00e8 chiaro\u201d, sottolinea Reolon, \u201cche i cittadini non possono essere lasciati soli a ricercare questo o quell&#8217;incentivo in una autentica selva normativa. L&#8217;esperienza che abbiamo maturato in due anni con lo Sportello Casa ci insegna che deve essere la Provincia a svolgere questo compito\u201d. Altro aspetto riguarda l&#8217;efficienza energetica degli edifici pubblici: \u201cAd Agordo abbiamo costruito una scuola che non brucia alcun combustibile e in altre nove scuole abbiamo appena finito di installare degli impianti fotovoltaici. Desideriamo proseguire su questa strada insieme con i Comuni, le Comunit\u00e0 montane e le Usl con cui lavoreremo a un progetto per la riqualificazione energetica di tutti gli edifici pubblici, dalle scuole agli asili, dagli ospedali ai municipi\u201d.<\/p>","protected":false},"excerpt":{"rendered":"<p>\u201cCon la diffusione delle energie rinnovabili faremo ripartire l&#8217;economia\u201d. Sergio Reolon \u00e8 deciso\u00a0 a moltiplicare gli sforzi per ridurre i combustibili fossili e aumentare la quota di energie rinnovabili. Voglio dare una grossa spinta all&#8217;edilizia, creare nuovi posti di lavoro in un settore innovativo, far risparmiare le famiglie e tutelare l&#8217;ambiente. Alle condizioni attuali l&#8217;unica [&hellip;]<\/p>\n","protected":false},"author":2,"featured_media":0,"comment_status":"closed","ping_status":"open","sticky":false,"template":"","format":"standard","meta":{"footnotes":""},"categories":[5,26],"tags":[139],"class_list":["post-4852","post","type-post","status-publish","format-standard","category-cronaca","category-prima-pagina","tag-belluno"],"yoast_head":"<!-- This site is optimized with the Yoast SEO plugin v28.4 - https:\/\/yoast.com\/product\/yoast-seo-wordpress\/ -->\n<title>In Provincia ci sar\u00e0 un team per fare il bilancio energetico delle abitazioni - Bellunopress - Dolomiti<\/title>\n<meta name=\"robots\" content=\"index, follow, max-snippet:-1, max-image-preview:large, max-video-preview:-1\" \/>\n<link rel=\"canonical\" href=\"https:\/\/www.bellunopress.it\/fr\/2009\/06\/14\/in-provincia-ci-sara-un-team-per-fare-il-bilancio-energetico-delle-abitazioni\/\" \/>\n<meta property=\"og:locale\" content=\"fr_FR\" \/>\n<meta property=\"og:type\" content=\"article\" \/>\n<meta property=\"og:title\" content=\"In Provincia ci sar\u00e0 un team per fare il bilancio energetico delle abitazioni - Bellunopress - Dolomiti\" \/>\n<meta property=\"og:description\" content=\"\u201cCon la diffusione delle energie rinnovabili faremo ripartire l&#8217;economia\u201d. Sergio Reolon \u00e8 deciso\u00a0 a moltiplicare gli sforzi per ridurre i combustibili fossili e aumentare la quota di energie rinnovabili. Voglio dare una grossa spinta all&#8217;edilizia, creare nuovi posti di lavoro in un settore innovativo, far risparmiare le famiglie e tutelare l&#8217;ambiente. Alle condizioni attuali l&#8217;unica [&hellip;]\" \/>\n<meta property=\"og:url\" content=\"https:\/\/www.bellunopress.it\/fr\/2009\/06\/14\/in-provincia-ci-sara-un-team-per-fare-il-bilancio-energetico-delle-abitazioni\/\" \/>\n<meta property=\"og:site_name\" content=\"Bellunopress - Dolomiti\" \/>\n<meta property=\"article:publisher\" content=\"https:\/\/www.facebook.com\/profile.php?id=100008943462799\" \/>\n<meta property=\"article:published_time\" content=\"2009-06-14T11:56:16+00:00\" \/>\n<meta property=\"og:image\" content=\"http:\/\/www.bellunopress.it\/wp-content\/uploads\/2009\/04\/reolon-leggerissima-2.jpg\" \/>\n<meta name=\"author\" content=\"redazione\" \/>\n<meta name=\"twitter:card\" content=\"summary_large_image\" \/>\n<meta name=\"twitter:creator\" content=\"@bellunopress\" \/>\n<meta name=\"twitter:site\" content=\"@bellunopress\" \/>\n<meta name=\"twitter:label1\" content=\"\u00c9crit par\" \/>\n\t<meta name=\"twitter:data1\" content=\"redazione\" \/>\n\t<meta name=\"twitter:label2\" content=\"Dur\u00e9e de lecture estim\u00e9e\" \/>\n\t<meta name=\"twitter:data2\" content=\"2 minutes\" \/>\n<script type=\"application\/ld+json\" class=\"yoast-schema-graph\">{\"@context\":\"https:\\\/\\\/schema.org\",\"@graph\":[{\"@type\":\"Article\",\"@id\":\"https:\\\/\\\/www.bellunopress.it\\\/2009\\\/06\\\/14\\\/in-provincia-ci-sara-un-team-per-fare-il-bilancio-energetico-delle-abitazioni\\\/#article\",\"isPartOf\":{\"@id\":\"https:\\\/\\\/www.bellunopress.it\\\/2009\\\/06\\\/14\\\/in-provincia-ci-sara-un-team-per-fare-il-bilancio-energetico-delle-abitazioni\\\/\"},\"author\":{\"name\":\"redazione\",\"@id\":\"https:\\\/\\\/www.bellunopress.it\\\/#\\\/schema\\\/person\\\/79bb06722b37ece1c03d3e94beb30d73\"},\"headline\":\"In Provincia ci sar\u00e0 un team per fare il bilancio energetico delle abitazioni\",\"datePublished\":\"2009-06-14T11:56:16+00:00\",\"mainEntityOfPage\":{\"@id\":\"https:\\\/\\\/www.bellunopress.it\\\/2009\\\/06\\\/14\\\/in-provincia-ci-sara-un-team-per-fare-il-bilancio-energetico-delle-abitazioni\\\/\"},\"wordCount\":429,\"publisher\":{\"@id\":\"https:\\\/\\\/www.bellunopress.it\\\/#organization\"},\"image\":{\"@id\":\"https:\\\/\\\/www.bellunopress.it\\\/2009\\\/06\\\/14\\\/in-provincia-ci-sara-un-team-per-fare-il-bilancio-energetico-delle-abitazioni\\\/#primaryimage\"},\"thumbnailUrl\":\"http:\\\/\\\/www.bellunopress.it\\\/wp-content\\\/uploads\\\/2009\\\/04\\\/reolon-leggerissima-2.jpg\",\"keywords\":[\"Belluno\"],\"articleSection\":[\"Cronaca\\\/Politica\",\"Prima Pagina\"],\"inLanguage\":\"fr-FR\"},{\"@type\":\"WebPage\",\"@id\":\"https:\\\/\\\/www.bellunopress.it\\\/2009\\\/06\\\/14\\\/in-provincia-ci-sara-un-team-per-fare-il-bilancio-energetico-delle-abitazioni\\\/\",\"url\":\"https:\\\/\\\/www.bellunopress.it\\\/2009\\\/06\\\/14\\\/in-provincia-ci-sara-un-team-per-fare-il-bilancio-energetico-delle-abitazioni\\\/\",\"name\":\"In Provincia ci sar\u00e0 un team per fare il bilancio energetico delle abitazioni - Bellunopress - Dolomiti\",\"isPartOf\":{\"@id\":\"https:\\\/\\\/www.bellunopress.it\\\/#website\"},\"primaryImageOfPage\":{\"@id\":\"https:\\\/\\\/www.bellunopress.it\\\/2009\\\/06\\\/14\\\/in-provincia-ci-sara-un-team-per-fare-il-bilancio-energetico-delle-abitazioni\\\/#primaryimage\"},\"image\":{\"@id\":\"https:\\\/\\\/www.bellunopress.it\\\/2009\\\/06\\\/14\\\/in-provincia-ci-sara-un-team-per-fare-il-bilancio-energetico-delle-abitazioni\\\/#primaryimage\"},\"thumbnailUrl\":\"http:\\\/\\\/www.bellunopress.it\\\/wp-content\\\/uploads\\\/2009\\\/04\\\/reolon-leggerissima-2.jpg\",\"datePublished\":\"2009-06-14T11:56:16+00:00\",\"breadcrumb\":{\"@id\":\"https:\\\/\\\/www.bellunopress.it\\\/2009\\\/06\\\/14\\\/in-provincia-ci-sara-un-team-per-fare-il-bilancio-energetico-delle-abitazioni\\\/#breadcrumb\"},\"inLanguage\":\"fr-FR\",\"potentialAction\":[{\"@type\":\"ReadAction\",\"target\":[\"https:\\\/\\\/www.bellunopress.it\\\/2009\\\/06\\\/14\\\/in-provincia-ci-sara-un-team-per-fare-il-bilancio-energetico-delle-abitazioni\\\/\"]}]},{\"@type\":\"ImageObject\",\"inLanguage\":\"fr-FR\",\"@id\":\"https:\\\/\\\/www.bellunopress.it\\\/2009\\\/06\\\/14\\\/in-provincia-ci-sara-un-team-per-fare-il-bilancio-energetico-delle-abitazioni\\\/#primaryimage\",\"url\":\"http:\\\/\\\/www.bellunopress.it\\\/wp-content\\\/uploads\\\/2009\\\/04\\\/reolon-leggerissima-2.jpg\",\"contentUrl\":\"http:\\\/\\\/www.bellunopress.it\\\/wp-content\\\/uploads\\\/2009\\\/04\\\/reolon-leggerissima-2.jpg\"},{\"@type\":\"BreadcrumbList\",\"@id\":\"https:\\\/\\\/www.bellunopress.it\\\/2009\\\/06\\\/14\\\/in-provincia-ci-sara-un-team-per-fare-il-bilancio-energetico-delle-abitazioni\\\/#breadcrumb\",\"itemListElement\":[{\"@type\":\"ListItem\",\"position\":1,\"name\":\"Home\",\"item\":\"https:\\\/\\\/www.bellunopress.it\\\/\"},{\"@type\":\"ListItem\",\"position\":2,\"name\":\"In Provincia ci sar\u00e0 un team per fare il bilancio energetico delle abitazioni\"}]},{\"@type\":\"WebSite\",\"@id\":\"https:\\\/\\\/www.bellunopress.it\\\/#website\",\"url\":\"https:\\\/\\\/www.bellunopress.it\\\/\",\"name\":\"Bellunopress - Dolomiti\",\"description\":\"e-mail: redazione@bellunopress.it\",\"publisher\":{\"@id\":\"https:\\\/\\\/www.bellunopress.it\\\/#organization\"},\"potentialAction\":[{\"@type\":\"SearchAction\",\"target\":{\"@type\":\"EntryPoint\",\"urlTemplate\":\"https:\\\/\\\/www.bellunopress.it\\\/?s={search_term_string}\"},\"query-input\":{\"@type\":\"PropertyValueSpecification\",\"valueRequired\":true,\"valueName\":\"search_term_string\"}}],\"inLanguage\":\"fr-FR\"},{\"@type\":\"Organization\",\"@id\":\"https:\\\/\\\/www.bellunopress.it\\\/#organization\",\"name\":\"Bellunopress\",\"url\":\"https:\\\/\\\/www.bellunopress.it\\\/\",\"logo\":{\"@type\":\"ImageObject\",\"inLanguage\":\"fr-FR\",\"@id\":\"https:\\\/\\\/www.bellunopress.it\\\/#\\\/schema\\\/logo\\\/image\\\/\",\"url\":\"https:\\\/\\\/www.bellunopress.it\\\/wp-content\\\/uploads\\\/2011\\\/05\\\/cropped-logo-bellunopress-.jpg\",\"contentUrl\":\"https:\\\/\\\/www.bellunopress.it\\\/wp-content\\\/uploads\\\/2011\\\/05\\\/cropped-logo-bellunopress-.jpg\",\"width\":512,\"height\":512,\"caption\":\"Bellunopress\"},\"image\":{\"@id\":\"https:\\\/\\\/www.bellunopress.it\\\/#\\\/schema\\\/logo\\\/image\\\/\"},\"sameAs\":[\"https:\\\/\\\/www.facebook.com\\\/profile.php?id=100008943462799\",\"https:\\\/\\\/x.com\\\/bellunopress\",\"https:\\\/\\\/www.linkedin.com\\\/hp\\\/?dnr=JBzUWaJfMUw8vbXJJ2tVW5-I3jZKvC4wsoxE&amp;amp;amp;amp;amp;amp;trk=nav_responsive_tab_home\",\"https:\\\/\\\/www.youtube.com\\\/channel\\\/UCxL0wu1uN0_3_7hGG0306cw\"]},{\"@type\":\"Person\",\"@id\":\"https:\\\/\\\/www.bellunopress.it\\\/#\\\/schema\\\/person\\\/79bb06722b37ece1c03d3e94beb30d73\",\"name\":\"redazione\",\"image\":{\"@type\":\"ImageObject\",\"inLanguage\":\"fr-FR\",\"@id\":\"https:\\\/\\\/secure.gravatar.com\\\/avatar\\\/37d968a2e67a6fd04c169c4bdef102d0bc5d31b2546345219e348575eb80e9a0?s=96&d=mm&r=g\",\"url\":\"https:\\\/\\\/secure.gravatar.com\\\/avatar\\\/37d968a2e67a6fd04c169c4bdef102d0bc5d31b2546345219e348575eb80e9a0?s=96&d=mm&r=g\",\"contentUrl\":\"https:\\\/\\\/secure.gravatar.com\\\/avatar\\\/37d968a2e67a6fd04c169c4bdef102d0bc5d31b2546345219e348575eb80e9a0?s=96&d=mm&r=g\",\"caption\":\"redazione\"},\"sameAs\":[\"http:\\\/\\\/www.bellunopress.it\",\"https:\\\/\\\/x.com\\\/bellunopress\"],\"url\":\"https:\\\/\\\/www.bellunopress.it\\\/fr\\\/author\\\/redazione\\\/\"}]}<\/script>\n<!-- \/ Yoast SEO plugin. -->","yoast_head_json":{"title":"In Provincia ci sar\u00e0 un team per fare il bilancio energetico delle abitazioni - Bellunopress - Dolomiti","robots":{"index":"index","follow":"follow","max-snippet":"max-snippet:-1","max-image-preview":"max-image-preview:large","max-video-preview":"max-video-preview:-1"},"canonical":"https:\/\/www.bellunopress.it\/fr\/2009\/06\/14\/in-provincia-ci-sara-un-team-per-fare-il-bilancio-energetico-delle-abitazioni\/","og_locale":"fr_FR","og_type":"article","og_title":"In Provincia ci sar\u00e0 un team per fare il bilancio energetico delle abitazioni - Bellunopress - Dolomiti","og_description":"\u201cCon la diffusione delle energie rinnovabili faremo ripartire l&#8217;economia\u201d. Sergio Reolon \u00e8 deciso\u00a0 a moltiplicare gli sforzi per ridurre i combustibili fossili e aumentare la quota di energie rinnovabili. Voglio dare una grossa spinta all&#8217;edilizia, creare nuovi posti di lavoro in un settore innovativo, far risparmiare le famiglie e tutelare l&#8217;ambiente. Alle condizioni attuali l&#8217;unica [&hellip;]","og_url":"https:\/\/www.bellunopress.it\/fr\/2009\/06\/14\/in-provincia-ci-sara-un-team-per-fare-il-bilancio-energetico-delle-abitazioni\/","og_site_name":"Bellunopress - Dolomiti","article_publisher":"https:\/\/www.facebook.com\/profile.php?id=100008943462799","article_published_time":"2009-06-14T11:56:16+00:00","og_image":[{"url":"http:\/\/www.bellunopress.it\/wp-content\/uploads\/2009\/04\/reolon-leggerissima-2.jpg","type":"","width":"","height":""}],"author":"redazione","twitter_card":"summary_large_image","twitter_creator":"@bellunopress","twitter_site":"@bellunopress","twitter_misc":{"\u00c9crit par":"redazione","Dur\u00e9e de lecture estim\u00e9e":"2 minutes"},"schema":{"@context":"https:\/\/schema.org","@graph":[{"@type":"Article","@id":"https:\/\/www.bellunopress.it\/2009\/06\/14\/in-provincia-ci-sara-un-team-per-fare-il-bilancio-energetico-delle-abitazioni\/#article","isPartOf":{"@id":"https:\/\/www.bellunopress.it\/2009\/06\/14\/in-provincia-ci-sara-un-team-per-fare-il-bilancio-energetico-delle-abitazioni\/"},"author":{"name":"redazione","@id":"https:\/\/www.bellunopress.it\/#\/schema\/person\/79bb06722b37ece1c03d3e94beb30d73"},"headline":"In Provincia ci sar\u00e0 un team per fare il bilancio energetico delle abitazioni","datePublished":"2009-06-14T11:56:16+00:00","mainEntityOfPage":{"@id":"https:\/\/www.bellunopress.it\/2009\/06\/14\/in-provincia-ci-sara-un-team-per-fare-il-bilancio-energetico-delle-abitazioni\/"},"wordCount":429,"publisher":{"@id":"https:\/\/www.bellunopress.it\/#organization"},"image":{"@id":"https:\/\/www.bellunopress.it\/2009\/06\/14\/in-provincia-ci-sara-un-team-per-fare-il-bilancio-energetico-delle-abitazioni\/#primaryimage"},"thumbnailUrl":"http:\/\/www.bellunopress.it\/wp-content\/uploads\/2009\/04\/reolon-leggerissima-2.jpg","keywords":["Belluno"],"articleSection":["Cronaca\/Politica","Prima Pagina"],"inLanguage":"fr-FR"},{"@type":"WebPage","@id":"https:\/\/www.bellunopress.it\/2009\/06\/14\/in-provincia-ci-sara-un-team-per-fare-il-bilancio-energetico-delle-abitazioni\/","url":"https:\/\/www.bellunopress.it\/2009\/06\/14\/in-provincia-ci-sara-un-team-per-fare-il-bilancio-energetico-delle-abitazioni\/","name":"In Provincia ci sar\u00e0 un team per fare il bilancio energetico delle abitazioni - Bellunopress - Dolomiti","isPartOf":{"@id":"https:\/\/www.bellunopress.it\/#website"},"primaryImageOfPage":{"@id":"https:\/\/www.bellunopress.it\/2009\/06\/14\/in-provincia-ci-sara-un-team-per-fare-il-bilancio-energetico-delle-abitazioni\/#primaryimage"},"image":{"@id":"https:\/\/www.bellunopress.it\/2009\/06\/14\/in-provincia-ci-sara-un-team-per-fare-il-bilancio-energetico-delle-abitazioni\/#primaryimage"},"thumbnailUrl":"http:\/\/www.bellunopress.it\/wp-content\/uploads\/2009\/04\/reolon-leggerissima-2.jpg","datePublished":"2009-06-14T11:56:16+00:00","breadcrumb":{"@id":"https:\/\/www.bellunopress.it\/2009\/06\/14\/in-provincia-ci-sara-un-team-per-fare-il-bilancio-energetico-delle-abitazioni\/#breadcrumb"},"inLanguage":"fr-FR","potentialAction":[{"@type":"ReadAction","target":["https:\/\/www.bellunopress.it\/2009\/06\/14\/in-provincia-ci-sara-un-team-per-fare-il-bilancio-energetico-delle-abitazioni\/"]}]},{"@type":"ImageObject","inLanguage":"fr-FR","@id":"https:\/\/www.bellunopress.it\/2009\/06\/14\/in-provincia-ci-sara-un-team-per-fare-il-bilancio-energetico-delle-abitazioni\/#primaryimage","url":"http:\/\/www.bellunopress.it\/wp-content\/uploads\/2009\/04\/reolon-leggerissima-2.jpg","contentUrl":"http:\/\/www.bellunopress.it\/wp-content\/uploads\/2009\/04\/reolon-leggerissima-2.jpg"},{"@type":"BreadcrumbList","@id":"https:\/\/www.bellunopress.it\/2009\/06\/14\/in-provincia-ci-sara-un-team-per-fare-il-bilancio-energetico-delle-abitazioni\/#breadcrumb","itemListElement":[{"@type":"ListItem","position":1,"name":"Home","item":"https:\/\/www.bellunopress.it\/"},{"@type":"ListItem","position":2,"name":"In Provincia ci sar\u00e0 un team per fare il bilancio energetico delle abitazioni"}]},{"@type":"WebSite","@id":"https:\/\/www.bellunopress.it\/#website","url":"https:\/\/www.bellunopress.it\/","name":"Bellunopress - Dolomiti","description":"e-mail: redazione@bellunopress.it","publisher":{"@id":"https:\/\/www.bellunopress.it\/#organization"},"potentialAction":[{"@type":"SearchAction","target":{"@type":"EntryPoint","urlTemplate":"https:\/\/www.bellunopress.it\/?s={search_term_string}"},"query-input":{"@type":"PropertyValueSpecification","valueRequired":true,"valueName":"search_term_string"}}],"inLanguage":"fr-FR"},{"@type":"Organization","@id":"https:\/\/www.bellunopress.it\/#organization","name":"Bellunopress","url":"https:\/\/www.bellunopress.it\/","logo":{"@type":"ImageObject","inLanguage":"fr-FR","@id":"https:\/\/www.bellunopress.it\/#\/schema\/logo\/image\/","url":"https:\/\/www.bellunopress.it\/wp-content\/uploads\/2011\/05\/cropped-logo-bellunopress-.jpg","contentUrl":"https:\/\/www.bellunopress.it\/wp-content\/uploads\/2011\/05\/cropped-logo-bellunopress-.jpg","width":512,"height":512,"caption":"Bellunopress"},"image":{"@id":"https:\/\/www.bellunopress.it\/#\/schema\/logo\/image\/"},"sameAs":["https:\/\/www.facebook.com\/profile.php?id=100008943462799","https:\/\/x.com\/bellunopress","https:\/\/www.linkedin.com\/hp\/?dnr=JBzUWaJfMUw8vbXJJ2tVW5-I3jZKvC4wsoxE&amp;amp;amp;amp;amp;amp;trk=nav_responsive_tab_home","https:\/\/www.youtube.com\/channel\/UCxL0wu1uN0_3_7hGG0306cw"]},{"@type":"Person","@id":"https:\/\/www.bellunopress.it\/#\/schema\/person\/79bb06722b37ece1c03d3e94beb30d73","name":"r\u00e9daction","image":{"@type":"ImageObject","inLanguage":"fr-FR","@id":"https:\/\/secure.gravatar.com\/avatar\/37d968a2e67a6fd04c169c4bdef102d0bc5d31b2546345219e348575eb80e9a0?s=96&d=mm&r=g","url":"https:\/\/secure.gravatar.com\/avatar\/37d968a2e67a6fd04c169c4bdef102d0bc5d31b2546345219e348575eb80e9a0?s=96&d=mm&r=g","contentUrl":"https:\/\/secure.gravatar.com\/avatar\/37d968a2e67a6fd04c169c4bdef102d0bc5d31b2546345219e348575eb80e9a0?s=96&d=mm&r=g","caption":"redazione"},"sameAs":["http:\/\/www.bellunopress.it","https:\/\/x.com\/bellunopress"],"url":"https:\/\/www.bellunopress.it\/fr\/author\/redazione\/"}]}},"_links":{"self":[{"href":"https:\/\/www.bellunopress.it\/fr\/wp-json\/wp\/v2\/posts\/4852","targetHints":{"allow":["GET"]}}],"collection":[{"href":"https:\/\/www.bellunopress.it\/fr\/wp-json\/wp\/v2\/posts"}],"about":[{"href":"https:\/\/www.bellunopress.it\/fr\/wp-json\/wp\/v2\/types\/post"}],"author":[{"embeddable":true,"href":"https:\/\/www.bellunopress.it\/fr\/wp-json\/wp\/v2\/users\/2"}],"replies":[{"embeddable":true,"href":"https:\/\/www.bellunopress.it\/fr\/wp-json\/wp\/v2\/comments?post=4852"}],"version-history":[{"count":1,"href":"https:\/\/www.bellunopress.it\/fr\/wp-json\/wp\/v2\/posts\/4852\/revisions"}],"predecessor-version":[{"id":4853,"href":"https:\/\/www.bellunopress.it\/fr\/wp-json\/wp\/v2\/posts\/4852\/revisions\/4853"}],"wp:attachment":[{"href":"https:\/\/www.bellunopress.it\/fr\/wp-json\/wp\/v2\/media?parent=4852"}],"wp:term":[{"taxonomy":"category","embeddable":true,"href":"https:\/\/www.bellunopress.it\/fr\/wp-json\/wp\/v2\/categories?post=4852"},{"taxonomy":"post_tag","embeddable":true,"href":"https:\/\/www.bellunopress.it\/fr\/wp-json\/wp\/v2\/tags?post=4852"}],"curies":[{"name":"wp","href":"https:\/\/api.w.org\/{rel}","templated":true}]}}