{"id":48499,"date":"2013-04-14T15:27:49","date_gmt":"2013-04-14T14:27:49","guid":{"rendered":"http:\/\/www.bellunopress.it\/?p=48499"},"modified":"2013-04-14T15:27:49","modified_gmt":"2013-04-14T14:27:49","slug":"alessandro-follador-e-il-re-della-pizolada-delle-dolomiti-oltre-200-atleti-al-via-al-passo-san-pellegrino","status":"publish","type":"post","link":"https:\/\/www.bellunopress.it\/fr\/2013\/04\/14\/alessandro-follador-e-il-re-della-pizolada-delle-dolomiti-oltre-200-atleti-al-via-al-passo-san-pellegrino\/","title":{"rendered":"Alessandro Follador \u00e8 il re della Pizolada delle Dolomiti. Oltre 200 atleti al via al Passo San Pellegrino"},"content":{"rendered":"<p><a href=\"http:\/\/www.bellunopress.it\/wp-content\/uploads\/2013\/04\/AlessandroFollador_ThomasMartini_Beccari-Filippo_.jpg\"><img loading=\"lazy\" decoding=\"async\" class=\"alignleft size-full wp-image-48500\" alt=\"AlessandroFollador_ThomasMartini_Beccari Filippo_\" src=\"http:\/\/www.bellunopress.it\/wp-content\/uploads\/2013\/04\/AlessandroFollador_ThomasMartini_Beccari-Filippo_.jpg\" width=\"290\" height=\"277\" \/><\/a>Moena (TN), 14 aprile 2013 &#8211; Grande successo per la 37ma edizione della Pizolada delle Dolomiti, andata in scena oggi, domenica 14 aprile, al Passo San Pellegrino in una bella giornata primaverile nella magica cornice offerta dalle vette innevate della Val di Fassa.<\/p>\n<p>La decana dello scialpinismo italiano, organizzata e promossa dall&#8217;\u0092Unione Sportiva Monti Pallidi in collaborazione con il CAI SAT e il Comitato Fassa Eventi, come sempre ha attirato l&#8217;\u0092interesse degli appassionati dello sci alpinismo che si sono dati appuntamento sulle nevi del Passo San Pellegrino per questo grande appuntamento di fine stagione.<\/p>\n<p>Sono stati 216 complessivamente i concorrenti che hanno preso il via puntuali alle ore 8.15 dall&#8217;\u0092area di partenza e arrivo allestita presso la funivia del Col Margherita, suddivisi in tre batterie. Ad aprire le danze ci ha pensato la categoria agonisti con i professionisti delle pelli di foca, seguiti dai giovani campioni della categoria cadetti e junior e poi dal gruppo degli escursionisti che con la loro passione per lo sci e la montagna rappresentano come sempre l&#8217;\u0092anima della Pizolada.<\/p>\n<p>Tanti i campioni al via della gara, sottoposta a verifica internazionale &#8220;Certified Race ISMF&#8221; per entrare nel circuito di coppa del mondo, tra cui 12 atleti della nazionale catalana. Gara avvincente e combattuta tra gli uomini senior dove a spuntarla \u00e8 stato Alessandro Follador (Dolomiti Ski-Alp), che dopo il secondo posto del 2012 ha conquistato meritatamente la vittoria. Follador ha preceduto nell&#8217;\u0092ordine Thomas Martini (Brenta Team) e Filippo Beccari (Ski Team Fassa). (nella foto)<\/p>\n<p>\u0093Io e Martini abbiamo fatto subito gara a parte fin dalle battute iniziali\u0094 dice Follador. \u0093E\u0092 stato un bel testa a testa fino alla fine. La gara \u00e8 stata molto bella e valida tecnicamente. Sono molto contento per questo risultato che mi da fiducia e morale anche in vista del prossimo importante appuntamento che sar\u00e0 il Trofeo Mezzalama.\u0094<\/p>\n<p>In campo femminile dove era regolarmente iscritta anche la fortissima spagnola Mireia Mir\u00f2 Varela che non ha per\u00f2 preso il via la vittoria \u00e8 andata alla padrona di casa Nadia Scola (Ski Team Fassa) di Moena che ha bissato il successo del 2012.<\/p>\n<p>\u0093Sono molto contenta\u0094 dice la Scola portata sul palco in trionfo da tutto il suo team Bela Ladinia \u0093\u00e8 stata una gara bellissima, mi \u00e8 piaciuta in particolare la seconda salita, lo spettacolare passaggio nel canalino e poi l\u0092ultima discesa inoltre oggi la neve era bellissima.\u0094<\/p>\n<p>Tra i giovani, nella categoria junior (1993-95) vittoria del catalano Oriol Cardona Coll tra i cadetti (1996-98) di Gabriele Leonardi (Brenta Team) e tra le junior donne di Marta Scalet (G.S. Pavione ASD).<\/p>\n<p>\u0093Per noi era la prima volta qui al Passo San Pellegrino e sono certo che torneremo perch\u00e9 ci siamo trovati davvero molto bene\u0094 dice il tecnico spagnolo Johan Cardona. \u0093L&#8217;\u0092organizzazione della gara \u00e8 stata ottima, il percorso \u00e8 tecnicamente molto valido, in particolare la seconda parte, e il livello degli atleti \u00e8 alto. In squadra abbiamo molti giovani che oggi qui hanno saputo\u0094. Squadra Catalana che ha ricevuto un riconoscimento speciale per la sua partecipazione in forza dal Sindaco di Moena Riccardo Franceschetti, che \u00e8 anche il Presidente del comitato organizzatore della Pizolada.<\/p>\n<p>Tra i master (dal 1967 e precedenti) vittoria dell\u0092&#8217;inossidabile Omar Oprandi (Brenta Team) gi\u00e0 vincitore nel 1996 e 1997 della classifica assoluta della Pizolada. Tra le donne master vittoria di Monica Sartogo (Sci CAI Schio).<\/p>\n<p>Dopo le premiazioni spazio per il pasta party e la festa del dopogara con la lotteria per tutti e il premio speciale del \u0093Trofeo Riccardo Bazzocco\u0094 riservato al concorrente agonista pi\u00f9 giovane classificato che \u00e8 andato alla spagnola Marta Garcia Farres classe 1992. Un bellissimo orologio altimetrico Sunto Vector \u00e8 andato invece gli escursionisti Florian Daniela e al giovanissimo Marco Bonvecchio, classe 1998, autori del tempo ideale di percorrenza del percorso escursionistico, rispettivamente 1.59\u0092.15\u0094 e 1.41\u009215\u0094.<\/p>\n<p>Un ringraziamento particolare va agli sponsor capeggiati da Scarpa e Sportful (che ha impreziosito il pacco gara con un capo della linea Second Skin De Luxe), senza i quali non sarebbe stato possibile organizzare l\u0092evento e poi a tutti i volontari con in prima fila il Soccorso Alpino, la Scuola Alpina Polizia di Stato di Moena e l&#8217;Associazione degli Alpini.<\/p>\n<p>\u0093Siamo molto soddisfatti, abbiamo messo in piedi una grande macchina organizzativa\u0094 dice il vice Presidente del comitato organizzatore Gianbattista Zanoner. \u0093C\u0092\u00e8 stata una buona partecipazione, e la gara \u00e8 ben riuscita sotto tutti i punti di vista per\u00f2 siamo anche consapevoli che per crescere bisogna migliore ancora e siamo pronti a lavorare in questa direzione\u0094.<\/p>\n<p>Al parterre d\u0092&#8217;arrivo c&#8217;\u0092\u00e8 stato anche un ospite d\u0092&#8217;eccezione il ciclista britannico del team Sky Bradley Wiggins, vincitore dell&#8217;\u0092ultimo Tour de France, che di passaggio al Passo San Pellegrino, ha fatto una sosta all&#8217;\u0092ombra del Col Margherita prima di proseguire in direzione Tre Cime di Lavaredo, in ricognizione sulle strade delle Dolomiti in vista del Giro d&#8217;\u0092Italia.<\/p>","protected":false},"excerpt":{"rendered":"<p>Moena (TN), 14 aprile 2013 &#8211; Grande successo per la 37ma edizione della Pizolada delle Dolomiti, andata in scena oggi, domenica 14 aprile, al Passo San Pellegrino in una bella giornata primaverile nella magica cornice offerta dalle vette innevate della Val di Fassa. La decana dello scialpinismo italiano, organizzata e promossa dall&#8217;\u0092Unione Sportiva Monti Pallidi [&hellip;]<\/p>\n","protected":false},"author":2,"featured_media":0,"comment_status":"closed","ping_status":"open","sticky":false,"template":"","format":"standard","meta":{"footnotes":""},"categories":[1],"tags":[],"class_list":["post-48499","post","type-post","status-publish","format-standard","category-leo"],"yoast_head":"<!-- This site is optimized with the Yoast SEO plugin v28.4 - https:\/\/yoast.com\/product\/yoast-seo-wordpress\/ -->\n<title>Alessandro Follador \u00e8 il re della Pizolada delle Dolomiti. Oltre 200 atleti al via al Passo San Pellegrino  - Bellunopress - Dolomiti<\/title>\n<meta name=\"robots\" content=\"index, follow, max-snippet:-1, max-image-preview:large, max-video-preview:-1\" \/>\n<link rel=\"canonical\" href=\"https:\/\/www.bellunopress.it\/fr\/2013\/04\/14\/alessandro-follador-e-il-re-della-pizolada-delle-dolomiti-oltre-200-atleti-al-via-al-passo-san-pellegrino\/\" \/>\n<meta property=\"og:locale\" content=\"fr_FR\" \/>\n<meta property=\"og:type\" content=\"article\" \/>\n<meta property=\"og:title\" content=\"Alessandro Follador \u00e8 il re della Pizolada delle Dolomiti. Oltre 200 atleti al via al Passo San Pellegrino  - Bellunopress - Dolomiti\" \/>\n<meta property=\"og:description\" content=\"Moena (TN), 14 aprile 2013 &#8211; Grande successo per la 37ma edizione della Pizolada delle Dolomiti, andata in scena oggi, domenica 14 aprile, al Passo San Pellegrino in una bella giornata primaverile nella magica cornice offerta dalle vette innevate della Val di Fassa. La decana dello scialpinismo italiano, organizzata e promossa dall&#8217;\u0092Unione Sportiva Monti Pallidi [&hellip;]\" \/>\n<meta property=\"og:url\" content=\"https:\/\/www.bellunopress.it\/fr\/2013\/04\/14\/alessandro-follador-e-il-re-della-pizolada-delle-dolomiti-oltre-200-atleti-al-via-al-passo-san-pellegrino\/\" \/>\n<meta property=\"og:site_name\" content=\"Bellunopress - Dolomiti\" \/>\n<meta property=\"article:publisher\" content=\"https:\/\/www.facebook.com\/profile.php?id=100008943462799\" \/>\n<meta property=\"article:published_time\" content=\"2013-04-14T14:27:49+00:00\" \/>\n<meta property=\"og:image\" content=\"http:\/\/www.bellunopress.it\/wp-content\/uploads\/2013\/04\/AlessandroFollador_ThomasMartini_Beccari-Filippo_.jpg\" \/>\n<meta name=\"author\" content=\"redazione\" \/>\n<meta name=\"twitter:card\" content=\"summary_large_image\" \/>\n<meta name=\"twitter:creator\" content=\"@bellunopress\" \/>\n<meta name=\"twitter:site\" content=\"@bellunopress\" \/>\n<meta name=\"twitter:label1\" content=\"\u00c9crit par\" \/>\n\t<meta name=\"twitter:data1\" content=\"redazione\" \/>\n\t<meta name=\"twitter:label2\" content=\"Dur\u00e9e de lecture estim\u00e9e\" \/>\n\t<meta name=\"twitter:data2\" content=\"4 minutes\" \/>\n<script type=\"application\/ld+json\" class=\"yoast-schema-graph\">{\"@context\":\"https:\\\/\\\/schema.org\",\"@graph\":[{\"@type\":\"Article\",\"@id\":\"https:\\\/\\\/www.bellunopress.it\\\/2013\\\/04\\\/14\\\/alessandro-follador-e-il-re-della-pizolada-delle-dolomiti-oltre-200-atleti-al-via-al-passo-san-pellegrino\\\/#article\",\"isPartOf\":{\"@id\":\"https:\\\/\\\/www.bellunopress.it\\\/2013\\\/04\\\/14\\\/alessandro-follador-e-il-re-della-pizolada-delle-dolomiti-oltre-200-atleti-al-via-al-passo-san-pellegrino\\\/\"},\"author\":{\"name\":\"redazione\",\"@id\":\"https:\\\/\\\/www.bellunopress.it\\\/#\\\/schema\\\/person\\\/79bb06722b37ece1c03d3e94beb30d73\"},\"headline\":\"Alessandro Follador \u00e8 il re della Pizolada delle Dolomiti. Oltre 200 atleti al via al Passo San Pellegrino\",\"datePublished\":\"2013-04-14T14:27:49+00:00\",\"mainEntityOfPage\":{\"@id\":\"https:\\\/\\\/www.bellunopress.it\\\/2013\\\/04\\\/14\\\/alessandro-follador-e-il-re-della-pizolada-delle-dolomiti-oltre-200-atleti-al-via-al-passo-san-pellegrino\\\/\"},\"wordCount\":809,\"publisher\":{\"@id\":\"https:\\\/\\\/www.bellunopress.it\\\/#organization\"},\"image\":{\"@id\":\"https:\\\/\\\/www.bellunopress.it\\\/2013\\\/04\\\/14\\\/alessandro-follador-e-il-re-della-pizolada-delle-dolomiti-oltre-200-atleti-al-via-al-passo-san-pellegrino\\\/#primaryimage\"},\"thumbnailUrl\":\"http:\\\/\\\/www.bellunopress.it\\\/wp-content\\\/uploads\\\/2013\\\/04\\\/AlessandroFollador_ThomasMartini_Beccari-Filippo_.jpg\",\"articleSection\":[\"Lettere Opinioni\"],\"inLanguage\":\"fr-FR\"},{\"@type\":\"WebPage\",\"@id\":\"https:\\\/\\\/www.bellunopress.it\\\/2013\\\/04\\\/14\\\/alessandro-follador-e-il-re-della-pizolada-delle-dolomiti-oltre-200-atleti-al-via-al-passo-san-pellegrino\\\/\",\"url\":\"https:\\\/\\\/www.bellunopress.it\\\/2013\\\/04\\\/14\\\/alessandro-follador-e-il-re-della-pizolada-delle-dolomiti-oltre-200-atleti-al-via-al-passo-san-pellegrino\\\/\",\"name\":\"Alessandro Follador \u00e8 il re della Pizolada delle Dolomiti. Oltre 200 atleti al via al Passo San Pellegrino - Bellunopress - Dolomiti\",\"isPartOf\":{\"@id\":\"https:\\\/\\\/www.bellunopress.it\\\/#website\"},\"primaryImageOfPage\":{\"@id\":\"https:\\\/\\\/www.bellunopress.it\\\/2013\\\/04\\\/14\\\/alessandro-follador-e-il-re-della-pizolada-delle-dolomiti-oltre-200-atleti-al-via-al-passo-san-pellegrino\\\/#primaryimage\"},\"image\":{\"@id\":\"https:\\\/\\\/www.bellunopress.it\\\/2013\\\/04\\\/14\\\/alessandro-follador-e-il-re-della-pizolada-delle-dolomiti-oltre-200-atleti-al-via-al-passo-san-pellegrino\\\/#primaryimage\"},\"thumbnailUrl\":\"http:\\\/\\\/www.bellunopress.it\\\/wp-content\\\/uploads\\\/2013\\\/04\\\/AlessandroFollador_ThomasMartini_Beccari-Filippo_.jpg\",\"datePublished\":\"2013-04-14T14:27:49+00:00\",\"breadcrumb\":{\"@id\":\"https:\\\/\\\/www.bellunopress.it\\\/2013\\\/04\\\/14\\\/alessandro-follador-e-il-re-della-pizolada-delle-dolomiti-oltre-200-atleti-al-via-al-passo-san-pellegrino\\\/#breadcrumb\"},\"inLanguage\":\"fr-FR\",\"potentialAction\":[{\"@type\":\"ReadAction\",\"target\":[\"https:\\\/\\\/www.bellunopress.it\\\/2013\\\/04\\\/14\\\/alessandro-follador-e-il-re-della-pizolada-delle-dolomiti-oltre-200-atleti-al-via-al-passo-san-pellegrino\\\/\"]}]},{\"@type\":\"ImageObject\",\"inLanguage\":\"fr-FR\",\"@id\":\"https:\\\/\\\/www.bellunopress.it\\\/2013\\\/04\\\/14\\\/alessandro-follador-e-il-re-della-pizolada-delle-dolomiti-oltre-200-atleti-al-via-al-passo-san-pellegrino\\\/#primaryimage\",\"url\":\"http:\\\/\\\/www.bellunopress.it\\\/wp-content\\\/uploads\\\/2013\\\/04\\\/AlessandroFollador_ThomasMartini_Beccari-Filippo_.jpg\",\"contentUrl\":\"http:\\\/\\\/www.bellunopress.it\\\/wp-content\\\/uploads\\\/2013\\\/04\\\/AlessandroFollador_ThomasMartini_Beccari-Filippo_.jpg\"},{\"@type\":\"BreadcrumbList\",\"@id\":\"https:\\\/\\\/www.bellunopress.it\\\/2013\\\/04\\\/14\\\/alessandro-follador-e-il-re-della-pizolada-delle-dolomiti-oltre-200-atleti-al-via-al-passo-san-pellegrino\\\/#breadcrumb\",\"itemListElement\":[{\"@type\":\"ListItem\",\"position\":1,\"name\":\"Home\",\"item\":\"https:\\\/\\\/www.bellunopress.it\\\/\"},{\"@type\":\"ListItem\",\"position\":2,\"name\":\"Alessandro Follador \u00e8 il re della Pizolada delle Dolomiti. Oltre 200 atleti al via al Passo San Pellegrino\"}]},{\"@type\":\"WebSite\",\"@id\":\"https:\\\/\\\/www.bellunopress.it\\\/#website\",\"url\":\"https:\\\/\\\/www.bellunopress.it\\\/\",\"name\":\"Bellunopress - Dolomiti\",\"description\":\"e-mail: redazione@bellunopress.it\",\"publisher\":{\"@id\":\"https:\\\/\\\/www.bellunopress.it\\\/#organization\"},\"potentialAction\":[{\"@type\":\"SearchAction\",\"target\":{\"@type\":\"EntryPoint\",\"urlTemplate\":\"https:\\\/\\\/www.bellunopress.it\\\/?s={search_term_string}\"},\"query-input\":{\"@type\":\"PropertyValueSpecification\",\"valueRequired\":true,\"valueName\":\"search_term_string\"}}],\"inLanguage\":\"fr-FR\"},{\"@type\":\"Organization\",\"@id\":\"https:\\\/\\\/www.bellunopress.it\\\/#organization\",\"name\":\"Bellunopress\",\"url\":\"https:\\\/\\\/www.bellunopress.it\\\/\",\"logo\":{\"@type\":\"ImageObject\",\"inLanguage\":\"fr-FR\",\"@id\":\"https:\\\/\\\/www.bellunopress.it\\\/#\\\/schema\\\/logo\\\/image\\\/\",\"url\":\"https:\\\/\\\/www.bellunopress.it\\\/wp-content\\\/uploads\\\/2011\\\/05\\\/cropped-logo-bellunopress-.jpg\",\"contentUrl\":\"https:\\\/\\\/www.bellunopress.it\\\/wp-content\\\/uploads\\\/2011\\\/05\\\/cropped-logo-bellunopress-.jpg\",\"width\":512,\"height\":512,\"caption\":\"Bellunopress\"},\"image\":{\"@id\":\"https:\\\/\\\/www.bellunopress.it\\\/#\\\/schema\\\/logo\\\/image\\\/\"},\"sameAs\":[\"https:\\\/\\\/www.facebook.com\\\/profile.php?id=100008943462799\",\"https:\\\/\\\/x.com\\\/bellunopress\",\"https:\\\/\\\/www.linkedin.com\\\/hp\\\/?dnr=JBzUWaJfMUw8vbXJJ2tVW5-I3jZKvC4wsoxE&amp;amp;amp;amp;amp;amp;trk=nav_responsive_tab_home\",\"https:\\\/\\\/www.youtube.com\\\/channel\\\/UCxL0wu1uN0_3_7hGG0306cw\"]},{\"@type\":\"Person\",\"@id\":\"https:\\\/\\\/www.bellunopress.it\\\/#\\\/schema\\\/person\\\/79bb06722b37ece1c03d3e94beb30d73\",\"name\":\"redazione\",\"image\":{\"@type\":\"ImageObject\",\"inLanguage\":\"fr-FR\",\"@id\":\"https:\\\/\\\/secure.gravatar.com\\\/avatar\\\/37d968a2e67a6fd04c169c4bdef102d0bc5d31b2546345219e348575eb80e9a0?s=96&d=mm&r=g\",\"url\":\"https:\\\/\\\/secure.gravatar.com\\\/avatar\\\/37d968a2e67a6fd04c169c4bdef102d0bc5d31b2546345219e348575eb80e9a0?s=96&d=mm&r=g\",\"contentUrl\":\"https:\\\/\\\/secure.gravatar.com\\\/avatar\\\/37d968a2e67a6fd04c169c4bdef102d0bc5d31b2546345219e348575eb80e9a0?s=96&d=mm&r=g\",\"caption\":\"redazione\"},\"sameAs\":[\"http:\\\/\\\/www.bellunopress.it\",\"https:\\\/\\\/x.com\\\/bellunopress\"],\"url\":\"https:\\\/\\\/www.bellunopress.it\\\/fr\\\/author\\\/redazione\\\/\"}]}<\/script>\n<!-- \/ Yoast SEO plugin. -->","yoast_head_json":{"title":"Alessandro Follador \u00e8 il re della Pizolada delle Dolomiti. Oltre 200 atleti al via al Passo San Pellegrino  - Bellunopress - Dolomiti","robots":{"index":"index","follow":"follow","max-snippet":"max-snippet:-1","max-image-preview":"max-image-preview:large","max-video-preview":"max-video-preview:-1"},"canonical":"https:\/\/www.bellunopress.it\/fr\/2013\/04\/14\/alessandro-follador-e-il-re-della-pizolada-delle-dolomiti-oltre-200-atleti-al-via-al-passo-san-pellegrino\/","og_locale":"fr_FR","og_type":"article","og_title":"Alessandro Follador \u00e8 il re della Pizolada delle Dolomiti. Oltre 200 atleti al via al Passo San Pellegrino  - Bellunopress - Dolomiti","og_description":"Moena (TN), 14 aprile 2013 &#8211; Grande successo per la 37ma edizione della Pizolada delle Dolomiti, andata in scena oggi, domenica 14 aprile, al Passo San Pellegrino in una bella giornata primaverile nella magica cornice offerta dalle vette innevate della Val di Fassa. La decana dello scialpinismo italiano, organizzata e promossa dall&#8217;\u0092Unione Sportiva Monti Pallidi [&hellip;]","og_url":"https:\/\/www.bellunopress.it\/fr\/2013\/04\/14\/alessandro-follador-e-il-re-della-pizolada-delle-dolomiti-oltre-200-atleti-al-via-al-passo-san-pellegrino\/","og_site_name":"Bellunopress - Dolomiti","article_publisher":"https:\/\/www.facebook.com\/profile.php?id=100008943462799","article_published_time":"2013-04-14T14:27:49+00:00","og_image":[{"url":"http:\/\/www.bellunopress.it\/wp-content\/uploads\/2013\/04\/AlessandroFollador_ThomasMartini_Beccari-Filippo_.jpg","type":"","width":"","height":""}],"author":"redazione","twitter_card":"summary_large_image","twitter_creator":"@bellunopress","twitter_site":"@bellunopress","twitter_misc":{"\u00c9crit par":"redazione","Dur\u00e9e de lecture estim\u00e9e":"4 minutes"},"schema":{"@context":"https:\/\/schema.org","@graph":[{"@type":"Article","@id":"https:\/\/www.bellunopress.it\/2013\/04\/14\/alessandro-follador-e-il-re-della-pizolada-delle-dolomiti-oltre-200-atleti-al-via-al-passo-san-pellegrino\/#article","isPartOf":{"@id":"https:\/\/www.bellunopress.it\/2013\/04\/14\/alessandro-follador-e-il-re-della-pizolada-delle-dolomiti-oltre-200-atleti-al-via-al-passo-san-pellegrino\/"},"author":{"name":"redazione","@id":"https:\/\/www.bellunopress.it\/#\/schema\/person\/79bb06722b37ece1c03d3e94beb30d73"},"headline":"Alessandro Follador \u00e8 il re della Pizolada delle Dolomiti. Oltre 200 atleti al via al Passo San Pellegrino","datePublished":"2013-04-14T14:27:49+00:00","mainEntityOfPage":{"@id":"https:\/\/www.bellunopress.it\/2013\/04\/14\/alessandro-follador-e-il-re-della-pizolada-delle-dolomiti-oltre-200-atleti-al-via-al-passo-san-pellegrino\/"},"wordCount":809,"publisher":{"@id":"https:\/\/www.bellunopress.it\/#organization"},"image":{"@id":"https:\/\/www.bellunopress.it\/2013\/04\/14\/alessandro-follador-e-il-re-della-pizolada-delle-dolomiti-oltre-200-atleti-al-via-al-passo-san-pellegrino\/#primaryimage"},"thumbnailUrl":"http:\/\/www.bellunopress.it\/wp-content\/uploads\/2013\/04\/AlessandroFollador_ThomasMartini_Beccari-Filippo_.jpg","articleSection":["Lettere Opinioni"],"inLanguage":"fr-FR"},{"@type":"WebPage","@id":"https:\/\/www.bellunopress.it\/2013\/04\/14\/alessandro-follador-e-il-re-della-pizolada-delle-dolomiti-oltre-200-atleti-al-via-al-passo-san-pellegrino\/","url":"https:\/\/www.bellunopress.it\/2013\/04\/14\/alessandro-follador-e-il-re-della-pizolada-delle-dolomiti-oltre-200-atleti-al-via-al-passo-san-pellegrino\/","name":"Alessandro Follador \u00e8 il re della Pizolada delle Dolomiti. Oltre 200 atleti al via al Passo San Pellegrino - Bellunopress - Dolomiti","isPartOf":{"@id":"https:\/\/www.bellunopress.it\/#website"},"primaryImageOfPage":{"@id":"https:\/\/www.bellunopress.it\/2013\/04\/14\/alessandro-follador-e-il-re-della-pizolada-delle-dolomiti-oltre-200-atleti-al-via-al-passo-san-pellegrino\/#primaryimage"},"image":{"@id":"https:\/\/www.bellunopress.it\/2013\/04\/14\/alessandro-follador-e-il-re-della-pizolada-delle-dolomiti-oltre-200-atleti-al-via-al-passo-san-pellegrino\/#primaryimage"},"thumbnailUrl":"http:\/\/www.bellunopress.it\/wp-content\/uploads\/2013\/04\/AlessandroFollador_ThomasMartini_Beccari-Filippo_.jpg","datePublished":"2013-04-14T14:27:49+00:00","breadcrumb":{"@id":"https:\/\/www.bellunopress.it\/2013\/04\/14\/alessandro-follador-e-il-re-della-pizolada-delle-dolomiti-oltre-200-atleti-al-via-al-passo-san-pellegrino\/#breadcrumb"},"inLanguage":"fr-FR","potentialAction":[{"@type":"ReadAction","target":["https:\/\/www.bellunopress.it\/2013\/04\/14\/alessandro-follador-e-il-re-della-pizolada-delle-dolomiti-oltre-200-atleti-al-via-al-passo-san-pellegrino\/"]}]},{"@type":"ImageObject","inLanguage":"fr-FR","@id":"https:\/\/www.bellunopress.it\/2013\/04\/14\/alessandro-follador-e-il-re-della-pizolada-delle-dolomiti-oltre-200-atleti-al-via-al-passo-san-pellegrino\/#primaryimage","url":"http:\/\/www.bellunopress.it\/wp-content\/uploads\/2013\/04\/AlessandroFollador_ThomasMartini_Beccari-Filippo_.jpg","contentUrl":"http:\/\/www.bellunopress.it\/wp-content\/uploads\/2013\/04\/AlessandroFollador_ThomasMartini_Beccari-Filippo_.jpg"},{"@type":"BreadcrumbList","@id":"https:\/\/www.bellunopress.it\/2013\/04\/14\/alessandro-follador-e-il-re-della-pizolada-delle-dolomiti-oltre-200-atleti-al-via-al-passo-san-pellegrino\/#breadcrumb","itemListElement":[{"@type":"ListItem","position":1,"name":"Home","item":"https:\/\/www.bellunopress.it\/"},{"@type":"ListItem","position":2,"name":"Alessandro Follador \u00e8 il re della Pizolada delle Dolomiti. Oltre 200 atleti al via al Passo San Pellegrino"}]},{"@type":"WebSite","@id":"https:\/\/www.bellunopress.it\/#website","url":"https:\/\/www.bellunopress.it\/","name":"Bellunopress - Dolomiti","description":"e-mail: redazione@bellunopress.it","publisher":{"@id":"https:\/\/www.bellunopress.it\/#organization"},"potentialAction":[{"@type":"SearchAction","target":{"@type":"EntryPoint","urlTemplate":"https:\/\/www.bellunopress.it\/?s={search_term_string}"},"query-input":{"@type":"PropertyValueSpecification","valueRequired":true,"valueName":"search_term_string"}}],"inLanguage":"fr-FR"},{"@type":"Organization","@id":"https:\/\/www.bellunopress.it\/#organization","name":"Bellunopress","url":"https:\/\/www.bellunopress.it\/","logo":{"@type":"ImageObject","inLanguage":"fr-FR","@id":"https:\/\/www.bellunopress.it\/#\/schema\/logo\/image\/","url":"https:\/\/www.bellunopress.it\/wp-content\/uploads\/2011\/05\/cropped-logo-bellunopress-.jpg","contentUrl":"https:\/\/www.bellunopress.it\/wp-content\/uploads\/2011\/05\/cropped-logo-bellunopress-.jpg","width":512,"height":512,"caption":"Bellunopress"},"image":{"@id":"https:\/\/www.bellunopress.it\/#\/schema\/logo\/image\/"},"sameAs":["https:\/\/www.facebook.com\/profile.php?id=100008943462799","https:\/\/x.com\/bellunopress","https:\/\/www.linkedin.com\/hp\/?dnr=JBzUWaJfMUw8vbXJJ2tVW5-I3jZKvC4wsoxE&amp;amp;amp;amp;amp;amp;trk=nav_responsive_tab_home","https:\/\/www.youtube.com\/channel\/UCxL0wu1uN0_3_7hGG0306cw"]},{"@type":"Person","@id":"https:\/\/www.bellunopress.it\/#\/schema\/person\/79bb06722b37ece1c03d3e94beb30d73","name":"r\u00e9daction","image":{"@type":"ImageObject","inLanguage":"fr-FR","@id":"https:\/\/secure.gravatar.com\/avatar\/37d968a2e67a6fd04c169c4bdef102d0bc5d31b2546345219e348575eb80e9a0?s=96&d=mm&r=g","url":"https:\/\/secure.gravatar.com\/avatar\/37d968a2e67a6fd04c169c4bdef102d0bc5d31b2546345219e348575eb80e9a0?s=96&d=mm&r=g","contentUrl":"https:\/\/secure.gravatar.com\/avatar\/37d968a2e67a6fd04c169c4bdef102d0bc5d31b2546345219e348575eb80e9a0?s=96&d=mm&r=g","caption":"redazione"},"sameAs":["http:\/\/www.bellunopress.it","https:\/\/x.com\/bellunopress"],"url":"https:\/\/www.bellunopress.it\/fr\/author\/redazione\/"}]}},"_links":{"self":[{"href":"https:\/\/www.bellunopress.it\/fr\/wp-json\/wp\/v2\/posts\/48499","targetHints":{"allow":["GET"]}}],"collection":[{"href":"https:\/\/www.bellunopress.it\/fr\/wp-json\/wp\/v2\/posts"}],"about":[{"href":"https:\/\/www.bellunopress.it\/fr\/wp-json\/wp\/v2\/types\/post"}],"author":[{"embeddable":true,"href":"https:\/\/www.bellunopress.it\/fr\/wp-json\/wp\/v2\/users\/2"}],"replies":[{"embeddable":true,"href":"https:\/\/www.bellunopress.it\/fr\/wp-json\/wp\/v2\/comments?post=48499"}],"version-history":[{"count":1,"href":"https:\/\/www.bellunopress.it\/fr\/wp-json\/wp\/v2\/posts\/48499\/revisions"}],"predecessor-version":[{"id":48501,"href":"https:\/\/www.bellunopress.it\/fr\/wp-json\/wp\/v2\/posts\/48499\/revisions\/48501"}],"wp:attachment":[{"href":"https:\/\/www.bellunopress.it\/fr\/wp-json\/wp\/v2\/media?parent=48499"}],"wp:term":[{"taxonomy":"category","embeddable":true,"href":"https:\/\/www.bellunopress.it\/fr\/wp-json\/wp\/v2\/categories?post=48499"},{"taxonomy":"post_tag","embeddable":true,"href":"https:\/\/www.bellunopress.it\/fr\/wp-json\/wp\/v2\/tags?post=48499"}],"curies":[{"name":"wp","href":"https:\/\/api.w.org\/{rel}","templated":true}]}}