{"id":48478,"date":"2013-04-14T21:54:21","date_gmt":"2013-04-14T20:54:21","guid":{"rendered":"http:\/\/www.bellunopress.it\/?p=48478"},"modified":"2013-04-13T12:57:45","modified_gmt":"2013-04-13T11:57:45","slug":"slitta-di-60-giorni-il-termine-del-registro-gas-florurati-per-impiantisti-e-autoriparatori","status":"publish","type":"post","link":"https:\/\/www.bellunopress.it\/fr\/2013\/04\/14\/slitta-di-60-giorni-il-termine-del-registro-gas-florurati-per-impiantisti-e-autoriparatori\/","title":{"rendered":"Slitta di 60 giorni il termine del Registro gas florurati per impiantisti e autoriparatori"},"content":{"rendered":"<figure id=\"attachment_27865\" aria-describedby=\"caption-attachment-27865\" style=\"width: 140px\" class=\"wp-caption alignleft\"><a href=\"http:\/\/www.bellunopress.it\/wp-content\/uploads\/2011\/06\/gianni-pastella.jpg\"><img loading=\"lazy\" decoding=\"async\" class=\"size-full wp-image-27865\" alt=\"Gianni Pastella\" src=\"http:\/\/www.bellunopress.it\/wp-content\/uploads\/2011\/06\/gianni-pastella.jpg\" width=\"140\" height=\"140\" \/><\/a><figcaption id=\"caption-attachment-27865\" class=\"wp-caption-text\">Gianni Pastella<\/figcaption><\/figure>\n<p>Il provvedimento sugli obblighi degli operatori che gestiscono apparecchiature contenenti gas serra varato con il DPR 43\/2012 conteneva la scadenza del 12 aprile come termine per l&#8217;iscrizione al Registro nazionale. In considerazione dell&#8217;intasamento delle procedure di iscrizione presso le Camere di Commercio che stava generando profondo malcontento presso le categorie interessate rappresentative di decine di migliaia di imprese e di addetti, APPIA CNA ha fin da subito sollecitato il Ministero per addivenire ad una soluzione che consentisse alle imprese di gestire questo complesso percorso di qualificazione in tempi e modi pi\u00f9 gestibili da parte delle imprese.<\/p>\n<p>\u201cE\u2019 con grande soddisfazione \u2013 dicono Mirko Guerra e Gianni Pastella, rispettivamente neo Presidente degli Installatori e degli Autoriparatori di APPIA CNA \u2013 apprendere che siamo riusciti a far differire di ulteriori 60 giorni l\u2019operativit\u00e0 del registro.\u201d \u201cL\u2019Appia aveva gi\u00e0 organizzato sul tema una serie di corsi per fare in modo che le imprese fossero abilitate entro il 12 aprile, ma, ora, il differimento \u2013 sottolinea Cristian Sacchet Responsabile delle categorie \u2013 consentir\u00e0 di valutare con maggiore accuratezza l\u2019esigenza di ogni singola impresa rispetto all\u2019opportunit\u00e0 o meno di essere abilitati all\u2019attivit\u00e0.\u201d<\/p>\n<p>&nbsp;<\/p>","protected":false},"excerpt":{"rendered":"<p>Il provvedimento sugli obblighi degli operatori che gestiscono apparecchiature contenenti gas serra varato con il DPR 43\/2012 conteneva la scadenza del 12 aprile come termine per l&#8217;iscrizione al Registro nazionale. In considerazione dell&#8217;intasamento delle procedure di iscrizione presso le Camere di Commercio che stava generando profondo malcontento presso le categorie interessate rappresentative di decine di [&hellip;]<\/p>\n","protected":false},"author":2,"featured_media":0,"comment_status":"closed","ping_status":"open","sticky":false,"template":"","format":"standard","meta":{"footnotes":""},"categories":[36,26],"tags":[],"class_list":["post-48478","post","type-post","status-publish","format-standard","category-lavoro-economia","category-prima-pagina"],"yoast_head":"<!-- This site is optimized with the Yoast SEO plugin v28.4 - https:\/\/yoast.com\/product\/yoast-seo-wordpress\/ -->\n<title>Slitta di 60 giorni il termine del Registro gas florurati per impiantisti e autoriparatori - Bellunopress - Dolomiti<\/title>\n<meta name=\"robots\" content=\"index, follow, max-snippet:-1, max-image-preview:large, max-video-preview:-1\" \/>\n<link rel=\"canonical\" href=\"https:\/\/www.bellunopress.it\/fr\/2013\/04\/14\/slitta-di-60-giorni-il-termine-del-registro-gas-florurati-per-impiantisti-e-autoriparatori\/\" \/>\n<meta property=\"og:locale\" content=\"fr_FR\" \/>\n<meta property=\"og:type\" content=\"article\" \/>\n<meta property=\"og:title\" content=\"Slitta di 60 giorni il termine del Registro gas florurati per impiantisti e autoriparatori - Bellunopress - Dolomiti\" \/>\n<meta property=\"og:description\" content=\"Il provvedimento sugli obblighi degli operatori che gestiscono apparecchiature contenenti gas serra varato con il DPR 43\/2012 conteneva la scadenza del 12 aprile come termine per l&#8217;iscrizione al Registro nazionale. In considerazione dell&#8217;intasamento delle procedure di iscrizione presso le Camere di Commercio che stava generando profondo malcontento presso le categorie interessate rappresentative di decine di [&hellip;]\" \/>\n<meta property=\"og:url\" content=\"https:\/\/www.bellunopress.it\/fr\/2013\/04\/14\/slitta-di-60-giorni-il-termine-del-registro-gas-florurati-per-impiantisti-e-autoriparatori\/\" \/>\n<meta property=\"og:site_name\" content=\"Bellunopress - Dolomiti\" \/>\n<meta property=\"article:publisher\" content=\"https:\/\/www.facebook.com\/profile.php?id=100008943462799\" \/>\n<meta property=\"article:published_time\" content=\"2013-04-14T20:54:21+00:00\" \/>\n<meta property=\"og:image\" content=\"http:\/\/www.bellunopress.it\/wp-content\/uploads\/2011\/06\/gianni-pastella.jpg\" \/>\n<meta name=\"author\" content=\"redazione\" \/>\n<meta name=\"twitter:card\" content=\"summary_large_image\" \/>\n<meta name=\"twitter:creator\" content=\"@bellunopress\" \/>\n<meta name=\"twitter:site\" content=\"@bellunopress\" \/>\n<meta name=\"twitter:label1\" content=\"\u00c9crit par\" \/>\n\t<meta name=\"twitter:data1\" content=\"redazione\" \/>\n\t<meta name=\"twitter:label2\" content=\"Dur\u00e9e de lecture estim\u00e9e\" \/>\n\t<meta name=\"twitter:data2\" content=\"1 minute\" \/>\n<script type=\"application\/ld+json\" class=\"yoast-schema-graph\">{\"@context\":\"https:\\\/\\\/schema.org\",\"@graph\":[{\"@type\":\"Article\",\"@id\":\"https:\\\/\\\/www.bellunopress.it\\\/2013\\\/04\\\/14\\\/slitta-di-60-giorni-il-termine-del-registro-gas-florurati-per-impiantisti-e-autoriparatori\\\/#article\",\"isPartOf\":{\"@id\":\"https:\\\/\\\/www.bellunopress.it\\\/2013\\\/04\\\/14\\\/slitta-di-60-giorni-il-termine-del-registro-gas-florurati-per-impiantisti-e-autoriparatori\\\/\"},\"author\":{\"name\":\"redazione\",\"@id\":\"https:\\\/\\\/www.bellunopress.it\\\/#\\\/schema\\\/person\\\/79bb06722b37ece1c03d3e94beb30d73\"},\"headline\":\"Slitta di 60 giorni il termine del Registro gas florurati per impiantisti e autoriparatori\",\"datePublished\":\"2013-04-14T20:54:21+00:00\",\"mainEntityOfPage\":{\"@id\":\"https:\\\/\\\/www.bellunopress.it\\\/2013\\\/04\\\/14\\\/slitta-di-60-giorni-il-termine-del-registro-gas-florurati-per-impiantisti-e-autoriparatori\\\/\"},\"wordCount\":209,\"publisher\":{\"@id\":\"https:\\\/\\\/www.bellunopress.it\\\/#organization\"},\"image\":{\"@id\":\"https:\\\/\\\/www.bellunopress.it\\\/2013\\\/04\\\/14\\\/slitta-di-60-giorni-il-termine-del-registro-gas-florurati-per-impiantisti-e-autoriparatori\\\/#primaryimage\"},\"thumbnailUrl\":\"http:\\\/\\\/www.bellunopress.it\\\/wp-content\\\/uploads\\\/2011\\\/06\\\/gianni-pastella.jpg\",\"articleSection\":[\"Lavoro, Economia, Turismo\",\"Prima Pagina\"],\"inLanguage\":\"fr-FR\"},{\"@type\":\"WebPage\",\"@id\":\"https:\\\/\\\/www.bellunopress.it\\\/2013\\\/04\\\/14\\\/slitta-di-60-giorni-il-termine-del-registro-gas-florurati-per-impiantisti-e-autoriparatori\\\/\",\"url\":\"https:\\\/\\\/www.bellunopress.it\\\/2013\\\/04\\\/14\\\/slitta-di-60-giorni-il-termine-del-registro-gas-florurati-per-impiantisti-e-autoriparatori\\\/\",\"name\":\"Slitta di 60 giorni il termine del Registro gas florurati per impiantisti e autoriparatori - Bellunopress - Dolomiti\",\"isPartOf\":{\"@id\":\"https:\\\/\\\/www.bellunopress.it\\\/#website\"},\"primaryImageOfPage\":{\"@id\":\"https:\\\/\\\/www.bellunopress.it\\\/2013\\\/04\\\/14\\\/slitta-di-60-giorni-il-termine-del-registro-gas-florurati-per-impiantisti-e-autoriparatori\\\/#primaryimage\"},\"image\":{\"@id\":\"https:\\\/\\\/www.bellunopress.it\\\/2013\\\/04\\\/14\\\/slitta-di-60-giorni-il-termine-del-registro-gas-florurati-per-impiantisti-e-autoriparatori\\\/#primaryimage\"},\"thumbnailUrl\":\"http:\\\/\\\/www.bellunopress.it\\\/wp-content\\\/uploads\\\/2011\\\/06\\\/gianni-pastella.jpg\",\"datePublished\":\"2013-04-14T20:54:21+00:00\",\"breadcrumb\":{\"@id\":\"https:\\\/\\\/www.bellunopress.it\\\/2013\\\/04\\\/14\\\/slitta-di-60-giorni-il-termine-del-registro-gas-florurati-per-impiantisti-e-autoriparatori\\\/#breadcrumb\"},\"inLanguage\":\"fr-FR\",\"potentialAction\":[{\"@type\":\"ReadAction\",\"target\":[\"https:\\\/\\\/www.bellunopress.it\\\/2013\\\/04\\\/14\\\/slitta-di-60-giorni-il-termine-del-registro-gas-florurati-per-impiantisti-e-autoriparatori\\\/\"]}]},{\"@type\":\"ImageObject\",\"inLanguage\":\"fr-FR\",\"@id\":\"https:\\\/\\\/www.bellunopress.it\\\/2013\\\/04\\\/14\\\/slitta-di-60-giorni-il-termine-del-registro-gas-florurati-per-impiantisti-e-autoriparatori\\\/#primaryimage\",\"url\":\"http:\\\/\\\/www.bellunopress.it\\\/wp-content\\\/uploads\\\/2011\\\/06\\\/gianni-pastella.jpg\",\"contentUrl\":\"http:\\\/\\\/www.bellunopress.it\\\/wp-content\\\/uploads\\\/2011\\\/06\\\/gianni-pastella.jpg\"},{\"@type\":\"BreadcrumbList\",\"@id\":\"https:\\\/\\\/www.bellunopress.it\\\/2013\\\/04\\\/14\\\/slitta-di-60-giorni-il-termine-del-registro-gas-florurati-per-impiantisti-e-autoriparatori\\\/#breadcrumb\",\"itemListElement\":[{\"@type\":\"ListItem\",\"position\":1,\"name\":\"Home\",\"item\":\"https:\\\/\\\/www.bellunopress.it\\\/\"},{\"@type\":\"ListItem\",\"position\":2,\"name\":\"Slitta di 60 giorni il termine del Registro gas florurati per impiantisti e autoriparatori\"}]},{\"@type\":\"WebSite\",\"@id\":\"https:\\\/\\\/www.bellunopress.it\\\/#website\",\"url\":\"https:\\\/\\\/www.bellunopress.it\\\/\",\"name\":\"Bellunopress - Dolomiti\",\"description\":\"e-mail: redazione@bellunopress.it\",\"publisher\":{\"@id\":\"https:\\\/\\\/www.bellunopress.it\\\/#organization\"},\"potentialAction\":[{\"@type\":\"SearchAction\",\"target\":{\"@type\":\"EntryPoint\",\"urlTemplate\":\"https:\\\/\\\/www.bellunopress.it\\\/?s={search_term_string}\"},\"query-input\":{\"@type\":\"PropertyValueSpecification\",\"valueRequired\":true,\"valueName\":\"search_term_string\"}}],\"inLanguage\":\"fr-FR\"},{\"@type\":\"Organization\",\"@id\":\"https:\\\/\\\/www.bellunopress.it\\\/#organization\",\"name\":\"Bellunopress\",\"url\":\"https:\\\/\\\/www.bellunopress.it\\\/\",\"logo\":{\"@type\":\"ImageObject\",\"inLanguage\":\"fr-FR\",\"@id\":\"https:\\\/\\\/www.bellunopress.it\\\/#\\\/schema\\\/logo\\\/image\\\/\",\"url\":\"https:\\\/\\\/www.bellunopress.it\\\/wp-content\\\/uploads\\\/2011\\\/05\\\/cropped-logo-bellunopress-.jpg\",\"contentUrl\":\"https:\\\/\\\/www.bellunopress.it\\\/wp-content\\\/uploads\\\/2011\\\/05\\\/cropped-logo-bellunopress-.jpg\",\"width\":512,\"height\":512,\"caption\":\"Bellunopress\"},\"image\":{\"@id\":\"https:\\\/\\\/www.bellunopress.it\\\/#\\\/schema\\\/logo\\\/image\\\/\"},\"sameAs\":[\"https:\\\/\\\/www.facebook.com\\\/profile.php?id=100008943462799\",\"https:\\\/\\\/x.com\\\/bellunopress\",\"https:\\\/\\\/www.linkedin.com\\\/hp\\\/?dnr=JBzUWaJfMUw8vbXJJ2tVW5-I3jZKvC4wsoxE&amp;amp;amp;amp;amp;amp;trk=nav_responsive_tab_home\",\"https:\\\/\\\/www.youtube.com\\\/channel\\\/UCxL0wu1uN0_3_7hGG0306cw\"]},{\"@type\":\"Person\",\"@id\":\"https:\\\/\\\/www.bellunopress.it\\\/#\\\/schema\\\/person\\\/79bb06722b37ece1c03d3e94beb30d73\",\"name\":\"redazione\",\"image\":{\"@type\":\"ImageObject\",\"inLanguage\":\"fr-FR\",\"@id\":\"https:\\\/\\\/secure.gravatar.com\\\/avatar\\\/37d968a2e67a6fd04c169c4bdef102d0bc5d31b2546345219e348575eb80e9a0?s=96&d=mm&r=g\",\"url\":\"https:\\\/\\\/secure.gravatar.com\\\/avatar\\\/37d968a2e67a6fd04c169c4bdef102d0bc5d31b2546345219e348575eb80e9a0?s=96&d=mm&r=g\",\"contentUrl\":\"https:\\\/\\\/secure.gravatar.com\\\/avatar\\\/37d968a2e67a6fd04c169c4bdef102d0bc5d31b2546345219e348575eb80e9a0?s=96&d=mm&r=g\",\"caption\":\"redazione\"},\"sameAs\":[\"http:\\\/\\\/www.bellunopress.it\",\"https:\\\/\\\/x.com\\\/bellunopress\"],\"url\":\"https:\\\/\\\/www.bellunopress.it\\\/fr\\\/author\\\/redazione\\\/\"}]}<\/script>\n<!-- \/ Yoast SEO plugin. -->","yoast_head_json":{"title":"Slitta di 60 giorni il termine del Registro gas florurati per impiantisti e autoriparatori - Bellunopress - Dolomiti","robots":{"index":"index","follow":"follow","max-snippet":"max-snippet:-1","max-image-preview":"max-image-preview:large","max-video-preview":"max-video-preview:-1"},"canonical":"https:\/\/www.bellunopress.it\/fr\/2013\/04\/14\/slitta-di-60-giorni-il-termine-del-registro-gas-florurati-per-impiantisti-e-autoriparatori\/","og_locale":"fr_FR","og_type":"article","og_title":"Slitta di 60 giorni il termine del Registro gas florurati per impiantisti e autoriparatori - Bellunopress - Dolomiti","og_description":"Il provvedimento sugli obblighi degli operatori che gestiscono apparecchiature contenenti gas serra varato con il DPR 43\/2012 conteneva la scadenza del 12 aprile come termine per l&#8217;iscrizione al Registro nazionale. In considerazione dell&#8217;intasamento delle procedure di iscrizione presso le Camere di Commercio che stava generando profondo malcontento presso le categorie interessate rappresentative di decine di [&hellip;]","og_url":"https:\/\/www.bellunopress.it\/fr\/2013\/04\/14\/slitta-di-60-giorni-il-termine-del-registro-gas-florurati-per-impiantisti-e-autoriparatori\/","og_site_name":"Bellunopress - Dolomiti","article_publisher":"https:\/\/www.facebook.com\/profile.php?id=100008943462799","article_published_time":"2013-04-14T20:54:21+00:00","og_image":[{"url":"http:\/\/www.bellunopress.it\/wp-content\/uploads\/2011\/06\/gianni-pastella.jpg","type":"","width":"","height":""}],"author":"redazione","twitter_card":"summary_large_image","twitter_creator":"@bellunopress","twitter_site":"@bellunopress","twitter_misc":{"\u00c9crit par":"redazione","Dur\u00e9e de lecture estim\u00e9e":"1 minute"},"schema":{"@context":"https:\/\/schema.org","@graph":[{"@type":"Article","@id":"https:\/\/www.bellunopress.it\/2013\/04\/14\/slitta-di-60-giorni-il-termine-del-registro-gas-florurati-per-impiantisti-e-autoriparatori\/#article","isPartOf":{"@id":"https:\/\/www.bellunopress.it\/2013\/04\/14\/slitta-di-60-giorni-il-termine-del-registro-gas-florurati-per-impiantisti-e-autoriparatori\/"},"author":{"name":"redazione","@id":"https:\/\/www.bellunopress.it\/#\/schema\/person\/79bb06722b37ece1c03d3e94beb30d73"},"headline":"Slitta di 60 giorni il termine del Registro gas florurati per impiantisti e autoriparatori","datePublished":"2013-04-14T20:54:21+00:00","mainEntityOfPage":{"@id":"https:\/\/www.bellunopress.it\/2013\/04\/14\/slitta-di-60-giorni-il-termine-del-registro-gas-florurati-per-impiantisti-e-autoriparatori\/"},"wordCount":209,"publisher":{"@id":"https:\/\/www.bellunopress.it\/#organization"},"image":{"@id":"https:\/\/www.bellunopress.it\/2013\/04\/14\/slitta-di-60-giorni-il-termine-del-registro-gas-florurati-per-impiantisti-e-autoriparatori\/#primaryimage"},"thumbnailUrl":"http:\/\/www.bellunopress.it\/wp-content\/uploads\/2011\/06\/gianni-pastella.jpg","articleSection":["Lavoro, Economia, Turismo","Prima Pagina"],"inLanguage":"fr-FR"},{"@type":"WebPage","@id":"https:\/\/www.bellunopress.it\/2013\/04\/14\/slitta-di-60-giorni-il-termine-del-registro-gas-florurati-per-impiantisti-e-autoriparatori\/","url":"https:\/\/www.bellunopress.it\/2013\/04\/14\/slitta-di-60-giorni-il-termine-del-registro-gas-florurati-per-impiantisti-e-autoriparatori\/","name":"Slitta di 60 giorni il termine del Registro gas florurati per impiantisti e autoriparatori - Bellunopress - Dolomiti","isPartOf":{"@id":"https:\/\/www.bellunopress.it\/#website"},"primaryImageOfPage":{"@id":"https:\/\/www.bellunopress.it\/2013\/04\/14\/slitta-di-60-giorni-il-termine-del-registro-gas-florurati-per-impiantisti-e-autoriparatori\/#primaryimage"},"image":{"@id":"https:\/\/www.bellunopress.it\/2013\/04\/14\/slitta-di-60-giorni-il-termine-del-registro-gas-florurati-per-impiantisti-e-autoriparatori\/#primaryimage"},"thumbnailUrl":"http:\/\/www.bellunopress.it\/wp-content\/uploads\/2011\/06\/gianni-pastella.jpg","datePublished":"2013-04-14T20:54:21+00:00","breadcrumb":{"@id":"https:\/\/www.bellunopress.it\/2013\/04\/14\/slitta-di-60-giorni-il-termine-del-registro-gas-florurati-per-impiantisti-e-autoriparatori\/#breadcrumb"},"inLanguage":"fr-FR","potentialAction":[{"@type":"ReadAction","target":["https:\/\/www.bellunopress.it\/2013\/04\/14\/slitta-di-60-giorni-il-termine-del-registro-gas-florurati-per-impiantisti-e-autoriparatori\/"]}]},{"@type":"ImageObject","inLanguage":"fr-FR","@id":"https:\/\/www.bellunopress.it\/2013\/04\/14\/slitta-di-60-giorni-il-termine-del-registro-gas-florurati-per-impiantisti-e-autoriparatori\/#primaryimage","url":"http:\/\/www.bellunopress.it\/wp-content\/uploads\/2011\/06\/gianni-pastella.jpg","contentUrl":"http:\/\/www.bellunopress.it\/wp-content\/uploads\/2011\/06\/gianni-pastella.jpg"},{"@type":"BreadcrumbList","@id":"https:\/\/www.bellunopress.it\/2013\/04\/14\/slitta-di-60-giorni-il-termine-del-registro-gas-florurati-per-impiantisti-e-autoriparatori\/#breadcrumb","itemListElement":[{"@type":"ListItem","position":1,"name":"Home","item":"https:\/\/www.bellunopress.it\/"},{"@type":"ListItem","position":2,"name":"Slitta di 60 giorni il termine del Registro gas florurati per impiantisti e autoriparatori"}]},{"@type":"WebSite","@id":"https:\/\/www.bellunopress.it\/#website","url":"https:\/\/www.bellunopress.it\/","name":"Bellunopress - Dolomiti","description":"e-mail: redazione@bellunopress.it","publisher":{"@id":"https:\/\/www.bellunopress.it\/#organization"},"potentialAction":[{"@type":"SearchAction","target":{"@type":"EntryPoint","urlTemplate":"https:\/\/www.bellunopress.it\/?s={search_term_string}"},"query-input":{"@type":"PropertyValueSpecification","valueRequired":true,"valueName":"search_term_string"}}],"inLanguage":"fr-FR"},{"@type":"Organization","@id":"https:\/\/www.bellunopress.it\/#organization","name":"Bellunopress","url":"https:\/\/www.bellunopress.it\/","logo":{"@type":"ImageObject","inLanguage":"fr-FR","@id":"https:\/\/www.bellunopress.it\/#\/schema\/logo\/image\/","url":"https:\/\/www.bellunopress.it\/wp-content\/uploads\/2011\/05\/cropped-logo-bellunopress-.jpg","contentUrl":"https:\/\/www.bellunopress.it\/wp-content\/uploads\/2011\/05\/cropped-logo-bellunopress-.jpg","width":512,"height":512,"caption":"Bellunopress"},"image":{"@id":"https:\/\/www.bellunopress.it\/#\/schema\/logo\/image\/"},"sameAs":["https:\/\/www.facebook.com\/profile.php?id=100008943462799","https:\/\/x.com\/bellunopress","https:\/\/www.linkedin.com\/hp\/?dnr=JBzUWaJfMUw8vbXJJ2tVW5-I3jZKvC4wsoxE&amp;amp;amp;amp;amp;amp;trk=nav_responsive_tab_home","https:\/\/www.youtube.com\/channel\/UCxL0wu1uN0_3_7hGG0306cw"]},{"@type":"Person","@id":"https:\/\/www.bellunopress.it\/#\/schema\/person\/79bb06722b37ece1c03d3e94beb30d73","name":"r\u00e9daction","image":{"@type":"ImageObject","inLanguage":"fr-FR","@id":"https:\/\/secure.gravatar.com\/avatar\/37d968a2e67a6fd04c169c4bdef102d0bc5d31b2546345219e348575eb80e9a0?s=96&d=mm&r=g","url":"https:\/\/secure.gravatar.com\/avatar\/37d968a2e67a6fd04c169c4bdef102d0bc5d31b2546345219e348575eb80e9a0?s=96&d=mm&r=g","contentUrl":"https:\/\/secure.gravatar.com\/avatar\/37d968a2e67a6fd04c169c4bdef102d0bc5d31b2546345219e348575eb80e9a0?s=96&d=mm&r=g","caption":"redazione"},"sameAs":["http:\/\/www.bellunopress.it","https:\/\/x.com\/bellunopress"],"url":"https:\/\/www.bellunopress.it\/fr\/author\/redazione\/"}]}},"_links":{"self":[{"href":"https:\/\/www.bellunopress.it\/fr\/wp-json\/wp\/v2\/posts\/48478","targetHints":{"allow":["GET"]}}],"collection":[{"href":"https:\/\/www.bellunopress.it\/fr\/wp-json\/wp\/v2\/posts"}],"about":[{"href":"https:\/\/www.bellunopress.it\/fr\/wp-json\/wp\/v2\/types\/post"}],"author":[{"embeddable":true,"href":"https:\/\/www.bellunopress.it\/fr\/wp-json\/wp\/v2\/users\/2"}],"replies":[{"embeddable":true,"href":"https:\/\/www.bellunopress.it\/fr\/wp-json\/wp\/v2\/comments?post=48478"}],"version-history":[{"count":1,"href":"https:\/\/www.bellunopress.it\/fr\/wp-json\/wp\/v2\/posts\/48478\/revisions"}],"predecessor-version":[{"id":48479,"href":"https:\/\/www.bellunopress.it\/fr\/wp-json\/wp\/v2\/posts\/48478\/revisions\/48479"}],"wp:attachment":[{"href":"https:\/\/www.bellunopress.it\/fr\/wp-json\/wp\/v2\/media?parent=48478"}],"wp:term":[{"taxonomy":"category","embeddable":true,"href":"https:\/\/www.bellunopress.it\/fr\/wp-json\/wp\/v2\/categories?post=48478"},{"taxonomy":"post_tag","embeddable":true,"href":"https:\/\/www.bellunopress.it\/fr\/wp-json\/wp\/v2\/tags?post=48478"}],"curies":[{"name":"wp","href":"https:\/\/api.w.org\/{rel}","templated":true}]}}