{"id":48466,"date":"2013-04-12T20:25:34","date_gmt":"2013-04-12T19:25:34","guid":{"rendered":"http:\/\/www.bellunopress.it\/?p=48466"},"modified":"2013-04-12T20:31:51","modified_gmt":"2013-04-12T19:31:51","slug":"acqua-non-potabile-ad-arsie","status":"publish","type":"post","link":"https:\/\/www.bellunopress.it\/fr\/2013\/04\/12\/acqua-non-potabile-ad-arsie\/","title":{"rendered":"Acqua non potabile ad Arsi\u00e9. Interruzioni luned\u00ec a Borca di Cadore e mercoled\u00ec a Sospirolo"},"content":{"rendered":"<p><a href=\"http:\/\/www.bellunopress.it\/wp-content\/uploads\/2009\/08\/gsp-gestione-servizi-pubblici.jpg\"><img loading=\"lazy\" decoding=\"async\" class=\"alignleft size-full wp-image-6957\" alt=\"gsp-gestione-servizi-pubblici\" src=\"http:\/\/www.bellunopress.it\/wp-content\/uploads\/2009\/08\/gsp-gestione-servizi-pubblici.jpg\" width=\"140\" height=\"89\" \/><\/a>Belluno, 12 aprile 2013 \u2013 Acqua non potabile, da oggi e per i prossimi giorni, ad Arsi\u00e8 nelle zone di Incino e Corlo. Lo ha comunicato questa mattina l\u2019Ulss di Feltre, che ha rilevato la presenza di batteri nel campione d\u2019acqua prelevato nei giorni scorsi dalla rete idrica locale. Gsp, gi\u00e0 in mattinata, ha adottato le necessarie misure di disinfezione e clorazione dell\u2019acqua presente nei serbatoi e nella rete idrica locale. In attesa di nuovi accertamenti, per le utenze interessate \u2013 una ventina &#8211; vige il divieto di utilizzare l\u2019acqua per gli usi alimentari (cuocere cibi, bere, ecc..) fino a nuova comunicazione.<\/p>\n<p>Mancher\u00e0 l\u2019acqua, invece, mercoled\u00ec 17 aprile dalle 8 alle 12 a Sospirolo nelle zone di Piz, Regolanova, Camolino e Mezzaterra (circa 40 utenze) per riparazioni lungo la rete idrica locale.<\/p>\n<p>Per informazioni si ricorda che \u00e8 disponibile il Servizio Clienti ai numeri 840 000 032 o 0437 938002, mentre per emergenze il numero del Pronto Intervento \u00e8 800 757678.<\/p>\n<p>&nbsp;<\/p>\n<p>Belluno, 12 aprile 2013 &#8211; Gestione Servizi Pubblici informa che\u00a0luned\u00ec 15 aprile dalle 8.30 fino a fine lavori verr\u00e0 sospesa la fornitura idrica a Borca di Cadore in Via Roma: l&#8217;interruzione, che interessa una decina di utenze, si rende necessaria per consentire la sistemazione di un tratto di acquedotto. In caso di maltempo l&#8217;intervento verr\u00e0 rinviato al 16 aprile.<\/p>\n<p>Belluno, 12 aprile 2013 &#8211; Gestione Servizi Pubblici informa che luned\u00ec 15 aprile dalle 8.30 fino a fine lavori verr\u00e0 sospesa la fornitura idrica a Borca di Cadore in Via Roma: l&#8217;interruzione, che interessa una decina di utenze, si rende necessaria per consentire la sistemazione di un tratto di acquedotto. In caso di maltempo l&#8217;intervento verr\u00e0 rinviato al 16 aprile.<\/p>\n<p>Marted\u00ec 16 aprile, invece, a Livinallongo nelle vie Pradat e Colerei (30 utenze) potrebbe mancare l\u2019acqua dalle 8 alle 12: durante la mattinata, infatti, verranno eseguiti vari interventi di riparazione lungo la rete idrica locale.<\/p>\n<p>Per informazioni \u00e8 disponibile il Servizio Clienti ai numeri 840 000 032 (da rete fissa) oppure 0437 938002 (da mobile o via internet), mentre per emergenze il numero del Pronto Intervento \u00e8 800 757678.<\/p>\n<p>&nbsp;<\/p>","protected":false},"excerpt":{"rendered":"<p>Belluno, 12 aprile 2013 \u2013 Acqua non potabile, da oggi e per i prossimi giorni, ad Arsi\u00e8 nelle zone di Incino e Corlo. Lo ha comunicato questa mattina l\u2019Ulss di Feltre, che ha rilevato la presenza di batteri nel campione d\u2019acqua prelevato nei giorni scorsi dalla rete idrica locale. Gsp, gi\u00e0 in mattinata, ha adottato [&hellip;]<\/p>\n","protected":false},"author":2,"featured_media":0,"comment_status":"closed","ping_status":"open","sticky":false,"template":"","format":"standard","meta":{"footnotes":""},"categories":[5,26],"tags":[],"class_list":["post-48466","post","type-post","status-publish","format-standard","category-cronaca","category-prima-pagina"],"yoast_head":"<!-- This site is optimized with the Yoast SEO plugin v28.4 - https:\/\/yoast.com\/product\/yoast-seo-wordpress\/ -->\n<title>Acqua non potabile ad Arsi\u00e9. Interruzioni luned\u00ec a Borca di Cadore e mercoled\u00ec a Sospirolo - Bellunopress - Dolomiti<\/title>\n<meta name=\"robots\" content=\"index, follow, max-snippet:-1, max-image-preview:large, max-video-preview:-1\" \/>\n<link rel=\"canonical\" href=\"https:\/\/www.bellunopress.it\/fr\/2013\/04\/12\/acqua-non-potabile-ad-arsie\/\" \/>\n<meta property=\"og:locale\" content=\"fr_FR\" \/>\n<meta property=\"og:type\" content=\"article\" \/>\n<meta property=\"og:title\" content=\"Acqua non potabile ad Arsi\u00e9. Interruzioni luned\u00ec a Borca di Cadore e mercoled\u00ec a Sospirolo - Bellunopress - Dolomiti\" \/>\n<meta property=\"og:description\" content=\"Belluno, 12 aprile 2013 \u2013 Acqua non potabile, da oggi e per i prossimi giorni, ad Arsi\u00e8 nelle zone di Incino e Corlo. Lo ha comunicato questa mattina l\u2019Ulss di Feltre, che ha rilevato la presenza di batteri nel campione d\u2019acqua prelevato nei giorni scorsi dalla rete idrica locale. Gsp, gi\u00e0 in mattinata, ha adottato [&hellip;]\" \/>\n<meta property=\"og:url\" content=\"https:\/\/www.bellunopress.it\/fr\/2013\/04\/12\/acqua-non-potabile-ad-arsie\/\" \/>\n<meta property=\"og:site_name\" content=\"Bellunopress - Dolomiti\" \/>\n<meta property=\"article:publisher\" content=\"https:\/\/www.facebook.com\/profile.php?id=100008943462799\" \/>\n<meta property=\"article:published_time\" content=\"2013-04-12T19:25:34+00:00\" \/>\n<meta property=\"article:modified_time\" content=\"2013-04-12T19:31:51+00:00\" \/>\n<meta property=\"og:image\" content=\"http:\/\/www.bellunopress.it\/wp-content\/uploads\/2009\/08\/gsp-gestione-servizi-pubblici.jpg\" \/>\n<meta name=\"author\" content=\"redazione\" \/>\n<meta name=\"twitter:card\" content=\"summary_large_image\" \/>\n<meta name=\"twitter:creator\" content=\"@bellunopress\" \/>\n<meta name=\"twitter:site\" content=\"@bellunopress\" \/>\n<meta name=\"twitter:label1\" content=\"\u00c9crit par\" \/>\n\t<meta name=\"twitter:data1\" content=\"redazione\" \/>\n\t<meta name=\"twitter:label2\" content=\"Dur\u00e9e de lecture estim\u00e9e\" \/>\n\t<meta name=\"twitter:data2\" content=\"2 minutes\" \/>\n<script type=\"application\/ld+json\" class=\"yoast-schema-graph\">{\"@context\":\"https:\\\/\\\/schema.org\",\"@graph\":[{\"@type\":\"Article\",\"@id\":\"https:\\\/\\\/www.bellunopress.it\\\/2013\\\/04\\\/12\\\/acqua-non-potabile-ad-arsie\\\/#article\",\"isPartOf\":{\"@id\":\"https:\\\/\\\/www.bellunopress.it\\\/2013\\\/04\\\/12\\\/acqua-non-potabile-ad-arsie\\\/\"},\"author\":{\"name\":\"redazione\",\"@id\":\"https:\\\/\\\/www.bellunopress.it\\\/#\\\/schema\\\/person\\\/79bb06722b37ece1c03d3e94beb30d73\"},\"headline\":\"Acqua non potabile ad Arsi\u00e9. Interruzioni luned\u00ec a Borca di Cadore e mercoled\u00ec a Sospirolo\",\"datePublished\":\"2013-04-12T19:25:34+00:00\",\"dateModified\":\"2013-04-12T19:31:51+00:00\",\"mainEntityOfPage\":{\"@id\":\"https:\\\/\\\/www.bellunopress.it\\\/2013\\\/04\\\/12\\\/acqua-non-potabile-ad-arsie\\\/\"},\"wordCount\":337,\"publisher\":{\"@id\":\"https:\\\/\\\/www.bellunopress.it\\\/#organization\"},\"image\":{\"@id\":\"https:\\\/\\\/www.bellunopress.it\\\/2013\\\/04\\\/12\\\/acqua-non-potabile-ad-arsie\\\/#primaryimage\"},\"thumbnailUrl\":\"http:\\\/\\\/www.bellunopress.it\\\/wp-content\\\/uploads\\\/2009\\\/08\\\/gsp-gestione-servizi-pubblici.jpg\",\"articleSection\":[\"Cronaca\\\/Politica\",\"Prima Pagina\"],\"inLanguage\":\"fr-FR\"},{\"@type\":\"WebPage\",\"@id\":\"https:\\\/\\\/www.bellunopress.it\\\/2013\\\/04\\\/12\\\/acqua-non-potabile-ad-arsie\\\/\",\"url\":\"https:\\\/\\\/www.bellunopress.it\\\/2013\\\/04\\\/12\\\/acqua-non-potabile-ad-arsie\\\/\",\"name\":\"Acqua non potabile ad Arsi\u00e9. Interruzioni luned\u00ec a Borca di Cadore e mercoled\u00ec a Sospirolo - Bellunopress - Dolomiti\",\"isPartOf\":{\"@id\":\"https:\\\/\\\/www.bellunopress.it\\\/#website\"},\"primaryImageOfPage\":{\"@id\":\"https:\\\/\\\/www.bellunopress.it\\\/2013\\\/04\\\/12\\\/acqua-non-potabile-ad-arsie\\\/#primaryimage\"},\"image\":{\"@id\":\"https:\\\/\\\/www.bellunopress.it\\\/2013\\\/04\\\/12\\\/acqua-non-potabile-ad-arsie\\\/#primaryimage\"},\"thumbnailUrl\":\"http:\\\/\\\/www.bellunopress.it\\\/wp-content\\\/uploads\\\/2009\\\/08\\\/gsp-gestione-servizi-pubblici.jpg\",\"datePublished\":\"2013-04-12T19:25:34+00:00\",\"dateModified\":\"2013-04-12T19:31:51+00:00\",\"breadcrumb\":{\"@id\":\"https:\\\/\\\/www.bellunopress.it\\\/2013\\\/04\\\/12\\\/acqua-non-potabile-ad-arsie\\\/#breadcrumb\"},\"inLanguage\":\"fr-FR\",\"potentialAction\":[{\"@type\":\"ReadAction\",\"target\":[\"https:\\\/\\\/www.bellunopress.it\\\/2013\\\/04\\\/12\\\/acqua-non-potabile-ad-arsie\\\/\"]}]},{\"@type\":\"ImageObject\",\"inLanguage\":\"fr-FR\",\"@id\":\"https:\\\/\\\/www.bellunopress.it\\\/2013\\\/04\\\/12\\\/acqua-non-potabile-ad-arsie\\\/#primaryimage\",\"url\":\"http:\\\/\\\/www.bellunopress.it\\\/wp-content\\\/uploads\\\/2009\\\/08\\\/gsp-gestione-servizi-pubblici.jpg\",\"contentUrl\":\"http:\\\/\\\/www.bellunopress.it\\\/wp-content\\\/uploads\\\/2009\\\/08\\\/gsp-gestione-servizi-pubblici.jpg\"},{\"@type\":\"BreadcrumbList\",\"@id\":\"https:\\\/\\\/www.bellunopress.it\\\/2013\\\/04\\\/12\\\/acqua-non-potabile-ad-arsie\\\/#breadcrumb\",\"itemListElement\":[{\"@type\":\"ListItem\",\"position\":1,\"name\":\"Home\",\"item\":\"https:\\\/\\\/www.bellunopress.it\\\/\"},{\"@type\":\"ListItem\",\"position\":2,\"name\":\"Acqua non potabile ad Arsi\u00e9. Interruzioni luned\u00ec a Borca di Cadore e mercoled\u00ec a Sospirolo\"}]},{\"@type\":\"WebSite\",\"@id\":\"https:\\\/\\\/www.bellunopress.it\\\/#website\",\"url\":\"https:\\\/\\\/www.bellunopress.it\\\/\",\"name\":\"Bellunopress - Dolomiti\",\"description\":\"e-mail: redazione@bellunopress.it\",\"publisher\":{\"@id\":\"https:\\\/\\\/www.bellunopress.it\\\/#organization\"},\"potentialAction\":[{\"@type\":\"SearchAction\",\"target\":{\"@type\":\"EntryPoint\",\"urlTemplate\":\"https:\\\/\\\/www.bellunopress.it\\\/?s={search_term_string}\"},\"query-input\":{\"@type\":\"PropertyValueSpecification\",\"valueRequired\":true,\"valueName\":\"search_term_string\"}}],\"inLanguage\":\"fr-FR\"},{\"@type\":\"Organization\",\"@id\":\"https:\\\/\\\/www.bellunopress.it\\\/#organization\",\"name\":\"Bellunopress\",\"url\":\"https:\\\/\\\/www.bellunopress.it\\\/\",\"logo\":{\"@type\":\"ImageObject\",\"inLanguage\":\"fr-FR\",\"@id\":\"https:\\\/\\\/www.bellunopress.it\\\/#\\\/schema\\\/logo\\\/image\\\/\",\"url\":\"https:\\\/\\\/www.bellunopress.it\\\/wp-content\\\/uploads\\\/2011\\\/05\\\/cropped-logo-bellunopress-.jpg\",\"contentUrl\":\"https:\\\/\\\/www.bellunopress.it\\\/wp-content\\\/uploads\\\/2011\\\/05\\\/cropped-logo-bellunopress-.jpg\",\"width\":512,\"height\":512,\"caption\":\"Bellunopress\"},\"image\":{\"@id\":\"https:\\\/\\\/www.bellunopress.it\\\/#\\\/schema\\\/logo\\\/image\\\/\"},\"sameAs\":[\"https:\\\/\\\/www.facebook.com\\\/profile.php?id=100008943462799\",\"https:\\\/\\\/x.com\\\/bellunopress\",\"https:\\\/\\\/www.linkedin.com\\\/hp\\\/?dnr=JBzUWaJfMUw8vbXJJ2tVW5-I3jZKvC4wsoxE&amp;amp;amp;amp;amp;amp;trk=nav_responsive_tab_home\",\"https:\\\/\\\/www.youtube.com\\\/channel\\\/UCxL0wu1uN0_3_7hGG0306cw\"]},{\"@type\":\"Person\",\"@id\":\"https:\\\/\\\/www.bellunopress.it\\\/#\\\/schema\\\/person\\\/79bb06722b37ece1c03d3e94beb30d73\",\"name\":\"redazione\",\"image\":{\"@type\":\"ImageObject\",\"inLanguage\":\"fr-FR\",\"@id\":\"https:\\\/\\\/secure.gravatar.com\\\/avatar\\\/37d968a2e67a6fd04c169c4bdef102d0bc5d31b2546345219e348575eb80e9a0?s=96&d=mm&r=g\",\"url\":\"https:\\\/\\\/secure.gravatar.com\\\/avatar\\\/37d968a2e67a6fd04c169c4bdef102d0bc5d31b2546345219e348575eb80e9a0?s=96&d=mm&r=g\",\"contentUrl\":\"https:\\\/\\\/secure.gravatar.com\\\/avatar\\\/37d968a2e67a6fd04c169c4bdef102d0bc5d31b2546345219e348575eb80e9a0?s=96&d=mm&r=g\",\"caption\":\"redazione\"},\"sameAs\":[\"http:\\\/\\\/www.bellunopress.it\",\"https:\\\/\\\/x.com\\\/bellunopress\"],\"url\":\"https:\\\/\\\/www.bellunopress.it\\\/fr\\\/author\\\/redazione\\\/\"}]}<\/script>\n<!-- \/ Yoast SEO plugin. -->","yoast_head_json":{"title":"Acqua non potabile ad Arsi\u00e9. Interruzioni luned\u00ec a Borca di Cadore e mercoled\u00ec a Sospirolo - Bellunopress - Dolomiti","robots":{"index":"index","follow":"follow","max-snippet":"max-snippet:-1","max-image-preview":"max-image-preview:large","max-video-preview":"max-video-preview:-1"},"canonical":"https:\/\/www.bellunopress.it\/fr\/2013\/04\/12\/acqua-non-potabile-ad-arsie\/","og_locale":"fr_FR","og_type":"article","og_title":"Acqua non potabile ad Arsi\u00e9. Interruzioni luned\u00ec a Borca di Cadore e mercoled\u00ec a Sospirolo - Bellunopress - Dolomiti","og_description":"Belluno, 12 aprile 2013 \u2013 Acqua non potabile, da oggi e per i prossimi giorni, ad Arsi\u00e8 nelle zone di Incino e Corlo. Lo ha comunicato questa mattina l\u2019Ulss di Feltre, che ha rilevato la presenza di batteri nel campione d\u2019acqua prelevato nei giorni scorsi dalla rete idrica locale. Gsp, gi\u00e0 in mattinata, ha adottato [&hellip;]","og_url":"https:\/\/www.bellunopress.it\/fr\/2013\/04\/12\/acqua-non-potabile-ad-arsie\/","og_site_name":"Bellunopress - Dolomiti","article_publisher":"https:\/\/www.facebook.com\/profile.php?id=100008943462799","article_published_time":"2013-04-12T19:25:34+00:00","article_modified_time":"2013-04-12T19:31:51+00:00","og_image":[{"url":"http:\/\/www.bellunopress.it\/wp-content\/uploads\/2009\/08\/gsp-gestione-servizi-pubblici.jpg","type":"","width":"","height":""}],"author":"redazione","twitter_card":"summary_large_image","twitter_creator":"@bellunopress","twitter_site":"@bellunopress","twitter_misc":{"\u00c9crit par":"redazione","Dur\u00e9e de lecture estim\u00e9e":"2 minutes"},"schema":{"@context":"https:\/\/schema.org","@graph":[{"@type":"Article","@id":"https:\/\/www.bellunopress.it\/2013\/04\/12\/acqua-non-potabile-ad-arsie\/#article","isPartOf":{"@id":"https:\/\/www.bellunopress.it\/2013\/04\/12\/acqua-non-potabile-ad-arsie\/"},"author":{"name":"redazione","@id":"https:\/\/www.bellunopress.it\/#\/schema\/person\/79bb06722b37ece1c03d3e94beb30d73"},"headline":"Acqua non potabile ad Arsi\u00e9. Interruzioni luned\u00ec a Borca di Cadore e mercoled\u00ec a Sospirolo","datePublished":"2013-04-12T19:25:34+00:00","dateModified":"2013-04-12T19:31:51+00:00","mainEntityOfPage":{"@id":"https:\/\/www.bellunopress.it\/2013\/04\/12\/acqua-non-potabile-ad-arsie\/"},"wordCount":337,"publisher":{"@id":"https:\/\/www.bellunopress.it\/#organization"},"image":{"@id":"https:\/\/www.bellunopress.it\/2013\/04\/12\/acqua-non-potabile-ad-arsie\/#primaryimage"},"thumbnailUrl":"http:\/\/www.bellunopress.it\/wp-content\/uploads\/2009\/08\/gsp-gestione-servizi-pubblici.jpg","articleSection":["Cronaca\/Politica","Prima Pagina"],"inLanguage":"fr-FR"},{"@type":"WebPage","@id":"https:\/\/www.bellunopress.it\/2013\/04\/12\/acqua-non-potabile-ad-arsie\/","url":"https:\/\/www.bellunopress.it\/2013\/04\/12\/acqua-non-potabile-ad-arsie\/","name":"Acqua non potabile ad Arsi\u00e9. Interruzioni luned\u00ec a Borca di Cadore e mercoled\u00ec a Sospirolo - Bellunopress - Dolomiti","isPartOf":{"@id":"https:\/\/www.bellunopress.it\/#website"},"primaryImageOfPage":{"@id":"https:\/\/www.bellunopress.it\/2013\/04\/12\/acqua-non-potabile-ad-arsie\/#primaryimage"},"image":{"@id":"https:\/\/www.bellunopress.it\/2013\/04\/12\/acqua-non-potabile-ad-arsie\/#primaryimage"},"thumbnailUrl":"http:\/\/www.bellunopress.it\/wp-content\/uploads\/2009\/08\/gsp-gestione-servizi-pubblici.jpg","datePublished":"2013-04-12T19:25:34+00:00","dateModified":"2013-04-12T19:31:51+00:00","breadcrumb":{"@id":"https:\/\/www.bellunopress.it\/2013\/04\/12\/acqua-non-potabile-ad-arsie\/#breadcrumb"},"inLanguage":"fr-FR","potentialAction":[{"@type":"ReadAction","target":["https:\/\/www.bellunopress.it\/2013\/04\/12\/acqua-non-potabile-ad-arsie\/"]}]},{"@type":"ImageObject","inLanguage":"fr-FR","@id":"https:\/\/www.bellunopress.it\/2013\/04\/12\/acqua-non-potabile-ad-arsie\/#primaryimage","url":"http:\/\/www.bellunopress.it\/wp-content\/uploads\/2009\/08\/gsp-gestione-servizi-pubblici.jpg","contentUrl":"http:\/\/www.bellunopress.it\/wp-content\/uploads\/2009\/08\/gsp-gestione-servizi-pubblici.jpg"},{"@type":"BreadcrumbList","@id":"https:\/\/www.bellunopress.it\/2013\/04\/12\/acqua-non-potabile-ad-arsie\/#breadcrumb","itemListElement":[{"@type":"ListItem","position":1,"name":"Home","item":"https:\/\/www.bellunopress.it\/"},{"@type":"ListItem","position":2,"name":"Acqua non potabile ad Arsi\u00e9. Interruzioni luned\u00ec a Borca di Cadore e mercoled\u00ec a Sospirolo"}]},{"@type":"WebSite","@id":"https:\/\/www.bellunopress.it\/#website","url":"https:\/\/www.bellunopress.it\/","name":"Bellunopress - Dolomiti","description":"e-mail: redazione@bellunopress.it","publisher":{"@id":"https:\/\/www.bellunopress.it\/#organization"},"potentialAction":[{"@type":"SearchAction","target":{"@type":"EntryPoint","urlTemplate":"https:\/\/www.bellunopress.it\/?s={search_term_string}"},"query-input":{"@type":"PropertyValueSpecification","valueRequired":true,"valueName":"search_term_string"}}],"inLanguage":"fr-FR"},{"@type":"Organization","@id":"https:\/\/www.bellunopress.it\/#organization","name":"Bellunopress","url":"https:\/\/www.bellunopress.it\/","logo":{"@type":"ImageObject","inLanguage":"fr-FR","@id":"https:\/\/www.bellunopress.it\/#\/schema\/logo\/image\/","url":"https:\/\/www.bellunopress.it\/wp-content\/uploads\/2011\/05\/cropped-logo-bellunopress-.jpg","contentUrl":"https:\/\/www.bellunopress.it\/wp-content\/uploads\/2011\/05\/cropped-logo-bellunopress-.jpg","width":512,"height":512,"caption":"Bellunopress"},"image":{"@id":"https:\/\/www.bellunopress.it\/#\/schema\/logo\/image\/"},"sameAs":["https:\/\/www.facebook.com\/profile.php?id=100008943462799","https:\/\/x.com\/bellunopress","https:\/\/www.linkedin.com\/hp\/?dnr=JBzUWaJfMUw8vbXJJ2tVW5-I3jZKvC4wsoxE&amp;amp;amp;amp;amp;amp;trk=nav_responsive_tab_home","https:\/\/www.youtube.com\/channel\/UCxL0wu1uN0_3_7hGG0306cw"]},{"@type":"Person","@id":"https:\/\/www.bellunopress.it\/#\/schema\/person\/79bb06722b37ece1c03d3e94beb30d73","name":"r\u00e9daction","image":{"@type":"ImageObject","inLanguage":"fr-FR","@id":"https:\/\/secure.gravatar.com\/avatar\/37d968a2e67a6fd04c169c4bdef102d0bc5d31b2546345219e348575eb80e9a0?s=96&d=mm&r=g","url":"https:\/\/secure.gravatar.com\/avatar\/37d968a2e67a6fd04c169c4bdef102d0bc5d31b2546345219e348575eb80e9a0?s=96&d=mm&r=g","contentUrl":"https:\/\/secure.gravatar.com\/avatar\/37d968a2e67a6fd04c169c4bdef102d0bc5d31b2546345219e348575eb80e9a0?s=96&d=mm&r=g","caption":"redazione"},"sameAs":["http:\/\/www.bellunopress.it","https:\/\/x.com\/bellunopress"],"url":"https:\/\/www.bellunopress.it\/fr\/author\/redazione\/"}]}},"_links":{"self":[{"href":"https:\/\/www.bellunopress.it\/fr\/wp-json\/wp\/v2\/posts\/48466","targetHints":{"allow":["GET"]}}],"collection":[{"href":"https:\/\/www.bellunopress.it\/fr\/wp-json\/wp\/v2\/posts"}],"about":[{"href":"https:\/\/www.bellunopress.it\/fr\/wp-json\/wp\/v2\/types\/post"}],"author":[{"embeddable":true,"href":"https:\/\/www.bellunopress.it\/fr\/wp-json\/wp\/v2\/users\/2"}],"replies":[{"embeddable":true,"href":"https:\/\/www.bellunopress.it\/fr\/wp-json\/wp\/v2\/comments?post=48466"}],"version-history":[{"count":3,"href":"https:\/\/www.bellunopress.it\/fr\/wp-json\/wp\/v2\/posts\/48466\/revisions"}],"predecessor-version":[{"id":48468,"href":"https:\/\/www.bellunopress.it\/fr\/wp-json\/wp\/v2\/posts\/48466\/revisions\/48468"}],"wp:attachment":[{"href":"https:\/\/www.bellunopress.it\/fr\/wp-json\/wp\/v2\/media?parent=48466"}],"wp:term":[{"taxonomy":"category","embeddable":true,"href":"https:\/\/www.bellunopress.it\/fr\/wp-json\/wp\/v2\/categories?post=48466"},{"taxonomy":"post_tag","embeddable":true,"href":"https:\/\/www.bellunopress.it\/fr\/wp-json\/wp\/v2\/tags?post=48466"}],"curies":[{"name":"wp","href":"https:\/\/api.w.org\/{rel}","templated":true}]}}