{"id":48462,"date":"2013-04-12T16:29:51","date_gmt":"2013-04-12T15:29:51","guid":{"rendered":"http:\/\/www.bellunopress.it\/?p=48462"},"modified":"2013-04-12T16:29:51","modified_gmt":"2013-04-12T15:29:51","slug":"afghanistan-l8-reggimento-alpini-impegnato-nella-provincia-di-farah","status":"publish","type":"post","link":"https:\/\/www.bellunopress.it\/fr\/2013\/04\/12\/afghanistan-l8-reggimento-alpini-impegnato-nella-provincia-di-farah\/","title":{"rendered":"Afghanistan: l\u20198\u00b0 Reggimento Alpini impegnato nella Provincia di Farah"},"content":{"rendered":"<p><a href=\"http:\/\/www.bellunopress.it\/wp-content\/uploads\/2013\/03\/Bandiera-di-Guerra-7-Rgt.-Alp.-di-Belluno-in-afghanistan-Copia.jpg\"><img loading=\"lazy\" decoding=\"async\" class=\"alignleft size-full wp-image-47619\" alt=\"Bandiera di Guerra 7 Rgt. Alp. di Belluno in afghanistan - Copia\" src=\"http:\/\/www.bellunopress.it\/wp-content\/uploads\/2013\/03\/Bandiera-di-Guerra-7-Rgt.-Alp.-di-Belluno-in-afghanistan-Copia.jpg\" width=\"290\" height=\"224\" \/><\/a>Farah, 12 aprile 2013 \u2013 A due settimane dall\u2019assunzione del comando della Transition Support Unit South (TSU-South), di stanza a Farah, l\u20198 Reggimento Alpini sta supportando le autorit\u00e0 locali consegnando nelle loro mani sempre pi\u00f9 responsabilit\u00e0 e autonomia. Ad oggi la transizione \u00e8 a buon punto e attualmente sei degli 11 distretti della provincia di Farah sono gi\u00e0 passati sotto la totale responsabilit\u00e0 degli afghani.<\/p>\n<p>Un esempio tangibile dell\u2019autonomia afghana lo si ha avuto anche durante l\u2019attacco avvenuto il 3 aprile nel centro di Farah: le forze di sicurezza locali hanno infatti condotto in completa autonomia l\u2019azione per la liberazione degli ostaggi. Questo denota la capacit\u00e0 delle forze di sicurezza afghane nel condurre unilateralmente attivit\u00e0 operative di sicurezza anche complesse grazie all\u2019addestramento ricevuto dagli uomini del contingente italiano.<\/p>\n<p>Dall\u2019assunzione del comando sono state effettuate oltre 50 scorte, 30 tra pattuglie e ricognizioni e, molto importante, pi\u00f9 di trenta incontri con autorit\u00e0 locali e rappresentanti di organizzazioni governative presenti nell\u2019area. La maggior parte di queste attivit\u00e0 vengono svolte a fianco dei comandanti delle forze di sicurezza locali dove ormai gi\u00e0 esiste un ottimo rapporto di collaborazione e fiducia reciproca.<\/p>\n<p>Sono state inoltre portate a termine svariate attivit\u00e0 a favore della popolazione pi\u00f9 bisognosa con particolare attenzione nei confronti dell\u2019orfanotrofio, centro che ospita oltre 200 bambini.<\/p>\n<p>Il Colonnello Michele Merola, comandante della Transition Support Unit South, si dice soddisfatto di quanto fatto sinora dalle sue compagnie e dagli assetti sotto il suo comando ma ribadisce che la missione \u00e8 ancora lunga e sono ancora tanti gli obbiettivi da perseguire.<\/p>\n<p>&nbsp;<\/p>","protected":false},"excerpt":{"rendered":"<p>Farah, 12 aprile 2013 \u2013 A due settimane dall\u2019assunzione del comando della Transition Support Unit South (TSU-South), di stanza a Farah, l\u20198 Reggimento Alpini sta supportando le autorit\u00e0 locali consegnando nelle loro mani sempre pi\u00f9 responsabilit\u00e0 e autonomia. Ad oggi la transizione \u00e8 a buon punto e attualmente sei degli 11 distretti della provincia di [&hellip;]<\/p>\n","protected":false},"author":2,"featured_media":0,"comment_status":"closed","ping_status":"open","sticky":false,"template":"","format":"standard","meta":{"footnotes":""},"categories":[5,26],"tags":[],"class_list":["post-48462","post","type-post","status-publish","format-standard","category-cronaca","category-prima-pagina"],"yoast_head":"<!-- This site is optimized with the Yoast SEO plugin v28.4 - https:\/\/yoast.com\/product\/yoast-seo-wordpress\/ -->\n<title>Afghanistan: l\u20198\u00b0 Reggimento Alpini impegnato nella Provincia di Farah - Bellunopress - Dolomiti<\/title>\n<meta name=\"robots\" content=\"index, follow, max-snippet:-1, max-image-preview:large, max-video-preview:-1\" \/>\n<link rel=\"canonical\" href=\"https:\/\/www.bellunopress.it\/fr\/2013\/04\/12\/afghanistan-l8-reggimento-alpini-impegnato-nella-provincia-di-farah\/\" \/>\n<meta property=\"og:locale\" content=\"fr_FR\" \/>\n<meta property=\"og:type\" content=\"article\" \/>\n<meta property=\"og:title\" content=\"Afghanistan: l\u20198\u00b0 Reggimento Alpini impegnato nella Provincia di Farah - Bellunopress - Dolomiti\" \/>\n<meta property=\"og:description\" content=\"Farah, 12 aprile 2013 \u2013 A due settimane dall\u2019assunzione del comando della Transition Support Unit South (TSU-South), di stanza a Farah, l\u20198 Reggimento Alpini sta supportando le autorit\u00e0 locali consegnando nelle loro mani sempre pi\u00f9 responsabilit\u00e0 e autonomia. Ad oggi la transizione \u00e8 a buon punto e attualmente sei degli 11 distretti della provincia di [&hellip;]\" \/>\n<meta property=\"og:url\" content=\"https:\/\/www.bellunopress.it\/fr\/2013\/04\/12\/afghanistan-l8-reggimento-alpini-impegnato-nella-provincia-di-farah\/\" \/>\n<meta property=\"og:site_name\" content=\"Bellunopress - Dolomiti\" \/>\n<meta property=\"article:publisher\" content=\"https:\/\/www.facebook.com\/profile.php?id=100008943462799\" \/>\n<meta property=\"article:published_time\" content=\"2013-04-12T15:29:51+00:00\" \/>\n<meta property=\"og:image\" content=\"http:\/\/www.bellunopress.it\/wp-content\/uploads\/2013\/03\/Bandiera-di-Guerra-7-Rgt.-Alp.-di-Belluno-in-afghanistan-Copia.jpg\" \/>\n<meta name=\"author\" content=\"redazione\" \/>\n<meta name=\"twitter:card\" content=\"summary_large_image\" \/>\n<meta name=\"twitter:creator\" content=\"@bellunopress\" \/>\n<meta name=\"twitter:site\" content=\"@bellunopress\" \/>\n<meta name=\"twitter:label1\" content=\"\u00c9crit par\" \/>\n\t<meta name=\"twitter:data1\" content=\"redazione\" \/>\n\t<meta name=\"twitter:label2\" content=\"Dur\u00e9e de lecture estim\u00e9e\" \/>\n\t<meta name=\"twitter:data2\" content=\"1 minute\" \/>\n<script type=\"application\/ld+json\" class=\"yoast-schema-graph\">{\"@context\":\"https:\\\/\\\/schema.org\",\"@graph\":[{\"@type\":\"Article\",\"@id\":\"https:\\\/\\\/www.bellunopress.it\\\/2013\\\/04\\\/12\\\/afghanistan-l8-reggimento-alpini-impegnato-nella-provincia-di-farah\\\/#article\",\"isPartOf\":{\"@id\":\"https:\\\/\\\/www.bellunopress.it\\\/2013\\\/04\\\/12\\\/afghanistan-l8-reggimento-alpini-impegnato-nella-provincia-di-farah\\\/\"},\"author\":{\"name\":\"redazione\",\"@id\":\"https:\\\/\\\/www.bellunopress.it\\\/#\\\/schema\\\/person\\\/79bb06722b37ece1c03d3e94beb30d73\"},\"headline\":\"Afghanistan: l\u20198\u00b0 Reggimento Alpini impegnato nella Provincia di Farah\",\"datePublished\":\"2013-04-12T15:29:51+00:00\",\"mainEntityOfPage\":{\"@id\":\"https:\\\/\\\/www.bellunopress.it\\\/2013\\\/04\\\/12\\\/afghanistan-l8-reggimento-alpini-impegnato-nella-provincia-di-farah\\\/\"},\"wordCount\":265,\"publisher\":{\"@id\":\"https:\\\/\\\/www.bellunopress.it\\\/#organization\"},\"image\":{\"@id\":\"https:\\\/\\\/www.bellunopress.it\\\/2013\\\/04\\\/12\\\/afghanistan-l8-reggimento-alpini-impegnato-nella-provincia-di-farah\\\/#primaryimage\"},\"thumbnailUrl\":\"http:\\\/\\\/www.bellunopress.it\\\/wp-content\\\/uploads\\\/2013\\\/03\\\/Bandiera-di-Guerra-7-Rgt.-Alp.-di-Belluno-in-afghanistan-Copia.jpg\",\"articleSection\":[\"Cronaca\\\/Politica\",\"Prima Pagina\"],\"inLanguage\":\"fr-FR\"},{\"@type\":\"WebPage\",\"@id\":\"https:\\\/\\\/www.bellunopress.it\\\/2013\\\/04\\\/12\\\/afghanistan-l8-reggimento-alpini-impegnato-nella-provincia-di-farah\\\/\",\"url\":\"https:\\\/\\\/www.bellunopress.it\\\/2013\\\/04\\\/12\\\/afghanistan-l8-reggimento-alpini-impegnato-nella-provincia-di-farah\\\/\",\"name\":\"Afghanistan: l\u20198\u00b0 Reggimento Alpini impegnato nella Provincia di Farah - Bellunopress - Dolomiti\",\"isPartOf\":{\"@id\":\"https:\\\/\\\/www.bellunopress.it\\\/#website\"},\"primaryImageOfPage\":{\"@id\":\"https:\\\/\\\/www.bellunopress.it\\\/2013\\\/04\\\/12\\\/afghanistan-l8-reggimento-alpini-impegnato-nella-provincia-di-farah\\\/#primaryimage\"},\"image\":{\"@id\":\"https:\\\/\\\/www.bellunopress.it\\\/2013\\\/04\\\/12\\\/afghanistan-l8-reggimento-alpini-impegnato-nella-provincia-di-farah\\\/#primaryimage\"},\"thumbnailUrl\":\"http:\\\/\\\/www.bellunopress.it\\\/wp-content\\\/uploads\\\/2013\\\/03\\\/Bandiera-di-Guerra-7-Rgt.-Alp.-di-Belluno-in-afghanistan-Copia.jpg\",\"datePublished\":\"2013-04-12T15:29:51+00:00\",\"breadcrumb\":{\"@id\":\"https:\\\/\\\/www.bellunopress.it\\\/2013\\\/04\\\/12\\\/afghanistan-l8-reggimento-alpini-impegnato-nella-provincia-di-farah\\\/#breadcrumb\"},\"inLanguage\":\"fr-FR\",\"potentialAction\":[{\"@type\":\"ReadAction\",\"target\":[\"https:\\\/\\\/www.bellunopress.it\\\/2013\\\/04\\\/12\\\/afghanistan-l8-reggimento-alpini-impegnato-nella-provincia-di-farah\\\/\"]}]},{\"@type\":\"ImageObject\",\"inLanguage\":\"fr-FR\",\"@id\":\"https:\\\/\\\/www.bellunopress.it\\\/2013\\\/04\\\/12\\\/afghanistan-l8-reggimento-alpini-impegnato-nella-provincia-di-farah\\\/#primaryimage\",\"url\":\"http:\\\/\\\/www.bellunopress.it\\\/wp-content\\\/uploads\\\/2013\\\/03\\\/Bandiera-di-Guerra-7-Rgt.-Alp.-di-Belluno-in-afghanistan-Copia.jpg\",\"contentUrl\":\"http:\\\/\\\/www.bellunopress.it\\\/wp-content\\\/uploads\\\/2013\\\/03\\\/Bandiera-di-Guerra-7-Rgt.-Alp.-di-Belluno-in-afghanistan-Copia.jpg\"},{\"@type\":\"BreadcrumbList\",\"@id\":\"https:\\\/\\\/www.bellunopress.it\\\/2013\\\/04\\\/12\\\/afghanistan-l8-reggimento-alpini-impegnato-nella-provincia-di-farah\\\/#breadcrumb\",\"itemListElement\":[{\"@type\":\"ListItem\",\"position\":1,\"name\":\"Home\",\"item\":\"https:\\\/\\\/www.bellunopress.it\\\/\"},{\"@type\":\"ListItem\",\"position\":2,\"name\":\"Afghanistan: l\u20198\u00b0 Reggimento Alpini impegnato nella Provincia di Farah\"}]},{\"@type\":\"WebSite\",\"@id\":\"https:\\\/\\\/www.bellunopress.it\\\/#website\",\"url\":\"https:\\\/\\\/www.bellunopress.it\\\/\",\"name\":\"Bellunopress - Dolomiti\",\"description\":\"e-mail: redazione@bellunopress.it\",\"publisher\":{\"@id\":\"https:\\\/\\\/www.bellunopress.it\\\/#organization\"},\"potentialAction\":[{\"@type\":\"SearchAction\",\"target\":{\"@type\":\"EntryPoint\",\"urlTemplate\":\"https:\\\/\\\/www.bellunopress.it\\\/?s={search_term_string}\"},\"query-input\":{\"@type\":\"PropertyValueSpecification\",\"valueRequired\":true,\"valueName\":\"search_term_string\"}}],\"inLanguage\":\"fr-FR\"},{\"@type\":\"Organization\",\"@id\":\"https:\\\/\\\/www.bellunopress.it\\\/#organization\",\"name\":\"Bellunopress\",\"url\":\"https:\\\/\\\/www.bellunopress.it\\\/\",\"logo\":{\"@type\":\"ImageObject\",\"inLanguage\":\"fr-FR\",\"@id\":\"https:\\\/\\\/www.bellunopress.it\\\/#\\\/schema\\\/logo\\\/image\\\/\",\"url\":\"https:\\\/\\\/www.bellunopress.it\\\/wp-content\\\/uploads\\\/2011\\\/05\\\/cropped-logo-bellunopress-.jpg\",\"contentUrl\":\"https:\\\/\\\/www.bellunopress.it\\\/wp-content\\\/uploads\\\/2011\\\/05\\\/cropped-logo-bellunopress-.jpg\",\"width\":512,\"height\":512,\"caption\":\"Bellunopress\"},\"image\":{\"@id\":\"https:\\\/\\\/www.bellunopress.it\\\/#\\\/schema\\\/logo\\\/image\\\/\"},\"sameAs\":[\"https:\\\/\\\/www.facebook.com\\\/profile.php?id=100008943462799\",\"https:\\\/\\\/x.com\\\/bellunopress\",\"https:\\\/\\\/www.linkedin.com\\\/hp\\\/?dnr=JBzUWaJfMUw8vbXJJ2tVW5-I3jZKvC4wsoxE&amp;amp;amp;amp;amp;amp;trk=nav_responsive_tab_home\",\"https:\\\/\\\/www.youtube.com\\\/channel\\\/UCxL0wu1uN0_3_7hGG0306cw\"]},{\"@type\":\"Person\",\"@id\":\"https:\\\/\\\/www.bellunopress.it\\\/#\\\/schema\\\/person\\\/79bb06722b37ece1c03d3e94beb30d73\",\"name\":\"redazione\",\"image\":{\"@type\":\"ImageObject\",\"inLanguage\":\"fr-FR\",\"@id\":\"https:\\\/\\\/secure.gravatar.com\\\/avatar\\\/37d968a2e67a6fd04c169c4bdef102d0bc5d31b2546345219e348575eb80e9a0?s=96&d=mm&r=g\",\"url\":\"https:\\\/\\\/secure.gravatar.com\\\/avatar\\\/37d968a2e67a6fd04c169c4bdef102d0bc5d31b2546345219e348575eb80e9a0?s=96&d=mm&r=g\",\"contentUrl\":\"https:\\\/\\\/secure.gravatar.com\\\/avatar\\\/37d968a2e67a6fd04c169c4bdef102d0bc5d31b2546345219e348575eb80e9a0?s=96&d=mm&r=g\",\"caption\":\"redazione\"},\"sameAs\":[\"http:\\\/\\\/www.bellunopress.it\",\"https:\\\/\\\/x.com\\\/bellunopress\"],\"url\":\"https:\\\/\\\/www.bellunopress.it\\\/fr\\\/author\\\/redazione\\\/\"}]}<\/script>\n<!-- \/ Yoast SEO plugin. -->","yoast_head_json":{"title":"Afghanistan: l\u20198\u00b0 Reggimento Alpini impegnato nella Provincia di Farah - Bellunopress - Dolomiti","robots":{"index":"index","follow":"follow","max-snippet":"max-snippet:-1","max-image-preview":"max-image-preview:large","max-video-preview":"max-video-preview:-1"},"canonical":"https:\/\/www.bellunopress.it\/fr\/2013\/04\/12\/afghanistan-l8-reggimento-alpini-impegnato-nella-provincia-di-farah\/","og_locale":"fr_FR","og_type":"article","og_title":"Afghanistan: l\u20198\u00b0 Reggimento Alpini impegnato nella Provincia di Farah - Bellunopress - Dolomiti","og_description":"Farah, 12 aprile 2013 \u2013 A due settimane dall\u2019assunzione del comando della Transition Support Unit South (TSU-South), di stanza a Farah, l\u20198 Reggimento Alpini sta supportando le autorit\u00e0 locali consegnando nelle loro mani sempre pi\u00f9 responsabilit\u00e0 e autonomia. Ad oggi la transizione \u00e8 a buon punto e attualmente sei degli 11 distretti della provincia di [&hellip;]","og_url":"https:\/\/www.bellunopress.it\/fr\/2013\/04\/12\/afghanistan-l8-reggimento-alpini-impegnato-nella-provincia-di-farah\/","og_site_name":"Bellunopress - Dolomiti","article_publisher":"https:\/\/www.facebook.com\/profile.php?id=100008943462799","article_published_time":"2013-04-12T15:29:51+00:00","og_image":[{"url":"http:\/\/www.bellunopress.it\/wp-content\/uploads\/2013\/03\/Bandiera-di-Guerra-7-Rgt.-Alp.-di-Belluno-in-afghanistan-Copia.jpg","type":"","width":"","height":""}],"author":"redazione","twitter_card":"summary_large_image","twitter_creator":"@bellunopress","twitter_site":"@bellunopress","twitter_misc":{"\u00c9crit par":"redazione","Dur\u00e9e de lecture estim\u00e9e":"1 minute"},"schema":{"@context":"https:\/\/schema.org","@graph":[{"@type":"Article","@id":"https:\/\/www.bellunopress.it\/2013\/04\/12\/afghanistan-l8-reggimento-alpini-impegnato-nella-provincia-di-farah\/#article","isPartOf":{"@id":"https:\/\/www.bellunopress.it\/2013\/04\/12\/afghanistan-l8-reggimento-alpini-impegnato-nella-provincia-di-farah\/"},"author":{"name":"redazione","@id":"https:\/\/www.bellunopress.it\/#\/schema\/person\/79bb06722b37ece1c03d3e94beb30d73"},"headline":"Afghanistan: l\u20198\u00b0 Reggimento Alpini impegnato nella Provincia di Farah","datePublished":"2013-04-12T15:29:51+00:00","mainEntityOfPage":{"@id":"https:\/\/www.bellunopress.it\/2013\/04\/12\/afghanistan-l8-reggimento-alpini-impegnato-nella-provincia-di-farah\/"},"wordCount":265,"publisher":{"@id":"https:\/\/www.bellunopress.it\/#organization"},"image":{"@id":"https:\/\/www.bellunopress.it\/2013\/04\/12\/afghanistan-l8-reggimento-alpini-impegnato-nella-provincia-di-farah\/#primaryimage"},"thumbnailUrl":"http:\/\/www.bellunopress.it\/wp-content\/uploads\/2013\/03\/Bandiera-di-Guerra-7-Rgt.-Alp.-di-Belluno-in-afghanistan-Copia.jpg","articleSection":["Cronaca\/Politica","Prima Pagina"],"inLanguage":"fr-FR"},{"@type":"WebPage","@id":"https:\/\/www.bellunopress.it\/2013\/04\/12\/afghanistan-l8-reggimento-alpini-impegnato-nella-provincia-di-farah\/","url":"https:\/\/www.bellunopress.it\/2013\/04\/12\/afghanistan-l8-reggimento-alpini-impegnato-nella-provincia-di-farah\/","name":"Afghanistan: l\u20198\u00b0 Reggimento Alpini impegnato nella Provincia di Farah - Bellunopress - Dolomiti","isPartOf":{"@id":"https:\/\/www.bellunopress.it\/#website"},"primaryImageOfPage":{"@id":"https:\/\/www.bellunopress.it\/2013\/04\/12\/afghanistan-l8-reggimento-alpini-impegnato-nella-provincia-di-farah\/#primaryimage"},"image":{"@id":"https:\/\/www.bellunopress.it\/2013\/04\/12\/afghanistan-l8-reggimento-alpini-impegnato-nella-provincia-di-farah\/#primaryimage"},"thumbnailUrl":"http:\/\/www.bellunopress.it\/wp-content\/uploads\/2013\/03\/Bandiera-di-Guerra-7-Rgt.-Alp.-di-Belluno-in-afghanistan-Copia.jpg","datePublished":"2013-04-12T15:29:51+00:00","breadcrumb":{"@id":"https:\/\/www.bellunopress.it\/2013\/04\/12\/afghanistan-l8-reggimento-alpini-impegnato-nella-provincia-di-farah\/#breadcrumb"},"inLanguage":"fr-FR","potentialAction":[{"@type":"ReadAction","target":["https:\/\/www.bellunopress.it\/2013\/04\/12\/afghanistan-l8-reggimento-alpini-impegnato-nella-provincia-di-farah\/"]}]},{"@type":"ImageObject","inLanguage":"fr-FR","@id":"https:\/\/www.bellunopress.it\/2013\/04\/12\/afghanistan-l8-reggimento-alpini-impegnato-nella-provincia-di-farah\/#primaryimage","url":"http:\/\/www.bellunopress.it\/wp-content\/uploads\/2013\/03\/Bandiera-di-Guerra-7-Rgt.-Alp.-di-Belluno-in-afghanistan-Copia.jpg","contentUrl":"http:\/\/www.bellunopress.it\/wp-content\/uploads\/2013\/03\/Bandiera-di-Guerra-7-Rgt.-Alp.-di-Belluno-in-afghanistan-Copia.jpg"},{"@type":"BreadcrumbList","@id":"https:\/\/www.bellunopress.it\/2013\/04\/12\/afghanistan-l8-reggimento-alpini-impegnato-nella-provincia-di-farah\/#breadcrumb","itemListElement":[{"@type":"ListItem","position":1,"name":"Home","item":"https:\/\/www.bellunopress.it\/"},{"@type":"ListItem","position":2,"name":"Afghanistan: l\u20198\u00b0 Reggimento Alpini impegnato nella Provincia di Farah"}]},{"@type":"WebSite","@id":"https:\/\/www.bellunopress.it\/#website","url":"https:\/\/www.bellunopress.it\/","name":"Bellunopress - Dolomiti","description":"e-mail: redazione@bellunopress.it","publisher":{"@id":"https:\/\/www.bellunopress.it\/#organization"},"potentialAction":[{"@type":"SearchAction","target":{"@type":"EntryPoint","urlTemplate":"https:\/\/www.bellunopress.it\/?s={search_term_string}"},"query-input":{"@type":"PropertyValueSpecification","valueRequired":true,"valueName":"search_term_string"}}],"inLanguage":"fr-FR"},{"@type":"Organization","@id":"https:\/\/www.bellunopress.it\/#organization","name":"Bellunopress","url":"https:\/\/www.bellunopress.it\/","logo":{"@type":"ImageObject","inLanguage":"fr-FR","@id":"https:\/\/www.bellunopress.it\/#\/schema\/logo\/image\/","url":"https:\/\/www.bellunopress.it\/wp-content\/uploads\/2011\/05\/cropped-logo-bellunopress-.jpg","contentUrl":"https:\/\/www.bellunopress.it\/wp-content\/uploads\/2011\/05\/cropped-logo-bellunopress-.jpg","width":512,"height":512,"caption":"Bellunopress"},"image":{"@id":"https:\/\/www.bellunopress.it\/#\/schema\/logo\/image\/"},"sameAs":["https:\/\/www.facebook.com\/profile.php?id=100008943462799","https:\/\/x.com\/bellunopress","https:\/\/www.linkedin.com\/hp\/?dnr=JBzUWaJfMUw8vbXJJ2tVW5-I3jZKvC4wsoxE&amp;amp;amp;amp;amp;amp;trk=nav_responsive_tab_home","https:\/\/www.youtube.com\/channel\/UCxL0wu1uN0_3_7hGG0306cw"]},{"@type":"Person","@id":"https:\/\/www.bellunopress.it\/#\/schema\/person\/79bb06722b37ece1c03d3e94beb30d73","name":"r\u00e9daction","image":{"@type":"ImageObject","inLanguage":"fr-FR","@id":"https:\/\/secure.gravatar.com\/avatar\/37d968a2e67a6fd04c169c4bdef102d0bc5d31b2546345219e348575eb80e9a0?s=96&d=mm&r=g","url":"https:\/\/secure.gravatar.com\/avatar\/37d968a2e67a6fd04c169c4bdef102d0bc5d31b2546345219e348575eb80e9a0?s=96&d=mm&r=g","contentUrl":"https:\/\/secure.gravatar.com\/avatar\/37d968a2e67a6fd04c169c4bdef102d0bc5d31b2546345219e348575eb80e9a0?s=96&d=mm&r=g","caption":"redazione"},"sameAs":["http:\/\/www.bellunopress.it","https:\/\/x.com\/bellunopress"],"url":"https:\/\/www.bellunopress.it\/fr\/author\/redazione\/"}]}},"_links":{"self":[{"href":"https:\/\/www.bellunopress.it\/fr\/wp-json\/wp\/v2\/posts\/48462","targetHints":{"allow":["GET"]}}],"collection":[{"href":"https:\/\/www.bellunopress.it\/fr\/wp-json\/wp\/v2\/posts"}],"about":[{"href":"https:\/\/www.bellunopress.it\/fr\/wp-json\/wp\/v2\/types\/post"}],"author":[{"embeddable":true,"href":"https:\/\/www.bellunopress.it\/fr\/wp-json\/wp\/v2\/users\/2"}],"replies":[{"embeddable":true,"href":"https:\/\/www.bellunopress.it\/fr\/wp-json\/wp\/v2\/comments?post=48462"}],"version-history":[{"count":1,"href":"https:\/\/www.bellunopress.it\/fr\/wp-json\/wp\/v2\/posts\/48462\/revisions"}],"predecessor-version":[{"id":48463,"href":"https:\/\/www.bellunopress.it\/fr\/wp-json\/wp\/v2\/posts\/48462\/revisions\/48463"}],"wp:attachment":[{"href":"https:\/\/www.bellunopress.it\/fr\/wp-json\/wp\/v2\/media?parent=48462"}],"wp:term":[{"taxonomy":"category","embeddable":true,"href":"https:\/\/www.bellunopress.it\/fr\/wp-json\/wp\/v2\/categories?post=48462"},{"taxonomy":"post_tag","embeddable":true,"href":"https:\/\/www.bellunopress.it\/fr\/wp-json\/wp\/v2\/tags?post=48462"}],"curies":[{"name":"wp","href":"https:\/\/api.w.org\/{rel}","templated":true}]}}