{"id":48452,"date":"2013-04-12T15:50:47","date_gmt":"2013-04-12T14:50:47","guid":{"rendered":"http:\/\/www.bellunopress.it\/?p=48452"},"modified":"2013-04-12T15:50:47","modified_gmt":"2013-04-12T14:50:47","slug":"domenica-14-aprile-facciamo-un-orto-insieme-allostello-altanon","status":"publish","type":"post","link":"https:\/\/www.bellunopress.it\/fr\/2013\/04\/12\/domenica-14-aprile-facciamo-un-orto-insieme-allostello-altanon\/","title":{"rendered":"Domenica 14 aprile, facciamo un orto insieme all&#8217;Ostello Altanon"},"content":{"rendered":"<p><a href=\"http:\/\/www.bellunopress.it\/wp-content\/uploads\/2013\/02\/coltivare-condividendo.jpg\"><img loading=\"lazy\" decoding=\"async\" class=\"alignleft size-full wp-image-46554\" alt=\"coltivare condividendo\" src=\"http:\/\/www.bellunopress.it\/wp-content\/uploads\/2013\/02\/coltivare-condividendo.jpg\" width=\"290\" height=\"164\" \/><\/a>L&#8217;appuntamento primaverile &#8220;Chi semina raccoglie&#8221; \u00a0del Gruppo Coltivare condividendo cambia a luogo e anche\u201cpelle\u201d.\u00a0Quest&#8217;anno, infatti, si terr\u00e0 domenica 14 aprile presso l&#8217;Ostello Altanon a Cergniai di Santa Giustina (BL). E la classica giornata di scambio sementi antiche si trasformer\u00e0 in una giornata di costruzione condivisa di un orto sano e sostenibile.<\/p>\n<p>E&#8217; possibile raggiungere l&#8217;Ostello con una bella (e facile) passeggiata lungo il torrente Veses Un&#8217;escursione con guide che descriveranno le caratteristiche del luogo e la flora spontanea. Il ritrovo \u00e8 fissato per le ore 9.30 in piazza (vicino alla Chiesa) di Santa Giustina, dove in un ampio parcheggio si potr\u00e0 lasciare la macchina.<\/p>\n<p>La costruzione dell&#8217;orto avr\u00e0 inizio alle ore 10.30 e prevede la realizzazione di 4 modelli diversi di orto:<\/p>\n<p>&#8211; svangatura tradizionale (senza rivoltamento della zolla)<\/p>\n<p>&#8211; permacoltura<\/p>\n<p>&#8211; con cumulo o lasagna<\/p>\n<p>&#8211; e la innovativa tecnica con cippato di ramaglia fresca (una tecnica molto innovativa che sta riscuotendo un notevole interesse e risultati strepitosi)<\/p>\n<p>Ognuna di queste metodologia dar\u00e0 motivo a confronto, discussione, illustrazione e condivisione di pareri ed esperienze. Crediamo molto nel costruire assieme, nel relazionarsi con gli altri e con la terra e con l&#8217;ambiente circostante<\/p>\n<p>Non mancheranno laboratori e la mostra delle sementi antiche bellunesi<\/p>\n<p>Previsto anche il tradizionale scambio di sementi per rivendicare il diritto all&#8217;auto produzione e il nostro NO a ogni forma di brevetto e controllo sulle sementi<\/p>\n<p>Gran parte delle sementi sono gi\u00e0 state affidate a moltissimi \u201ccustodi della biodiversit\u00e0\u201d<\/p>\n<p>che hanno preso l&#8217;impegno di coltivarle in modo biologico, di adottare una serie di accortezze per evitare le ibridazioni e di restituire o diffondere una parte delle sementi ottenute. Un progetto che lo scopo di diffondere e far conoscere sia l&#8217;enorme patrimonio di biodiversit\u00e0 coltivata bellunese, ma anche le conoscenze per diffonderlo e riprodurlo<\/p>\n<p>A completare la giornata, in cui non mancheranno convivialit\u00e0, musica dal vivo e approfondimenti sul coltivare sano, salubre e sostenibile.. la presentazione del progetto \u201corti a vista\u201d Un iniziativa che rende visitabili una serie di orti (una ventina in provincia di Belluno, ma dislocati anche nel primiero, nel bassanese e asolano). Orti che diventano luogo di confronto, dialogo e condivisione dando cos\u00ec la possibilit\u00e0 di toccare con mano l&#8217;efficacia di certe metodologie di coltivazione, l&#8217;importanza di usare le variet\u00e0 antiche e constatare il contesto in cui \u00e8 collocato l&#8217;orto o il campo (magari con vista sulle dolomiti e non su un cavalcavia o una zona industriale)<\/p>\n<p>Un qualcosa che crea una relazione tra chi coltiva e produce con chi acquista, che ci consente di andare oltre a bollini e certificazioni troppo spesso \u201csporcati\u201d da truffe e raggiri<\/p>\n<p>Sempre domenica chiuderemo la raccolta di firme per chiedere al Ministro dell&#8217;Agricoltura l&#8217;adozione della clausola di salvaguardia che vieterebbe con chiarezza le coltivazioni di mais Ogm Monsanto in Italia. Una questione che ci ha impegnato non poco in questo inizio di 2013. Sono quasi tremila le firme raccolte dal Gruppo Coltivare Condividendo, cio&#8217; fa capire quanto netta sia l&#8217;opposizione dei cittadini alle coltivazioni OGM. Purtroppo siamo sconcertati dall&#8217;inerzia e dall&#8217;indifferenza (tranne pochissimi casi) dei politici italiani Ci stupiamo che esponenti politici di primo piano che si ergono a paladini dell&#8217;ambiente e della salubrit\u00e0 non abbiano detto una parola e soprattutto si siano spesi per questa problematica che rischia di mettere a repentaglio il nostro patrimonio di biodiversit\u00e0 e la nostra salute.<\/p>\n<p>Sappiamo che la questione \u00e8 stata portata all&#8217;attenzione di Laura Puppato e di altri esponenti politici veneti di vari pariti..ma l&#8217; unica risposta \u00e8 stata.. il silenzio..<\/p>\n<p>Gruppo coltivare condividendo \u2013 <a href=\"http:\/\/www.coltivarcondividendo.blogspot.com\">www.coltivarcondividendo.blogspot.com<\/a><\/p>\n<p>&nbsp;<\/p>","protected":false},"excerpt":{"rendered":"<p>L&#8217;appuntamento primaverile &#8220;Chi semina raccoglie&#8221; \u00a0del Gruppo Coltivare condividendo cambia a luogo e anche\u201cpelle\u201d.\u00a0Quest&#8217;anno, infatti, si terr\u00e0 domenica 14 aprile presso l&#8217;Ostello Altanon a Cergniai di Santa Giustina (BL). E la classica giornata di scambio sementi antiche si trasformer\u00e0 in una giornata di costruzione condivisa di un orto sano e sostenibile. E&#8217; possibile raggiungere l&#8217;Ostello [&hellip;]<\/p>\n","protected":false},"author":2,"featured_media":0,"comment_status":"closed","ping_status":"open","sticky":false,"template":"","format":"standard","meta":{"footnotes":""},"categories":[27,38,26],"tags":[],"class_list":["post-48452","post","type-post","status-publish","format-standard","category-appuntamenti","category-natura-ambiente","category-prima-pagina"],"yoast_head":"<!-- This site is optimized with the Yoast SEO plugin v28.4 - https:\/\/yoast.com\/product\/yoast-seo-wordpress\/ -->\n<title>Domenica 14 aprile, facciamo un orto insieme all&#039;Ostello Altanon - Bellunopress - Dolomiti<\/title>\n<meta name=\"robots\" content=\"index, follow, max-snippet:-1, max-image-preview:large, max-video-preview:-1\" \/>\n<link rel=\"canonical\" href=\"https:\/\/www.bellunopress.it\/fr\/2013\/04\/12\/domenica-14-aprile-facciamo-un-orto-insieme-allostello-altanon\/\" \/>\n<meta property=\"og:locale\" content=\"fr_FR\" \/>\n<meta property=\"og:type\" content=\"article\" \/>\n<meta property=\"og:title\" content=\"Domenica 14 aprile, facciamo un orto insieme all&#039;Ostello Altanon - Bellunopress - Dolomiti\" \/>\n<meta property=\"og:description\" content=\"L&#8217;appuntamento primaverile &#8220;Chi semina raccoglie&#8221; \u00a0del Gruppo Coltivare condividendo cambia a luogo e anche\u201cpelle\u201d.\u00a0Quest&#8217;anno, infatti, si terr\u00e0 domenica 14 aprile presso l&#8217;Ostello Altanon a Cergniai di Santa Giustina (BL). E la classica giornata di scambio sementi antiche si trasformer\u00e0 in una giornata di costruzione condivisa di un orto sano e sostenibile. E&#8217; possibile raggiungere l&#8217;Ostello [&hellip;]\" \/>\n<meta property=\"og:url\" content=\"https:\/\/www.bellunopress.it\/fr\/2013\/04\/12\/domenica-14-aprile-facciamo-un-orto-insieme-allostello-altanon\/\" \/>\n<meta property=\"og:site_name\" content=\"Bellunopress - Dolomiti\" \/>\n<meta property=\"article:publisher\" content=\"https:\/\/www.facebook.com\/profile.php?id=100008943462799\" \/>\n<meta property=\"article:published_time\" content=\"2013-04-12T14:50:47+00:00\" \/>\n<meta property=\"og:image\" content=\"http:\/\/www.bellunopress.it\/wp-content\/uploads\/2013\/02\/coltivare-condividendo.jpg\" \/>\n<meta name=\"author\" content=\"redazione\" \/>\n<meta name=\"twitter:card\" content=\"summary_large_image\" \/>\n<meta name=\"twitter:creator\" content=\"@bellunopress\" \/>\n<meta name=\"twitter:site\" content=\"@bellunopress\" \/>\n<meta name=\"twitter:label1\" content=\"\u00c9crit par\" \/>\n\t<meta name=\"twitter:data1\" content=\"redazione\" \/>\n\t<meta name=\"twitter:label2\" content=\"Dur\u00e9e de lecture estim\u00e9e\" \/>\n\t<meta name=\"twitter:data2\" content=\"3 minutes\" \/>\n<script type=\"application\/ld+json\" class=\"yoast-schema-graph\">{\"@context\":\"https:\\\/\\\/schema.org\",\"@graph\":[{\"@type\":\"Article\",\"@id\":\"https:\\\/\\\/www.bellunopress.it\\\/2013\\\/04\\\/12\\\/domenica-14-aprile-facciamo-un-orto-insieme-allostello-altanon\\\/#article\",\"isPartOf\":{\"@id\":\"https:\\\/\\\/www.bellunopress.it\\\/2013\\\/04\\\/12\\\/domenica-14-aprile-facciamo-un-orto-insieme-allostello-altanon\\\/\"},\"author\":{\"name\":\"redazione\",\"@id\":\"https:\\\/\\\/www.bellunopress.it\\\/#\\\/schema\\\/person\\\/79bb06722b37ece1c03d3e94beb30d73\"},\"headline\":\"Domenica 14 aprile, facciamo un orto insieme all&#8217;Ostello Altanon\",\"datePublished\":\"2013-04-12T14:50:47+00:00\",\"mainEntityOfPage\":{\"@id\":\"https:\\\/\\\/www.bellunopress.it\\\/2013\\\/04\\\/12\\\/domenica-14-aprile-facciamo-un-orto-insieme-allostello-altanon\\\/\"},\"wordCount\":612,\"publisher\":{\"@id\":\"https:\\\/\\\/www.bellunopress.it\\\/#organization\"},\"image\":{\"@id\":\"https:\\\/\\\/www.bellunopress.it\\\/2013\\\/04\\\/12\\\/domenica-14-aprile-facciamo-un-orto-insieme-allostello-altanon\\\/#primaryimage\"},\"thumbnailUrl\":\"http:\\\/\\\/www.bellunopress.it\\\/wp-content\\\/uploads\\\/2013\\\/02\\\/coltivare-condividendo.jpg\",\"articleSection\":[\"Appuntamenti, Eventi\",\"Meteo, natura, ambiente, animali\",\"Prima Pagina\"],\"inLanguage\":\"fr-FR\"},{\"@type\":\"WebPage\",\"@id\":\"https:\\\/\\\/www.bellunopress.it\\\/2013\\\/04\\\/12\\\/domenica-14-aprile-facciamo-un-orto-insieme-allostello-altanon\\\/\",\"url\":\"https:\\\/\\\/www.bellunopress.it\\\/2013\\\/04\\\/12\\\/domenica-14-aprile-facciamo-un-orto-insieme-allostello-altanon\\\/\",\"name\":\"Domenica 14 aprile, facciamo un orto insieme all'Ostello Altanon - Bellunopress - Dolomiti\",\"isPartOf\":{\"@id\":\"https:\\\/\\\/www.bellunopress.it\\\/#website\"},\"primaryImageOfPage\":{\"@id\":\"https:\\\/\\\/www.bellunopress.it\\\/2013\\\/04\\\/12\\\/domenica-14-aprile-facciamo-un-orto-insieme-allostello-altanon\\\/#primaryimage\"},\"image\":{\"@id\":\"https:\\\/\\\/www.bellunopress.it\\\/2013\\\/04\\\/12\\\/domenica-14-aprile-facciamo-un-orto-insieme-allostello-altanon\\\/#primaryimage\"},\"thumbnailUrl\":\"http:\\\/\\\/www.bellunopress.it\\\/wp-content\\\/uploads\\\/2013\\\/02\\\/coltivare-condividendo.jpg\",\"datePublished\":\"2013-04-12T14:50:47+00:00\",\"breadcrumb\":{\"@id\":\"https:\\\/\\\/www.bellunopress.it\\\/2013\\\/04\\\/12\\\/domenica-14-aprile-facciamo-un-orto-insieme-allostello-altanon\\\/#breadcrumb\"},\"inLanguage\":\"fr-FR\",\"potentialAction\":[{\"@type\":\"ReadAction\",\"target\":[\"https:\\\/\\\/www.bellunopress.it\\\/2013\\\/04\\\/12\\\/domenica-14-aprile-facciamo-un-orto-insieme-allostello-altanon\\\/\"]}]},{\"@type\":\"ImageObject\",\"inLanguage\":\"fr-FR\",\"@id\":\"https:\\\/\\\/www.bellunopress.it\\\/2013\\\/04\\\/12\\\/domenica-14-aprile-facciamo-un-orto-insieme-allostello-altanon\\\/#primaryimage\",\"url\":\"http:\\\/\\\/www.bellunopress.it\\\/wp-content\\\/uploads\\\/2013\\\/02\\\/coltivare-condividendo.jpg\",\"contentUrl\":\"http:\\\/\\\/www.bellunopress.it\\\/wp-content\\\/uploads\\\/2013\\\/02\\\/coltivare-condividendo.jpg\"},{\"@type\":\"BreadcrumbList\",\"@id\":\"https:\\\/\\\/www.bellunopress.it\\\/2013\\\/04\\\/12\\\/domenica-14-aprile-facciamo-un-orto-insieme-allostello-altanon\\\/#breadcrumb\",\"itemListElement\":[{\"@type\":\"ListItem\",\"position\":1,\"name\":\"Home\",\"item\":\"https:\\\/\\\/www.bellunopress.it\\\/\"},{\"@type\":\"ListItem\",\"position\":2,\"name\":\"Domenica 14 aprile, facciamo un orto insieme all&#8217;Ostello Altanon\"}]},{\"@type\":\"WebSite\",\"@id\":\"https:\\\/\\\/www.bellunopress.it\\\/#website\",\"url\":\"https:\\\/\\\/www.bellunopress.it\\\/\",\"name\":\"Bellunopress - Dolomiti\",\"description\":\"e-mail: redazione@bellunopress.it\",\"publisher\":{\"@id\":\"https:\\\/\\\/www.bellunopress.it\\\/#organization\"},\"potentialAction\":[{\"@type\":\"SearchAction\",\"target\":{\"@type\":\"EntryPoint\",\"urlTemplate\":\"https:\\\/\\\/www.bellunopress.it\\\/?s={search_term_string}\"},\"query-input\":{\"@type\":\"PropertyValueSpecification\",\"valueRequired\":true,\"valueName\":\"search_term_string\"}}],\"inLanguage\":\"fr-FR\"},{\"@type\":\"Organization\",\"@id\":\"https:\\\/\\\/www.bellunopress.it\\\/#organization\",\"name\":\"Bellunopress\",\"url\":\"https:\\\/\\\/www.bellunopress.it\\\/\",\"logo\":{\"@type\":\"ImageObject\",\"inLanguage\":\"fr-FR\",\"@id\":\"https:\\\/\\\/www.bellunopress.it\\\/#\\\/schema\\\/logo\\\/image\\\/\",\"url\":\"https:\\\/\\\/www.bellunopress.it\\\/wp-content\\\/uploads\\\/2011\\\/05\\\/cropped-logo-bellunopress-.jpg\",\"contentUrl\":\"https:\\\/\\\/www.bellunopress.it\\\/wp-content\\\/uploads\\\/2011\\\/05\\\/cropped-logo-bellunopress-.jpg\",\"width\":512,\"height\":512,\"caption\":\"Bellunopress\"},\"image\":{\"@id\":\"https:\\\/\\\/www.bellunopress.it\\\/#\\\/schema\\\/logo\\\/image\\\/\"},\"sameAs\":[\"https:\\\/\\\/www.facebook.com\\\/profile.php?id=100008943462799\",\"https:\\\/\\\/x.com\\\/bellunopress\",\"https:\\\/\\\/www.linkedin.com\\\/hp\\\/?dnr=JBzUWaJfMUw8vbXJJ2tVW5-I3jZKvC4wsoxE&amp;amp;amp;amp;amp;amp;trk=nav_responsive_tab_home\",\"https:\\\/\\\/www.youtube.com\\\/channel\\\/UCxL0wu1uN0_3_7hGG0306cw\"]},{\"@type\":\"Person\",\"@id\":\"https:\\\/\\\/www.bellunopress.it\\\/#\\\/schema\\\/person\\\/79bb06722b37ece1c03d3e94beb30d73\",\"name\":\"redazione\",\"image\":{\"@type\":\"ImageObject\",\"inLanguage\":\"fr-FR\",\"@id\":\"https:\\\/\\\/secure.gravatar.com\\\/avatar\\\/37d968a2e67a6fd04c169c4bdef102d0bc5d31b2546345219e348575eb80e9a0?s=96&d=mm&r=g\",\"url\":\"https:\\\/\\\/secure.gravatar.com\\\/avatar\\\/37d968a2e67a6fd04c169c4bdef102d0bc5d31b2546345219e348575eb80e9a0?s=96&d=mm&r=g\",\"contentUrl\":\"https:\\\/\\\/secure.gravatar.com\\\/avatar\\\/37d968a2e67a6fd04c169c4bdef102d0bc5d31b2546345219e348575eb80e9a0?s=96&d=mm&r=g\",\"caption\":\"redazione\"},\"sameAs\":[\"http:\\\/\\\/www.bellunopress.it\",\"https:\\\/\\\/x.com\\\/bellunopress\"],\"url\":\"https:\\\/\\\/www.bellunopress.it\\\/fr\\\/author\\\/redazione\\\/\"}]}<\/script>\n<!-- \/ Yoast SEO plugin. -->","yoast_head_json":{"title":"Domenica 14 aprile, facciamo un orto insieme all'Ostello Altanon - Bellunopress - Dolomiti","robots":{"index":"index","follow":"follow","max-snippet":"max-snippet:-1","max-image-preview":"max-image-preview:large","max-video-preview":"max-video-preview:-1"},"canonical":"https:\/\/www.bellunopress.it\/fr\/2013\/04\/12\/domenica-14-aprile-facciamo-un-orto-insieme-allostello-altanon\/","og_locale":"fr_FR","og_type":"article","og_title":"Domenica 14 aprile, facciamo un orto insieme all'Ostello Altanon - Bellunopress - Dolomiti","og_description":"L&#8217;appuntamento primaverile &#8220;Chi semina raccoglie&#8221; \u00a0del Gruppo Coltivare condividendo cambia a luogo e anche\u201cpelle\u201d.\u00a0Quest&#8217;anno, infatti, si terr\u00e0 domenica 14 aprile presso l&#8217;Ostello Altanon a Cergniai di Santa Giustina (BL). E la classica giornata di scambio sementi antiche si trasformer\u00e0 in una giornata di costruzione condivisa di un orto sano e sostenibile. E&#8217; possibile raggiungere l&#8217;Ostello [&hellip;]","og_url":"https:\/\/www.bellunopress.it\/fr\/2013\/04\/12\/domenica-14-aprile-facciamo-un-orto-insieme-allostello-altanon\/","og_site_name":"Bellunopress - Dolomiti","article_publisher":"https:\/\/www.facebook.com\/profile.php?id=100008943462799","article_published_time":"2013-04-12T14:50:47+00:00","og_image":[{"url":"http:\/\/www.bellunopress.it\/wp-content\/uploads\/2013\/02\/coltivare-condividendo.jpg","type":"","width":"","height":""}],"author":"redazione","twitter_card":"summary_large_image","twitter_creator":"@bellunopress","twitter_site":"@bellunopress","twitter_misc":{"\u00c9crit par":"redazione","Dur\u00e9e de lecture estim\u00e9e":"3 minutes"},"schema":{"@context":"https:\/\/schema.org","@graph":[{"@type":"Article","@id":"https:\/\/www.bellunopress.it\/2013\/04\/12\/domenica-14-aprile-facciamo-un-orto-insieme-allostello-altanon\/#article","isPartOf":{"@id":"https:\/\/www.bellunopress.it\/2013\/04\/12\/domenica-14-aprile-facciamo-un-orto-insieme-allostello-altanon\/"},"author":{"name":"redazione","@id":"https:\/\/www.bellunopress.it\/#\/schema\/person\/79bb06722b37ece1c03d3e94beb30d73"},"headline":"Domenica 14 aprile, facciamo un orto insieme all&#8217;Ostello Altanon","datePublished":"2013-04-12T14:50:47+00:00","mainEntityOfPage":{"@id":"https:\/\/www.bellunopress.it\/2013\/04\/12\/domenica-14-aprile-facciamo-un-orto-insieme-allostello-altanon\/"},"wordCount":612,"publisher":{"@id":"https:\/\/www.bellunopress.it\/#organization"},"image":{"@id":"https:\/\/www.bellunopress.it\/2013\/04\/12\/domenica-14-aprile-facciamo-un-orto-insieme-allostello-altanon\/#primaryimage"},"thumbnailUrl":"http:\/\/www.bellunopress.it\/wp-content\/uploads\/2013\/02\/coltivare-condividendo.jpg","articleSection":["Appuntamenti, Eventi","Meteo, natura, ambiente, animali","Prima Pagina"],"inLanguage":"fr-FR"},{"@type":"WebPage","@id":"https:\/\/www.bellunopress.it\/2013\/04\/12\/domenica-14-aprile-facciamo-un-orto-insieme-allostello-altanon\/","url":"https:\/\/www.bellunopress.it\/2013\/04\/12\/domenica-14-aprile-facciamo-un-orto-insieme-allostello-altanon\/","name":"Domenica 14 aprile, facciamo un orto insieme all'Ostello Altanon - Bellunopress - Dolomiti","isPartOf":{"@id":"https:\/\/www.bellunopress.it\/#website"},"primaryImageOfPage":{"@id":"https:\/\/www.bellunopress.it\/2013\/04\/12\/domenica-14-aprile-facciamo-un-orto-insieme-allostello-altanon\/#primaryimage"},"image":{"@id":"https:\/\/www.bellunopress.it\/2013\/04\/12\/domenica-14-aprile-facciamo-un-orto-insieme-allostello-altanon\/#primaryimage"},"thumbnailUrl":"http:\/\/www.bellunopress.it\/wp-content\/uploads\/2013\/02\/coltivare-condividendo.jpg","datePublished":"2013-04-12T14:50:47+00:00","breadcrumb":{"@id":"https:\/\/www.bellunopress.it\/2013\/04\/12\/domenica-14-aprile-facciamo-un-orto-insieme-allostello-altanon\/#breadcrumb"},"inLanguage":"fr-FR","potentialAction":[{"@type":"ReadAction","target":["https:\/\/www.bellunopress.it\/2013\/04\/12\/domenica-14-aprile-facciamo-un-orto-insieme-allostello-altanon\/"]}]},{"@type":"ImageObject","inLanguage":"fr-FR","@id":"https:\/\/www.bellunopress.it\/2013\/04\/12\/domenica-14-aprile-facciamo-un-orto-insieme-allostello-altanon\/#primaryimage","url":"http:\/\/www.bellunopress.it\/wp-content\/uploads\/2013\/02\/coltivare-condividendo.jpg","contentUrl":"http:\/\/www.bellunopress.it\/wp-content\/uploads\/2013\/02\/coltivare-condividendo.jpg"},{"@type":"BreadcrumbList","@id":"https:\/\/www.bellunopress.it\/2013\/04\/12\/domenica-14-aprile-facciamo-un-orto-insieme-allostello-altanon\/#breadcrumb","itemListElement":[{"@type":"ListItem","position":1,"name":"Home","item":"https:\/\/www.bellunopress.it\/"},{"@type":"ListItem","position":2,"name":"Domenica 14 aprile, facciamo un orto insieme all&#8217;Ostello Altanon"}]},{"@type":"WebSite","@id":"https:\/\/www.bellunopress.it\/#website","url":"https:\/\/www.bellunopress.it\/","name":"Bellunopress - Dolomiti","description":"e-mail: redazione@bellunopress.it","publisher":{"@id":"https:\/\/www.bellunopress.it\/#organization"},"potentialAction":[{"@type":"SearchAction","target":{"@type":"EntryPoint","urlTemplate":"https:\/\/www.bellunopress.it\/?s={search_term_string}"},"query-input":{"@type":"PropertyValueSpecification","valueRequired":true,"valueName":"search_term_string"}}],"inLanguage":"fr-FR"},{"@type":"Organization","@id":"https:\/\/www.bellunopress.it\/#organization","name":"Bellunopress","url":"https:\/\/www.bellunopress.it\/","logo":{"@type":"ImageObject","inLanguage":"fr-FR","@id":"https:\/\/www.bellunopress.it\/#\/schema\/logo\/image\/","url":"https:\/\/www.bellunopress.it\/wp-content\/uploads\/2011\/05\/cropped-logo-bellunopress-.jpg","contentUrl":"https:\/\/www.bellunopress.it\/wp-content\/uploads\/2011\/05\/cropped-logo-bellunopress-.jpg","width":512,"height":512,"caption":"Bellunopress"},"image":{"@id":"https:\/\/www.bellunopress.it\/#\/schema\/logo\/image\/"},"sameAs":["https:\/\/www.facebook.com\/profile.php?id=100008943462799","https:\/\/x.com\/bellunopress","https:\/\/www.linkedin.com\/hp\/?dnr=JBzUWaJfMUw8vbXJJ2tVW5-I3jZKvC4wsoxE&amp;amp;amp;amp;amp;amp;trk=nav_responsive_tab_home","https:\/\/www.youtube.com\/channel\/UCxL0wu1uN0_3_7hGG0306cw"]},{"@type":"Person","@id":"https:\/\/www.bellunopress.it\/#\/schema\/person\/79bb06722b37ece1c03d3e94beb30d73","name":"r\u00e9daction","image":{"@type":"ImageObject","inLanguage":"fr-FR","@id":"https:\/\/secure.gravatar.com\/avatar\/37d968a2e67a6fd04c169c4bdef102d0bc5d31b2546345219e348575eb80e9a0?s=96&d=mm&r=g","url":"https:\/\/secure.gravatar.com\/avatar\/37d968a2e67a6fd04c169c4bdef102d0bc5d31b2546345219e348575eb80e9a0?s=96&d=mm&r=g","contentUrl":"https:\/\/secure.gravatar.com\/avatar\/37d968a2e67a6fd04c169c4bdef102d0bc5d31b2546345219e348575eb80e9a0?s=96&d=mm&r=g","caption":"redazione"},"sameAs":["http:\/\/www.bellunopress.it","https:\/\/x.com\/bellunopress"],"url":"https:\/\/www.bellunopress.it\/fr\/author\/redazione\/"}]}},"_links":{"self":[{"href":"https:\/\/www.bellunopress.it\/fr\/wp-json\/wp\/v2\/posts\/48452","targetHints":{"allow":["GET"]}}],"collection":[{"href":"https:\/\/www.bellunopress.it\/fr\/wp-json\/wp\/v2\/posts"}],"about":[{"href":"https:\/\/www.bellunopress.it\/fr\/wp-json\/wp\/v2\/types\/post"}],"author":[{"embeddable":true,"href":"https:\/\/www.bellunopress.it\/fr\/wp-json\/wp\/v2\/users\/2"}],"replies":[{"embeddable":true,"href":"https:\/\/www.bellunopress.it\/fr\/wp-json\/wp\/v2\/comments?post=48452"}],"version-history":[{"count":1,"href":"https:\/\/www.bellunopress.it\/fr\/wp-json\/wp\/v2\/posts\/48452\/revisions"}],"predecessor-version":[{"id":48453,"href":"https:\/\/www.bellunopress.it\/fr\/wp-json\/wp\/v2\/posts\/48452\/revisions\/48453"}],"wp:attachment":[{"href":"https:\/\/www.bellunopress.it\/fr\/wp-json\/wp\/v2\/media?parent=48452"}],"wp:term":[{"taxonomy":"category","embeddable":true,"href":"https:\/\/www.bellunopress.it\/fr\/wp-json\/wp\/v2\/categories?post=48452"},{"taxonomy":"post_tag","embeddable":true,"href":"https:\/\/www.bellunopress.it\/fr\/wp-json\/wp\/v2\/tags?post=48452"}],"curies":[{"name":"wp","href":"https:\/\/api.w.org\/{rel}","templated":true}]}}