{"id":48437,"date":"2013-04-12T14:44:03","date_gmt":"2013-04-12T13:44:03","guid":{"rendered":"http:\/\/www.bellunopress.it\/?p=48437"},"modified":"2013-04-12T14:50:58","modified_gmt":"2013-04-12T13:50:58","slug":"una-settimana-di-degustazioni-nel-basso-feltrino-dal-15-al-20-aprile-in-giugno-via-al-vi-festival-europeo-del-gusto","status":"publish","type":"post","link":"https:\/\/www.bellunopress.it\/fr\/2013\/04\/12\/una-settimana-di-degustazioni-nel-basso-feltrino-dal-15-al-20-aprile-in-giugno-via-al-vi-festival-europeo-del-gusto\/","title":{"rendered":"Una settimana di degustazioni nel Basso Feltrino dal 15 al 20 aprile. In giugno via al VI Festival europeo del gusto"},"content":{"rendered":"<h3 itemprop=\"name\"><span style=\"font-size: 13px;\">\u00a0<\/span><\/h3>\n<p>L&#8217;incontro fra alcuni comunicatori curiosi dell&#8217;Associazione l&#8217;Altratavola e la Pizzeria da Ezio di Alano di Piave (che ha inserito nel proprio men\u00f9 le pizze interpretate con eccellenze autoctone delle diverse regioni italiane e di alcuni paesi europei, accompagnate da una intelligente selezione di birre artigianali), ha fatto nascere la rassegna Piccoli in Pizza, La Passione dei Territori (<a href=\"http:\/\/piccoliinpizza.blogspot.it\/2013\/04\/il-basso-feltrino-fra-piccoli-in-pizza.html\">piccoliinpizza.blogspot.it<\/a>), sotto il Patrocinio del Comune di Alano di Piave e in collaborazione con il Consorzio Turistico Grappa Dolomiti.<\/p>\n<div>\n<figure id=\"attachment_48438\" aria-describedby=\"caption-attachment-48438\" style=\"width: 296px\" class=\"wp-caption alignleft\"><a href=\"http:\/\/www.bellunopress.it\/wp-content\/uploads\/2013\/04\/alano-di-piave.jpg\"><img loading=\"lazy\" decoding=\"async\" class=\"size-full wp-image-48438\" alt=\"Alano di Piave\" src=\"http:\/\/www.bellunopress.it\/wp-content\/uploads\/2013\/04\/alano-di-piave.jpg\" width=\"296\" height=\"243\" \/><\/a><figcaption id=\"caption-attachment-48438\" class=\"wp-caption-text\">Alano di Piave<\/figcaption><\/figure>\n<p>Dal 15 al 20 aprile la redazione giornalistica della trasmissione multimediale l&#8217;Italia del Gusto visiter\u00e0 il Basso Feltrino, per raccontare il territorio e i suoi protagonisti.<\/p>\n<\/div>\n<div>Nel corso delle giornate sono previste degustazioni, visite, interviste in diretta,incontri, per poi concludere, tutte le sere, le &#8216;fatiche&#8217; mediatiche alla Pizzeria da Ezio, con il Fil\u00f2 ( che ospiter\u00e0 i rappresentanti delle associazioni e delle istituzioni locali, imprenditori, giornalisti e comunicatori)\u00a0e con le pizze interpretate con eccellenze venete, italiane ed europee.<\/div>\n<div>Saranno infatti oltre 60 le aziende del settore agroalimentare e non che interverranno ai Fil\u00f2 e che verranno intervistate nel corso della settimana. Vini e birre artigianali di qualit\u00e0 accompagneranno lo sviluppo degli incontri.<\/div>\n<div><\/div>\n<div>Ma questo primo &#8216;round&#8217; annuncia la realizzazione di una iniziativa che si svolger\u00e0 dall&#8217;8 al 23 giugno ad Alano di Piave : il VI Festival Europeo del Gusto dedicato al tema &#8216;La Montagna dell&#8217;Informazione&#8217;. Sar\u00e0 per il Basso Feltrino una occasione unica per farsi conoscere ed apprezzare ben oltre i confini locali e regionali.<\/div>","protected":false},"excerpt":{"rendered":"<p>\u00a0 L&#8217;incontro fra alcuni comunicatori curiosi dell&#8217;Associazione l&#8217;Altratavola e la Pizzeria da Ezio di Alano di Piave (che ha inserito nel proprio men\u00f9 le pizze interpretate con eccellenze autoctone delle diverse regioni italiane e di alcuni paesi europei, accompagnate da una intelligente selezione di birre artigianali), ha fatto nascere la rassegna Piccoli in Pizza, La [&hellip;]<\/p>\n","protected":false},"author":2,"featured_media":0,"comment_status":"closed","ping_status":"open","sticky":false,"template":"","format":"standard","meta":{"footnotes":""},"categories":[27,25,8],"tags":[],"class_list":["post-48437","post","type-post","status-publish","format-standard","category-appuntamenti","category-pausa-caffe","category-societa-istituzioni"],"yoast_head":"<!-- This site is optimized with the Yoast SEO plugin v28.4 - https:\/\/yoast.com\/product\/yoast-seo-wordpress\/ -->\n<title>Una settimana di degustazioni nel Basso Feltrino dal 15 al 20 aprile. In giugno via al VI Festival europeo del gusto  - Bellunopress - Dolomiti<\/title>\n<meta name=\"robots\" content=\"index, follow, max-snippet:-1, max-image-preview:large, max-video-preview:-1\" \/>\n<link rel=\"canonical\" href=\"https:\/\/www.bellunopress.it\/fr\/2013\/04\/12\/una-settimana-di-degustazioni-nel-basso-feltrino-dal-15-al-20-aprile-in-giugno-via-al-vi-festival-europeo-del-gusto\/\" \/>\n<meta property=\"og:locale\" content=\"fr_FR\" \/>\n<meta property=\"og:type\" content=\"article\" \/>\n<meta property=\"og:title\" content=\"Una settimana di degustazioni nel Basso Feltrino dal 15 al 20 aprile. In giugno via al VI Festival europeo del gusto  - Bellunopress - Dolomiti\" \/>\n<meta property=\"og:description\" content=\"\u00a0 L&#8217;incontro fra alcuni comunicatori curiosi dell&#8217;Associazione l&#8217;Altratavola e la Pizzeria da Ezio di Alano di Piave (che ha inserito nel proprio men\u00f9 le pizze interpretate con eccellenze autoctone delle diverse regioni italiane e di alcuni paesi europei, accompagnate da una intelligente selezione di birre artigianali), ha fatto nascere la rassegna Piccoli in Pizza, La [&hellip;]\" \/>\n<meta property=\"og:url\" content=\"https:\/\/www.bellunopress.it\/fr\/2013\/04\/12\/una-settimana-di-degustazioni-nel-basso-feltrino-dal-15-al-20-aprile-in-giugno-via-al-vi-festival-europeo-del-gusto\/\" \/>\n<meta property=\"og:site_name\" content=\"Bellunopress - Dolomiti\" \/>\n<meta property=\"article:publisher\" content=\"https:\/\/www.facebook.com\/profile.php?id=100008943462799\" \/>\n<meta property=\"article:published_time\" content=\"2013-04-12T13:44:03+00:00\" \/>\n<meta property=\"article:modified_time\" content=\"2013-04-12T13:50:58+00:00\" \/>\n<meta property=\"og:image\" content=\"http:\/\/www.bellunopress.it\/wp-content\/uploads\/2013\/04\/alano-di-piave.jpg\" \/>\n<meta name=\"author\" content=\"redazione\" \/>\n<meta name=\"twitter:card\" content=\"summary_large_image\" \/>\n<meta name=\"twitter:creator\" content=\"@bellunopress\" \/>\n<meta name=\"twitter:site\" content=\"@bellunopress\" \/>\n<meta name=\"twitter:label1\" content=\"\u00c9crit par\" \/>\n\t<meta name=\"twitter:data1\" content=\"redazione\" \/>\n\t<meta name=\"twitter:label2\" content=\"Dur\u00e9e de lecture estim\u00e9e\" \/>\n\t<meta name=\"twitter:data2\" content=\"1 minute\" \/>\n<script type=\"application\/ld+json\" class=\"yoast-schema-graph\">{\"@context\":\"https:\\\/\\\/schema.org\",\"@graph\":[{\"@type\":\"Article\",\"@id\":\"https:\\\/\\\/www.bellunopress.it\\\/2013\\\/04\\\/12\\\/una-settimana-di-degustazioni-nel-basso-feltrino-dal-15-al-20-aprile-in-giugno-via-al-vi-festival-europeo-del-gusto\\\/#article\",\"isPartOf\":{\"@id\":\"https:\\\/\\\/www.bellunopress.it\\\/2013\\\/04\\\/12\\\/una-settimana-di-degustazioni-nel-basso-feltrino-dal-15-al-20-aprile-in-giugno-via-al-vi-festival-europeo-del-gusto\\\/\"},\"author\":{\"name\":\"redazione\",\"@id\":\"https:\\\/\\\/www.bellunopress.it\\\/#\\\/schema\\\/person\\\/79bb06722b37ece1c03d3e94beb30d73\"},\"headline\":\"Una settimana di degustazioni nel Basso Feltrino dal 15 al 20 aprile. In giugno via al VI Festival europeo del gusto\",\"datePublished\":\"2013-04-12T13:44:03+00:00\",\"dateModified\":\"2013-04-12T13:50:58+00:00\",\"mainEntityOfPage\":{\"@id\":\"https:\\\/\\\/www.bellunopress.it\\\/2013\\\/04\\\/12\\\/una-settimana-di-degustazioni-nel-basso-feltrino-dal-15-al-20-aprile-in-giugno-via-al-vi-festival-europeo-del-gusto\\\/\"},\"wordCount\":274,\"publisher\":{\"@id\":\"https:\\\/\\\/www.bellunopress.it\\\/#organization\"},\"image\":{\"@id\":\"https:\\\/\\\/www.bellunopress.it\\\/2013\\\/04\\\/12\\\/una-settimana-di-degustazioni-nel-basso-feltrino-dal-15-al-20-aprile-in-giugno-via-al-vi-festival-europeo-del-gusto\\\/#primaryimage\"},\"thumbnailUrl\":\"http:\\\/\\\/www.bellunopress.it\\\/wp-content\\\/uploads\\\/2013\\\/04\\\/alano-di-piave.jpg\",\"articleSection\":[\"Appuntamenti, Eventi\",\"Pausa Caff\u00e8\",\"Societ\u00e0, Associazioni, Istituzioni\"],\"inLanguage\":\"fr-FR\"},{\"@type\":\"WebPage\",\"@id\":\"https:\\\/\\\/www.bellunopress.it\\\/2013\\\/04\\\/12\\\/una-settimana-di-degustazioni-nel-basso-feltrino-dal-15-al-20-aprile-in-giugno-via-al-vi-festival-europeo-del-gusto\\\/\",\"url\":\"https:\\\/\\\/www.bellunopress.it\\\/2013\\\/04\\\/12\\\/una-settimana-di-degustazioni-nel-basso-feltrino-dal-15-al-20-aprile-in-giugno-via-al-vi-festival-europeo-del-gusto\\\/\",\"name\":\"Una settimana di degustazioni nel Basso Feltrino dal 15 al 20 aprile. In giugno via al VI Festival europeo del gusto - Bellunopress - Dolomiti\",\"isPartOf\":{\"@id\":\"https:\\\/\\\/www.bellunopress.it\\\/#website\"},\"primaryImageOfPage\":{\"@id\":\"https:\\\/\\\/www.bellunopress.it\\\/2013\\\/04\\\/12\\\/una-settimana-di-degustazioni-nel-basso-feltrino-dal-15-al-20-aprile-in-giugno-via-al-vi-festival-europeo-del-gusto\\\/#primaryimage\"},\"image\":{\"@id\":\"https:\\\/\\\/www.bellunopress.it\\\/2013\\\/04\\\/12\\\/una-settimana-di-degustazioni-nel-basso-feltrino-dal-15-al-20-aprile-in-giugno-via-al-vi-festival-europeo-del-gusto\\\/#primaryimage\"},\"thumbnailUrl\":\"http:\\\/\\\/www.bellunopress.it\\\/wp-content\\\/uploads\\\/2013\\\/04\\\/alano-di-piave.jpg\",\"datePublished\":\"2013-04-12T13:44:03+00:00\",\"dateModified\":\"2013-04-12T13:50:58+00:00\",\"breadcrumb\":{\"@id\":\"https:\\\/\\\/www.bellunopress.it\\\/2013\\\/04\\\/12\\\/una-settimana-di-degustazioni-nel-basso-feltrino-dal-15-al-20-aprile-in-giugno-via-al-vi-festival-europeo-del-gusto\\\/#breadcrumb\"},\"inLanguage\":\"fr-FR\",\"potentialAction\":[{\"@type\":\"ReadAction\",\"target\":[\"https:\\\/\\\/www.bellunopress.it\\\/2013\\\/04\\\/12\\\/una-settimana-di-degustazioni-nel-basso-feltrino-dal-15-al-20-aprile-in-giugno-via-al-vi-festival-europeo-del-gusto\\\/\"]}]},{\"@type\":\"ImageObject\",\"inLanguage\":\"fr-FR\",\"@id\":\"https:\\\/\\\/www.bellunopress.it\\\/2013\\\/04\\\/12\\\/una-settimana-di-degustazioni-nel-basso-feltrino-dal-15-al-20-aprile-in-giugno-via-al-vi-festival-europeo-del-gusto\\\/#primaryimage\",\"url\":\"http:\\\/\\\/www.bellunopress.it\\\/wp-content\\\/uploads\\\/2013\\\/04\\\/alano-di-piave.jpg\",\"contentUrl\":\"http:\\\/\\\/www.bellunopress.it\\\/wp-content\\\/uploads\\\/2013\\\/04\\\/alano-di-piave.jpg\"},{\"@type\":\"BreadcrumbList\",\"@id\":\"https:\\\/\\\/www.bellunopress.it\\\/2013\\\/04\\\/12\\\/una-settimana-di-degustazioni-nel-basso-feltrino-dal-15-al-20-aprile-in-giugno-via-al-vi-festival-europeo-del-gusto\\\/#breadcrumb\",\"itemListElement\":[{\"@type\":\"ListItem\",\"position\":1,\"name\":\"Home\",\"item\":\"https:\\\/\\\/www.bellunopress.it\\\/\"},{\"@type\":\"ListItem\",\"position\":2,\"name\":\"Una settimana di degustazioni nel Basso Feltrino dal 15 al 20 aprile. In giugno via al VI Festival europeo del gusto\"}]},{\"@type\":\"WebSite\",\"@id\":\"https:\\\/\\\/www.bellunopress.it\\\/#website\",\"url\":\"https:\\\/\\\/www.bellunopress.it\\\/\",\"name\":\"Bellunopress - Dolomiti\",\"description\":\"e-mail: redazione@bellunopress.it\",\"publisher\":{\"@id\":\"https:\\\/\\\/www.bellunopress.it\\\/#organization\"},\"potentialAction\":[{\"@type\":\"SearchAction\",\"target\":{\"@type\":\"EntryPoint\",\"urlTemplate\":\"https:\\\/\\\/www.bellunopress.it\\\/?s={search_term_string}\"},\"query-input\":{\"@type\":\"PropertyValueSpecification\",\"valueRequired\":true,\"valueName\":\"search_term_string\"}}],\"inLanguage\":\"fr-FR\"},{\"@type\":\"Organization\",\"@id\":\"https:\\\/\\\/www.bellunopress.it\\\/#organization\",\"name\":\"Bellunopress\",\"url\":\"https:\\\/\\\/www.bellunopress.it\\\/\",\"logo\":{\"@type\":\"ImageObject\",\"inLanguage\":\"fr-FR\",\"@id\":\"https:\\\/\\\/www.bellunopress.it\\\/#\\\/schema\\\/logo\\\/image\\\/\",\"url\":\"https:\\\/\\\/www.bellunopress.it\\\/wp-content\\\/uploads\\\/2011\\\/05\\\/cropped-logo-bellunopress-.jpg\",\"contentUrl\":\"https:\\\/\\\/www.bellunopress.it\\\/wp-content\\\/uploads\\\/2011\\\/05\\\/cropped-logo-bellunopress-.jpg\",\"width\":512,\"height\":512,\"caption\":\"Bellunopress\"},\"image\":{\"@id\":\"https:\\\/\\\/www.bellunopress.it\\\/#\\\/schema\\\/logo\\\/image\\\/\"},\"sameAs\":[\"https:\\\/\\\/www.facebook.com\\\/profile.php?id=100008943462799\",\"https:\\\/\\\/x.com\\\/bellunopress\",\"https:\\\/\\\/www.linkedin.com\\\/hp\\\/?dnr=JBzUWaJfMUw8vbXJJ2tVW5-I3jZKvC4wsoxE&amp;amp;amp;amp;amp;amp;trk=nav_responsive_tab_home\",\"https:\\\/\\\/www.youtube.com\\\/channel\\\/UCxL0wu1uN0_3_7hGG0306cw\"]},{\"@type\":\"Person\",\"@id\":\"https:\\\/\\\/www.bellunopress.it\\\/#\\\/schema\\\/person\\\/79bb06722b37ece1c03d3e94beb30d73\",\"name\":\"redazione\",\"image\":{\"@type\":\"ImageObject\",\"inLanguage\":\"fr-FR\",\"@id\":\"https:\\\/\\\/secure.gravatar.com\\\/avatar\\\/37d968a2e67a6fd04c169c4bdef102d0bc5d31b2546345219e348575eb80e9a0?s=96&d=mm&r=g\",\"url\":\"https:\\\/\\\/secure.gravatar.com\\\/avatar\\\/37d968a2e67a6fd04c169c4bdef102d0bc5d31b2546345219e348575eb80e9a0?s=96&d=mm&r=g\",\"contentUrl\":\"https:\\\/\\\/secure.gravatar.com\\\/avatar\\\/37d968a2e67a6fd04c169c4bdef102d0bc5d31b2546345219e348575eb80e9a0?s=96&d=mm&r=g\",\"caption\":\"redazione\"},\"sameAs\":[\"http:\\\/\\\/www.bellunopress.it\",\"https:\\\/\\\/x.com\\\/bellunopress\"],\"url\":\"https:\\\/\\\/www.bellunopress.it\\\/fr\\\/author\\\/redazione\\\/\"}]}<\/script>\n<!-- \/ Yoast SEO plugin. -->","yoast_head_json":{"title":"Una settimana di degustazioni nel Basso Feltrino dal 15 al 20 aprile. In giugno via al VI Festival europeo del gusto  - Bellunopress - Dolomiti","robots":{"index":"index","follow":"follow","max-snippet":"max-snippet:-1","max-image-preview":"max-image-preview:large","max-video-preview":"max-video-preview:-1"},"canonical":"https:\/\/www.bellunopress.it\/fr\/2013\/04\/12\/una-settimana-di-degustazioni-nel-basso-feltrino-dal-15-al-20-aprile-in-giugno-via-al-vi-festival-europeo-del-gusto\/","og_locale":"fr_FR","og_type":"article","og_title":"Una settimana di degustazioni nel Basso Feltrino dal 15 al 20 aprile. In giugno via al VI Festival europeo del gusto  - Bellunopress - Dolomiti","og_description":"\u00a0 L&#8217;incontro fra alcuni comunicatori curiosi dell&#8217;Associazione l&#8217;Altratavola e la Pizzeria da Ezio di Alano di Piave (che ha inserito nel proprio men\u00f9 le pizze interpretate con eccellenze autoctone delle diverse regioni italiane e di alcuni paesi europei, accompagnate da una intelligente selezione di birre artigianali), ha fatto nascere la rassegna Piccoli in Pizza, La [&hellip;]","og_url":"https:\/\/www.bellunopress.it\/fr\/2013\/04\/12\/una-settimana-di-degustazioni-nel-basso-feltrino-dal-15-al-20-aprile-in-giugno-via-al-vi-festival-europeo-del-gusto\/","og_site_name":"Bellunopress - Dolomiti","article_publisher":"https:\/\/www.facebook.com\/profile.php?id=100008943462799","article_published_time":"2013-04-12T13:44:03+00:00","article_modified_time":"2013-04-12T13:50:58+00:00","og_image":[{"url":"http:\/\/www.bellunopress.it\/wp-content\/uploads\/2013\/04\/alano-di-piave.jpg","type":"","width":"","height":""}],"author":"redazione","twitter_card":"summary_large_image","twitter_creator":"@bellunopress","twitter_site":"@bellunopress","twitter_misc":{"\u00c9crit par":"redazione","Dur\u00e9e de lecture estim\u00e9e":"1 minute"},"schema":{"@context":"https:\/\/schema.org","@graph":[{"@type":"Article","@id":"https:\/\/www.bellunopress.it\/2013\/04\/12\/una-settimana-di-degustazioni-nel-basso-feltrino-dal-15-al-20-aprile-in-giugno-via-al-vi-festival-europeo-del-gusto\/#article","isPartOf":{"@id":"https:\/\/www.bellunopress.it\/2013\/04\/12\/una-settimana-di-degustazioni-nel-basso-feltrino-dal-15-al-20-aprile-in-giugno-via-al-vi-festival-europeo-del-gusto\/"},"author":{"name":"redazione","@id":"https:\/\/www.bellunopress.it\/#\/schema\/person\/79bb06722b37ece1c03d3e94beb30d73"},"headline":"Una settimana di degustazioni nel Basso Feltrino dal 15 al 20 aprile. In giugno via al VI Festival europeo del gusto","datePublished":"2013-04-12T13:44:03+00:00","dateModified":"2013-04-12T13:50:58+00:00","mainEntityOfPage":{"@id":"https:\/\/www.bellunopress.it\/2013\/04\/12\/una-settimana-di-degustazioni-nel-basso-feltrino-dal-15-al-20-aprile-in-giugno-via-al-vi-festival-europeo-del-gusto\/"},"wordCount":274,"publisher":{"@id":"https:\/\/www.bellunopress.it\/#organization"},"image":{"@id":"https:\/\/www.bellunopress.it\/2013\/04\/12\/una-settimana-di-degustazioni-nel-basso-feltrino-dal-15-al-20-aprile-in-giugno-via-al-vi-festival-europeo-del-gusto\/#primaryimage"},"thumbnailUrl":"http:\/\/www.bellunopress.it\/wp-content\/uploads\/2013\/04\/alano-di-piave.jpg","articleSection":["Appuntamenti, Eventi","Pausa Caff\u00e8","Societ\u00e0, Associazioni, Istituzioni"],"inLanguage":"fr-FR"},{"@type":"WebPage","@id":"https:\/\/www.bellunopress.it\/2013\/04\/12\/una-settimana-di-degustazioni-nel-basso-feltrino-dal-15-al-20-aprile-in-giugno-via-al-vi-festival-europeo-del-gusto\/","url":"https:\/\/www.bellunopress.it\/2013\/04\/12\/una-settimana-di-degustazioni-nel-basso-feltrino-dal-15-al-20-aprile-in-giugno-via-al-vi-festival-europeo-del-gusto\/","name":"Una settimana di degustazioni nel Basso Feltrino dal 15 al 20 aprile. In giugno via al VI Festival europeo del gusto - Bellunopress - Dolomiti","isPartOf":{"@id":"https:\/\/www.bellunopress.it\/#website"},"primaryImageOfPage":{"@id":"https:\/\/www.bellunopress.it\/2013\/04\/12\/una-settimana-di-degustazioni-nel-basso-feltrino-dal-15-al-20-aprile-in-giugno-via-al-vi-festival-europeo-del-gusto\/#primaryimage"},"image":{"@id":"https:\/\/www.bellunopress.it\/2013\/04\/12\/una-settimana-di-degustazioni-nel-basso-feltrino-dal-15-al-20-aprile-in-giugno-via-al-vi-festival-europeo-del-gusto\/#primaryimage"},"thumbnailUrl":"http:\/\/www.bellunopress.it\/wp-content\/uploads\/2013\/04\/alano-di-piave.jpg","datePublished":"2013-04-12T13:44:03+00:00","dateModified":"2013-04-12T13:50:58+00:00","breadcrumb":{"@id":"https:\/\/www.bellunopress.it\/2013\/04\/12\/una-settimana-di-degustazioni-nel-basso-feltrino-dal-15-al-20-aprile-in-giugno-via-al-vi-festival-europeo-del-gusto\/#breadcrumb"},"inLanguage":"fr-FR","potentialAction":[{"@type":"ReadAction","target":["https:\/\/www.bellunopress.it\/2013\/04\/12\/una-settimana-di-degustazioni-nel-basso-feltrino-dal-15-al-20-aprile-in-giugno-via-al-vi-festival-europeo-del-gusto\/"]}]},{"@type":"ImageObject","inLanguage":"fr-FR","@id":"https:\/\/www.bellunopress.it\/2013\/04\/12\/una-settimana-di-degustazioni-nel-basso-feltrino-dal-15-al-20-aprile-in-giugno-via-al-vi-festival-europeo-del-gusto\/#primaryimage","url":"http:\/\/www.bellunopress.it\/wp-content\/uploads\/2013\/04\/alano-di-piave.jpg","contentUrl":"http:\/\/www.bellunopress.it\/wp-content\/uploads\/2013\/04\/alano-di-piave.jpg"},{"@type":"BreadcrumbList","@id":"https:\/\/www.bellunopress.it\/2013\/04\/12\/una-settimana-di-degustazioni-nel-basso-feltrino-dal-15-al-20-aprile-in-giugno-via-al-vi-festival-europeo-del-gusto\/#breadcrumb","itemListElement":[{"@type":"ListItem","position":1,"name":"Home","item":"https:\/\/www.bellunopress.it\/"},{"@type":"ListItem","position":2,"name":"Una settimana di degustazioni nel Basso Feltrino dal 15 al 20 aprile. In giugno via al VI Festival europeo del gusto"}]},{"@type":"WebSite","@id":"https:\/\/www.bellunopress.it\/#website","url":"https:\/\/www.bellunopress.it\/","name":"Bellunopress - Dolomiti","description":"e-mail: redazione@bellunopress.it","publisher":{"@id":"https:\/\/www.bellunopress.it\/#organization"},"potentialAction":[{"@type":"SearchAction","target":{"@type":"EntryPoint","urlTemplate":"https:\/\/www.bellunopress.it\/?s={search_term_string}"},"query-input":{"@type":"PropertyValueSpecification","valueRequired":true,"valueName":"search_term_string"}}],"inLanguage":"fr-FR"},{"@type":"Organization","@id":"https:\/\/www.bellunopress.it\/#organization","name":"Bellunopress","url":"https:\/\/www.bellunopress.it\/","logo":{"@type":"ImageObject","inLanguage":"fr-FR","@id":"https:\/\/www.bellunopress.it\/#\/schema\/logo\/image\/","url":"https:\/\/www.bellunopress.it\/wp-content\/uploads\/2011\/05\/cropped-logo-bellunopress-.jpg","contentUrl":"https:\/\/www.bellunopress.it\/wp-content\/uploads\/2011\/05\/cropped-logo-bellunopress-.jpg","width":512,"height":512,"caption":"Bellunopress"},"image":{"@id":"https:\/\/www.bellunopress.it\/#\/schema\/logo\/image\/"},"sameAs":["https:\/\/www.facebook.com\/profile.php?id=100008943462799","https:\/\/x.com\/bellunopress","https:\/\/www.linkedin.com\/hp\/?dnr=JBzUWaJfMUw8vbXJJ2tVW5-I3jZKvC4wsoxE&amp;amp;amp;amp;amp;amp;trk=nav_responsive_tab_home","https:\/\/www.youtube.com\/channel\/UCxL0wu1uN0_3_7hGG0306cw"]},{"@type":"Person","@id":"https:\/\/www.bellunopress.it\/#\/schema\/person\/79bb06722b37ece1c03d3e94beb30d73","name":"r\u00e9daction","image":{"@type":"ImageObject","inLanguage":"fr-FR","@id":"https:\/\/secure.gravatar.com\/avatar\/37d968a2e67a6fd04c169c4bdef102d0bc5d31b2546345219e348575eb80e9a0?s=96&d=mm&r=g","url":"https:\/\/secure.gravatar.com\/avatar\/37d968a2e67a6fd04c169c4bdef102d0bc5d31b2546345219e348575eb80e9a0?s=96&d=mm&r=g","contentUrl":"https:\/\/secure.gravatar.com\/avatar\/37d968a2e67a6fd04c169c4bdef102d0bc5d31b2546345219e348575eb80e9a0?s=96&d=mm&r=g","caption":"redazione"},"sameAs":["http:\/\/www.bellunopress.it","https:\/\/x.com\/bellunopress"],"url":"https:\/\/www.bellunopress.it\/fr\/author\/redazione\/"}]}},"_links":{"self":[{"href":"https:\/\/www.bellunopress.it\/fr\/wp-json\/wp\/v2\/posts\/48437","targetHints":{"allow":["GET"]}}],"collection":[{"href":"https:\/\/www.bellunopress.it\/fr\/wp-json\/wp\/v2\/posts"}],"about":[{"href":"https:\/\/www.bellunopress.it\/fr\/wp-json\/wp\/v2\/types\/post"}],"author":[{"embeddable":true,"href":"https:\/\/www.bellunopress.it\/fr\/wp-json\/wp\/v2\/users\/2"}],"replies":[{"embeddable":true,"href":"https:\/\/www.bellunopress.it\/fr\/wp-json\/wp\/v2\/comments?post=48437"}],"version-history":[{"count":8,"href":"https:\/\/www.bellunopress.it\/fr\/wp-json\/wp\/v2\/posts\/48437\/revisions"}],"predecessor-version":[{"id":48446,"href":"https:\/\/www.bellunopress.it\/fr\/wp-json\/wp\/v2\/posts\/48437\/revisions\/48446"}],"wp:attachment":[{"href":"https:\/\/www.bellunopress.it\/fr\/wp-json\/wp\/v2\/media?parent=48437"}],"wp:term":[{"taxonomy":"category","embeddable":true,"href":"https:\/\/www.bellunopress.it\/fr\/wp-json\/wp\/v2\/categories?post=48437"},{"taxonomy":"post_tag","embeddable":true,"href":"https:\/\/www.bellunopress.it\/fr\/wp-json\/wp\/v2\/tags?post=48437"}],"curies":[{"name":"wp","href":"https:\/\/api.w.org\/{rel}","templated":true}]}}