{"id":48431,"date":"2013-04-12T07:14:36","date_gmt":"2013-04-12T06:14:36","guid":{"rendered":"http:\/\/www.bellunopress.it\/?p=48431"},"modified":"2013-04-12T07:14:36","modified_gmt":"2013-04-12T06:14:36","slug":"sabato-a-pedavena-il-1-congresso-del-bard-movimento-belluno-autonoma-regione-dolomiti","status":"publish","type":"post","link":"https:\/\/www.bellunopress.it\/fr\/2013\/04\/12\/sabato-a-pedavena-il-1-congresso-del-bard-movimento-belluno-autonoma-regione-dolomiti\/","title":{"rendered":"Sabato a Pedavena il 1\u00b0 Congresso del Bard, Movimento Belluno Autonoma Regione Dolomiti"},"content":{"rendered":"<p>Sabato 13 aprile alle ore 17\u00a0presso la Sala degli Elefanti della Birreria Pedavena, si terr\u00e0\u00a0il 1\u00b0 Congresso del Bard, Movimento Belluno Autonoma Regione Dolomiti.<\/p>\n<p>I contenuti saranno trasmessi in streaming. Chi lo desidera potr\u00e0 collegarsi sulla pagina ufficiale di Facebook del BARD oppure all&#8217;indirizzo http:\/\/bellunoautonoma.regionedolomiti.it\/blog\/<\/p>\n<p>in questo modo potr\u00e0 seguire l&#8217;evolversi dell&#8217;incontro in diretta.<\/p>\n<p>\u00a0Oggi l&#8217;emergenza montagna sta nella possibilit\u00e0 di dare agli abitanti della montagna le stesse opportunit\u00e0 e possibilit\u00e0 di accedere e godere dello sviluppo e della cresita che possiedono cittadini di altre aree territoriali.<\/p>\n<p>Essere liberi oggi significa poter dare ai propri figli la possibilit\u00e0 di esercitare quello che \u00e8 stato definito il &#8220;diritto di opzione&#8221; scegliere se rimaneri nelle valli oppure andare altrove.<\/p>\n<p>Se non c&#8217;\u00e8 sviluppo, se non c&#8217;\u00e8 crescita se non ci sono pari opportunit\u00e0, se non c&#8217;\u00e8 economia, se non c&#8217;\u00e8 reddito il &#8220;diritto di opzione&#8221; \u00e8 solo una bella parola, un sogno che si trasforma in delusione e che alimenta il rancore e l&#8217;esclusione. Lo sviluppo per essere sostenibile, duraturo ed effettivo deve nascere dal pensiero, dalla partecipazione e dal coinvolgimento delle popolazioni locali, delle comunit\u00e0 locali che si prendono nelle mani, attraverso la scelta consapevole di gestire le proprie risorse, il proprio futuro&#8221; Enrico Borghi &#8211; La sfida dei territori nella green economy.<\/p>\n<p>&nbsp;<\/p>","protected":false},"excerpt":{"rendered":"<p>Sabato 13 aprile alle ore 17\u00a0presso la Sala degli Elefanti della Birreria Pedavena, si terr\u00e0\u00a0il 1\u00b0 Congresso del Bard, Movimento Belluno Autonoma Regione Dolomiti. I contenuti saranno trasmessi in streaming. Chi lo desidera potr\u00e0 collegarsi sulla pagina ufficiale di Facebook del BARD oppure all&#8217;indirizzo http:\/\/bellunoautonoma.regionedolomiti.it\/blog\/ in questo modo potr\u00e0 seguire l&#8217;evolversi dell&#8217;incontro in diretta. \u00a0Oggi [&hellip;]<\/p>\n","protected":false},"author":2,"featured_media":0,"comment_status":"closed","ping_status":"open","sticky":false,"template":"","format":"standard","meta":{"footnotes":""},"categories":[27,5,25],"tags":[],"class_list":["post-48431","post","type-post","status-publish","format-standard","category-appuntamenti","category-cronaca","category-pausa-caffe"],"yoast_head":"<!-- This site is optimized with the Yoast SEO plugin v28.4 - https:\/\/yoast.com\/product\/yoast-seo-wordpress\/ -->\n<title>Sabato a Pedavena il 1\u00b0 Congresso del Bard, Movimento Belluno Autonoma Regione Dolomiti - Bellunopress - Dolomiti<\/title>\n<meta name=\"robots\" content=\"index, follow, max-snippet:-1, max-image-preview:large, max-video-preview:-1\" \/>\n<link rel=\"canonical\" href=\"https:\/\/www.bellunopress.it\/fr\/2013\/04\/12\/sabato-a-pedavena-il-1-congresso-del-bard-movimento-belluno-autonoma-regione-dolomiti\/\" \/>\n<meta property=\"og:locale\" content=\"fr_FR\" \/>\n<meta property=\"og:type\" content=\"article\" \/>\n<meta property=\"og:title\" content=\"Sabato a Pedavena il 1\u00b0 Congresso del Bard, Movimento Belluno Autonoma Regione Dolomiti - Bellunopress - Dolomiti\" \/>\n<meta property=\"og:description\" content=\"Sabato 13 aprile alle ore 17\u00a0presso la Sala degli Elefanti della Birreria Pedavena, si terr\u00e0\u00a0il 1\u00b0 Congresso del Bard, Movimento Belluno Autonoma Regione Dolomiti. I contenuti saranno trasmessi in streaming. Chi lo desidera potr\u00e0 collegarsi sulla pagina ufficiale di Facebook del BARD oppure all&#8217;indirizzo http:\/\/bellunoautonoma.regionedolomiti.it\/blog\/ in questo modo potr\u00e0 seguire l&#8217;evolversi dell&#8217;incontro in diretta. \u00a0Oggi [&hellip;]\" \/>\n<meta property=\"og:url\" content=\"https:\/\/www.bellunopress.it\/fr\/2013\/04\/12\/sabato-a-pedavena-il-1-congresso-del-bard-movimento-belluno-autonoma-regione-dolomiti\/\" \/>\n<meta property=\"og:site_name\" content=\"Bellunopress - Dolomiti\" \/>\n<meta property=\"article:publisher\" content=\"https:\/\/www.facebook.com\/profile.php?id=100008943462799\" \/>\n<meta property=\"article:published_time\" content=\"2013-04-12T06:14:36+00:00\" \/>\n<meta property=\"og:image\" content=\"http:\/\/www.bellunopress.it\/wp-content\/uploads\/2012\/07\/logo-bellunopress-250x250-2012.jpg\" \/>\n<meta name=\"author\" content=\"redazione\" \/>\n<meta name=\"twitter:card\" content=\"summary_large_image\" \/>\n<meta name=\"twitter:creator\" content=\"@bellunopress\" \/>\n<meta name=\"twitter:site\" content=\"@bellunopress\" \/>\n<meta name=\"twitter:label1\" content=\"\u00c9crit par\" \/>\n\t<meta name=\"twitter:data1\" content=\"redazione\" \/>\n\t<meta name=\"twitter:label2\" content=\"Dur\u00e9e de lecture estim\u00e9e\" \/>\n\t<meta name=\"twitter:data2\" content=\"1 minute\" \/>\n<script type=\"application\/ld+json\" class=\"yoast-schema-graph\">{\"@context\":\"https:\\\/\\\/schema.org\",\"@graph\":[{\"@type\":\"Article\",\"@id\":\"https:\\\/\\\/www.bellunopress.it\\\/2013\\\/04\\\/12\\\/sabato-a-pedavena-il-1-congresso-del-bard-movimento-belluno-autonoma-regione-dolomiti\\\/#article\",\"isPartOf\":{\"@id\":\"https:\\\/\\\/www.bellunopress.it\\\/2013\\\/04\\\/12\\\/sabato-a-pedavena-il-1-congresso-del-bard-movimento-belluno-autonoma-regione-dolomiti\\\/\"},\"author\":{\"name\":\"redazione\",\"@id\":\"https:\\\/\\\/www.bellunopress.it\\\/#\\\/schema\\\/person\\\/79bb06722b37ece1c03d3e94beb30d73\"},\"headline\":\"Sabato a Pedavena il 1\u00b0 Congresso del Bard, Movimento Belluno Autonoma Regione Dolomiti\",\"datePublished\":\"2013-04-12T06:14:36+00:00\",\"mainEntityOfPage\":{\"@id\":\"https:\\\/\\\/www.bellunopress.it\\\/2013\\\/04\\\/12\\\/sabato-a-pedavena-il-1-congresso-del-bard-movimento-belluno-autonoma-regione-dolomiti\\\/\"},\"wordCount\":231,\"publisher\":{\"@id\":\"https:\\\/\\\/www.bellunopress.it\\\/#organization\"},\"articleSection\":[\"Appuntamenti, Eventi\",\"Cronaca\\\/Politica\",\"Pausa Caff\u00e8\"],\"inLanguage\":\"fr-FR\"},{\"@type\":\"WebPage\",\"@id\":\"https:\\\/\\\/www.bellunopress.it\\\/2013\\\/04\\\/12\\\/sabato-a-pedavena-il-1-congresso-del-bard-movimento-belluno-autonoma-regione-dolomiti\\\/\",\"url\":\"https:\\\/\\\/www.bellunopress.it\\\/2013\\\/04\\\/12\\\/sabato-a-pedavena-il-1-congresso-del-bard-movimento-belluno-autonoma-regione-dolomiti\\\/\",\"name\":\"Sabato a Pedavena il 1\u00b0 Congresso del Bard, Movimento Belluno Autonoma Regione Dolomiti - Bellunopress - Dolomiti\",\"isPartOf\":{\"@id\":\"https:\\\/\\\/www.bellunopress.it\\\/#website\"},\"datePublished\":\"2013-04-12T06:14:36+00:00\",\"breadcrumb\":{\"@id\":\"https:\\\/\\\/www.bellunopress.it\\\/2013\\\/04\\\/12\\\/sabato-a-pedavena-il-1-congresso-del-bard-movimento-belluno-autonoma-regione-dolomiti\\\/#breadcrumb\"},\"inLanguage\":\"fr-FR\",\"potentialAction\":[{\"@type\":\"ReadAction\",\"target\":[\"https:\\\/\\\/www.bellunopress.it\\\/2013\\\/04\\\/12\\\/sabato-a-pedavena-il-1-congresso-del-bard-movimento-belluno-autonoma-regione-dolomiti\\\/\"]}]},{\"@type\":\"BreadcrumbList\",\"@id\":\"https:\\\/\\\/www.bellunopress.it\\\/2013\\\/04\\\/12\\\/sabato-a-pedavena-il-1-congresso-del-bard-movimento-belluno-autonoma-regione-dolomiti\\\/#breadcrumb\",\"itemListElement\":[{\"@type\":\"ListItem\",\"position\":1,\"name\":\"Home\",\"item\":\"https:\\\/\\\/www.bellunopress.it\\\/\"},{\"@type\":\"ListItem\",\"position\":2,\"name\":\"Sabato a Pedavena il 1\u00b0 Congresso del Bard, Movimento Belluno Autonoma Regione Dolomiti\"}]},{\"@type\":\"WebSite\",\"@id\":\"https:\\\/\\\/www.bellunopress.it\\\/#website\",\"url\":\"https:\\\/\\\/www.bellunopress.it\\\/\",\"name\":\"Bellunopress - Dolomiti\",\"description\":\"e-mail: redazione@bellunopress.it\",\"publisher\":{\"@id\":\"https:\\\/\\\/www.bellunopress.it\\\/#organization\"},\"potentialAction\":[{\"@type\":\"SearchAction\",\"target\":{\"@type\":\"EntryPoint\",\"urlTemplate\":\"https:\\\/\\\/www.bellunopress.it\\\/?s={search_term_string}\"},\"query-input\":{\"@type\":\"PropertyValueSpecification\",\"valueRequired\":true,\"valueName\":\"search_term_string\"}}],\"inLanguage\":\"fr-FR\"},{\"@type\":\"Organization\",\"@id\":\"https:\\\/\\\/www.bellunopress.it\\\/#organization\",\"name\":\"Bellunopress\",\"url\":\"https:\\\/\\\/www.bellunopress.it\\\/\",\"logo\":{\"@type\":\"ImageObject\",\"inLanguage\":\"fr-FR\",\"@id\":\"https:\\\/\\\/www.bellunopress.it\\\/#\\\/schema\\\/logo\\\/image\\\/\",\"url\":\"https:\\\/\\\/www.bellunopress.it\\\/wp-content\\\/uploads\\\/2011\\\/05\\\/cropped-logo-bellunopress-.jpg\",\"contentUrl\":\"https:\\\/\\\/www.bellunopress.it\\\/wp-content\\\/uploads\\\/2011\\\/05\\\/cropped-logo-bellunopress-.jpg\",\"width\":512,\"height\":512,\"caption\":\"Bellunopress\"},\"image\":{\"@id\":\"https:\\\/\\\/www.bellunopress.it\\\/#\\\/schema\\\/logo\\\/image\\\/\"},\"sameAs\":[\"https:\\\/\\\/www.facebook.com\\\/profile.php?id=100008943462799\",\"https:\\\/\\\/x.com\\\/bellunopress\",\"https:\\\/\\\/www.linkedin.com\\\/hp\\\/?dnr=JBzUWaJfMUw8vbXJJ2tVW5-I3jZKvC4wsoxE&amp;amp;amp;amp;amp;amp;trk=nav_responsive_tab_home\",\"https:\\\/\\\/www.youtube.com\\\/channel\\\/UCxL0wu1uN0_3_7hGG0306cw\"]},{\"@type\":\"Person\",\"@id\":\"https:\\\/\\\/www.bellunopress.it\\\/#\\\/schema\\\/person\\\/79bb06722b37ece1c03d3e94beb30d73\",\"name\":\"redazione\",\"image\":{\"@type\":\"ImageObject\",\"inLanguage\":\"fr-FR\",\"@id\":\"https:\\\/\\\/secure.gravatar.com\\\/avatar\\\/37d968a2e67a6fd04c169c4bdef102d0bc5d31b2546345219e348575eb80e9a0?s=96&d=mm&r=g\",\"url\":\"https:\\\/\\\/secure.gravatar.com\\\/avatar\\\/37d968a2e67a6fd04c169c4bdef102d0bc5d31b2546345219e348575eb80e9a0?s=96&d=mm&r=g\",\"contentUrl\":\"https:\\\/\\\/secure.gravatar.com\\\/avatar\\\/37d968a2e67a6fd04c169c4bdef102d0bc5d31b2546345219e348575eb80e9a0?s=96&d=mm&r=g\",\"caption\":\"redazione\"},\"sameAs\":[\"http:\\\/\\\/www.bellunopress.it\",\"https:\\\/\\\/x.com\\\/bellunopress\"],\"url\":\"https:\\\/\\\/www.bellunopress.it\\\/fr\\\/author\\\/redazione\\\/\"}]}<\/script>\n<!-- \/ Yoast SEO plugin. -->","yoast_head_json":{"title":"Sabato a Pedavena il 1\u00b0 Congresso del Bard, Movimento Belluno Autonoma Regione Dolomiti - Bellunopress - Dolomiti","robots":{"index":"index","follow":"follow","max-snippet":"max-snippet:-1","max-image-preview":"max-image-preview:large","max-video-preview":"max-video-preview:-1"},"canonical":"https:\/\/www.bellunopress.it\/fr\/2013\/04\/12\/sabato-a-pedavena-il-1-congresso-del-bard-movimento-belluno-autonoma-regione-dolomiti\/","og_locale":"fr_FR","og_type":"article","og_title":"Sabato a Pedavena il 1\u00b0 Congresso del Bard, Movimento Belluno Autonoma Regione Dolomiti - Bellunopress - Dolomiti","og_description":"Sabato 13 aprile alle ore 17\u00a0presso la Sala degli Elefanti della Birreria Pedavena, si terr\u00e0\u00a0il 1\u00b0 Congresso del Bard, Movimento Belluno Autonoma Regione Dolomiti. I contenuti saranno trasmessi in streaming. Chi lo desidera potr\u00e0 collegarsi sulla pagina ufficiale di Facebook del BARD oppure all&#8217;indirizzo http:\/\/bellunoautonoma.regionedolomiti.it\/blog\/ in questo modo potr\u00e0 seguire l&#8217;evolversi dell&#8217;incontro in diretta. \u00a0Oggi [&hellip;]","og_url":"https:\/\/www.bellunopress.it\/fr\/2013\/04\/12\/sabato-a-pedavena-il-1-congresso-del-bard-movimento-belluno-autonoma-regione-dolomiti\/","og_site_name":"Bellunopress - Dolomiti","article_publisher":"https:\/\/www.facebook.com\/profile.php?id=100008943462799","article_published_time":"2013-04-12T06:14:36+00:00","og_image":[{"url":"http:\/\/www.bellunopress.it\/wp-content\/uploads\/2012\/07\/logo-bellunopress-250x250-2012.jpg","type":"","width":"","height":""}],"author":"redazione","twitter_card":"summary_large_image","twitter_creator":"@bellunopress","twitter_site":"@bellunopress","twitter_misc":{"\u00c9crit par":"redazione","Dur\u00e9e de lecture estim\u00e9e":"1 minute"},"schema":{"@context":"https:\/\/schema.org","@graph":[{"@type":"Article","@id":"https:\/\/www.bellunopress.it\/2013\/04\/12\/sabato-a-pedavena-il-1-congresso-del-bard-movimento-belluno-autonoma-regione-dolomiti\/#article","isPartOf":{"@id":"https:\/\/www.bellunopress.it\/2013\/04\/12\/sabato-a-pedavena-il-1-congresso-del-bard-movimento-belluno-autonoma-regione-dolomiti\/"},"author":{"name":"redazione","@id":"https:\/\/www.bellunopress.it\/#\/schema\/person\/79bb06722b37ece1c03d3e94beb30d73"},"headline":"Sabato a Pedavena il 1\u00b0 Congresso del Bard, Movimento Belluno Autonoma Regione Dolomiti","datePublished":"2013-04-12T06:14:36+00:00","mainEntityOfPage":{"@id":"https:\/\/www.bellunopress.it\/2013\/04\/12\/sabato-a-pedavena-il-1-congresso-del-bard-movimento-belluno-autonoma-regione-dolomiti\/"},"wordCount":231,"publisher":{"@id":"https:\/\/www.bellunopress.it\/#organization"},"articleSection":["Appuntamenti, Eventi","Cronaca\/Politica","Pausa Caff\u00e8"],"inLanguage":"fr-FR"},{"@type":"WebPage","@id":"https:\/\/www.bellunopress.it\/2013\/04\/12\/sabato-a-pedavena-il-1-congresso-del-bard-movimento-belluno-autonoma-regione-dolomiti\/","url":"https:\/\/www.bellunopress.it\/2013\/04\/12\/sabato-a-pedavena-il-1-congresso-del-bard-movimento-belluno-autonoma-regione-dolomiti\/","name":"Sabato a Pedavena il 1\u00b0 Congresso del Bard, Movimento Belluno Autonoma Regione Dolomiti - Bellunopress - Dolomiti","isPartOf":{"@id":"https:\/\/www.bellunopress.it\/#website"},"datePublished":"2013-04-12T06:14:36+00:00","breadcrumb":{"@id":"https:\/\/www.bellunopress.it\/2013\/04\/12\/sabato-a-pedavena-il-1-congresso-del-bard-movimento-belluno-autonoma-regione-dolomiti\/#breadcrumb"},"inLanguage":"fr-FR","potentialAction":[{"@type":"ReadAction","target":["https:\/\/www.bellunopress.it\/2013\/04\/12\/sabato-a-pedavena-il-1-congresso-del-bard-movimento-belluno-autonoma-regione-dolomiti\/"]}]},{"@type":"BreadcrumbList","@id":"https:\/\/www.bellunopress.it\/2013\/04\/12\/sabato-a-pedavena-il-1-congresso-del-bard-movimento-belluno-autonoma-regione-dolomiti\/#breadcrumb","itemListElement":[{"@type":"ListItem","position":1,"name":"Home","item":"https:\/\/www.bellunopress.it\/"},{"@type":"ListItem","position":2,"name":"Sabato a Pedavena il 1\u00b0 Congresso del Bard, Movimento Belluno Autonoma Regione Dolomiti"}]},{"@type":"WebSite","@id":"https:\/\/www.bellunopress.it\/#website","url":"https:\/\/www.bellunopress.it\/","name":"Bellunopress - Dolomiti","description":"e-mail: redazione@bellunopress.it","publisher":{"@id":"https:\/\/www.bellunopress.it\/#organization"},"potentialAction":[{"@type":"SearchAction","target":{"@type":"EntryPoint","urlTemplate":"https:\/\/www.bellunopress.it\/?s={search_term_string}"},"query-input":{"@type":"PropertyValueSpecification","valueRequired":true,"valueName":"search_term_string"}}],"inLanguage":"fr-FR"},{"@type":"Organization","@id":"https:\/\/www.bellunopress.it\/#organization","name":"Bellunopress","url":"https:\/\/www.bellunopress.it\/","logo":{"@type":"ImageObject","inLanguage":"fr-FR","@id":"https:\/\/www.bellunopress.it\/#\/schema\/logo\/image\/","url":"https:\/\/www.bellunopress.it\/wp-content\/uploads\/2011\/05\/cropped-logo-bellunopress-.jpg","contentUrl":"https:\/\/www.bellunopress.it\/wp-content\/uploads\/2011\/05\/cropped-logo-bellunopress-.jpg","width":512,"height":512,"caption":"Bellunopress"},"image":{"@id":"https:\/\/www.bellunopress.it\/#\/schema\/logo\/image\/"},"sameAs":["https:\/\/www.facebook.com\/profile.php?id=100008943462799","https:\/\/x.com\/bellunopress","https:\/\/www.linkedin.com\/hp\/?dnr=JBzUWaJfMUw8vbXJJ2tVW5-I3jZKvC4wsoxE&amp;amp;amp;amp;amp;amp;trk=nav_responsive_tab_home","https:\/\/www.youtube.com\/channel\/UCxL0wu1uN0_3_7hGG0306cw"]},{"@type":"Person","@id":"https:\/\/www.bellunopress.it\/#\/schema\/person\/79bb06722b37ece1c03d3e94beb30d73","name":"r\u00e9daction","image":{"@type":"ImageObject","inLanguage":"fr-FR","@id":"https:\/\/secure.gravatar.com\/avatar\/37d968a2e67a6fd04c169c4bdef102d0bc5d31b2546345219e348575eb80e9a0?s=96&d=mm&r=g","url":"https:\/\/secure.gravatar.com\/avatar\/37d968a2e67a6fd04c169c4bdef102d0bc5d31b2546345219e348575eb80e9a0?s=96&d=mm&r=g","contentUrl":"https:\/\/secure.gravatar.com\/avatar\/37d968a2e67a6fd04c169c4bdef102d0bc5d31b2546345219e348575eb80e9a0?s=96&d=mm&r=g","caption":"redazione"},"sameAs":["http:\/\/www.bellunopress.it","https:\/\/x.com\/bellunopress"],"url":"https:\/\/www.bellunopress.it\/fr\/author\/redazione\/"}]}},"_links":{"self":[{"href":"https:\/\/www.bellunopress.it\/fr\/wp-json\/wp\/v2\/posts\/48431","targetHints":{"allow":["GET"]}}],"collection":[{"href":"https:\/\/www.bellunopress.it\/fr\/wp-json\/wp\/v2\/posts"}],"about":[{"href":"https:\/\/www.bellunopress.it\/fr\/wp-json\/wp\/v2\/types\/post"}],"author":[{"embeddable":true,"href":"https:\/\/www.bellunopress.it\/fr\/wp-json\/wp\/v2\/users\/2"}],"replies":[{"embeddable":true,"href":"https:\/\/www.bellunopress.it\/fr\/wp-json\/wp\/v2\/comments?post=48431"}],"version-history":[{"count":1,"href":"https:\/\/www.bellunopress.it\/fr\/wp-json\/wp\/v2\/posts\/48431\/revisions"}],"predecessor-version":[{"id":48432,"href":"https:\/\/www.bellunopress.it\/fr\/wp-json\/wp\/v2\/posts\/48431\/revisions\/48432"}],"wp:attachment":[{"href":"https:\/\/www.bellunopress.it\/fr\/wp-json\/wp\/v2\/media?parent=48431"}],"wp:term":[{"taxonomy":"category","embeddable":true,"href":"https:\/\/www.bellunopress.it\/fr\/wp-json\/wp\/v2\/categories?post=48431"},{"taxonomy":"post_tag","embeddable":true,"href":"https:\/\/www.bellunopress.it\/fr\/wp-json\/wp\/v2\/tags?post=48431"}],"curies":[{"name":"wp","href":"https:\/\/api.w.org\/{rel}","templated":true}]}}