{"id":4842,"date":"2009-06-14T08:38:20","date_gmt":"2009-06-14T07:38:20","guid":{"rendered":"http:\/\/www.bellunopress.it\/?p=4842"},"modified":"2009-06-14T08:38:20","modified_gmt":"2009-06-14T07:38:20","slug":"fondo-di-solidarieta-presentate-le-prime-domande","status":"publish","type":"post","link":"https:\/\/www.bellunopress.it\/fr\/2009\/06\/14\/fondo-di-solidarieta-presentate-le-prime-domande\/","title":{"rendered":"Fondo di solidariet\u00e0: presentate le prime domande"},"content":{"rendered":"<p><a href=\"http:\/\/www.bellunopress.it\/wp-content\/uploads\/2009\/02\/belluno-019.jpg\"><img loading=\"lazy\" decoding=\"async\" class=\"alignleft size-medium wp-image-401\" title=\"belluno-019\" src=\"http:\/\/www.bellunopress.it\/wp-content\/uploads\/2009\/02\/belluno-019.jpg\" alt=\"\" width=\"180\" height=\"270\" \/><\/a>Sono gi\u00e0 una decina le domande di accesso al fondo di solidariet\u00e0 istituito dalla Provincia di Belluno per fronteggiare la crisi occupazionale. Le prime richieste saranno esaminate la prossima settimana da un apposito comitato, allo scopo di valutare la rispondenza ai requisiti richiesti. Il Fondo di solidariet\u00e0 rientra nelle iniziative messe in atto dall\u2019amministrazione provinciale per alleviare le conseguenze della crisi economica in atto. Lo scopo \u00e8 esprimere un segno di prossimit\u00e0 verso chi in questo periodo perde il lavoro e si trova in particolare situazione di difficolt\u00e0 economica. Il fondo \u00e8 gestito congiuntamente da tutti gli enti pubblici e privati che concorrono alla sua creazione. Vi hanno aderito la Provincia di Belluno, il Comune di Belluno, la Camera di Commercio di Belluno, il Consorzio BIM Piave, Confindustria Belluno Dolomiti, Unione Artigiani e Piccola Industria, Associazione Provinciale Piccola Industria ed Artigianato, Associazione del Commercio, Turismo e Servizi, Confederazione Italiana Agricoltori, Confagricoltura Belluno, CGIL, CISL e UIL. La Provincia di Belluno, in tale quadro, si fa carico dell\u2019organizzazione e delle procedure di erogazione del fondo, facendosi garante delle necessarie condizioni di trasparenza e imparzialit\u00e0. La copertura finanziaria \u00e8 garantita dalle somme messe a disposizione dalla Provincia (250 mila euro), dalla diocesi di Belluno \u2013 Feltre (300 mila euro) e dal consorzio Bim Piave (50 mila euro). Al fondo di solidariet\u00e0, attivo dal 3 giugno 2009 possono accedere coloro che si trovano in una situazione di disagio economico, dovuto alla perdita del posto di lavoro a partire dal 1 giugno. Le domande, che devono essere compilate con la modulistica allegata, potranno essere presentate agli uffici dei seguenti Centri di Assistenza Fiscale:50&amp;Pi\u00f9 S.r.l. A.C.L.I., A.P.P.I.A.\u00a0 C.N.A., U.I.L., C.I.S.L., C.G.I.L. Nordest, Confartigianato C.I.A., Confagricoltura.,<\/p>","protected":false},"excerpt":{"rendered":"<p>Sono gi\u00e0 una decina le domande di accesso al fondo di solidariet\u00e0 istituito dalla Provincia di Belluno per fronteggiare la crisi occupazionale. Le prime richieste saranno esaminate la prossima settimana da un apposito comitato, allo scopo di valutare la rispondenza ai requisiti richiesti. Il Fondo di solidariet\u00e0 rientra nelle iniziative messe in atto dall\u2019amministrazione provinciale [&hellip;]<\/p>\n","protected":false},"author":2,"featured_media":0,"comment_status":"closed","ping_status":"open","sticky":false,"template":"","format":"standard","meta":{"footnotes":""},"categories":[5,26],"tags":[139,63,302],"class_list":["post-4842","post","type-post","status-publish","format-standard","category-cronaca","category-prima-pagina","tag-belluno","tag-dolomiti","tag-feltre"],"yoast_head":"<!-- This site is optimized with the Yoast SEO plugin v28.4 - https:\/\/yoast.com\/product\/yoast-seo-wordpress\/ -->\n<title>Fondo di solidariet\u00e0: presentate le prime domande  - Bellunopress - Dolomiti<\/title>\n<meta name=\"robots\" content=\"index, follow, max-snippet:-1, max-image-preview:large, max-video-preview:-1\" \/>\n<link rel=\"canonical\" href=\"https:\/\/www.bellunopress.it\/fr\/2009\/06\/14\/fondo-di-solidarieta-presentate-le-prime-domande\/\" \/>\n<meta property=\"og:locale\" content=\"fr_FR\" \/>\n<meta property=\"og:type\" content=\"article\" \/>\n<meta property=\"og:title\" content=\"Fondo di solidariet\u00e0: presentate le prime domande  - Bellunopress - Dolomiti\" \/>\n<meta property=\"og:description\" content=\"Sono gi\u00e0 una decina le domande di accesso al fondo di solidariet\u00e0 istituito dalla Provincia di Belluno per fronteggiare la crisi occupazionale. Le prime richieste saranno esaminate la prossima settimana da un apposito comitato, allo scopo di valutare la rispondenza ai requisiti richiesti. Il Fondo di solidariet\u00e0 rientra nelle iniziative messe in atto dall\u2019amministrazione provinciale [&hellip;]\" \/>\n<meta property=\"og:url\" content=\"https:\/\/www.bellunopress.it\/fr\/2009\/06\/14\/fondo-di-solidarieta-presentate-le-prime-domande\/\" \/>\n<meta property=\"og:site_name\" content=\"Bellunopress - Dolomiti\" \/>\n<meta property=\"article:publisher\" content=\"https:\/\/www.facebook.com\/profile.php?id=100008943462799\" \/>\n<meta property=\"article:published_time\" content=\"2009-06-14T07:38:20+00:00\" \/>\n<meta property=\"og:image\" content=\"http:\/\/www.bellunopress.it\/wp-content\/uploads\/2009\/02\/belluno-019.jpg\" \/>\n<meta name=\"author\" content=\"redazione\" \/>\n<meta name=\"twitter:card\" content=\"summary_large_image\" \/>\n<meta name=\"twitter:creator\" content=\"@bellunopress\" \/>\n<meta name=\"twitter:site\" content=\"@bellunopress\" \/>\n<meta name=\"twitter:label1\" content=\"\u00c9crit par\" \/>\n\t<meta name=\"twitter:data1\" content=\"redazione\" \/>\n\t<meta name=\"twitter:label2\" content=\"Dur\u00e9e de lecture estim\u00e9e\" \/>\n\t<meta name=\"twitter:data2\" content=\"1 minute\" \/>\n<script type=\"application\/ld+json\" class=\"yoast-schema-graph\">{\"@context\":\"https:\\\/\\\/schema.org\",\"@graph\":[{\"@type\":\"Article\",\"@id\":\"https:\\\/\\\/www.bellunopress.it\\\/2009\\\/06\\\/14\\\/fondo-di-solidarieta-presentate-le-prime-domande\\\/#article\",\"isPartOf\":{\"@id\":\"https:\\\/\\\/www.bellunopress.it\\\/2009\\\/06\\\/14\\\/fondo-di-solidarieta-presentate-le-prime-domande\\\/\"},\"author\":{\"name\":\"redazione\",\"@id\":\"https:\\\/\\\/www.bellunopress.it\\\/#\\\/schema\\\/person\\\/79bb06722b37ece1c03d3e94beb30d73\"},\"headline\":\"Fondo di solidariet\u00e0: presentate le prime domande\",\"datePublished\":\"2009-06-14T07:38:20+00:00\",\"mainEntityOfPage\":{\"@id\":\"https:\\\/\\\/www.bellunopress.it\\\/2009\\\/06\\\/14\\\/fondo-di-solidarieta-presentate-le-prime-domande\\\/\"},\"wordCount\":302,\"publisher\":{\"@id\":\"https:\\\/\\\/www.bellunopress.it\\\/#organization\"},\"image\":{\"@id\":\"https:\\\/\\\/www.bellunopress.it\\\/2009\\\/06\\\/14\\\/fondo-di-solidarieta-presentate-le-prime-domande\\\/#primaryimage\"},\"thumbnailUrl\":\"http:\\\/\\\/www.bellunopress.it\\\/wp-content\\\/uploads\\\/2009\\\/02\\\/belluno-019.jpg\",\"keywords\":[\"Belluno\",\"Dolomiti\",\"Feltre\"],\"articleSection\":[\"Cronaca\\\/Politica\",\"Prima Pagina\"],\"inLanguage\":\"fr-FR\"},{\"@type\":\"WebPage\",\"@id\":\"https:\\\/\\\/www.bellunopress.it\\\/2009\\\/06\\\/14\\\/fondo-di-solidarieta-presentate-le-prime-domande\\\/\",\"url\":\"https:\\\/\\\/www.bellunopress.it\\\/2009\\\/06\\\/14\\\/fondo-di-solidarieta-presentate-le-prime-domande\\\/\",\"name\":\"Fondo di solidariet\u00e0: presentate le prime domande - Bellunopress - Dolomiti\",\"isPartOf\":{\"@id\":\"https:\\\/\\\/www.bellunopress.it\\\/#website\"},\"primaryImageOfPage\":{\"@id\":\"https:\\\/\\\/www.bellunopress.it\\\/2009\\\/06\\\/14\\\/fondo-di-solidarieta-presentate-le-prime-domande\\\/#primaryimage\"},\"image\":{\"@id\":\"https:\\\/\\\/www.bellunopress.it\\\/2009\\\/06\\\/14\\\/fondo-di-solidarieta-presentate-le-prime-domande\\\/#primaryimage\"},\"thumbnailUrl\":\"http:\\\/\\\/www.bellunopress.it\\\/wp-content\\\/uploads\\\/2009\\\/02\\\/belluno-019.jpg\",\"datePublished\":\"2009-06-14T07:38:20+00:00\",\"breadcrumb\":{\"@id\":\"https:\\\/\\\/www.bellunopress.it\\\/2009\\\/06\\\/14\\\/fondo-di-solidarieta-presentate-le-prime-domande\\\/#breadcrumb\"},\"inLanguage\":\"fr-FR\",\"potentialAction\":[{\"@type\":\"ReadAction\",\"target\":[\"https:\\\/\\\/www.bellunopress.it\\\/2009\\\/06\\\/14\\\/fondo-di-solidarieta-presentate-le-prime-domande\\\/\"]}]},{\"@type\":\"ImageObject\",\"inLanguage\":\"fr-FR\",\"@id\":\"https:\\\/\\\/www.bellunopress.it\\\/2009\\\/06\\\/14\\\/fondo-di-solidarieta-presentate-le-prime-domande\\\/#primaryimage\",\"url\":\"http:\\\/\\\/www.bellunopress.it\\\/wp-content\\\/uploads\\\/2009\\\/02\\\/belluno-019.jpg\",\"contentUrl\":\"http:\\\/\\\/www.bellunopress.it\\\/wp-content\\\/uploads\\\/2009\\\/02\\\/belluno-019.jpg\"},{\"@type\":\"BreadcrumbList\",\"@id\":\"https:\\\/\\\/www.bellunopress.it\\\/2009\\\/06\\\/14\\\/fondo-di-solidarieta-presentate-le-prime-domande\\\/#breadcrumb\",\"itemListElement\":[{\"@type\":\"ListItem\",\"position\":1,\"name\":\"Home\",\"item\":\"https:\\\/\\\/www.bellunopress.it\\\/\"},{\"@type\":\"ListItem\",\"position\":2,\"name\":\"Fondo di solidariet\u00e0: presentate le prime domande\"}]},{\"@type\":\"WebSite\",\"@id\":\"https:\\\/\\\/www.bellunopress.it\\\/#website\",\"url\":\"https:\\\/\\\/www.bellunopress.it\\\/\",\"name\":\"Bellunopress - Dolomiti\",\"description\":\"e-mail: redazione@bellunopress.it\",\"publisher\":{\"@id\":\"https:\\\/\\\/www.bellunopress.it\\\/#organization\"},\"potentialAction\":[{\"@type\":\"SearchAction\",\"target\":{\"@type\":\"EntryPoint\",\"urlTemplate\":\"https:\\\/\\\/www.bellunopress.it\\\/?s={search_term_string}\"},\"query-input\":{\"@type\":\"PropertyValueSpecification\",\"valueRequired\":true,\"valueName\":\"search_term_string\"}}],\"inLanguage\":\"fr-FR\"},{\"@type\":\"Organization\",\"@id\":\"https:\\\/\\\/www.bellunopress.it\\\/#organization\",\"name\":\"Bellunopress\",\"url\":\"https:\\\/\\\/www.bellunopress.it\\\/\",\"logo\":{\"@type\":\"ImageObject\",\"inLanguage\":\"fr-FR\",\"@id\":\"https:\\\/\\\/www.bellunopress.it\\\/#\\\/schema\\\/logo\\\/image\\\/\",\"url\":\"https:\\\/\\\/www.bellunopress.it\\\/wp-content\\\/uploads\\\/2011\\\/05\\\/cropped-logo-bellunopress-.jpg\",\"contentUrl\":\"https:\\\/\\\/www.bellunopress.it\\\/wp-content\\\/uploads\\\/2011\\\/05\\\/cropped-logo-bellunopress-.jpg\",\"width\":512,\"height\":512,\"caption\":\"Bellunopress\"},\"image\":{\"@id\":\"https:\\\/\\\/www.bellunopress.it\\\/#\\\/schema\\\/logo\\\/image\\\/\"},\"sameAs\":[\"https:\\\/\\\/www.facebook.com\\\/profile.php?id=100008943462799\",\"https:\\\/\\\/x.com\\\/bellunopress\",\"https:\\\/\\\/www.linkedin.com\\\/hp\\\/?dnr=JBzUWaJfMUw8vbXJJ2tVW5-I3jZKvC4wsoxE&amp;amp;amp;amp;amp;amp;trk=nav_responsive_tab_home\",\"https:\\\/\\\/www.youtube.com\\\/channel\\\/UCxL0wu1uN0_3_7hGG0306cw\"]},{\"@type\":\"Person\",\"@id\":\"https:\\\/\\\/www.bellunopress.it\\\/#\\\/schema\\\/person\\\/79bb06722b37ece1c03d3e94beb30d73\",\"name\":\"redazione\",\"image\":{\"@type\":\"ImageObject\",\"inLanguage\":\"fr-FR\",\"@id\":\"https:\\\/\\\/secure.gravatar.com\\\/avatar\\\/37d968a2e67a6fd04c169c4bdef102d0bc5d31b2546345219e348575eb80e9a0?s=96&d=mm&r=g\",\"url\":\"https:\\\/\\\/secure.gravatar.com\\\/avatar\\\/37d968a2e67a6fd04c169c4bdef102d0bc5d31b2546345219e348575eb80e9a0?s=96&d=mm&r=g\",\"contentUrl\":\"https:\\\/\\\/secure.gravatar.com\\\/avatar\\\/37d968a2e67a6fd04c169c4bdef102d0bc5d31b2546345219e348575eb80e9a0?s=96&d=mm&r=g\",\"caption\":\"redazione\"},\"sameAs\":[\"http:\\\/\\\/www.bellunopress.it\",\"https:\\\/\\\/x.com\\\/bellunopress\"],\"url\":\"https:\\\/\\\/www.bellunopress.it\\\/fr\\\/author\\\/redazione\\\/\"}]}<\/script>\n<!-- \/ Yoast SEO plugin. -->","yoast_head_json":{"title":"Fondo di solidariet\u00e0: presentate le prime domande  - Bellunopress - Dolomiti","robots":{"index":"index","follow":"follow","max-snippet":"max-snippet:-1","max-image-preview":"max-image-preview:large","max-video-preview":"max-video-preview:-1"},"canonical":"https:\/\/www.bellunopress.it\/fr\/2009\/06\/14\/fondo-di-solidarieta-presentate-le-prime-domande\/","og_locale":"fr_FR","og_type":"article","og_title":"Fondo di solidariet\u00e0: presentate le prime domande  - Bellunopress - Dolomiti","og_description":"Sono gi\u00e0 una decina le domande di accesso al fondo di solidariet\u00e0 istituito dalla Provincia di Belluno per fronteggiare la crisi occupazionale. Le prime richieste saranno esaminate la prossima settimana da un apposito comitato, allo scopo di valutare la rispondenza ai requisiti richiesti. Il Fondo di solidariet\u00e0 rientra nelle iniziative messe in atto dall\u2019amministrazione provinciale [&hellip;]","og_url":"https:\/\/www.bellunopress.it\/fr\/2009\/06\/14\/fondo-di-solidarieta-presentate-le-prime-domande\/","og_site_name":"Bellunopress - Dolomiti","article_publisher":"https:\/\/www.facebook.com\/profile.php?id=100008943462799","article_published_time":"2009-06-14T07:38:20+00:00","og_image":[{"url":"http:\/\/www.bellunopress.it\/wp-content\/uploads\/2009\/02\/belluno-019.jpg","type":"","width":"","height":""}],"author":"redazione","twitter_card":"summary_large_image","twitter_creator":"@bellunopress","twitter_site":"@bellunopress","twitter_misc":{"\u00c9crit par":"redazione","Dur\u00e9e de lecture estim\u00e9e":"1 minute"},"schema":{"@context":"https:\/\/schema.org","@graph":[{"@type":"Article","@id":"https:\/\/www.bellunopress.it\/2009\/06\/14\/fondo-di-solidarieta-presentate-le-prime-domande\/#article","isPartOf":{"@id":"https:\/\/www.bellunopress.it\/2009\/06\/14\/fondo-di-solidarieta-presentate-le-prime-domande\/"},"author":{"name":"redazione","@id":"https:\/\/www.bellunopress.it\/#\/schema\/person\/79bb06722b37ece1c03d3e94beb30d73"},"headline":"Fondo di solidariet\u00e0: presentate le prime domande","datePublished":"2009-06-14T07:38:20+00:00","mainEntityOfPage":{"@id":"https:\/\/www.bellunopress.it\/2009\/06\/14\/fondo-di-solidarieta-presentate-le-prime-domande\/"},"wordCount":302,"publisher":{"@id":"https:\/\/www.bellunopress.it\/#organization"},"image":{"@id":"https:\/\/www.bellunopress.it\/2009\/06\/14\/fondo-di-solidarieta-presentate-le-prime-domande\/#primaryimage"},"thumbnailUrl":"http:\/\/www.bellunopress.it\/wp-content\/uploads\/2009\/02\/belluno-019.jpg","keywords":["Belluno","Dolomiti","Feltre"],"articleSection":["Cronaca\/Politica","Prima Pagina"],"inLanguage":"fr-FR"},{"@type":"WebPage","@id":"https:\/\/www.bellunopress.it\/2009\/06\/14\/fondo-di-solidarieta-presentate-le-prime-domande\/","url":"https:\/\/www.bellunopress.it\/2009\/06\/14\/fondo-di-solidarieta-presentate-le-prime-domande\/","name":"Fondo di solidariet\u00e0: presentate le prime domande - Bellunopress - Dolomiti","isPartOf":{"@id":"https:\/\/www.bellunopress.it\/#website"},"primaryImageOfPage":{"@id":"https:\/\/www.bellunopress.it\/2009\/06\/14\/fondo-di-solidarieta-presentate-le-prime-domande\/#primaryimage"},"image":{"@id":"https:\/\/www.bellunopress.it\/2009\/06\/14\/fondo-di-solidarieta-presentate-le-prime-domande\/#primaryimage"},"thumbnailUrl":"http:\/\/www.bellunopress.it\/wp-content\/uploads\/2009\/02\/belluno-019.jpg","datePublished":"2009-06-14T07:38:20+00:00","breadcrumb":{"@id":"https:\/\/www.bellunopress.it\/2009\/06\/14\/fondo-di-solidarieta-presentate-le-prime-domande\/#breadcrumb"},"inLanguage":"fr-FR","potentialAction":[{"@type":"ReadAction","target":["https:\/\/www.bellunopress.it\/2009\/06\/14\/fondo-di-solidarieta-presentate-le-prime-domande\/"]}]},{"@type":"ImageObject","inLanguage":"fr-FR","@id":"https:\/\/www.bellunopress.it\/2009\/06\/14\/fondo-di-solidarieta-presentate-le-prime-domande\/#primaryimage","url":"http:\/\/www.bellunopress.it\/wp-content\/uploads\/2009\/02\/belluno-019.jpg","contentUrl":"http:\/\/www.bellunopress.it\/wp-content\/uploads\/2009\/02\/belluno-019.jpg"},{"@type":"BreadcrumbList","@id":"https:\/\/www.bellunopress.it\/2009\/06\/14\/fondo-di-solidarieta-presentate-le-prime-domande\/#breadcrumb","itemListElement":[{"@type":"ListItem","position":1,"name":"Home","item":"https:\/\/www.bellunopress.it\/"},{"@type":"ListItem","position":2,"name":"Fondo di solidariet\u00e0: presentate le prime domande"}]},{"@type":"WebSite","@id":"https:\/\/www.bellunopress.it\/#website","url":"https:\/\/www.bellunopress.it\/","name":"Bellunopress - Dolomiti","description":"e-mail: redazione@bellunopress.it","publisher":{"@id":"https:\/\/www.bellunopress.it\/#organization"},"potentialAction":[{"@type":"SearchAction","target":{"@type":"EntryPoint","urlTemplate":"https:\/\/www.bellunopress.it\/?s={search_term_string}"},"query-input":{"@type":"PropertyValueSpecification","valueRequired":true,"valueName":"search_term_string"}}],"inLanguage":"fr-FR"},{"@type":"Organization","@id":"https:\/\/www.bellunopress.it\/#organization","name":"Bellunopress","url":"https:\/\/www.bellunopress.it\/","logo":{"@type":"ImageObject","inLanguage":"fr-FR","@id":"https:\/\/www.bellunopress.it\/#\/schema\/logo\/image\/","url":"https:\/\/www.bellunopress.it\/wp-content\/uploads\/2011\/05\/cropped-logo-bellunopress-.jpg","contentUrl":"https:\/\/www.bellunopress.it\/wp-content\/uploads\/2011\/05\/cropped-logo-bellunopress-.jpg","width":512,"height":512,"caption":"Bellunopress"},"image":{"@id":"https:\/\/www.bellunopress.it\/#\/schema\/logo\/image\/"},"sameAs":["https:\/\/www.facebook.com\/profile.php?id=100008943462799","https:\/\/x.com\/bellunopress","https:\/\/www.linkedin.com\/hp\/?dnr=JBzUWaJfMUw8vbXJJ2tVW5-I3jZKvC4wsoxE&amp;amp;amp;amp;amp;amp;trk=nav_responsive_tab_home","https:\/\/www.youtube.com\/channel\/UCxL0wu1uN0_3_7hGG0306cw"]},{"@type":"Person","@id":"https:\/\/www.bellunopress.it\/#\/schema\/person\/79bb06722b37ece1c03d3e94beb30d73","name":"r\u00e9daction","image":{"@type":"ImageObject","inLanguage":"fr-FR","@id":"https:\/\/secure.gravatar.com\/avatar\/37d968a2e67a6fd04c169c4bdef102d0bc5d31b2546345219e348575eb80e9a0?s=96&d=mm&r=g","url":"https:\/\/secure.gravatar.com\/avatar\/37d968a2e67a6fd04c169c4bdef102d0bc5d31b2546345219e348575eb80e9a0?s=96&d=mm&r=g","contentUrl":"https:\/\/secure.gravatar.com\/avatar\/37d968a2e67a6fd04c169c4bdef102d0bc5d31b2546345219e348575eb80e9a0?s=96&d=mm&r=g","caption":"redazione"},"sameAs":["http:\/\/www.bellunopress.it","https:\/\/x.com\/bellunopress"],"url":"https:\/\/www.bellunopress.it\/fr\/author\/redazione\/"}]}},"_links":{"self":[{"href":"https:\/\/www.bellunopress.it\/fr\/wp-json\/wp\/v2\/posts\/4842","targetHints":{"allow":["GET"]}}],"collection":[{"href":"https:\/\/www.bellunopress.it\/fr\/wp-json\/wp\/v2\/posts"}],"about":[{"href":"https:\/\/www.bellunopress.it\/fr\/wp-json\/wp\/v2\/types\/post"}],"author":[{"embeddable":true,"href":"https:\/\/www.bellunopress.it\/fr\/wp-json\/wp\/v2\/users\/2"}],"replies":[{"embeddable":true,"href":"https:\/\/www.bellunopress.it\/fr\/wp-json\/wp\/v2\/comments?post=4842"}],"version-history":[{"count":2,"href":"https:\/\/www.bellunopress.it\/fr\/wp-json\/wp\/v2\/posts\/4842\/revisions"}],"predecessor-version":[{"id":4845,"href":"https:\/\/www.bellunopress.it\/fr\/wp-json\/wp\/v2\/posts\/4842\/revisions\/4845"}],"wp:attachment":[{"href":"https:\/\/www.bellunopress.it\/fr\/wp-json\/wp\/v2\/media?parent=4842"}],"wp:term":[{"taxonomy":"category","embeddable":true,"href":"https:\/\/www.bellunopress.it\/fr\/wp-json\/wp\/v2\/categories?post=4842"},{"taxonomy":"post_tag","embeddable":true,"href":"https:\/\/www.bellunopress.it\/fr\/wp-json\/wp\/v2\/tags?post=4842"}],"curies":[{"name":"wp","href":"https:\/\/api.w.org\/{rel}","templated":true}]}}