{"id":48403,"date":"2013-04-11T15:04:12","date_gmt":"2013-04-11T14:04:12","guid":{"rendered":"http:\/\/www.bellunopress.it\/?p=48403"},"modified":"2013-04-11T16:34:14","modified_gmt":"2013-04-11T15:34:14","slug":"vendesi-dieci-appartamenti-ex-case-popolari-allasta-offerte-entro-il-7-maggio","status":"publish","type":"post","link":"https:\/\/www.bellunopress.it\/fr\/2013\/04\/11\/vendesi-dieci-appartamenti-ex-case-popolari-allasta-offerte-entro-il-7-maggio\/","title":{"rendered":"Vendesi. Dieci appartamenti ex case popolari all&#8217;asta. Offerte entro il 7 maggio"},"content":{"rendered":"<p><a href=\"http:\/\/www.bellunopress.it\/wp-content\/uploads\/2009\/02\/ater1.jpg\"><img loading=\"lazy\" decoding=\"async\" class=\"alignleft size-full wp-image-792\" alt=\"ater1\" src=\"http:\/\/www.bellunopress.it\/wp-content\/uploads\/2009\/02\/ater1.jpg\" width=\"241\" height=\"181\" \/><\/a>L\u2019Azienda Territoriale per l&#8217;Edilizia Residenziale della Provincia di Belluno informa che ha indetto una asta pubblica per l&#8217;alienazione di 10 immobili siti in vari Comuni della provincia.<\/p>\n<p>La proposta piuttosto interessante riguarda dieci appartamenti con relative pertinenze, della superficie commerciale ed al prezzo a base d&#8217;asta a fianco indicati. Gli immobili sono liberi da persone e cose, posti in vendita per singolo lotto, composti da un&#8217;unica unit\u00e0 immobiliare, disponibile da subito nello stato di fatto e giuridico in cui si trovano.<\/p>\n<p>La classe energetica \u00e8 in fase di determinazione.<\/p>\n<p>Le offerte dovranno essere presentate entro le ore 10,00 del giorno luned\u00ec 6 maggio 2013.<\/p>\n<p>L&#8217;asta si terr\u00e0 presso la sede ATER di Belluno il giorno marted\u00ec 7 maggio 2013 con inizio alle ore 10,00.<\/p>\n<p>LOTTO 1 Belluno, via Caduti ponte S.Felice n. 41 mq. 80,39 \u20ac 68.000,00<\/p>\n<p>LOTTO 2 Belluno, via P.F.Calvi n.18 mq. 65,75 \u20ac 53.000,00<\/p>\n<p>LOTTO 3 Castellavazzo, via Roma n.80 mq. 48,17 \u20ac 41.000,00<\/p>\n<p>LOTTO 4 Feltre, via Anconetta n.25 mq. 89,98 \u20ac 50.000,00<\/p>\n<p>LOTTO 5 Feltre, via Cattarossi n.18 mq. 86,09 \u20ac 78.000,00<\/p>\n<p>LOTTO 6 Feltre, via Po n. 8 mq. 74,36 \u20ac 65.000,00<\/p>\n<p>LOTTO 7 Gosaldo, via Lambroi n. 5 mq. 93,45 \u20ac 56.000,00<\/p>\n<p>LOTTO 8 Gosaldo, via Lambroi n. 5 mq. 93,45 \u20ac 55.000,00<\/p>\n<p>LOTTO 9 Quero, via Spaloa n. 1 mq.106,63 \u20ac 78.000,00<\/p>\n<p>LOTTO 10 Rivamonte Agordino , via Rosson n.62 mq. 91,03 \u20ac 59.000,00<\/p>\n<p>Copia integrale dell&#8217;avviso d&#8217;asta, tutte le informazioni e la documentazione necessaria alla partecipazione all&#8217;asta, sono a disposizione presso gli uffici aziendali di Belluno, alla via B. Castellani n. 2, ed all&#8217;indirizzo internet www.aterbl.it<\/p>\n<p>Responsabile del procedimento : dott. Alberto Pinto. Incaricato istruttoria : dott. Luciano Da Pian (tel. 0437 935940).<\/p>","protected":false},"excerpt":{"rendered":"<p>L\u2019Azienda Territoriale per l&#8217;Edilizia Residenziale della Provincia di Belluno informa che ha indetto una asta pubblica per l&#8217;alienazione di 10 immobili siti in vari Comuni della provincia. La proposta piuttosto interessante riguarda dieci appartamenti con relative pertinenze, della superficie commerciale ed al prezzo a base d&#8217;asta a fianco indicati. Gli immobili sono liberi da persone [&hellip;]<\/p>\n","protected":false},"author":2,"featured_media":0,"comment_status":"closed","ping_status":"open","sticky":false,"template":"","format":"standard","meta":{"footnotes":""},"categories":[26,8],"tags":[],"class_list":["post-48403","post","type-post","status-publish","format-standard","category-prima-pagina","category-societa-istituzioni"],"yoast_head":"<!-- This site is optimized with the Yoast SEO plugin v28.4 - https:\/\/yoast.com\/product\/yoast-seo-wordpress\/ -->\n<title>Vendesi. Dieci appartamenti ex case popolari all&#039;asta. Offerte entro il 7 maggio - Bellunopress - Dolomiti<\/title>\n<meta name=\"robots\" content=\"index, follow, max-snippet:-1, max-image-preview:large, max-video-preview:-1\" \/>\n<link rel=\"canonical\" href=\"https:\/\/www.bellunopress.it\/fr\/2013\/04\/11\/vendesi-dieci-appartamenti-ex-case-popolari-allasta-offerte-entro-il-7-maggio\/\" \/>\n<meta property=\"og:locale\" content=\"fr_FR\" \/>\n<meta property=\"og:type\" content=\"article\" \/>\n<meta property=\"og:title\" content=\"Vendesi. Dieci appartamenti ex case popolari all&#039;asta. Offerte entro il 7 maggio - Bellunopress - Dolomiti\" \/>\n<meta property=\"og:description\" content=\"L\u2019Azienda Territoriale per l&#8217;Edilizia Residenziale della Provincia di Belluno informa che ha indetto una asta pubblica per l&#8217;alienazione di 10 immobili siti in vari Comuni della provincia. La proposta piuttosto interessante riguarda dieci appartamenti con relative pertinenze, della superficie commerciale ed al prezzo a base d&#8217;asta a fianco indicati. Gli immobili sono liberi da persone [&hellip;]\" \/>\n<meta property=\"og:url\" content=\"https:\/\/www.bellunopress.it\/fr\/2013\/04\/11\/vendesi-dieci-appartamenti-ex-case-popolari-allasta-offerte-entro-il-7-maggio\/\" \/>\n<meta property=\"og:site_name\" content=\"Bellunopress - Dolomiti\" \/>\n<meta property=\"article:publisher\" content=\"https:\/\/www.facebook.com\/profile.php?id=100008943462799\" \/>\n<meta property=\"article:published_time\" content=\"2013-04-11T14:04:12+00:00\" \/>\n<meta property=\"article:modified_time\" content=\"2013-04-11T15:34:14+00:00\" \/>\n<meta property=\"og:image\" content=\"http:\/\/www.bellunopress.it\/wp-content\/uploads\/2009\/02\/ater1.jpg\" \/>\n<meta name=\"author\" content=\"redazione\" \/>\n<meta name=\"twitter:card\" content=\"summary_large_image\" \/>\n<meta name=\"twitter:creator\" content=\"@bellunopress\" \/>\n<meta name=\"twitter:site\" content=\"@bellunopress\" \/>\n<meta name=\"twitter:label1\" content=\"\u00c9crit par\" \/>\n\t<meta name=\"twitter:data1\" content=\"redazione\" \/>\n\t<meta name=\"twitter:label2\" content=\"Dur\u00e9e de lecture estim\u00e9e\" \/>\n\t<meta name=\"twitter:data2\" content=\"1 minute\" \/>\n<script type=\"application\/ld+json\" class=\"yoast-schema-graph\">{\"@context\":\"https:\\\/\\\/schema.org\",\"@graph\":[{\"@type\":\"Article\",\"@id\":\"https:\\\/\\\/www.bellunopress.it\\\/2013\\\/04\\\/11\\\/vendesi-dieci-appartamenti-ex-case-popolari-allasta-offerte-entro-il-7-maggio\\\/#article\",\"isPartOf\":{\"@id\":\"https:\\\/\\\/www.bellunopress.it\\\/2013\\\/04\\\/11\\\/vendesi-dieci-appartamenti-ex-case-popolari-allasta-offerte-entro-il-7-maggio\\\/\"},\"author\":{\"name\":\"redazione\",\"@id\":\"https:\\\/\\\/www.bellunopress.it\\\/#\\\/schema\\\/person\\\/79bb06722b37ece1c03d3e94beb30d73\"},\"headline\":\"Vendesi. Dieci appartamenti ex case popolari all&#8217;asta. Offerte entro il 7 maggio\",\"datePublished\":\"2013-04-11T14:04:12+00:00\",\"dateModified\":\"2013-04-11T15:34:14+00:00\",\"mainEntityOfPage\":{\"@id\":\"https:\\\/\\\/www.bellunopress.it\\\/2013\\\/04\\\/11\\\/vendesi-dieci-appartamenti-ex-case-popolari-allasta-offerte-entro-il-7-maggio\\\/\"},\"wordCount\":251,\"publisher\":{\"@id\":\"https:\\\/\\\/www.bellunopress.it\\\/#organization\"},\"image\":{\"@id\":\"https:\\\/\\\/www.bellunopress.it\\\/2013\\\/04\\\/11\\\/vendesi-dieci-appartamenti-ex-case-popolari-allasta-offerte-entro-il-7-maggio\\\/#primaryimage\"},\"thumbnailUrl\":\"http:\\\/\\\/www.bellunopress.it\\\/wp-content\\\/uploads\\\/2009\\\/02\\\/ater1.jpg\",\"articleSection\":[\"Prima Pagina\",\"Societ\u00e0, Associazioni, Istituzioni\"],\"inLanguage\":\"fr-FR\"},{\"@type\":\"WebPage\",\"@id\":\"https:\\\/\\\/www.bellunopress.it\\\/2013\\\/04\\\/11\\\/vendesi-dieci-appartamenti-ex-case-popolari-allasta-offerte-entro-il-7-maggio\\\/\",\"url\":\"https:\\\/\\\/www.bellunopress.it\\\/2013\\\/04\\\/11\\\/vendesi-dieci-appartamenti-ex-case-popolari-allasta-offerte-entro-il-7-maggio\\\/\",\"name\":\"Vendesi. Dieci appartamenti ex case popolari all'asta. Offerte entro il 7 maggio - Bellunopress - Dolomiti\",\"isPartOf\":{\"@id\":\"https:\\\/\\\/www.bellunopress.it\\\/#website\"},\"primaryImageOfPage\":{\"@id\":\"https:\\\/\\\/www.bellunopress.it\\\/2013\\\/04\\\/11\\\/vendesi-dieci-appartamenti-ex-case-popolari-allasta-offerte-entro-il-7-maggio\\\/#primaryimage\"},\"image\":{\"@id\":\"https:\\\/\\\/www.bellunopress.it\\\/2013\\\/04\\\/11\\\/vendesi-dieci-appartamenti-ex-case-popolari-allasta-offerte-entro-il-7-maggio\\\/#primaryimage\"},\"thumbnailUrl\":\"http:\\\/\\\/www.bellunopress.it\\\/wp-content\\\/uploads\\\/2009\\\/02\\\/ater1.jpg\",\"datePublished\":\"2013-04-11T14:04:12+00:00\",\"dateModified\":\"2013-04-11T15:34:14+00:00\",\"breadcrumb\":{\"@id\":\"https:\\\/\\\/www.bellunopress.it\\\/2013\\\/04\\\/11\\\/vendesi-dieci-appartamenti-ex-case-popolari-allasta-offerte-entro-il-7-maggio\\\/#breadcrumb\"},\"inLanguage\":\"fr-FR\",\"potentialAction\":[{\"@type\":\"ReadAction\",\"target\":[\"https:\\\/\\\/www.bellunopress.it\\\/2013\\\/04\\\/11\\\/vendesi-dieci-appartamenti-ex-case-popolari-allasta-offerte-entro-il-7-maggio\\\/\"]}]},{\"@type\":\"ImageObject\",\"inLanguage\":\"fr-FR\",\"@id\":\"https:\\\/\\\/www.bellunopress.it\\\/2013\\\/04\\\/11\\\/vendesi-dieci-appartamenti-ex-case-popolari-allasta-offerte-entro-il-7-maggio\\\/#primaryimage\",\"url\":\"http:\\\/\\\/www.bellunopress.it\\\/wp-content\\\/uploads\\\/2009\\\/02\\\/ater1.jpg\",\"contentUrl\":\"http:\\\/\\\/www.bellunopress.it\\\/wp-content\\\/uploads\\\/2009\\\/02\\\/ater1.jpg\"},{\"@type\":\"BreadcrumbList\",\"@id\":\"https:\\\/\\\/www.bellunopress.it\\\/2013\\\/04\\\/11\\\/vendesi-dieci-appartamenti-ex-case-popolari-allasta-offerte-entro-il-7-maggio\\\/#breadcrumb\",\"itemListElement\":[{\"@type\":\"ListItem\",\"position\":1,\"name\":\"Home\",\"item\":\"https:\\\/\\\/www.bellunopress.it\\\/\"},{\"@type\":\"ListItem\",\"position\":2,\"name\":\"Vendesi. Dieci appartamenti ex case popolari all&#8217;asta. Offerte entro il 7 maggio\"}]},{\"@type\":\"WebSite\",\"@id\":\"https:\\\/\\\/www.bellunopress.it\\\/#website\",\"url\":\"https:\\\/\\\/www.bellunopress.it\\\/\",\"name\":\"Bellunopress - Dolomiti\",\"description\":\"e-mail: redazione@bellunopress.it\",\"publisher\":{\"@id\":\"https:\\\/\\\/www.bellunopress.it\\\/#organization\"},\"potentialAction\":[{\"@type\":\"SearchAction\",\"target\":{\"@type\":\"EntryPoint\",\"urlTemplate\":\"https:\\\/\\\/www.bellunopress.it\\\/?s={search_term_string}\"},\"query-input\":{\"@type\":\"PropertyValueSpecification\",\"valueRequired\":true,\"valueName\":\"search_term_string\"}}],\"inLanguage\":\"fr-FR\"},{\"@type\":\"Organization\",\"@id\":\"https:\\\/\\\/www.bellunopress.it\\\/#organization\",\"name\":\"Bellunopress\",\"url\":\"https:\\\/\\\/www.bellunopress.it\\\/\",\"logo\":{\"@type\":\"ImageObject\",\"inLanguage\":\"fr-FR\",\"@id\":\"https:\\\/\\\/www.bellunopress.it\\\/#\\\/schema\\\/logo\\\/image\\\/\",\"url\":\"https:\\\/\\\/www.bellunopress.it\\\/wp-content\\\/uploads\\\/2011\\\/05\\\/cropped-logo-bellunopress-.jpg\",\"contentUrl\":\"https:\\\/\\\/www.bellunopress.it\\\/wp-content\\\/uploads\\\/2011\\\/05\\\/cropped-logo-bellunopress-.jpg\",\"width\":512,\"height\":512,\"caption\":\"Bellunopress\"},\"image\":{\"@id\":\"https:\\\/\\\/www.bellunopress.it\\\/#\\\/schema\\\/logo\\\/image\\\/\"},\"sameAs\":[\"https:\\\/\\\/www.facebook.com\\\/profile.php?id=100008943462799\",\"https:\\\/\\\/x.com\\\/bellunopress\",\"https:\\\/\\\/www.linkedin.com\\\/hp\\\/?dnr=JBzUWaJfMUw8vbXJJ2tVW5-I3jZKvC4wsoxE&amp;amp;amp;amp;amp;amp;trk=nav_responsive_tab_home\",\"https:\\\/\\\/www.youtube.com\\\/channel\\\/UCxL0wu1uN0_3_7hGG0306cw\"]},{\"@type\":\"Person\",\"@id\":\"https:\\\/\\\/www.bellunopress.it\\\/#\\\/schema\\\/person\\\/79bb06722b37ece1c03d3e94beb30d73\",\"name\":\"redazione\",\"image\":{\"@type\":\"ImageObject\",\"inLanguage\":\"fr-FR\",\"@id\":\"https:\\\/\\\/secure.gravatar.com\\\/avatar\\\/37d968a2e67a6fd04c169c4bdef102d0bc5d31b2546345219e348575eb80e9a0?s=96&d=mm&r=g\",\"url\":\"https:\\\/\\\/secure.gravatar.com\\\/avatar\\\/37d968a2e67a6fd04c169c4bdef102d0bc5d31b2546345219e348575eb80e9a0?s=96&d=mm&r=g\",\"contentUrl\":\"https:\\\/\\\/secure.gravatar.com\\\/avatar\\\/37d968a2e67a6fd04c169c4bdef102d0bc5d31b2546345219e348575eb80e9a0?s=96&d=mm&r=g\",\"caption\":\"redazione\"},\"sameAs\":[\"http:\\\/\\\/www.bellunopress.it\",\"https:\\\/\\\/x.com\\\/bellunopress\"],\"url\":\"https:\\\/\\\/www.bellunopress.it\\\/fr\\\/author\\\/redazione\\\/\"}]}<\/script>\n<!-- \/ Yoast SEO plugin. -->","yoast_head_json":{"title":"Vendesi. Dieci appartamenti ex case popolari all'asta. Offerte entro il 7 maggio - Bellunopress - Dolomiti","robots":{"index":"index","follow":"follow","max-snippet":"max-snippet:-1","max-image-preview":"max-image-preview:large","max-video-preview":"max-video-preview:-1"},"canonical":"https:\/\/www.bellunopress.it\/fr\/2013\/04\/11\/vendesi-dieci-appartamenti-ex-case-popolari-allasta-offerte-entro-il-7-maggio\/","og_locale":"fr_FR","og_type":"article","og_title":"Vendesi. Dieci appartamenti ex case popolari all'asta. Offerte entro il 7 maggio - Bellunopress - Dolomiti","og_description":"L\u2019Azienda Territoriale per l&#8217;Edilizia Residenziale della Provincia di Belluno informa che ha indetto una asta pubblica per l&#8217;alienazione di 10 immobili siti in vari Comuni della provincia. La proposta piuttosto interessante riguarda dieci appartamenti con relative pertinenze, della superficie commerciale ed al prezzo a base d&#8217;asta a fianco indicati. Gli immobili sono liberi da persone [&hellip;]","og_url":"https:\/\/www.bellunopress.it\/fr\/2013\/04\/11\/vendesi-dieci-appartamenti-ex-case-popolari-allasta-offerte-entro-il-7-maggio\/","og_site_name":"Bellunopress - Dolomiti","article_publisher":"https:\/\/www.facebook.com\/profile.php?id=100008943462799","article_published_time":"2013-04-11T14:04:12+00:00","article_modified_time":"2013-04-11T15:34:14+00:00","og_image":[{"url":"http:\/\/www.bellunopress.it\/wp-content\/uploads\/2009\/02\/ater1.jpg","type":"","width":"","height":""}],"author":"redazione","twitter_card":"summary_large_image","twitter_creator":"@bellunopress","twitter_site":"@bellunopress","twitter_misc":{"\u00c9crit par":"redazione","Dur\u00e9e de lecture estim\u00e9e":"1 minute"},"schema":{"@context":"https:\/\/schema.org","@graph":[{"@type":"Article","@id":"https:\/\/www.bellunopress.it\/2013\/04\/11\/vendesi-dieci-appartamenti-ex-case-popolari-allasta-offerte-entro-il-7-maggio\/#article","isPartOf":{"@id":"https:\/\/www.bellunopress.it\/2013\/04\/11\/vendesi-dieci-appartamenti-ex-case-popolari-allasta-offerte-entro-il-7-maggio\/"},"author":{"name":"redazione","@id":"https:\/\/www.bellunopress.it\/#\/schema\/person\/79bb06722b37ece1c03d3e94beb30d73"},"headline":"Vendesi. Dieci appartamenti ex case popolari all&#8217;asta. Offerte entro il 7 maggio","datePublished":"2013-04-11T14:04:12+00:00","dateModified":"2013-04-11T15:34:14+00:00","mainEntityOfPage":{"@id":"https:\/\/www.bellunopress.it\/2013\/04\/11\/vendesi-dieci-appartamenti-ex-case-popolari-allasta-offerte-entro-il-7-maggio\/"},"wordCount":251,"publisher":{"@id":"https:\/\/www.bellunopress.it\/#organization"},"image":{"@id":"https:\/\/www.bellunopress.it\/2013\/04\/11\/vendesi-dieci-appartamenti-ex-case-popolari-allasta-offerte-entro-il-7-maggio\/#primaryimage"},"thumbnailUrl":"http:\/\/www.bellunopress.it\/wp-content\/uploads\/2009\/02\/ater1.jpg","articleSection":["Prima Pagina","Societ\u00e0, Associazioni, Istituzioni"],"inLanguage":"fr-FR"},{"@type":"WebPage","@id":"https:\/\/www.bellunopress.it\/2013\/04\/11\/vendesi-dieci-appartamenti-ex-case-popolari-allasta-offerte-entro-il-7-maggio\/","url":"https:\/\/www.bellunopress.it\/2013\/04\/11\/vendesi-dieci-appartamenti-ex-case-popolari-allasta-offerte-entro-il-7-maggio\/","name":"Vendesi. Dieci appartamenti ex case popolari all'asta. Offerte entro il 7 maggio - Bellunopress - Dolomiti","isPartOf":{"@id":"https:\/\/www.bellunopress.it\/#website"},"primaryImageOfPage":{"@id":"https:\/\/www.bellunopress.it\/2013\/04\/11\/vendesi-dieci-appartamenti-ex-case-popolari-allasta-offerte-entro-il-7-maggio\/#primaryimage"},"image":{"@id":"https:\/\/www.bellunopress.it\/2013\/04\/11\/vendesi-dieci-appartamenti-ex-case-popolari-allasta-offerte-entro-il-7-maggio\/#primaryimage"},"thumbnailUrl":"http:\/\/www.bellunopress.it\/wp-content\/uploads\/2009\/02\/ater1.jpg","datePublished":"2013-04-11T14:04:12+00:00","dateModified":"2013-04-11T15:34:14+00:00","breadcrumb":{"@id":"https:\/\/www.bellunopress.it\/2013\/04\/11\/vendesi-dieci-appartamenti-ex-case-popolari-allasta-offerte-entro-il-7-maggio\/#breadcrumb"},"inLanguage":"fr-FR","potentialAction":[{"@type":"ReadAction","target":["https:\/\/www.bellunopress.it\/2013\/04\/11\/vendesi-dieci-appartamenti-ex-case-popolari-allasta-offerte-entro-il-7-maggio\/"]}]},{"@type":"ImageObject","inLanguage":"fr-FR","@id":"https:\/\/www.bellunopress.it\/2013\/04\/11\/vendesi-dieci-appartamenti-ex-case-popolari-allasta-offerte-entro-il-7-maggio\/#primaryimage","url":"http:\/\/www.bellunopress.it\/wp-content\/uploads\/2009\/02\/ater1.jpg","contentUrl":"http:\/\/www.bellunopress.it\/wp-content\/uploads\/2009\/02\/ater1.jpg"},{"@type":"BreadcrumbList","@id":"https:\/\/www.bellunopress.it\/2013\/04\/11\/vendesi-dieci-appartamenti-ex-case-popolari-allasta-offerte-entro-il-7-maggio\/#breadcrumb","itemListElement":[{"@type":"ListItem","position":1,"name":"Home","item":"https:\/\/www.bellunopress.it\/"},{"@type":"ListItem","position":2,"name":"Vendesi. Dieci appartamenti ex case popolari all&#8217;asta. Offerte entro il 7 maggio"}]},{"@type":"WebSite","@id":"https:\/\/www.bellunopress.it\/#website","url":"https:\/\/www.bellunopress.it\/","name":"Bellunopress - Dolomiti","description":"e-mail: redazione@bellunopress.it","publisher":{"@id":"https:\/\/www.bellunopress.it\/#organization"},"potentialAction":[{"@type":"SearchAction","target":{"@type":"EntryPoint","urlTemplate":"https:\/\/www.bellunopress.it\/?s={search_term_string}"},"query-input":{"@type":"PropertyValueSpecification","valueRequired":true,"valueName":"search_term_string"}}],"inLanguage":"fr-FR"},{"@type":"Organization","@id":"https:\/\/www.bellunopress.it\/#organization","name":"Bellunopress","url":"https:\/\/www.bellunopress.it\/","logo":{"@type":"ImageObject","inLanguage":"fr-FR","@id":"https:\/\/www.bellunopress.it\/#\/schema\/logo\/image\/","url":"https:\/\/www.bellunopress.it\/wp-content\/uploads\/2011\/05\/cropped-logo-bellunopress-.jpg","contentUrl":"https:\/\/www.bellunopress.it\/wp-content\/uploads\/2011\/05\/cropped-logo-bellunopress-.jpg","width":512,"height":512,"caption":"Bellunopress"},"image":{"@id":"https:\/\/www.bellunopress.it\/#\/schema\/logo\/image\/"},"sameAs":["https:\/\/www.facebook.com\/profile.php?id=100008943462799","https:\/\/x.com\/bellunopress","https:\/\/www.linkedin.com\/hp\/?dnr=JBzUWaJfMUw8vbXJJ2tVW5-I3jZKvC4wsoxE&amp;amp;amp;amp;amp;amp;trk=nav_responsive_tab_home","https:\/\/www.youtube.com\/channel\/UCxL0wu1uN0_3_7hGG0306cw"]},{"@type":"Person","@id":"https:\/\/www.bellunopress.it\/#\/schema\/person\/79bb06722b37ece1c03d3e94beb30d73","name":"r\u00e9daction","image":{"@type":"ImageObject","inLanguage":"fr-FR","@id":"https:\/\/secure.gravatar.com\/avatar\/37d968a2e67a6fd04c169c4bdef102d0bc5d31b2546345219e348575eb80e9a0?s=96&d=mm&r=g","url":"https:\/\/secure.gravatar.com\/avatar\/37d968a2e67a6fd04c169c4bdef102d0bc5d31b2546345219e348575eb80e9a0?s=96&d=mm&r=g","contentUrl":"https:\/\/secure.gravatar.com\/avatar\/37d968a2e67a6fd04c169c4bdef102d0bc5d31b2546345219e348575eb80e9a0?s=96&d=mm&r=g","caption":"redazione"},"sameAs":["http:\/\/www.bellunopress.it","https:\/\/x.com\/bellunopress"],"url":"https:\/\/www.bellunopress.it\/fr\/author\/redazione\/"}]}},"_links":{"self":[{"href":"https:\/\/www.bellunopress.it\/fr\/wp-json\/wp\/v2\/posts\/48403","targetHints":{"allow":["GET"]}}],"collection":[{"href":"https:\/\/www.bellunopress.it\/fr\/wp-json\/wp\/v2\/posts"}],"about":[{"href":"https:\/\/www.bellunopress.it\/fr\/wp-json\/wp\/v2\/types\/post"}],"author":[{"embeddable":true,"href":"https:\/\/www.bellunopress.it\/fr\/wp-json\/wp\/v2\/users\/2"}],"replies":[{"embeddable":true,"href":"https:\/\/www.bellunopress.it\/fr\/wp-json\/wp\/v2\/comments?post=48403"}],"version-history":[{"count":5,"href":"https:\/\/www.bellunopress.it\/fr\/wp-json\/wp\/v2\/posts\/48403\/revisions"}],"predecessor-version":[{"id":48407,"href":"https:\/\/www.bellunopress.it\/fr\/wp-json\/wp\/v2\/posts\/48403\/revisions\/48407"}],"wp:attachment":[{"href":"https:\/\/www.bellunopress.it\/fr\/wp-json\/wp\/v2\/media?parent=48403"}],"wp:term":[{"taxonomy":"category","embeddable":true,"href":"https:\/\/www.bellunopress.it\/fr\/wp-json\/wp\/v2\/categories?post=48403"},{"taxonomy":"post_tag","embeddable":true,"href":"https:\/\/www.bellunopress.it\/fr\/wp-json\/wp\/v2\/tags?post=48403"}],"curies":[{"name":"wp","href":"https:\/\/api.w.org\/{rel}","templated":true}]}}