{"id":4837,"date":"2009-06-14T08:13:16","date_gmt":"2009-06-14T07:13:16","guid":{"rendered":"http:\/\/www.bellunopress.it\/?p=4837"},"modified":"2009-06-14T08:13:16","modified_gmt":"2009-06-14T07:13:16","slug":"corso-per-la-sicurezza-delle-organizzazioni-di-volontariato-al-csv-dal-26-giugno","status":"publish","type":"post","link":"https:\/\/www.bellunopress.it\/fr\/2009\/06\/14\/corso-per-la-sicurezza-delle-organizzazioni-di-volontariato-al-csv-dal-26-giugno\/","title":{"rendered":"Corso per la sicurezza delle organizzazioni di volontariato al Csv dal 26 giugno"},"content":{"rendered":"<p>Il Centro di servizio per il volontariato di Belluno si attiva per rispondere alle normative in materia di sicurezza nei luoghi di lavoro, (D.Lsg. 81\/2008). E per dare una mano concreta alle organizzazioni di volontariato sulla loro conoscenza ed applicazione, ha organizzato dal 26 giugno al 4 luglio un corso di formazione per Responsabile del servizio di prevenzione e protezione delle Organizzazioni di volontariato. Le lezioni verteranno sul quadro normativo, la sicurezza aziendale, gli organi di vigilanza, i tipi di rischio, i piani di emergenza, il primo soccorso. Il Csv di Belluno si avvarr\u00e0 dei consulenti del proprio \u201cSportello Sicurezza\u201d e della collaborazione degli Spisal delle due Ulss provinciali. Docenti saranno Stefano Antonetti, tecnico della prevenzione negli ambienti e nei luoghi di lavoro, Carmelo Dinoto, Giuseppe Fascina e i collaboratori del suo studio, i tecnici della prevenzione Spisal delle Ulss provinciali. Il corso \u00e8 rivolto\u00a0 ai rappresentanti legali e ai \u201cdatori di lavoro\u201d delle organizzazioni di volontariato che hanno volontari attivi, quindi assimilabili a lavoratori, dipendenti o collaboratori a vario titolo retribuiti. La normativa \u00e8 estesa anche ai collaboratori liberi professionisti, collaboratori a progetto, prestatori d\u2019opera occasionali, borsisti, stagisti, operatori in servizio civile debbono adeguarsi alle normative sul lavoro,\u00a0 e\u00a0 alle organizzazioni di volontariato che hanno una sede propria. Le lezioni saranno tenute in 16 ore, suddivise in moduli di 4 ore ciascuno, presso la Casa del Volontariato in via del Piave, 5 a Belluno. Per questa prima edizione saranno ammesse al massimo 45 persone, ma \u00e8 intenzione organizzare altre sessioni in futuro.\u00a0\u00a0<br \/>\nIl primo modulo inizier\u00e0 venerd\u00ec 26 giugno, dalle 15 alle 19, seguito dagli altri tre moduli, sabato 27 dalle 9 alle 13,\u00a0 venerd\u00ec 3 luglio dalle 15 alle 19 e sabato 4 dalle 9 alle 13. Per maggiori dettagli \u00e8 possibile contattare la segreteria del Csv di Belluno, via del Piave 5 a Belluno, telefono 0437 950374, e-mail <a href=\"mailto:info@cvbelluno.it\">info@cvbelluno.it<\/a>.<\/p>","protected":false},"excerpt":{"rendered":"<p>Il Centro di servizio per il volontariato di Belluno si attiva per rispondere alle normative in materia di sicurezza nei luoghi di lavoro, (D.Lsg. 81\/2008). E per dare una mano concreta alle organizzazioni di volontariato sulla loro conoscenza ed applicazione, ha organizzato dal 26 giugno al 4 luglio un corso di formazione per Responsabile del [&hellip;]<\/p>\n","protected":false},"author":2,"featured_media":0,"comment_status":"closed","ping_status":"open","sticky":false,"template":"","format":"standard","meta":{"footnotes":""},"categories":[1],"tags":[139],"class_list":["post-4837","post","type-post","status-publish","format-standard","category-leo","tag-belluno"],"yoast_head":"<!-- This site is optimized with the Yoast SEO plugin v28.4 - https:\/\/yoast.com\/product\/yoast-seo-wordpress\/ -->\n<title>Corso per la sicurezza delle organizzazioni di volontariato al Csv dal 26 giugno - Bellunopress - Dolomiti<\/title>\n<meta name=\"robots\" content=\"index, follow, max-snippet:-1, max-image-preview:large, max-video-preview:-1\" \/>\n<link rel=\"canonical\" href=\"https:\/\/www.bellunopress.it\/fr\/2009\/06\/14\/corso-per-la-sicurezza-delle-organizzazioni-di-volontariato-al-csv-dal-26-giugno\/\" \/>\n<meta property=\"og:locale\" content=\"fr_FR\" \/>\n<meta property=\"og:type\" content=\"article\" \/>\n<meta property=\"og:title\" content=\"Corso per la sicurezza delle organizzazioni di volontariato al Csv dal 26 giugno - Bellunopress - Dolomiti\" \/>\n<meta property=\"og:description\" content=\"Il Centro di servizio per il volontariato di Belluno si attiva per rispondere alle normative in materia di sicurezza nei luoghi di lavoro, (D.Lsg. 81\/2008). E per dare una mano concreta alle organizzazioni di volontariato sulla loro conoscenza ed applicazione, ha organizzato dal 26 giugno al 4 luglio un corso di formazione per Responsabile del [&hellip;]\" \/>\n<meta property=\"og:url\" content=\"https:\/\/www.bellunopress.it\/fr\/2009\/06\/14\/corso-per-la-sicurezza-delle-organizzazioni-di-volontariato-al-csv-dal-26-giugno\/\" \/>\n<meta property=\"og:site_name\" content=\"Bellunopress - Dolomiti\" \/>\n<meta property=\"article:publisher\" content=\"https:\/\/www.facebook.com\/profile.php?id=100008943462799\" \/>\n<meta property=\"article:published_time\" content=\"2009-06-14T07:13:16+00:00\" \/>\n<meta property=\"og:image\" content=\"http:\/\/www.bellunopress.it\/wp-content\/uploads\/2012\/07\/logo-bellunopress-250x250-2012.jpg\" \/>\n<meta name=\"author\" content=\"redazione\" \/>\n<meta name=\"twitter:card\" content=\"summary_large_image\" \/>\n<meta name=\"twitter:creator\" content=\"@bellunopress\" \/>\n<meta name=\"twitter:site\" content=\"@bellunopress\" \/>\n<meta name=\"twitter:label1\" content=\"\u00c9crit par\" \/>\n\t<meta name=\"twitter:data1\" content=\"redazione\" \/>\n\t<meta name=\"twitter:label2\" content=\"Dur\u00e9e de lecture estim\u00e9e\" \/>\n\t<meta name=\"twitter:data2\" content=\"1 minute\" \/>\n<script type=\"application\/ld+json\" class=\"yoast-schema-graph\">{\"@context\":\"https:\\\/\\\/schema.org\",\"@graph\":[{\"@type\":\"Article\",\"@id\":\"https:\\\/\\\/www.bellunopress.it\\\/2009\\\/06\\\/14\\\/corso-per-la-sicurezza-delle-organizzazioni-di-volontariato-al-csv-dal-26-giugno\\\/#article\",\"isPartOf\":{\"@id\":\"https:\\\/\\\/www.bellunopress.it\\\/2009\\\/06\\\/14\\\/corso-per-la-sicurezza-delle-organizzazioni-di-volontariato-al-csv-dal-26-giugno\\\/\"},\"author\":{\"name\":\"redazione\",\"@id\":\"https:\\\/\\\/www.bellunopress.it\\\/#\\\/schema\\\/person\\\/79bb06722b37ece1c03d3e94beb30d73\"},\"headline\":\"Corso per la sicurezza delle organizzazioni di volontariato al Csv dal 26 giugno\",\"datePublished\":\"2009-06-14T07:13:16+00:00\",\"mainEntityOfPage\":{\"@id\":\"https:\\\/\\\/www.bellunopress.it\\\/2009\\\/06\\\/14\\\/corso-per-la-sicurezza-delle-organizzazioni-di-volontariato-al-csv-dal-26-giugno\\\/\"},\"wordCount\":302,\"publisher\":{\"@id\":\"https:\\\/\\\/www.bellunopress.it\\\/#organization\"},\"keywords\":[\"Belluno\"],\"articleSection\":[\"Lettere Opinioni\"],\"inLanguage\":\"fr-FR\"},{\"@type\":\"WebPage\",\"@id\":\"https:\\\/\\\/www.bellunopress.it\\\/2009\\\/06\\\/14\\\/corso-per-la-sicurezza-delle-organizzazioni-di-volontariato-al-csv-dal-26-giugno\\\/\",\"url\":\"https:\\\/\\\/www.bellunopress.it\\\/2009\\\/06\\\/14\\\/corso-per-la-sicurezza-delle-organizzazioni-di-volontariato-al-csv-dal-26-giugno\\\/\",\"name\":\"Corso per la sicurezza delle organizzazioni di volontariato al Csv dal 26 giugno - Bellunopress - Dolomiti\",\"isPartOf\":{\"@id\":\"https:\\\/\\\/www.bellunopress.it\\\/#website\"},\"datePublished\":\"2009-06-14T07:13:16+00:00\",\"breadcrumb\":{\"@id\":\"https:\\\/\\\/www.bellunopress.it\\\/2009\\\/06\\\/14\\\/corso-per-la-sicurezza-delle-organizzazioni-di-volontariato-al-csv-dal-26-giugno\\\/#breadcrumb\"},\"inLanguage\":\"fr-FR\",\"potentialAction\":[{\"@type\":\"ReadAction\",\"target\":[\"https:\\\/\\\/www.bellunopress.it\\\/2009\\\/06\\\/14\\\/corso-per-la-sicurezza-delle-organizzazioni-di-volontariato-al-csv-dal-26-giugno\\\/\"]}]},{\"@type\":\"BreadcrumbList\",\"@id\":\"https:\\\/\\\/www.bellunopress.it\\\/2009\\\/06\\\/14\\\/corso-per-la-sicurezza-delle-organizzazioni-di-volontariato-al-csv-dal-26-giugno\\\/#breadcrumb\",\"itemListElement\":[{\"@type\":\"ListItem\",\"position\":1,\"name\":\"Home\",\"item\":\"https:\\\/\\\/www.bellunopress.it\\\/\"},{\"@type\":\"ListItem\",\"position\":2,\"name\":\"Corso per la sicurezza delle organizzazioni di volontariato al Csv dal 26 giugno\"}]},{\"@type\":\"WebSite\",\"@id\":\"https:\\\/\\\/www.bellunopress.it\\\/#website\",\"url\":\"https:\\\/\\\/www.bellunopress.it\\\/\",\"name\":\"Bellunopress - Dolomiti\",\"description\":\"e-mail: redazione@bellunopress.it\",\"publisher\":{\"@id\":\"https:\\\/\\\/www.bellunopress.it\\\/#organization\"},\"potentialAction\":[{\"@type\":\"SearchAction\",\"target\":{\"@type\":\"EntryPoint\",\"urlTemplate\":\"https:\\\/\\\/www.bellunopress.it\\\/?s={search_term_string}\"},\"query-input\":{\"@type\":\"PropertyValueSpecification\",\"valueRequired\":true,\"valueName\":\"search_term_string\"}}],\"inLanguage\":\"fr-FR\"},{\"@type\":\"Organization\",\"@id\":\"https:\\\/\\\/www.bellunopress.it\\\/#organization\",\"name\":\"Bellunopress\",\"url\":\"https:\\\/\\\/www.bellunopress.it\\\/\",\"logo\":{\"@type\":\"ImageObject\",\"inLanguage\":\"fr-FR\",\"@id\":\"https:\\\/\\\/www.bellunopress.it\\\/#\\\/schema\\\/logo\\\/image\\\/\",\"url\":\"https:\\\/\\\/www.bellunopress.it\\\/wp-content\\\/uploads\\\/2011\\\/05\\\/cropped-logo-bellunopress-.jpg\",\"contentUrl\":\"https:\\\/\\\/www.bellunopress.it\\\/wp-content\\\/uploads\\\/2011\\\/05\\\/cropped-logo-bellunopress-.jpg\",\"width\":512,\"height\":512,\"caption\":\"Bellunopress\"},\"image\":{\"@id\":\"https:\\\/\\\/www.bellunopress.it\\\/#\\\/schema\\\/logo\\\/image\\\/\"},\"sameAs\":[\"https:\\\/\\\/www.facebook.com\\\/profile.php?id=100008943462799\",\"https:\\\/\\\/x.com\\\/bellunopress\",\"https:\\\/\\\/www.linkedin.com\\\/hp\\\/?dnr=JBzUWaJfMUw8vbXJJ2tVW5-I3jZKvC4wsoxE&amp;amp;amp;amp;amp;amp;trk=nav_responsive_tab_home\",\"https:\\\/\\\/www.youtube.com\\\/channel\\\/UCxL0wu1uN0_3_7hGG0306cw\"]},{\"@type\":\"Person\",\"@id\":\"https:\\\/\\\/www.bellunopress.it\\\/#\\\/schema\\\/person\\\/79bb06722b37ece1c03d3e94beb30d73\",\"name\":\"redazione\",\"image\":{\"@type\":\"ImageObject\",\"inLanguage\":\"fr-FR\",\"@id\":\"https:\\\/\\\/secure.gravatar.com\\\/avatar\\\/37d968a2e67a6fd04c169c4bdef102d0bc5d31b2546345219e348575eb80e9a0?s=96&d=mm&r=g\",\"url\":\"https:\\\/\\\/secure.gravatar.com\\\/avatar\\\/37d968a2e67a6fd04c169c4bdef102d0bc5d31b2546345219e348575eb80e9a0?s=96&d=mm&r=g\",\"contentUrl\":\"https:\\\/\\\/secure.gravatar.com\\\/avatar\\\/37d968a2e67a6fd04c169c4bdef102d0bc5d31b2546345219e348575eb80e9a0?s=96&d=mm&r=g\",\"caption\":\"redazione\"},\"sameAs\":[\"http:\\\/\\\/www.bellunopress.it\",\"https:\\\/\\\/x.com\\\/bellunopress\"],\"url\":\"https:\\\/\\\/www.bellunopress.it\\\/fr\\\/author\\\/redazione\\\/\"}]}<\/script>\n<!-- \/ Yoast SEO plugin. -->","yoast_head_json":{"title":"Corso per la sicurezza delle organizzazioni di volontariato al Csv dal 26 giugno - Bellunopress - Dolomiti","robots":{"index":"index","follow":"follow","max-snippet":"max-snippet:-1","max-image-preview":"max-image-preview:large","max-video-preview":"max-video-preview:-1"},"canonical":"https:\/\/www.bellunopress.it\/fr\/2009\/06\/14\/corso-per-la-sicurezza-delle-organizzazioni-di-volontariato-al-csv-dal-26-giugno\/","og_locale":"fr_FR","og_type":"article","og_title":"Corso per la sicurezza delle organizzazioni di volontariato al Csv dal 26 giugno - Bellunopress - Dolomiti","og_description":"Il Centro di servizio per il volontariato di Belluno si attiva per rispondere alle normative in materia di sicurezza nei luoghi di lavoro, (D.Lsg. 81\/2008). E per dare una mano concreta alle organizzazioni di volontariato sulla loro conoscenza ed applicazione, ha organizzato dal 26 giugno al 4 luglio un corso di formazione per Responsabile del [&hellip;]","og_url":"https:\/\/www.bellunopress.it\/fr\/2009\/06\/14\/corso-per-la-sicurezza-delle-organizzazioni-di-volontariato-al-csv-dal-26-giugno\/","og_site_name":"Bellunopress - Dolomiti","article_publisher":"https:\/\/www.facebook.com\/profile.php?id=100008943462799","article_published_time":"2009-06-14T07:13:16+00:00","og_image":[{"url":"http:\/\/www.bellunopress.it\/wp-content\/uploads\/2012\/07\/logo-bellunopress-250x250-2012.jpg","type":"","width":"","height":""}],"author":"redazione","twitter_card":"summary_large_image","twitter_creator":"@bellunopress","twitter_site":"@bellunopress","twitter_misc":{"\u00c9crit par":"redazione","Dur\u00e9e de lecture estim\u00e9e":"1 minute"},"schema":{"@context":"https:\/\/schema.org","@graph":[{"@type":"Article","@id":"https:\/\/www.bellunopress.it\/2009\/06\/14\/corso-per-la-sicurezza-delle-organizzazioni-di-volontariato-al-csv-dal-26-giugno\/#article","isPartOf":{"@id":"https:\/\/www.bellunopress.it\/2009\/06\/14\/corso-per-la-sicurezza-delle-organizzazioni-di-volontariato-al-csv-dal-26-giugno\/"},"author":{"name":"redazione","@id":"https:\/\/www.bellunopress.it\/#\/schema\/person\/79bb06722b37ece1c03d3e94beb30d73"},"headline":"Corso per la sicurezza delle organizzazioni di volontariato al Csv dal 26 giugno","datePublished":"2009-06-14T07:13:16+00:00","mainEntityOfPage":{"@id":"https:\/\/www.bellunopress.it\/2009\/06\/14\/corso-per-la-sicurezza-delle-organizzazioni-di-volontariato-al-csv-dal-26-giugno\/"},"wordCount":302,"publisher":{"@id":"https:\/\/www.bellunopress.it\/#organization"},"keywords":["Belluno"],"articleSection":["Lettere Opinioni"],"inLanguage":"fr-FR"},{"@type":"WebPage","@id":"https:\/\/www.bellunopress.it\/2009\/06\/14\/corso-per-la-sicurezza-delle-organizzazioni-di-volontariato-al-csv-dal-26-giugno\/","url":"https:\/\/www.bellunopress.it\/2009\/06\/14\/corso-per-la-sicurezza-delle-organizzazioni-di-volontariato-al-csv-dal-26-giugno\/","name":"Corso per la sicurezza delle organizzazioni di volontariato al Csv dal 26 giugno - Bellunopress - Dolomiti","isPartOf":{"@id":"https:\/\/www.bellunopress.it\/#website"},"datePublished":"2009-06-14T07:13:16+00:00","breadcrumb":{"@id":"https:\/\/www.bellunopress.it\/2009\/06\/14\/corso-per-la-sicurezza-delle-organizzazioni-di-volontariato-al-csv-dal-26-giugno\/#breadcrumb"},"inLanguage":"fr-FR","potentialAction":[{"@type":"ReadAction","target":["https:\/\/www.bellunopress.it\/2009\/06\/14\/corso-per-la-sicurezza-delle-organizzazioni-di-volontariato-al-csv-dal-26-giugno\/"]}]},{"@type":"BreadcrumbList","@id":"https:\/\/www.bellunopress.it\/2009\/06\/14\/corso-per-la-sicurezza-delle-organizzazioni-di-volontariato-al-csv-dal-26-giugno\/#breadcrumb","itemListElement":[{"@type":"ListItem","position":1,"name":"Home","item":"https:\/\/www.bellunopress.it\/"},{"@type":"ListItem","position":2,"name":"Corso per la sicurezza delle organizzazioni di volontariato al Csv dal 26 giugno"}]},{"@type":"WebSite","@id":"https:\/\/www.bellunopress.it\/#website","url":"https:\/\/www.bellunopress.it\/","name":"Bellunopress - Dolomiti","description":"e-mail: redazione@bellunopress.it","publisher":{"@id":"https:\/\/www.bellunopress.it\/#organization"},"potentialAction":[{"@type":"SearchAction","target":{"@type":"EntryPoint","urlTemplate":"https:\/\/www.bellunopress.it\/?s={search_term_string}"},"query-input":{"@type":"PropertyValueSpecification","valueRequired":true,"valueName":"search_term_string"}}],"inLanguage":"fr-FR"},{"@type":"Organization","@id":"https:\/\/www.bellunopress.it\/#organization","name":"Bellunopress","url":"https:\/\/www.bellunopress.it\/","logo":{"@type":"ImageObject","inLanguage":"fr-FR","@id":"https:\/\/www.bellunopress.it\/#\/schema\/logo\/image\/","url":"https:\/\/www.bellunopress.it\/wp-content\/uploads\/2011\/05\/cropped-logo-bellunopress-.jpg","contentUrl":"https:\/\/www.bellunopress.it\/wp-content\/uploads\/2011\/05\/cropped-logo-bellunopress-.jpg","width":512,"height":512,"caption":"Bellunopress"},"image":{"@id":"https:\/\/www.bellunopress.it\/#\/schema\/logo\/image\/"},"sameAs":["https:\/\/www.facebook.com\/profile.php?id=100008943462799","https:\/\/x.com\/bellunopress","https:\/\/www.linkedin.com\/hp\/?dnr=JBzUWaJfMUw8vbXJJ2tVW5-I3jZKvC4wsoxE&amp;amp;amp;amp;amp;amp;trk=nav_responsive_tab_home","https:\/\/www.youtube.com\/channel\/UCxL0wu1uN0_3_7hGG0306cw"]},{"@type":"Person","@id":"https:\/\/www.bellunopress.it\/#\/schema\/person\/79bb06722b37ece1c03d3e94beb30d73","name":"r\u00e9daction","image":{"@type":"ImageObject","inLanguage":"fr-FR","@id":"https:\/\/secure.gravatar.com\/avatar\/37d968a2e67a6fd04c169c4bdef102d0bc5d31b2546345219e348575eb80e9a0?s=96&d=mm&r=g","url":"https:\/\/secure.gravatar.com\/avatar\/37d968a2e67a6fd04c169c4bdef102d0bc5d31b2546345219e348575eb80e9a0?s=96&d=mm&r=g","contentUrl":"https:\/\/secure.gravatar.com\/avatar\/37d968a2e67a6fd04c169c4bdef102d0bc5d31b2546345219e348575eb80e9a0?s=96&d=mm&r=g","caption":"redazione"},"sameAs":["http:\/\/www.bellunopress.it","https:\/\/x.com\/bellunopress"],"url":"https:\/\/www.bellunopress.it\/fr\/author\/redazione\/"}]}},"_links":{"self":[{"href":"https:\/\/www.bellunopress.it\/fr\/wp-json\/wp\/v2\/posts\/4837","targetHints":{"allow":["GET"]}}],"collection":[{"href":"https:\/\/www.bellunopress.it\/fr\/wp-json\/wp\/v2\/posts"}],"about":[{"href":"https:\/\/www.bellunopress.it\/fr\/wp-json\/wp\/v2\/types\/post"}],"author":[{"embeddable":true,"href":"https:\/\/www.bellunopress.it\/fr\/wp-json\/wp\/v2\/users\/2"}],"replies":[{"embeddable":true,"href":"https:\/\/www.bellunopress.it\/fr\/wp-json\/wp\/v2\/comments?post=4837"}],"version-history":[{"count":1,"href":"https:\/\/www.bellunopress.it\/fr\/wp-json\/wp\/v2\/posts\/4837\/revisions"}],"predecessor-version":[{"id":4838,"href":"https:\/\/www.bellunopress.it\/fr\/wp-json\/wp\/v2\/posts\/4837\/revisions\/4838"}],"wp:attachment":[{"href":"https:\/\/www.bellunopress.it\/fr\/wp-json\/wp\/v2\/media?parent=4837"}],"wp:term":[{"taxonomy":"category","embeddable":true,"href":"https:\/\/www.bellunopress.it\/fr\/wp-json\/wp\/v2\/categories?post=4837"},{"taxonomy":"post_tag","embeddable":true,"href":"https:\/\/www.bellunopress.it\/fr\/wp-json\/wp\/v2\/tags?post=4837"}],"curies":[{"name":"wp","href":"https:\/\/api.w.org\/{rel}","templated":true}]}}