{"id":48367,"date":"2013-04-09T21:41:10","date_gmt":"2013-04-09T20:41:10","guid":{"rendered":"http:\/\/www.bellunopress.it\/?p=48367"},"modified":"2013-04-09T21:41:10","modified_gmt":"2013-04-09T20:41:10","slug":"la-societa-alemagna-verso-lo-scioglimento-zanoni-con-il-funerale-della-venezia-monaco-e-stato-evitato-uno-scempio-ambientale-delle-nostre-alpi","status":"publish","type":"post","link":"https:\/\/www.bellunopress.it\/fr\/2013\/04\/09\/la-societa-alemagna-verso-lo-scioglimento-zanoni-con-il-funerale-della-venezia-monaco-e-stato-evitato-uno-scempio-ambientale-delle-nostre-alpi\/","title":{"rendered":"La societ\u00e0 Alemagna verso lo scioglimento. Zanoni: \u00abCon il funerale della Venezia &#8211; Monaco \u00e8 stato evitato uno scempio ambientale delle nostre Alpi\u00bb"},"content":{"rendered":"<figure id=\"attachment_34303\" aria-describedby=\"caption-attachment-34303\" style=\"width: 220px\" class=\"wp-caption alignleft\"><a href=\"http:\/\/www.bellunopress.it\/wp-content\/uploads\/2012\/01\/andrea-zanoni.jpg\"><img loading=\"lazy\" decoding=\"async\" class=\"size-full wp-image-34303\" alt=\"Andrea Zanoni eurodeputato Idv\" src=\"http:\/\/www.bellunopress.it\/wp-content\/uploads\/2012\/01\/andrea-zanoni.jpg\" width=\"220\" height=\"220\" srcset=\"https:\/\/www.bellunopress.it\/wp-content\/uploads\/2012\/01\/andrea-zanoni.jpg 220w, https:\/\/www.bellunopress.it\/wp-content\/uploads\/2012\/01\/andrea-zanoni-150x150.jpg 150w\" sizes=\"auto, (max-width: 220px) 100vw, 220px\" \/><\/a><figcaption id=\"caption-attachment-34303\" class=\"wp-caption-text\">Andrea Zanoni eurodeputato Idv<\/figcaption><\/figure>\n<p align=\"center\">Uno dei cavalli di battaglia della Lega Nord, rispolverato alla vigilia di ogni elezione, sta per essere definitivamente archiviato: il prolungamento dell\u2019Autostrada A27 da Pian di Vedoia (BL) verso Monaco di Baviera non si far\u00e0.<\/p>\n<p align=\"center\">L\u2019eurodeputato Andrea Zanoni ha affermato: \u00abPer 46 anni, dalla nascita della Societ\u00e0 Alemagna, tanti cittadini sono stati presi per i fondelli con un progetto irrealizzabile. Oggi hanno vinto il buon senso, chi rispetta l\u2019ambiente e la salute preoccupandosi delle future generazioni\u00bb<\/p>\n<p>\u00a0Dopo 46 anni si scioglie la societ\u00e0 Alemagna. Dal 1967, la societ\u00e0 \u00e8 stata mantenuta in vita per alimentare un progetto mai realizzato: il prolungamento dell\u2019Autostrada A27 che avrebbe dovuto collegare Venezia con Monaco di Baviera. Al carrozzone partecipano soggetti pubblici e privati: nell\u2019assemblea ci sono, tra gli altri, la Provincia di Treviso, che con il leghista Leonardo Muraro presiede la Societ\u00e0, la Regione Veneto, tante piccole Amministrazioni locali e le Camere di Commercio di Veneto, Friuli, Trentino.<\/p>\n<p>Oggi, marted\u00ec 9 aprile 2013, il Consiglio Comunale di Treviso \u00e8 chiamato a pronunciarsi sull\u2019ordine del giorno \u201cSociet\u00e0 per l\u2019Autostrada di Alemagna \u2013 Societ\u00e0 per azioni: proposta di scioglimento della Societ\u00e0 e dismissione della partecipazione. Indirizzi\u201d, dopo il via libera arrivato dalla Giunta Comunale.<\/p>\n<p>L\u2019altro giorno, la Camera di Commercio di Bolzano aveva inviato una lettera agli enti interessati dal progetto chiedendo un\u2019assunzione di responsabilit\u00e0, ovvero la decisione di archiviare definitivamente l\u2019idea dell\u2019infrastruttura e di sciogliere la Societ\u00e0 che, per oltre quattro decenni, \u00e8 rimasta nell\u2019immobilit\u00e0 assoluta con un capitale sociale di 312 mila euro in cassa.<\/p>\n<p>Nel 2003, l\u2019attuale Presidente della Regione Veneto, Luca Zaia, allora alla guida della Provincia di Treviso, aveva avviato una sottoscrizione per sostenere la Venezia &#8211; Monaco ed aveva raccolto 30 mila firme.<\/p>\n<p>L\u2019eurodeputato Andrea Zanoni, membro della Commissione ENVI Ambiente, Salute Pubblica e Sicurezza Alimentare al Parlamento europeo ha affermato: \u00ab<i>Il prolungamento dell\u2019autostrada, dalla frazione di Pian di Vedoia nel Comune di Ponte nelle Alpi (BL) a Monaco di Baviera, avrebbe comportato 213 chilometri di nuovo asfalto, ma fortunatamente per l\u2019ambiente e la salute dei cittadini ha prevalso il buon senso. Gli Amministratori finalmente hanno messo giudizio anche se ci sono voluti quasi cinquant\u2019anni. Se questa faraonica opera viaria avesse visto la luce, sarebbe stata uno scempio del territorio e ambientale. Ora possiamo affermare che il pericolo \u00e8 scampato. La Societ\u00e0 Alemagna \u00e8 rimasta sotto gli occhi di tutti per mezzo secolo con gli slogan politici che la sponsorizzavano: una gran presa per i fondelli per tanti creduloni che ad esempio hanno firmato la petizione dell\u2019allora Presidente della Provincia di Treviso, Luca Zaia<\/i>\u00bb.<\/p>\n<p>A maggio scorso, il Parlamento europeo ha approvato la <a href=\"http:\/\/www.andreazanoni.it\/it\/news\/comunicati-stampa\/sostenibilita-utilizzo-piu-efficace-delle-risorse-e-stop-all-incenerimento-dei-rifiuti.html\">relazione Gerbrandy<\/a>, con la quale ha dato chiare indicazioni alla Commissione europea per arrivare gradualmente entro il 2050 allo stop definitivo dell\u2019edificazione e dell\u2019asfaltatura di territorio agricolo e naturale.<\/p>\n<p>\u00ab<i>Con lo scioglimento della societ\u00e0 Alemagna hanno vinto i cittadini rispettosi dell\u2019ambiente e del territorio, della salute e delle future generazioni e le indicazioni dell\u2019Europa, che vuole mettere un freno alla cementificazione<\/i> &#8211; ha concluso Zanoni\u00bb.<\/p>\n<p>&nbsp;<\/p>","protected":false},"excerpt":{"rendered":"<p>Uno dei cavalli di battaglia della Lega Nord, rispolverato alla vigilia di ogni elezione, sta per essere definitivamente archiviato: il prolungamento dell\u2019Autostrada A27 da Pian di Vedoia (BL) verso Monaco di Baviera non si far\u00e0. L\u2019eurodeputato Andrea Zanoni ha affermato: \u00abPer 46 anni, dalla nascita della Societ\u00e0 Alemagna, tanti cittadini sono stati presi per i [&hellip;]<\/p>\n","protected":false},"author":2,"featured_media":0,"comment_status":"closed","ping_status":"open","sticky":false,"template":"","format":"standard","meta":{"footnotes":""},"categories":[5,26],"tags":[],"class_list":["post-48367","post","type-post","status-publish","format-standard","category-cronaca","category-prima-pagina"],"yoast_head":"<!-- This site is optimized with the Yoast SEO plugin v28.4 - https:\/\/yoast.com\/product\/yoast-seo-wordpress\/ -->\n<title>La societ\u00e0 Alemagna verso lo scioglimento. Zanoni: \u00abCon il funerale della Venezia - Monaco \u00e8 stato evitato uno scempio ambientale delle nostre Alpi\u00bb - Bellunopress - Dolomiti<\/title>\n<meta name=\"robots\" content=\"index, follow, max-snippet:-1, max-image-preview:large, max-video-preview:-1\" \/>\n<link rel=\"canonical\" href=\"https:\/\/www.bellunopress.it\/fr\/2013\/04\/09\/la-societa-alemagna-verso-lo-scioglimento-zanoni-con-il-funerale-della-venezia-monaco-e-stato-evitato-uno-scempio-ambientale-delle-nostre-alpi\/\" \/>\n<meta property=\"og:locale\" content=\"fr_FR\" \/>\n<meta property=\"og:type\" content=\"article\" \/>\n<meta property=\"og:title\" content=\"La societ\u00e0 Alemagna verso lo scioglimento. Zanoni: \u00abCon il funerale della Venezia - Monaco \u00e8 stato evitato uno scempio ambientale delle nostre Alpi\u00bb - Bellunopress - Dolomiti\" \/>\n<meta property=\"og:description\" content=\"Uno dei cavalli di battaglia della Lega Nord, rispolverato alla vigilia di ogni elezione, sta per essere definitivamente archiviato: il prolungamento dell\u2019Autostrada A27 da Pian di Vedoia (BL) verso Monaco di Baviera non si far\u00e0. L\u2019eurodeputato Andrea Zanoni ha affermato: \u00abPer 46 anni, dalla nascita della Societ\u00e0 Alemagna, tanti cittadini sono stati presi per i [&hellip;]\" \/>\n<meta property=\"og:url\" content=\"https:\/\/www.bellunopress.it\/fr\/2013\/04\/09\/la-societa-alemagna-verso-lo-scioglimento-zanoni-con-il-funerale-della-venezia-monaco-e-stato-evitato-uno-scempio-ambientale-delle-nostre-alpi\/\" \/>\n<meta property=\"og:site_name\" content=\"Bellunopress - Dolomiti\" \/>\n<meta property=\"article:publisher\" content=\"https:\/\/www.facebook.com\/profile.php?id=100008943462799\" \/>\n<meta property=\"article:published_time\" content=\"2013-04-09T20:41:10+00:00\" \/>\n<meta property=\"og:image\" content=\"http:\/\/www.bellunopress.it\/wp-content\/uploads\/2012\/01\/andrea-zanoni.jpg\" \/>\n<meta name=\"author\" content=\"redazione\" \/>\n<meta name=\"twitter:card\" content=\"summary_large_image\" \/>\n<meta name=\"twitter:creator\" content=\"@bellunopress\" \/>\n<meta name=\"twitter:site\" content=\"@bellunopress\" \/>\n<meta name=\"twitter:label1\" content=\"\u00c9crit par\" \/>\n\t<meta name=\"twitter:data1\" content=\"redazione\" \/>\n\t<meta name=\"twitter:label2\" content=\"Dur\u00e9e de lecture estim\u00e9e\" \/>\n\t<meta name=\"twitter:data2\" content=\"3 minutes\" \/>\n<script type=\"application\/ld+json\" class=\"yoast-schema-graph\">{\"@context\":\"https:\\\/\\\/schema.org\",\"@graph\":[{\"@type\":\"Article\",\"@id\":\"https:\\\/\\\/www.bellunopress.it\\\/2013\\\/04\\\/09\\\/la-societa-alemagna-verso-lo-scioglimento-zanoni-con-il-funerale-della-venezia-monaco-e-stato-evitato-uno-scempio-ambientale-delle-nostre-alpi\\\/#article\",\"isPartOf\":{\"@id\":\"https:\\\/\\\/www.bellunopress.it\\\/2013\\\/04\\\/09\\\/la-societa-alemagna-verso-lo-scioglimento-zanoni-con-il-funerale-della-venezia-monaco-e-stato-evitato-uno-scempio-ambientale-delle-nostre-alpi\\\/\"},\"author\":{\"name\":\"redazione\",\"@id\":\"https:\\\/\\\/www.bellunopress.it\\\/#\\\/schema\\\/person\\\/79bb06722b37ece1c03d3e94beb30d73\"},\"headline\":\"La societ\u00e0 Alemagna verso lo scioglimento. Zanoni: \u00abCon il funerale della Venezia &#8211; Monaco \u00e8 stato evitato uno scempio ambientale delle nostre Alpi\u00bb\",\"datePublished\":\"2013-04-09T20:41:10+00:00\",\"mainEntityOfPage\":{\"@id\":\"https:\\\/\\\/www.bellunopress.it\\\/2013\\\/04\\\/09\\\/la-societa-alemagna-verso-lo-scioglimento-zanoni-con-il-funerale-della-venezia-monaco-e-stato-evitato-uno-scempio-ambientale-delle-nostre-alpi\\\/\"},\"wordCount\":538,\"publisher\":{\"@id\":\"https:\\\/\\\/www.bellunopress.it\\\/#organization\"},\"image\":{\"@id\":\"https:\\\/\\\/www.bellunopress.it\\\/2013\\\/04\\\/09\\\/la-societa-alemagna-verso-lo-scioglimento-zanoni-con-il-funerale-della-venezia-monaco-e-stato-evitato-uno-scempio-ambientale-delle-nostre-alpi\\\/#primaryimage\"},\"thumbnailUrl\":\"http:\\\/\\\/www.bellunopress.it\\\/wp-content\\\/uploads\\\/2012\\\/01\\\/andrea-zanoni.jpg\",\"articleSection\":[\"Cronaca\\\/Politica\",\"Prima Pagina\"],\"inLanguage\":\"fr-FR\"},{\"@type\":\"WebPage\",\"@id\":\"https:\\\/\\\/www.bellunopress.it\\\/2013\\\/04\\\/09\\\/la-societa-alemagna-verso-lo-scioglimento-zanoni-con-il-funerale-della-venezia-monaco-e-stato-evitato-uno-scempio-ambientale-delle-nostre-alpi\\\/\",\"url\":\"https:\\\/\\\/www.bellunopress.it\\\/2013\\\/04\\\/09\\\/la-societa-alemagna-verso-lo-scioglimento-zanoni-con-il-funerale-della-venezia-monaco-e-stato-evitato-uno-scempio-ambientale-delle-nostre-alpi\\\/\",\"name\":\"La societ\u00e0 Alemagna verso lo scioglimento. Zanoni: \u00abCon il funerale della Venezia - Monaco \u00e8 stato evitato uno scempio ambientale delle nostre Alpi\u00bb - Bellunopress - Dolomiti\",\"isPartOf\":{\"@id\":\"https:\\\/\\\/www.bellunopress.it\\\/#website\"},\"primaryImageOfPage\":{\"@id\":\"https:\\\/\\\/www.bellunopress.it\\\/2013\\\/04\\\/09\\\/la-societa-alemagna-verso-lo-scioglimento-zanoni-con-il-funerale-della-venezia-monaco-e-stato-evitato-uno-scempio-ambientale-delle-nostre-alpi\\\/#primaryimage\"},\"image\":{\"@id\":\"https:\\\/\\\/www.bellunopress.it\\\/2013\\\/04\\\/09\\\/la-societa-alemagna-verso-lo-scioglimento-zanoni-con-il-funerale-della-venezia-monaco-e-stato-evitato-uno-scempio-ambientale-delle-nostre-alpi\\\/#primaryimage\"},\"thumbnailUrl\":\"http:\\\/\\\/www.bellunopress.it\\\/wp-content\\\/uploads\\\/2012\\\/01\\\/andrea-zanoni.jpg\",\"datePublished\":\"2013-04-09T20:41:10+00:00\",\"breadcrumb\":{\"@id\":\"https:\\\/\\\/www.bellunopress.it\\\/2013\\\/04\\\/09\\\/la-societa-alemagna-verso-lo-scioglimento-zanoni-con-il-funerale-della-venezia-monaco-e-stato-evitato-uno-scempio-ambientale-delle-nostre-alpi\\\/#breadcrumb\"},\"inLanguage\":\"fr-FR\",\"potentialAction\":[{\"@type\":\"ReadAction\",\"target\":[\"https:\\\/\\\/www.bellunopress.it\\\/2013\\\/04\\\/09\\\/la-societa-alemagna-verso-lo-scioglimento-zanoni-con-il-funerale-della-venezia-monaco-e-stato-evitato-uno-scempio-ambientale-delle-nostre-alpi\\\/\"]}]},{\"@type\":\"ImageObject\",\"inLanguage\":\"fr-FR\",\"@id\":\"https:\\\/\\\/www.bellunopress.it\\\/2013\\\/04\\\/09\\\/la-societa-alemagna-verso-lo-scioglimento-zanoni-con-il-funerale-della-venezia-monaco-e-stato-evitato-uno-scempio-ambientale-delle-nostre-alpi\\\/#primaryimage\",\"url\":\"http:\\\/\\\/www.bellunopress.it\\\/wp-content\\\/uploads\\\/2012\\\/01\\\/andrea-zanoni.jpg\",\"contentUrl\":\"http:\\\/\\\/www.bellunopress.it\\\/wp-content\\\/uploads\\\/2012\\\/01\\\/andrea-zanoni.jpg\"},{\"@type\":\"BreadcrumbList\",\"@id\":\"https:\\\/\\\/www.bellunopress.it\\\/2013\\\/04\\\/09\\\/la-societa-alemagna-verso-lo-scioglimento-zanoni-con-il-funerale-della-venezia-monaco-e-stato-evitato-uno-scempio-ambientale-delle-nostre-alpi\\\/#breadcrumb\",\"itemListElement\":[{\"@type\":\"ListItem\",\"position\":1,\"name\":\"Home\",\"item\":\"https:\\\/\\\/www.bellunopress.it\\\/\"},{\"@type\":\"ListItem\",\"position\":2,\"name\":\"La societ\u00e0 Alemagna verso lo scioglimento. Zanoni: \u00abCon il funerale della Venezia &#8211; Monaco \u00e8 stato evitato uno scempio ambientale delle nostre Alpi\u00bb\"}]},{\"@type\":\"WebSite\",\"@id\":\"https:\\\/\\\/www.bellunopress.it\\\/#website\",\"url\":\"https:\\\/\\\/www.bellunopress.it\\\/\",\"name\":\"Bellunopress - Dolomiti\",\"description\":\"e-mail: redazione@bellunopress.it\",\"publisher\":{\"@id\":\"https:\\\/\\\/www.bellunopress.it\\\/#organization\"},\"potentialAction\":[{\"@type\":\"SearchAction\",\"target\":{\"@type\":\"EntryPoint\",\"urlTemplate\":\"https:\\\/\\\/www.bellunopress.it\\\/?s={search_term_string}\"},\"query-input\":{\"@type\":\"PropertyValueSpecification\",\"valueRequired\":true,\"valueName\":\"search_term_string\"}}],\"inLanguage\":\"fr-FR\"},{\"@type\":\"Organization\",\"@id\":\"https:\\\/\\\/www.bellunopress.it\\\/#organization\",\"name\":\"Bellunopress\",\"url\":\"https:\\\/\\\/www.bellunopress.it\\\/\",\"logo\":{\"@type\":\"ImageObject\",\"inLanguage\":\"fr-FR\",\"@id\":\"https:\\\/\\\/www.bellunopress.it\\\/#\\\/schema\\\/logo\\\/image\\\/\",\"url\":\"https:\\\/\\\/www.bellunopress.it\\\/wp-content\\\/uploads\\\/2011\\\/05\\\/cropped-logo-bellunopress-.jpg\",\"contentUrl\":\"https:\\\/\\\/www.bellunopress.it\\\/wp-content\\\/uploads\\\/2011\\\/05\\\/cropped-logo-bellunopress-.jpg\",\"width\":512,\"height\":512,\"caption\":\"Bellunopress\"},\"image\":{\"@id\":\"https:\\\/\\\/www.bellunopress.it\\\/#\\\/schema\\\/logo\\\/image\\\/\"},\"sameAs\":[\"https:\\\/\\\/www.facebook.com\\\/profile.php?id=100008943462799\",\"https:\\\/\\\/x.com\\\/bellunopress\",\"https:\\\/\\\/www.linkedin.com\\\/hp\\\/?dnr=JBzUWaJfMUw8vbXJJ2tVW5-I3jZKvC4wsoxE&amp;amp;amp;amp;amp;amp;trk=nav_responsive_tab_home\",\"https:\\\/\\\/www.youtube.com\\\/channel\\\/UCxL0wu1uN0_3_7hGG0306cw\"]},{\"@type\":\"Person\",\"@id\":\"https:\\\/\\\/www.bellunopress.it\\\/#\\\/schema\\\/person\\\/79bb06722b37ece1c03d3e94beb30d73\",\"name\":\"redazione\",\"image\":{\"@type\":\"ImageObject\",\"inLanguage\":\"fr-FR\",\"@id\":\"https:\\\/\\\/secure.gravatar.com\\\/avatar\\\/37d968a2e67a6fd04c169c4bdef102d0bc5d31b2546345219e348575eb80e9a0?s=96&d=mm&r=g\",\"url\":\"https:\\\/\\\/secure.gravatar.com\\\/avatar\\\/37d968a2e67a6fd04c169c4bdef102d0bc5d31b2546345219e348575eb80e9a0?s=96&d=mm&r=g\",\"contentUrl\":\"https:\\\/\\\/secure.gravatar.com\\\/avatar\\\/37d968a2e67a6fd04c169c4bdef102d0bc5d31b2546345219e348575eb80e9a0?s=96&d=mm&r=g\",\"caption\":\"redazione\"},\"sameAs\":[\"http:\\\/\\\/www.bellunopress.it\",\"https:\\\/\\\/x.com\\\/bellunopress\"],\"url\":\"https:\\\/\\\/www.bellunopress.it\\\/fr\\\/author\\\/redazione\\\/\"}]}<\/script>\n<!-- \/ Yoast SEO plugin. -->","yoast_head_json":{"title":"La societ\u00e0 Alemagna verso lo scioglimento. Zanoni: \u00abCon il funerale della Venezia - Monaco \u00e8 stato evitato uno scempio ambientale delle nostre Alpi\u00bb - Bellunopress - Dolomiti","robots":{"index":"index","follow":"follow","max-snippet":"max-snippet:-1","max-image-preview":"max-image-preview:large","max-video-preview":"max-video-preview:-1"},"canonical":"https:\/\/www.bellunopress.it\/fr\/2013\/04\/09\/la-societa-alemagna-verso-lo-scioglimento-zanoni-con-il-funerale-della-venezia-monaco-e-stato-evitato-uno-scempio-ambientale-delle-nostre-alpi\/","og_locale":"fr_FR","og_type":"article","og_title":"La societ\u00e0 Alemagna verso lo scioglimento. Zanoni: \u00abCon il funerale della Venezia - Monaco \u00e8 stato evitato uno scempio ambientale delle nostre Alpi\u00bb - Bellunopress - Dolomiti","og_description":"Uno dei cavalli di battaglia della Lega Nord, rispolverato alla vigilia di ogni elezione, sta per essere definitivamente archiviato: il prolungamento dell\u2019Autostrada A27 da Pian di Vedoia (BL) verso Monaco di Baviera non si far\u00e0. L\u2019eurodeputato Andrea Zanoni ha affermato: \u00abPer 46 anni, dalla nascita della Societ\u00e0 Alemagna, tanti cittadini sono stati presi per i [&hellip;]","og_url":"https:\/\/www.bellunopress.it\/fr\/2013\/04\/09\/la-societa-alemagna-verso-lo-scioglimento-zanoni-con-il-funerale-della-venezia-monaco-e-stato-evitato-uno-scempio-ambientale-delle-nostre-alpi\/","og_site_name":"Bellunopress - Dolomiti","article_publisher":"https:\/\/www.facebook.com\/profile.php?id=100008943462799","article_published_time":"2013-04-09T20:41:10+00:00","og_image":[{"url":"http:\/\/www.bellunopress.it\/wp-content\/uploads\/2012\/01\/andrea-zanoni.jpg","type":"","width":"","height":""}],"author":"redazione","twitter_card":"summary_large_image","twitter_creator":"@bellunopress","twitter_site":"@bellunopress","twitter_misc":{"\u00c9crit par":"redazione","Dur\u00e9e de lecture estim\u00e9e":"3 minutes"},"schema":{"@context":"https:\/\/schema.org","@graph":[{"@type":"Article","@id":"https:\/\/www.bellunopress.it\/2013\/04\/09\/la-societa-alemagna-verso-lo-scioglimento-zanoni-con-il-funerale-della-venezia-monaco-e-stato-evitato-uno-scempio-ambientale-delle-nostre-alpi\/#article","isPartOf":{"@id":"https:\/\/www.bellunopress.it\/2013\/04\/09\/la-societa-alemagna-verso-lo-scioglimento-zanoni-con-il-funerale-della-venezia-monaco-e-stato-evitato-uno-scempio-ambientale-delle-nostre-alpi\/"},"author":{"name":"redazione","@id":"https:\/\/www.bellunopress.it\/#\/schema\/person\/79bb06722b37ece1c03d3e94beb30d73"},"headline":"La societ\u00e0 Alemagna verso lo scioglimento. Zanoni: \u00abCon il funerale della Venezia &#8211; Monaco \u00e8 stato evitato uno scempio ambientale delle nostre Alpi\u00bb","datePublished":"2013-04-09T20:41:10+00:00","mainEntityOfPage":{"@id":"https:\/\/www.bellunopress.it\/2013\/04\/09\/la-societa-alemagna-verso-lo-scioglimento-zanoni-con-il-funerale-della-venezia-monaco-e-stato-evitato-uno-scempio-ambientale-delle-nostre-alpi\/"},"wordCount":538,"publisher":{"@id":"https:\/\/www.bellunopress.it\/#organization"},"image":{"@id":"https:\/\/www.bellunopress.it\/2013\/04\/09\/la-societa-alemagna-verso-lo-scioglimento-zanoni-con-il-funerale-della-venezia-monaco-e-stato-evitato-uno-scempio-ambientale-delle-nostre-alpi\/#primaryimage"},"thumbnailUrl":"http:\/\/www.bellunopress.it\/wp-content\/uploads\/2012\/01\/andrea-zanoni.jpg","articleSection":["Cronaca\/Politica","Prima Pagina"],"inLanguage":"fr-FR"},{"@type":"WebPage","@id":"https:\/\/www.bellunopress.it\/2013\/04\/09\/la-societa-alemagna-verso-lo-scioglimento-zanoni-con-il-funerale-della-venezia-monaco-e-stato-evitato-uno-scempio-ambientale-delle-nostre-alpi\/","url":"https:\/\/www.bellunopress.it\/2013\/04\/09\/la-societa-alemagna-verso-lo-scioglimento-zanoni-con-il-funerale-della-venezia-monaco-e-stato-evitato-uno-scempio-ambientale-delle-nostre-alpi\/","name":"La societ\u00e0 Alemagna verso lo scioglimento. Zanoni: \u00abCon il funerale della Venezia - Monaco \u00e8 stato evitato uno scempio ambientale delle nostre Alpi\u00bb - Bellunopress - Dolomiti","isPartOf":{"@id":"https:\/\/www.bellunopress.it\/#website"},"primaryImageOfPage":{"@id":"https:\/\/www.bellunopress.it\/2013\/04\/09\/la-societa-alemagna-verso-lo-scioglimento-zanoni-con-il-funerale-della-venezia-monaco-e-stato-evitato-uno-scempio-ambientale-delle-nostre-alpi\/#primaryimage"},"image":{"@id":"https:\/\/www.bellunopress.it\/2013\/04\/09\/la-societa-alemagna-verso-lo-scioglimento-zanoni-con-il-funerale-della-venezia-monaco-e-stato-evitato-uno-scempio-ambientale-delle-nostre-alpi\/#primaryimage"},"thumbnailUrl":"http:\/\/www.bellunopress.it\/wp-content\/uploads\/2012\/01\/andrea-zanoni.jpg","datePublished":"2013-04-09T20:41:10+00:00","breadcrumb":{"@id":"https:\/\/www.bellunopress.it\/2013\/04\/09\/la-societa-alemagna-verso-lo-scioglimento-zanoni-con-il-funerale-della-venezia-monaco-e-stato-evitato-uno-scempio-ambientale-delle-nostre-alpi\/#breadcrumb"},"inLanguage":"fr-FR","potentialAction":[{"@type":"ReadAction","target":["https:\/\/www.bellunopress.it\/2013\/04\/09\/la-societa-alemagna-verso-lo-scioglimento-zanoni-con-il-funerale-della-venezia-monaco-e-stato-evitato-uno-scempio-ambientale-delle-nostre-alpi\/"]}]},{"@type":"ImageObject","inLanguage":"fr-FR","@id":"https:\/\/www.bellunopress.it\/2013\/04\/09\/la-societa-alemagna-verso-lo-scioglimento-zanoni-con-il-funerale-della-venezia-monaco-e-stato-evitato-uno-scempio-ambientale-delle-nostre-alpi\/#primaryimage","url":"http:\/\/www.bellunopress.it\/wp-content\/uploads\/2012\/01\/andrea-zanoni.jpg","contentUrl":"http:\/\/www.bellunopress.it\/wp-content\/uploads\/2012\/01\/andrea-zanoni.jpg"},{"@type":"BreadcrumbList","@id":"https:\/\/www.bellunopress.it\/2013\/04\/09\/la-societa-alemagna-verso-lo-scioglimento-zanoni-con-il-funerale-della-venezia-monaco-e-stato-evitato-uno-scempio-ambientale-delle-nostre-alpi\/#breadcrumb","itemListElement":[{"@type":"ListItem","position":1,"name":"Home","item":"https:\/\/www.bellunopress.it\/"},{"@type":"ListItem","position":2,"name":"La societ\u00e0 Alemagna verso lo scioglimento. Zanoni: \u00abCon il funerale della Venezia &#8211; Monaco \u00e8 stato evitato uno scempio ambientale delle nostre Alpi\u00bb"}]},{"@type":"WebSite","@id":"https:\/\/www.bellunopress.it\/#website","url":"https:\/\/www.bellunopress.it\/","name":"Bellunopress - Dolomiti","description":"e-mail: redazione@bellunopress.it","publisher":{"@id":"https:\/\/www.bellunopress.it\/#organization"},"potentialAction":[{"@type":"SearchAction","target":{"@type":"EntryPoint","urlTemplate":"https:\/\/www.bellunopress.it\/?s={search_term_string}"},"query-input":{"@type":"PropertyValueSpecification","valueRequired":true,"valueName":"search_term_string"}}],"inLanguage":"fr-FR"},{"@type":"Organization","@id":"https:\/\/www.bellunopress.it\/#organization","name":"Bellunopress","url":"https:\/\/www.bellunopress.it\/","logo":{"@type":"ImageObject","inLanguage":"fr-FR","@id":"https:\/\/www.bellunopress.it\/#\/schema\/logo\/image\/","url":"https:\/\/www.bellunopress.it\/wp-content\/uploads\/2011\/05\/cropped-logo-bellunopress-.jpg","contentUrl":"https:\/\/www.bellunopress.it\/wp-content\/uploads\/2011\/05\/cropped-logo-bellunopress-.jpg","width":512,"height":512,"caption":"Bellunopress"},"image":{"@id":"https:\/\/www.bellunopress.it\/#\/schema\/logo\/image\/"},"sameAs":["https:\/\/www.facebook.com\/profile.php?id=100008943462799","https:\/\/x.com\/bellunopress","https:\/\/www.linkedin.com\/hp\/?dnr=JBzUWaJfMUw8vbXJJ2tVW5-I3jZKvC4wsoxE&amp;amp;amp;amp;amp;amp;trk=nav_responsive_tab_home","https:\/\/www.youtube.com\/channel\/UCxL0wu1uN0_3_7hGG0306cw"]},{"@type":"Person","@id":"https:\/\/www.bellunopress.it\/#\/schema\/person\/79bb06722b37ece1c03d3e94beb30d73","name":"r\u00e9daction","image":{"@type":"ImageObject","inLanguage":"fr-FR","@id":"https:\/\/secure.gravatar.com\/avatar\/37d968a2e67a6fd04c169c4bdef102d0bc5d31b2546345219e348575eb80e9a0?s=96&d=mm&r=g","url":"https:\/\/secure.gravatar.com\/avatar\/37d968a2e67a6fd04c169c4bdef102d0bc5d31b2546345219e348575eb80e9a0?s=96&d=mm&r=g","contentUrl":"https:\/\/secure.gravatar.com\/avatar\/37d968a2e67a6fd04c169c4bdef102d0bc5d31b2546345219e348575eb80e9a0?s=96&d=mm&r=g","caption":"redazione"},"sameAs":["http:\/\/www.bellunopress.it","https:\/\/x.com\/bellunopress"],"url":"https:\/\/www.bellunopress.it\/fr\/author\/redazione\/"}]}},"_links":{"self":[{"href":"https:\/\/www.bellunopress.it\/fr\/wp-json\/wp\/v2\/posts\/48367","targetHints":{"allow":["GET"]}}],"collection":[{"href":"https:\/\/www.bellunopress.it\/fr\/wp-json\/wp\/v2\/posts"}],"about":[{"href":"https:\/\/www.bellunopress.it\/fr\/wp-json\/wp\/v2\/types\/post"}],"author":[{"embeddable":true,"href":"https:\/\/www.bellunopress.it\/fr\/wp-json\/wp\/v2\/users\/2"}],"replies":[{"embeddable":true,"href":"https:\/\/www.bellunopress.it\/fr\/wp-json\/wp\/v2\/comments?post=48367"}],"version-history":[{"count":1,"href":"https:\/\/www.bellunopress.it\/fr\/wp-json\/wp\/v2\/posts\/48367\/revisions"}],"predecessor-version":[{"id":48368,"href":"https:\/\/www.bellunopress.it\/fr\/wp-json\/wp\/v2\/posts\/48367\/revisions\/48368"}],"wp:attachment":[{"href":"https:\/\/www.bellunopress.it\/fr\/wp-json\/wp\/v2\/media?parent=48367"}],"wp:term":[{"taxonomy":"category","embeddable":true,"href":"https:\/\/www.bellunopress.it\/fr\/wp-json\/wp\/v2\/categories?post=48367"},{"taxonomy":"post_tag","embeddable":true,"href":"https:\/\/www.bellunopress.it\/fr\/wp-json\/wp\/v2\/tags?post=48367"}],"curies":[{"name":"wp","href":"https:\/\/api.w.org\/{rel}","templated":true}]}}