{"id":4835,"date":"2009-06-14T08:10:41","date_gmt":"2009-06-14T07:10:41","guid":{"rendered":"http:\/\/www.bellunopress.it\/?p=4835"},"modified":"2009-06-14T08:10:41","modified_gmt":"2009-06-14T07:10:41","slug":"sono-partiti-gli-incontri-sul-territorio-per-organizzare-il-progetto-di-volontariato-estivo","status":"publish","type":"post","link":"https:\/\/www.bellunopress.it\/fr\/2009\/06\/14\/sono-partiti-gli-incontri-sul-territorio-per-organizzare-il-progetto-di-volontariato-estivo\/","title":{"rendered":"Sono partiti gli incontri sul territorio per organizzare il progetto di volontariato estivo."},"content":{"rendered":"<p>Sono gi\u00e0 una quarantina i ragazzi che hanno aderito al progetto di volontariato estivo \u201cCsv\u2026 volontario anche tu?\u201d promosso dal Centro di servizio per il volontariato di Belluno. E altrettante sono le associazioni che, ad oggi, hanno dato la loro disponibilit\u00e0 ad accogliere i giovani, dai 14 ai 18 anni, durante i prossimi mesi. \u201cI ragazzi arrivano da pi\u00f9 parti della provincia di Belluno \u2013 spiega Lucia De Cosimo, referente del progetto \u2013 soprattutto Belluno, Feltre, Sinistra e Destra Piave. L\u2019obiettivo \u00e8 di raggiungere il centinaio di giovani da assegnare poi alle associazioni di volontariato che si faranno carico di accoglierli\u201d. Proprio per coinvolgere un maggior numero di organizzazioni di volontariato sono stati organizzati dal Csv alcuni incontri negli sportelli del Csv. I primi due sono gi\u00e0 stati tenuti a Feltre e in Cadore, altri due sono gi\u00e0 programmati per domani, gioved\u00ec 11 giugno alle 18 a Cencenighe e venerd\u00ec 12 alle 18,30 a Belluno. I primi volontari dovrebbero gi\u00e0 iniziare la loro esperienza di volontariato dalla prossima settimana, cominciando da quelli che hanno gi\u00e0 dato la propria disponibilit\u00e0 e superato un colloquio informativo. \u201cIl lavoro pi\u00f9 delicato \u2013 spiega sempre Lucia De Cosimo \u2013 \u00e8 far combaciare le aspettative, le caratteristiche e le predisposizione dei ragazzi alle esigenze delle associazioni di volontariato, in modo tale che l\u2019esperienza sia proficua per entrambi\u201d. I ragazzi, tra l\u2019altro, avranno anche un tutor cui fare riferimento e saranno seguiti dai referenti del progetto. Dai riscontri ottenuti lo scorso anno i ragazzi sono rimasti pi\u00f9 che entusiasti dell\u2019esperienza vissuta nel periodo estivo, tanto che alcuni di essi hanno chiesto di poterla ripetere quest\u2019estate.<\/p>","protected":false},"excerpt":{"rendered":"<p>Sono gi\u00e0 una quarantina i ragazzi che hanno aderito al progetto di volontariato estivo \u201cCsv\u2026 volontario anche tu?\u201d promosso dal Centro di servizio per il volontariato di Belluno. E altrettante sono le associazioni che, ad oggi, hanno dato la loro disponibilit\u00e0 ad accogliere i giovani, dai 14 ai 18 anni, durante i prossimi mesi. \u201cI [&hellip;]<\/p>\n","protected":false},"author":2,"featured_media":0,"comment_status":"closed","ping_status":"open","sticky":false,"template":"","format":"standard","meta":{"footnotes":""},"categories":[25],"tags":[139,151,302],"class_list":["post-4835","post","type-post","status-publish","format-standard","category-pausa-caffe","tag-belluno","tag-cadore","tag-feltre"],"yoast_head":"<!-- This site is optimized with the Yoast SEO plugin v28.4 - https:\/\/yoast.com\/product\/yoast-seo-wordpress\/ -->\n<title>Sono partiti gli incontri sul territorio per organizzare il progetto di volontariato estivo.  - Bellunopress - Dolomiti<\/title>\n<meta name=\"robots\" content=\"index, follow, max-snippet:-1, max-image-preview:large, max-video-preview:-1\" \/>\n<link rel=\"canonical\" href=\"https:\/\/www.bellunopress.it\/fr\/2009\/06\/14\/sono-partiti-gli-incontri-sul-territorio-per-organizzare-il-progetto-di-volontariato-estivo\/\" \/>\n<meta property=\"og:locale\" content=\"fr_FR\" \/>\n<meta property=\"og:type\" content=\"article\" \/>\n<meta property=\"og:title\" content=\"Sono partiti gli incontri sul territorio per organizzare il progetto di volontariato estivo.  - Bellunopress - Dolomiti\" \/>\n<meta property=\"og:description\" content=\"Sono gi\u00e0 una quarantina i ragazzi che hanno aderito al progetto di volontariato estivo \u201cCsv\u2026 volontario anche tu?\u201d promosso dal Centro di servizio per il volontariato di Belluno. E altrettante sono le associazioni che, ad oggi, hanno dato la loro disponibilit\u00e0 ad accogliere i giovani, dai 14 ai 18 anni, durante i prossimi mesi. \u201cI [&hellip;]\" \/>\n<meta property=\"og:url\" content=\"https:\/\/www.bellunopress.it\/fr\/2009\/06\/14\/sono-partiti-gli-incontri-sul-territorio-per-organizzare-il-progetto-di-volontariato-estivo\/\" \/>\n<meta property=\"og:site_name\" content=\"Bellunopress - Dolomiti\" \/>\n<meta property=\"article:publisher\" content=\"https:\/\/www.facebook.com\/profile.php?id=100008943462799\" \/>\n<meta property=\"article:published_time\" content=\"2009-06-14T07:10:41+00:00\" \/>\n<meta property=\"og:image\" content=\"http:\/\/www.bellunopress.it\/wp-content\/uploads\/2012\/07\/logo-bellunopress-250x250-2012.jpg\" \/>\n<meta name=\"author\" content=\"redazione\" \/>\n<meta name=\"twitter:card\" content=\"summary_large_image\" \/>\n<meta name=\"twitter:creator\" content=\"@bellunopress\" \/>\n<meta name=\"twitter:site\" content=\"@bellunopress\" \/>\n<meta name=\"twitter:label1\" content=\"\u00c9crit par\" \/>\n\t<meta name=\"twitter:data1\" content=\"redazione\" \/>\n\t<meta name=\"twitter:label2\" content=\"Dur\u00e9e de lecture estim\u00e9e\" \/>\n\t<meta name=\"twitter:data2\" content=\"1 minute\" \/>\n<script type=\"application\/ld+json\" class=\"yoast-schema-graph\">{\"@context\":\"https:\\\/\\\/schema.org\",\"@graph\":[{\"@type\":\"Article\",\"@id\":\"https:\\\/\\\/www.bellunopress.it\\\/2009\\\/06\\\/14\\\/sono-partiti-gli-incontri-sul-territorio-per-organizzare-il-progetto-di-volontariato-estivo\\\/#article\",\"isPartOf\":{\"@id\":\"https:\\\/\\\/www.bellunopress.it\\\/2009\\\/06\\\/14\\\/sono-partiti-gli-incontri-sul-territorio-per-organizzare-il-progetto-di-volontariato-estivo\\\/\"},\"author\":{\"name\":\"redazione\",\"@id\":\"https:\\\/\\\/www.bellunopress.it\\\/#\\\/schema\\\/person\\\/79bb06722b37ece1c03d3e94beb30d73\"},\"headline\":\"Sono partiti gli incontri sul territorio per organizzare il progetto di volontariato estivo.\",\"datePublished\":\"2009-06-14T07:10:41+00:00\",\"mainEntityOfPage\":{\"@id\":\"https:\\\/\\\/www.bellunopress.it\\\/2009\\\/06\\\/14\\\/sono-partiti-gli-incontri-sul-territorio-per-organizzare-il-progetto-di-volontariato-estivo\\\/\"},\"wordCount\":275,\"publisher\":{\"@id\":\"https:\\\/\\\/www.bellunopress.it\\\/#organization\"},\"keywords\":[\"Belluno\",\"Cadore\",\"Feltre\"],\"articleSection\":[\"Pausa Caff\u00e8\"],\"inLanguage\":\"fr-FR\"},{\"@type\":\"WebPage\",\"@id\":\"https:\\\/\\\/www.bellunopress.it\\\/2009\\\/06\\\/14\\\/sono-partiti-gli-incontri-sul-territorio-per-organizzare-il-progetto-di-volontariato-estivo\\\/\",\"url\":\"https:\\\/\\\/www.bellunopress.it\\\/2009\\\/06\\\/14\\\/sono-partiti-gli-incontri-sul-territorio-per-organizzare-il-progetto-di-volontariato-estivo\\\/\",\"name\":\"Sono partiti gli incontri sul territorio per organizzare il progetto di volontariato estivo. - Bellunopress - Dolomiti\",\"isPartOf\":{\"@id\":\"https:\\\/\\\/www.bellunopress.it\\\/#website\"},\"datePublished\":\"2009-06-14T07:10:41+00:00\",\"breadcrumb\":{\"@id\":\"https:\\\/\\\/www.bellunopress.it\\\/2009\\\/06\\\/14\\\/sono-partiti-gli-incontri-sul-territorio-per-organizzare-il-progetto-di-volontariato-estivo\\\/#breadcrumb\"},\"inLanguage\":\"fr-FR\",\"potentialAction\":[{\"@type\":\"ReadAction\",\"target\":[\"https:\\\/\\\/www.bellunopress.it\\\/2009\\\/06\\\/14\\\/sono-partiti-gli-incontri-sul-territorio-per-organizzare-il-progetto-di-volontariato-estivo\\\/\"]}]},{\"@type\":\"BreadcrumbList\",\"@id\":\"https:\\\/\\\/www.bellunopress.it\\\/2009\\\/06\\\/14\\\/sono-partiti-gli-incontri-sul-territorio-per-organizzare-il-progetto-di-volontariato-estivo\\\/#breadcrumb\",\"itemListElement\":[{\"@type\":\"ListItem\",\"position\":1,\"name\":\"Home\",\"item\":\"https:\\\/\\\/www.bellunopress.it\\\/\"},{\"@type\":\"ListItem\",\"position\":2,\"name\":\"Sono partiti gli incontri sul territorio per organizzare il progetto di volontariato estivo.\"}]},{\"@type\":\"WebSite\",\"@id\":\"https:\\\/\\\/www.bellunopress.it\\\/#website\",\"url\":\"https:\\\/\\\/www.bellunopress.it\\\/\",\"name\":\"Bellunopress - Dolomiti\",\"description\":\"e-mail: redazione@bellunopress.it\",\"publisher\":{\"@id\":\"https:\\\/\\\/www.bellunopress.it\\\/#organization\"},\"potentialAction\":[{\"@type\":\"SearchAction\",\"target\":{\"@type\":\"EntryPoint\",\"urlTemplate\":\"https:\\\/\\\/www.bellunopress.it\\\/?s={search_term_string}\"},\"query-input\":{\"@type\":\"PropertyValueSpecification\",\"valueRequired\":true,\"valueName\":\"search_term_string\"}}],\"inLanguage\":\"fr-FR\"},{\"@type\":\"Organization\",\"@id\":\"https:\\\/\\\/www.bellunopress.it\\\/#organization\",\"name\":\"Bellunopress\",\"url\":\"https:\\\/\\\/www.bellunopress.it\\\/\",\"logo\":{\"@type\":\"ImageObject\",\"inLanguage\":\"fr-FR\",\"@id\":\"https:\\\/\\\/www.bellunopress.it\\\/#\\\/schema\\\/logo\\\/image\\\/\",\"url\":\"https:\\\/\\\/www.bellunopress.it\\\/wp-content\\\/uploads\\\/2011\\\/05\\\/cropped-logo-bellunopress-.jpg\",\"contentUrl\":\"https:\\\/\\\/www.bellunopress.it\\\/wp-content\\\/uploads\\\/2011\\\/05\\\/cropped-logo-bellunopress-.jpg\",\"width\":512,\"height\":512,\"caption\":\"Bellunopress\"},\"image\":{\"@id\":\"https:\\\/\\\/www.bellunopress.it\\\/#\\\/schema\\\/logo\\\/image\\\/\"},\"sameAs\":[\"https:\\\/\\\/www.facebook.com\\\/profile.php?id=100008943462799\",\"https:\\\/\\\/x.com\\\/bellunopress\",\"https:\\\/\\\/www.linkedin.com\\\/hp\\\/?dnr=JBzUWaJfMUw8vbXJJ2tVW5-I3jZKvC4wsoxE&amp;amp;amp;amp;amp;amp;trk=nav_responsive_tab_home\",\"https:\\\/\\\/www.youtube.com\\\/channel\\\/UCxL0wu1uN0_3_7hGG0306cw\"]},{\"@type\":\"Person\",\"@id\":\"https:\\\/\\\/www.bellunopress.it\\\/#\\\/schema\\\/person\\\/79bb06722b37ece1c03d3e94beb30d73\",\"name\":\"redazione\",\"image\":{\"@type\":\"ImageObject\",\"inLanguage\":\"fr-FR\",\"@id\":\"https:\\\/\\\/secure.gravatar.com\\\/avatar\\\/37d968a2e67a6fd04c169c4bdef102d0bc5d31b2546345219e348575eb80e9a0?s=96&d=mm&r=g\",\"url\":\"https:\\\/\\\/secure.gravatar.com\\\/avatar\\\/37d968a2e67a6fd04c169c4bdef102d0bc5d31b2546345219e348575eb80e9a0?s=96&d=mm&r=g\",\"contentUrl\":\"https:\\\/\\\/secure.gravatar.com\\\/avatar\\\/37d968a2e67a6fd04c169c4bdef102d0bc5d31b2546345219e348575eb80e9a0?s=96&d=mm&r=g\",\"caption\":\"redazione\"},\"sameAs\":[\"http:\\\/\\\/www.bellunopress.it\",\"https:\\\/\\\/x.com\\\/bellunopress\"],\"url\":\"https:\\\/\\\/www.bellunopress.it\\\/fr\\\/author\\\/redazione\\\/\"}]}<\/script>\n<!-- \/ Yoast SEO plugin. -->","yoast_head_json":{"title":"Sono partiti gli incontri sul territorio per organizzare il progetto di volontariato estivo.  - Bellunopress - Dolomiti","robots":{"index":"index","follow":"follow","max-snippet":"max-snippet:-1","max-image-preview":"max-image-preview:large","max-video-preview":"max-video-preview:-1"},"canonical":"https:\/\/www.bellunopress.it\/fr\/2009\/06\/14\/sono-partiti-gli-incontri-sul-territorio-per-organizzare-il-progetto-di-volontariato-estivo\/","og_locale":"fr_FR","og_type":"article","og_title":"Sono partiti gli incontri sul territorio per organizzare il progetto di volontariato estivo.  - Bellunopress - Dolomiti","og_description":"Sono gi\u00e0 una quarantina i ragazzi che hanno aderito al progetto di volontariato estivo \u201cCsv\u2026 volontario anche tu?\u201d promosso dal Centro di servizio per il volontariato di Belluno. E altrettante sono le associazioni che, ad oggi, hanno dato la loro disponibilit\u00e0 ad accogliere i giovani, dai 14 ai 18 anni, durante i prossimi mesi. \u201cI [&hellip;]","og_url":"https:\/\/www.bellunopress.it\/fr\/2009\/06\/14\/sono-partiti-gli-incontri-sul-territorio-per-organizzare-il-progetto-di-volontariato-estivo\/","og_site_name":"Bellunopress - Dolomiti","article_publisher":"https:\/\/www.facebook.com\/profile.php?id=100008943462799","article_published_time":"2009-06-14T07:10:41+00:00","og_image":[{"url":"http:\/\/www.bellunopress.it\/wp-content\/uploads\/2012\/07\/logo-bellunopress-250x250-2012.jpg","type":"","width":"","height":""}],"author":"redazione","twitter_card":"summary_large_image","twitter_creator":"@bellunopress","twitter_site":"@bellunopress","twitter_misc":{"\u00c9crit par":"redazione","Dur\u00e9e de lecture estim\u00e9e":"1 minute"},"schema":{"@context":"https:\/\/schema.org","@graph":[{"@type":"Article","@id":"https:\/\/www.bellunopress.it\/2009\/06\/14\/sono-partiti-gli-incontri-sul-territorio-per-organizzare-il-progetto-di-volontariato-estivo\/#article","isPartOf":{"@id":"https:\/\/www.bellunopress.it\/2009\/06\/14\/sono-partiti-gli-incontri-sul-territorio-per-organizzare-il-progetto-di-volontariato-estivo\/"},"author":{"name":"redazione","@id":"https:\/\/www.bellunopress.it\/#\/schema\/person\/79bb06722b37ece1c03d3e94beb30d73"},"headline":"Sono partiti gli incontri sul territorio per organizzare il progetto di volontariato estivo.","datePublished":"2009-06-14T07:10:41+00:00","mainEntityOfPage":{"@id":"https:\/\/www.bellunopress.it\/2009\/06\/14\/sono-partiti-gli-incontri-sul-territorio-per-organizzare-il-progetto-di-volontariato-estivo\/"},"wordCount":275,"publisher":{"@id":"https:\/\/www.bellunopress.it\/#organization"},"keywords":["Belluno","Cadore","Feltre"],"articleSection":["Pausa Caff\u00e8"],"inLanguage":"fr-FR"},{"@type":"WebPage","@id":"https:\/\/www.bellunopress.it\/2009\/06\/14\/sono-partiti-gli-incontri-sul-territorio-per-organizzare-il-progetto-di-volontariato-estivo\/","url":"https:\/\/www.bellunopress.it\/2009\/06\/14\/sono-partiti-gli-incontri-sul-territorio-per-organizzare-il-progetto-di-volontariato-estivo\/","name":"Sono partiti gli incontri sul territorio per organizzare il progetto di volontariato estivo. - Bellunopress - Dolomiti","isPartOf":{"@id":"https:\/\/www.bellunopress.it\/#website"},"datePublished":"2009-06-14T07:10:41+00:00","breadcrumb":{"@id":"https:\/\/www.bellunopress.it\/2009\/06\/14\/sono-partiti-gli-incontri-sul-territorio-per-organizzare-il-progetto-di-volontariato-estivo\/#breadcrumb"},"inLanguage":"fr-FR","potentialAction":[{"@type":"ReadAction","target":["https:\/\/www.bellunopress.it\/2009\/06\/14\/sono-partiti-gli-incontri-sul-territorio-per-organizzare-il-progetto-di-volontariato-estivo\/"]}]},{"@type":"BreadcrumbList","@id":"https:\/\/www.bellunopress.it\/2009\/06\/14\/sono-partiti-gli-incontri-sul-territorio-per-organizzare-il-progetto-di-volontariato-estivo\/#breadcrumb","itemListElement":[{"@type":"ListItem","position":1,"name":"Home","item":"https:\/\/www.bellunopress.it\/"},{"@type":"ListItem","position":2,"name":"Sono partiti gli incontri sul territorio per organizzare il progetto di volontariato estivo."}]},{"@type":"WebSite","@id":"https:\/\/www.bellunopress.it\/#website","url":"https:\/\/www.bellunopress.it\/","name":"Bellunopress - Dolomiti","description":"e-mail: redazione@bellunopress.it","publisher":{"@id":"https:\/\/www.bellunopress.it\/#organization"},"potentialAction":[{"@type":"SearchAction","target":{"@type":"EntryPoint","urlTemplate":"https:\/\/www.bellunopress.it\/?s={search_term_string}"},"query-input":{"@type":"PropertyValueSpecification","valueRequired":true,"valueName":"search_term_string"}}],"inLanguage":"fr-FR"},{"@type":"Organization","@id":"https:\/\/www.bellunopress.it\/#organization","name":"Bellunopress","url":"https:\/\/www.bellunopress.it\/","logo":{"@type":"ImageObject","inLanguage":"fr-FR","@id":"https:\/\/www.bellunopress.it\/#\/schema\/logo\/image\/","url":"https:\/\/www.bellunopress.it\/wp-content\/uploads\/2011\/05\/cropped-logo-bellunopress-.jpg","contentUrl":"https:\/\/www.bellunopress.it\/wp-content\/uploads\/2011\/05\/cropped-logo-bellunopress-.jpg","width":512,"height":512,"caption":"Bellunopress"},"image":{"@id":"https:\/\/www.bellunopress.it\/#\/schema\/logo\/image\/"},"sameAs":["https:\/\/www.facebook.com\/profile.php?id=100008943462799","https:\/\/x.com\/bellunopress","https:\/\/www.linkedin.com\/hp\/?dnr=JBzUWaJfMUw8vbXJJ2tVW5-I3jZKvC4wsoxE&amp;amp;amp;amp;amp;amp;trk=nav_responsive_tab_home","https:\/\/www.youtube.com\/channel\/UCxL0wu1uN0_3_7hGG0306cw"]},{"@type":"Person","@id":"https:\/\/www.bellunopress.it\/#\/schema\/person\/79bb06722b37ece1c03d3e94beb30d73","name":"r\u00e9daction","image":{"@type":"ImageObject","inLanguage":"fr-FR","@id":"https:\/\/secure.gravatar.com\/avatar\/37d968a2e67a6fd04c169c4bdef102d0bc5d31b2546345219e348575eb80e9a0?s=96&d=mm&r=g","url":"https:\/\/secure.gravatar.com\/avatar\/37d968a2e67a6fd04c169c4bdef102d0bc5d31b2546345219e348575eb80e9a0?s=96&d=mm&r=g","contentUrl":"https:\/\/secure.gravatar.com\/avatar\/37d968a2e67a6fd04c169c4bdef102d0bc5d31b2546345219e348575eb80e9a0?s=96&d=mm&r=g","caption":"redazione"},"sameAs":["http:\/\/www.bellunopress.it","https:\/\/x.com\/bellunopress"],"url":"https:\/\/www.bellunopress.it\/fr\/author\/redazione\/"}]}},"_links":{"self":[{"href":"https:\/\/www.bellunopress.it\/fr\/wp-json\/wp\/v2\/posts\/4835","targetHints":{"allow":["GET"]}}],"collection":[{"href":"https:\/\/www.bellunopress.it\/fr\/wp-json\/wp\/v2\/posts"}],"about":[{"href":"https:\/\/www.bellunopress.it\/fr\/wp-json\/wp\/v2\/types\/post"}],"author":[{"embeddable":true,"href":"https:\/\/www.bellunopress.it\/fr\/wp-json\/wp\/v2\/users\/2"}],"replies":[{"embeddable":true,"href":"https:\/\/www.bellunopress.it\/fr\/wp-json\/wp\/v2\/comments?post=4835"}],"version-history":[{"count":1,"href":"https:\/\/www.bellunopress.it\/fr\/wp-json\/wp\/v2\/posts\/4835\/revisions"}],"predecessor-version":[{"id":4836,"href":"https:\/\/www.bellunopress.it\/fr\/wp-json\/wp\/v2\/posts\/4835\/revisions\/4836"}],"wp:attachment":[{"href":"https:\/\/www.bellunopress.it\/fr\/wp-json\/wp\/v2\/media?parent=4835"}],"wp:term":[{"taxonomy":"category","embeddable":true,"href":"https:\/\/www.bellunopress.it\/fr\/wp-json\/wp\/v2\/categories?post=4835"},{"taxonomy":"post_tag","embeddable":true,"href":"https:\/\/www.bellunopress.it\/fr\/wp-json\/wp\/v2\/tags?post=4835"}],"curies":[{"name":"wp","href":"https:\/\/api.w.org\/{rel}","templated":true}]}}