{"id":48344,"date":"2013-04-09T13:29:27","date_gmt":"2013-04-09T12:29:27","guid":{"rendered":"http:\/\/www.bellunopress.it\/?p=48344"},"modified":"2013-04-09T14:34:50","modified_gmt":"2013-04-09T13:34:50","slug":"ritrovato-senza-vita-luomo-scomparso-a-feltre","status":"publish","type":"post","link":"https:\/\/www.bellunopress.it\/fr\/2013\/04\/09\/ritrovato-senza-vita-luomo-scomparso-a-feltre\/","title":{"rendered":"Ritrovato senza vita l&#8217;uomo scomparso a Feltre"},"content":{"rendered":"<p><a href=\"http:\/\/www.bellunopress.it\/wp-content\/uploads\/2012\/05\/vigili-del-fuoco-140x140.jpg\"><img loading=\"lazy\" decoding=\"async\" class=\"alignleft size-full wp-image-38434\" alt=\"vigili del fuoco 140x140\" src=\"http:\/\/www.bellunopress.it\/wp-content\/uploads\/2012\/05\/vigili-del-fuoco-140x140.jpg\" width=\"140\" height=\"140\" \/><\/a>F.D.G. 46enne residente a Feltre \u00e8 stato ritrovato senza vita questa mattina alle ore 8.15 da una Squadra dei Vigili del fuoco di Feltre, nei pressi del torrente Colmeda, in Valle di Faont nel Comune di Pedavena.<\/p>\n<p>L&#8217;allarme era stato dato poco dopo la mezzanotte su richiesta dei Carabinieri di Feltre. Dall&#8217;esito delle triangolazioni delle celle telefoniche, le ricerche erano state concentrate nella zona del Basso feltrino, dove il personale dei Vigili del fuoco di Feltre \u00e8 intervenuto con 5 unit\u00e0 di specialisti per soccorso fluviale,\u00a0 2 mezzi, 3 unit\u00e0 di Belluno, di cui 2 fluviali con un mezzo e 6 unit\u00e0 VV.F. Volontari del distaccamento del Basso Feltrino con 2 mezzi.<\/p>\n<p>Alle ore 07:40 \u00e8 stata ritrovata l\u2019auto\u00a0e successivamente anche il corpo senza vita dell&#8217;uomo. Dopo aver avvisato le forze partecipanti alle ricerche, CC. e CFS, la squadra dei Vigili del Fuoco di Feltre ha atteso l\u2019arrivo del medico per la constatazione del decesso ed il nulla osta alla rimozione della salma.<\/p>\n<p>L&#8217;uomo era dipendente della Ideal di Queero. L&#8217;azienda, dopo non aver rinnovato una trentina di contratti interinali, aveva annunciato l\u2019intenzione di mettere in mobilit\u00e0 50 lavoratori, un terzo esatto della manodopera totale.<\/p>","protected":false},"excerpt":{"rendered":"<p>F.D.G. 46enne residente a Feltre \u00e8 stato ritrovato senza vita questa mattina alle ore 8.15 da una Squadra dei Vigili del fuoco di Feltre, nei pressi del torrente Colmeda, in Valle di Faont nel Comune di Pedavena. L&#8217;allarme era stato dato poco dopo la mezzanotte su richiesta dei Carabinieri di Feltre. Dall&#8217;esito delle triangolazioni delle [&hellip;]<\/p>\n","protected":false},"author":2,"featured_media":0,"comment_status":"closed","ping_status":"open","sticky":false,"template":"","format":"standard","meta":{"footnotes":""},"categories":[5,26],"tags":[],"class_list":["post-48344","post","type-post","status-publish","format-standard","category-cronaca","category-prima-pagina"],"yoast_head":"<!-- This site is optimized with the Yoast SEO plugin v28.4 - https:\/\/yoast.com\/product\/yoast-seo-wordpress\/ -->\n<title>Ritrovato senza vita l&#039;uomo scomparso a Feltre - Bellunopress - Dolomiti<\/title>\n<meta name=\"robots\" content=\"index, follow, max-snippet:-1, max-image-preview:large, max-video-preview:-1\" \/>\n<link rel=\"canonical\" href=\"https:\/\/www.bellunopress.it\/fr\/2013\/04\/09\/ritrovato-senza-vita-luomo-scomparso-a-feltre\/\" \/>\n<meta property=\"og:locale\" content=\"fr_FR\" \/>\n<meta property=\"og:type\" content=\"article\" \/>\n<meta property=\"og:title\" content=\"Ritrovato senza vita l&#039;uomo scomparso a Feltre - Bellunopress - Dolomiti\" \/>\n<meta property=\"og:description\" content=\"F.D.G. 46enne residente a Feltre \u00e8 stato ritrovato senza vita questa mattina alle ore 8.15 da una Squadra dei Vigili del fuoco di Feltre, nei pressi del torrente Colmeda, in Valle di Faont nel Comune di Pedavena. L&#8217;allarme era stato dato poco dopo la mezzanotte su richiesta dei Carabinieri di Feltre. Dall&#8217;esito delle triangolazioni delle [&hellip;]\" \/>\n<meta property=\"og:url\" content=\"https:\/\/www.bellunopress.it\/fr\/2013\/04\/09\/ritrovato-senza-vita-luomo-scomparso-a-feltre\/\" \/>\n<meta property=\"og:site_name\" content=\"Bellunopress - Dolomiti\" \/>\n<meta property=\"article:publisher\" content=\"https:\/\/www.facebook.com\/profile.php?id=100008943462799\" \/>\n<meta property=\"article:published_time\" content=\"2013-04-09T12:29:27+00:00\" \/>\n<meta property=\"article:modified_time\" content=\"2013-04-09T13:34:50+00:00\" \/>\n<meta property=\"og:image\" content=\"http:\/\/www.bellunopress.it\/wp-content\/uploads\/2012\/05\/vigili-del-fuoco-140x140.jpg\" \/>\n<meta name=\"author\" content=\"redazione\" \/>\n<meta name=\"twitter:card\" content=\"summary_large_image\" \/>\n<meta name=\"twitter:creator\" content=\"@bellunopress\" \/>\n<meta name=\"twitter:site\" content=\"@bellunopress\" \/>\n<meta name=\"twitter:label1\" content=\"\u00c9crit par\" \/>\n\t<meta name=\"twitter:data1\" content=\"redazione\" \/>\n\t<meta name=\"twitter:label2\" content=\"Dur\u00e9e de lecture estim\u00e9e\" \/>\n\t<meta name=\"twitter:data2\" content=\"1 minute\" \/>\n<script type=\"application\/ld+json\" class=\"yoast-schema-graph\">{\"@context\":\"https:\\\/\\\/schema.org\",\"@graph\":[{\"@type\":\"Article\",\"@id\":\"https:\\\/\\\/www.bellunopress.it\\\/2013\\\/04\\\/09\\\/ritrovato-senza-vita-luomo-scomparso-a-feltre\\\/#article\",\"isPartOf\":{\"@id\":\"https:\\\/\\\/www.bellunopress.it\\\/2013\\\/04\\\/09\\\/ritrovato-senza-vita-luomo-scomparso-a-feltre\\\/\"},\"author\":{\"name\":\"redazione\",\"@id\":\"https:\\\/\\\/www.bellunopress.it\\\/#\\\/schema\\\/person\\\/79bb06722b37ece1c03d3e94beb30d73\"},\"headline\":\"Ritrovato senza vita l&#8217;uomo scomparso a Feltre\",\"datePublished\":\"2013-04-09T12:29:27+00:00\",\"dateModified\":\"2013-04-09T13:34:50+00:00\",\"mainEntityOfPage\":{\"@id\":\"https:\\\/\\\/www.bellunopress.it\\\/2013\\\/04\\\/09\\\/ritrovato-senza-vita-luomo-scomparso-a-feltre\\\/\"},\"wordCount\":203,\"publisher\":{\"@id\":\"https:\\\/\\\/www.bellunopress.it\\\/#organization\"},\"image\":{\"@id\":\"https:\\\/\\\/www.bellunopress.it\\\/2013\\\/04\\\/09\\\/ritrovato-senza-vita-luomo-scomparso-a-feltre\\\/#primaryimage\"},\"thumbnailUrl\":\"http:\\\/\\\/www.bellunopress.it\\\/wp-content\\\/uploads\\\/2012\\\/05\\\/vigili-del-fuoco-140x140.jpg\",\"articleSection\":[\"Cronaca\\\/Politica\",\"Prima Pagina\"],\"inLanguage\":\"fr-FR\"},{\"@type\":\"WebPage\",\"@id\":\"https:\\\/\\\/www.bellunopress.it\\\/2013\\\/04\\\/09\\\/ritrovato-senza-vita-luomo-scomparso-a-feltre\\\/\",\"url\":\"https:\\\/\\\/www.bellunopress.it\\\/2013\\\/04\\\/09\\\/ritrovato-senza-vita-luomo-scomparso-a-feltre\\\/\",\"name\":\"Ritrovato senza vita l'uomo scomparso a Feltre - Bellunopress - Dolomiti\",\"isPartOf\":{\"@id\":\"https:\\\/\\\/www.bellunopress.it\\\/#website\"},\"primaryImageOfPage\":{\"@id\":\"https:\\\/\\\/www.bellunopress.it\\\/2013\\\/04\\\/09\\\/ritrovato-senza-vita-luomo-scomparso-a-feltre\\\/#primaryimage\"},\"image\":{\"@id\":\"https:\\\/\\\/www.bellunopress.it\\\/2013\\\/04\\\/09\\\/ritrovato-senza-vita-luomo-scomparso-a-feltre\\\/#primaryimage\"},\"thumbnailUrl\":\"http:\\\/\\\/www.bellunopress.it\\\/wp-content\\\/uploads\\\/2012\\\/05\\\/vigili-del-fuoco-140x140.jpg\",\"datePublished\":\"2013-04-09T12:29:27+00:00\",\"dateModified\":\"2013-04-09T13:34:50+00:00\",\"breadcrumb\":{\"@id\":\"https:\\\/\\\/www.bellunopress.it\\\/2013\\\/04\\\/09\\\/ritrovato-senza-vita-luomo-scomparso-a-feltre\\\/#breadcrumb\"},\"inLanguage\":\"fr-FR\",\"potentialAction\":[{\"@type\":\"ReadAction\",\"target\":[\"https:\\\/\\\/www.bellunopress.it\\\/2013\\\/04\\\/09\\\/ritrovato-senza-vita-luomo-scomparso-a-feltre\\\/\"]}]},{\"@type\":\"ImageObject\",\"inLanguage\":\"fr-FR\",\"@id\":\"https:\\\/\\\/www.bellunopress.it\\\/2013\\\/04\\\/09\\\/ritrovato-senza-vita-luomo-scomparso-a-feltre\\\/#primaryimage\",\"url\":\"http:\\\/\\\/www.bellunopress.it\\\/wp-content\\\/uploads\\\/2012\\\/05\\\/vigili-del-fuoco-140x140.jpg\",\"contentUrl\":\"http:\\\/\\\/www.bellunopress.it\\\/wp-content\\\/uploads\\\/2012\\\/05\\\/vigili-del-fuoco-140x140.jpg\"},{\"@type\":\"BreadcrumbList\",\"@id\":\"https:\\\/\\\/www.bellunopress.it\\\/2013\\\/04\\\/09\\\/ritrovato-senza-vita-luomo-scomparso-a-feltre\\\/#breadcrumb\",\"itemListElement\":[{\"@type\":\"ListItem\",\"position\":1,\"name\":\"Home\",\"item\":\"https:\\\/\\\/www.bellunopress.it\\\/\"},{\"@type\":\"ListItem\",\"position\":2,\"name\":\"Ritrovato senza vita l&#8217;uomo scomparso a Feltre\"}]},{\"@type\":\"WebSite\",\"@id\":\"https:\\\/\\\/www.bellunopress.it\\\/#website\",\"url\":\"https:\\\/\\\/www.bellunopress.it\\\/\",\"name\":\"Bellunopress - Dolomiti\",\"description\":\"e-mail: redazione@bellunopress.it\",\"publisher\":{\"@id\":\"https:\\\/\\\/www.bellunopress.it\\\/#organization\"},\"potentialAction\":[{\"@type\":\"SearchAction\",\"target\":{\"@type\":\"EntryPoint\",\"urlTemplate\":\"https:\\\/\\\/www.bellunopress.it\\\/?s={search_term_string}\"},\"query-input\":{\"@type\":\"PropertyValueSpecification\",\"valueRequired\":true,\"valueName\":\"search_term_string\"}}],\"inLanguage\":\"fr-FR\"},{\"@type\":\"Organization\",\"@id\":\"https:\\\/\\\/www.bellunopress.it\\\/#organization\",\"name\":\"Bellunopress\",\"url\":\"https:\\\/\\\/www.bellunopress.it\\\/\",\"logo\":{\"@type\":\"ImageObject\",\"inLanguage\":\"fr-FR\",\"@id\":\"https:\\\/\\\/www.bellunopress.it\\\/#\\\/schema\\\/logo\\\/image\\\/\",\"url\":\"https:\\\/\\\/www.bellunopress.it\\\/wp-content\\\/uploads\\\/2011\\\/05\\\/cropped-logo-bellunopress-.jpg\",\"contentUrl\":\"https:\\\/\\\/www.bellunopress.it\\\/wp-content\\\/uploads\\\/2011\\\/05\\\/cropped-logo-bellunopress-.jpg\",\"width\":512,\"height\":512,\"caption\":\"Bellunopress\"},\"image\":{\"@id\":\"https:\\\/\\\/www.bellunopress.it\\\/#\\\/schema\\\/logo\\\/image\\\/\"},\"sameAs\":[\"https:\\\/\\\/www.facebook.com\\\/profile.php?id=100008943462799\",\"https:\\\/\\\/x.com\\\/bellunopress\",\"https:\\\/\\\/www.linkedin.com\\\/hp\\\/?dnr=JBzUWaJfMUw8vbXJJ2tVW5-I3jZKvC4wsoxE&amp;amp;amp;amp;amp;amp;trk=nav_responsive_tab_home\",\"https:\\\/\\\/www.youtube.com\\\/channel\\\/UCxL0wu1uN0_3_7hGG0306cw\"]},{\"@type\":\"Person\",\"@id\":\"https:\\\/\\\/www.bellunopress.it\\\/#\\\/schema\\\/person\\\/79bb06722b37ece1c03d3e94beb30d73\",\"name\":\"redazione\",\"image\":{\"@type\":\"ImageObject\",\"inLanguage\":\"fr-FR\",\"@id\":\"https:\\\/\\\/secure.gravatar.com\\\/avatar\\\/37d968a2e67a6fd04c169c4bdef102d0bc5d31b2546345219e348575eb80e9a0?s=96&d=mm&r=g\",\"url\":\"https:\\\/\\\/secure.gravatar.com\\\/avatar\\\/37d968a2e67a6fd04c169c4bdef102d0bc5d31b2546345219e348575eb80e9a0?s=96&d=mm&r=g\",\"contentUrl\":\"https:\\\/\\\/secure.gravatar.com\\\/avatar\\\/37d968a2e67a6fd04c169c4bdef102d0bc5d31b2546345219e348575eb80e9a0?s=96&d=mm&r=g\",\"caption\":\"redazione\"},\"sameAs\":[\"http:\\\/\\\/www.bellunopress.it\",\"https:\\\/\\\/x.com\\\/bellunopress\"],\"url\":\"https:\\\/\\\/www.bellunopress.it\\\/fr\\\/author\\\/redazione\\\/\"}]}<\/script>\n<!-- \/ Yoast SEO plugin. -->","yoast_head_json":{"title":"Ritrovato senza vita l'uomo scomparso a Feltre - Bellunopress - Dolomiti","robots":{"index":"index","follow":"follow","max-snippet":"max-snippet:-1","max-image-preview":"max-image-preview:large","max-video-preview":"max-video-preview:-1"},"canonical":"https:\/\/www.bellunopress.it\/fr\/2013\/04\/09\/ritrovato-senza-vita-luomo-scomparso-a-feltre\/","og_locale":"fr_FR","og_type":"article","og_title":"Ritrovato senza vita l'uomo scomparso a Feltre - Bellunopress - Dolomiti","og_description":"F.D.G. 46enne residente a Feltre \u00e8 stato ritrovato senza vita questa mattina alle ore 8.15 da una Squadra dei Vigili del fuoco di Feltre, nei pressi del torrente Colmeda, in Valle di Faont nel Comune di Pedavena. L&#8217;allarme era stato dato poco dopo la mezzanotte su richiesta dei Carabinieri di Feltre. Dall&#8217;esito delle triangolazioni delle [&hellip;]","og_url":"https:\/\/www.bellunopress.it\/fr\/2013\/04\/09\/ritrovato-senza-vita-luomo-scomparso-a-feltre\/","og_site_name":"Bellunopress - Dolomiti","article_publisher":"https:\/\/www.facebook.com\/profile.php?id=100008943462799","article_published_time":"2013-04-09T12:29:27+00:00","article_modified_time":"2013-04-09T13:34:50+00:00","og_image":[{"url":"http:\/\/www.bellunopress.it\/wp-content\/uploads\/2012\/05\/vigili-del-fuoco-140x140.jpg","type":"","width":"","height":""}],"author":"redazione","twitter_card":"summary_large_image","twitter_creator":"@bellunopress","twitter_site":"@bellunopress","twitter_misc":{"\u00c9crit par":"redazione","Dur\u00e9e de lecture estim\u00e9e":"1 minute"},"schema":{"@context":"https:\/\/schema.org","@graph":[{"@type":"Article","@id":"https:\/\/www.bellunopress.it\/2013\/04\/09\/ritrovato-senza-vita-luomo-scomparso-a-feltre\/#article","isPartOf":{"@id":"https:\/\/www.bellunopress.it\/2013\/04\/09\/ritrovato-senza-vita-luomo-scomparso-a-feltre\/"},"author":{"name":"redazione","@id":"https:\/\/www.bellunopress.it\/#\/schema\/person\/79bb06722b37ece1c03d3e94beb30d73"},"headline":"Ritrovato senza vita l&#8217;uomo scomparso a Feltre","datePublished":"2013-04-09T12:29:27+00:00","dateModified":"2013-04-09T13:34:50+00:00","mainEntityOfPage":{"@id":"https:\/\/www.bellunopress.it\/2013\/04\/09\/ritrovato-senza-vita-luomo-scomparso-a-feltre\/"},"wordCount":203,"publisher":{"@id":"https:\/\/www.bellunopress.it\/#organization"},"image":{"@id":"https:\/\/www.bellunopress.it\/2013\/04\/09\/ritrovato-senza-vita-luomo-scomparso-a-feltre\/#primaryimage"},"thumbnailUrl":"http:\/\/www.bellunopress.it\/wp-content\/uploads\/2012\/05\/vigili-del-fuoco-140x140.jpg","articleSection":["Cronaca\/Politica","Prima Pagina"],"inLanguage":"fr-FR"},{"@type":"WebPage","@id":"https:\/\/www.bellunopress.it\/2013\/04\/09\/ritrovato-senza-vita-luomo-scomparso-a-feltre\/","url":"https:\/\/www.bellunopress.it\/2013\/04\/09\/ritrovato-senza-vita-luomo-scomparso-a-feltre\/","name":"Ritrovato senza vita l'uomo scomparso a Feltre - Bellunopress - Dolomiti","isPartOf":{"@id":"https:\/\/www.bellunopress.it\/#website"},"primaryImageOfPage":{"@id":"https:\/\/www.bellunopress.it\/2013\/04\/09\/ritrovato-senza-vita-luomo-scomparso-a-feltre\/#primaryimage"},"image":{"@id":"https:\/\/www.bellunopress.it\/2013\/04\/09\/ritrovato-senza-vita-luomo-scomparso-a-feltre\/#primaryimage"},"thumbnailUrl":"http:\/\/www.bellunopress.it\/wp-content\/uploads\/2012\/05\/vigili-del-fuoco-140x140.jpg","datePublished":"2013-04-09T12:29:27+00:00","dateModified":"2013-04-09T13:34:50+00:00","breadcrumb":{"@id":"https:\/\/www.bellunopress.it\/2013\/04\/09\/ritrovato-senza-vita-luomo-scomparso-a-feltre\/#breadcrumb"},"inLanguage":"fr-FR","potentialAction":[{"@type":"ReadAction","target":["https:\/\/www.bellunopress.it\/2013\/04\/09\/ritrovato-senza-vita-luomo-scomparso-a-feltre\/"]}]},{"@type":"ImageObject","inLanguage":"fr-FR","@id":"https:\/\/www.bellunopress.it\/2013\/04\/09\/ritrovato-senza-vita-luomo-scomparso-a-feltre\/#primaryimage","url":"http:\/\/www.bellunopress.it\/wp-content\/uploads\/2012\/05\/vigili-del-fuoco-140x140.jpg","contentUrl":"http:\/\/www.bellunopress.it\/wp-content\/uploads\/2012\/05\/vigili-del-fuoco-140x140.jpg"},{"@type":"BreadcrumbList","@id":"https:\/\/www.bellunopress.it\/2013\/04\/09\/ritrovato-senza-vita-luomo-scomparso-a-feltre\/#breadcrumb","itemListElement":[{"@type":"ListItem","position":1,"name":"Home","item":"https:\/\/www.bellunopress.it\/"},{"@type":"ListItem","position":2,"name":"Ritrovato senza vita l&#8217;uomo scomparso a Feltre"}]},{"@type":"WebSite","@id":"https:\/\/www.bellunopress.it\/#website","url":"https:\/\/www.bellunopress.it\/","name":"Bellunopress - Dolomiti","description":"e-mail: redazione@bellunopress.it","publisher":{"@id":"https:\/\/www.bellunopress.it\/#organization"},"potentialAction":[{"@type":"SearchAction","target":{"@type":"EntryPoint","urlTemplate":"https:\/\/www.bellunopress.it\/?s={search_term_string}"},"query-input":{"@type":"PropertyValueSpecification","valueRequired":true,"valueName":"search_term_string"}}],"inLanguage":"fr-FR"},{"@type":"Organization","@id":"https:\/\/www.bellunopress.it\/#organization","name":"Bellunopress","url":"https:\/\/www.bellunopress.it\/","logo":{"@type":"ImageObject","inLanguage":"fr-FR","@id":"https:\/\/www.bellunopress.it\/#\/schema\/logo\/image\/","url":"https:\/\/www.bellunopress.it\/wp-content\/uploads\/2011\/05\/cropped-logo-bellunopress-.jpg","contentUrl":"https:\/\/www.bellunopress.it\/wp-content\/uploads\/2011\/05\/cropped-logo-bellunopress-.jpg","width":512,"height":512,"caption":"Bellunopress"},"image":{"@id":"https:\/\/www.bellunopress.it\/#\/schema\/logo\/image\/"},"sameAs":["https:\/\/www.facebook.com\/profile.php?id=100008943462799","https:\/\/x.com\/bellunopress","https:\/\/www.linkedin.com\/hp\/?dnr=JBzUWaJfMUw8vbXJJ2tVW5-I3jZKvC4wsoxE&amp;amp;amp;amp;amp;amp;trk=nav_responsive_tab_home","https:\/\/www.youtube.com\/channel\/UCxL0wu1uN0_3_7hGG0306cw"]},{"@type":"Person","@id":"https:\/\/www.bellunopress.it\/#\/schema\/person\/79bb06722b37ece1c03d3e94beb30d73","name":"r\u00e9daction","image":{"@type":"ImageObject","inLanguage":"fr-FR","@id":"https:\/\/secure.gravatar.com\/avatar\/37d968a2e67a6fd04c169c4bdef102d0bc5d31b2546345219e348575eb80e9a0?s=96&d=mm&r=g","url":"https:\/\/secure.gravatar.com\/avatar\/37d968a2e67a6fd04c169c4bdef102d0bc5d31b2546345219e348575eb80e9a0?s=96&d=mm&r=g","contentUrl":"https:\/\/secure.gravatar.com\/avatar\/37d968a2e67a6fd04c169c4bdef102d0bc5d31b2546345219e348575eb80e9a0?s=96&d=mm&r=g","caption":"redazione"},"sameAs":["http:\/\/www.bellunopress.it","https:\/\/x.com\/bellunopress"],"url":"https:\/\/www.bellunopress.it\/fr\/author\/redazione\/"}]}},"_links":{"self":[{"href":"https:\/\/www.bellunopress.it\/fr\/wp-json\/wp\/v2\/posts\/48344","targetHints":{"allow":["GET"]}}],"collection":[{"href":"https:\/\/www.bellunopress.it\/fr\/wp-json\/wp\/v2\/posts"}],"about":[{"href":"https:\/\/www.bellunopress.it\/fr\/wp-json\/wp\/v2\/types\/post"}],"author":[{"embeddable":true,"href":"https:\/\/www.bellunopress.it\/fr\/wp-json\/wp\/v2\/users\/2"}],"replies":[{"embeddable":true,"href":"https:\/\/www.bellunopress.it\/fr\/wp-json\/wp\/v2\/comments?post=48344"}],"version-history":[{"count":3,"href":"https:\/\/www.bellunopress.it\/fr\/wp-json\/wp\/v2\/posts\/48344\/revisions"}],"predecessor-version":[{"id":48349,"href":"https:\/\/www.bellunopress.it\/fr\/wp-json\/wp\/v2\/posts\/48344\/revisions\/48349"}],"wp:attachment":[{"href":"https:\/\/www.bellunopress.it\/fr\/wp-json\/wp\/v2\/media?parent=48344"}],"wp:term":[{"taxonomy":"category","embeddable":true,"href":"https:\/\/www.bellunopress.it\/fr\/wp-json\/wp\/v2\/categories?post=48344"},{"taxonomy":"post_tag","embeddable":true,"href":"https:\/\/www.bellunopress.it\/fr\/wp-json\/wp\/v2\/tags?post=48344"}],"curies":[{"name":"wp","href":"https:\/\/api.w.org\/{rel}","templated":true}]}}