{"id":48339,"date":"2013-04-09T10:25:34","date_gmt":"2013-04-09T09:25:34","guid":{"rendered":"http:\/\/www.bellunopress.it\/?p=48339"},"modified":"2013-04-09T10:25:34","modified_gmt":"2013-04-09T09:25:34","slug":"scrambling-ritorno-allalpinismo-romantico-giovedi-11-aprile-ore-20-30-centro-culturale-di-quero","status":"publish","type":"post","link":"https:\/\/www.bellunopress.it\/fr\/2013\/04\/09\/scrambling-ritorno-allalpinismo-romantico-giovedi-11-aprile-ore-20-30-centro-culturale-di-quero\/","title":{"rendered":"Scrambling, ritorno all&#8217;alpinismo romantico: gioved\u00ec 11 aprile, ore 20.30, Centro Culturale di Quero"},"content":{"rendered":"<p>\u201cScrambling, ritorno all\u2019alpinismo romantico\u201d \u00e8 il tema della serata organizzata a Quero, dalla Biblioteca Unione Sette Ville, che si terr\u00e0 gioved\u00ec 11 aprile alle ore 20,30 presso il Centro Culturale di Quero. La serata, condotta da Teddy Soppelsa, vedr\u00e0 la partecipazione di \u201cscrambler\u201d bellunesi, guide alpine, storici dell\u2019alpinismo, con musica dal vivo, racconti, proiezione di video e foto.<\/p>\n<p>In montagna la differenza la fanno le mani, dicono i britannici. Nel momento in cui diventano indispensabili per salire e per scendere lungo brevi risalti rocciosi, placche inclinate, crestine e ripidi pendii erbosi \u2013 terreni che oggi nessuno definirebbe alpinistici in senso stretto \u2013, gli inglesi parlano di scrambling. Una parola inglese intraducibile in italiano, se non inventando un sostantivo, e quindi \u00e8 meglio non tradurla, e chiamare scrambling quella attivit\u00e0 che sta fra l\u2019escursionismo e l\u2019alpinismo.<\/p>\n<p>Un terra di mezzo che racchiude infinite possibilit\u00e0 di vivere e scoprire la montagna, capace di riportare in luce il terreno di gioco dei pionieri dell\u2019alpinismo del tempo antico. Un\u2019attivit\u00e0 che vuol dire nuove ascensioni, belle traversate, escursioni arricchite da quel pizzico di difficolt\u00e0 che rende un viaggio nella natura pi\u00f9 attraente e avventuroso.<\/p>\n<p>pdf locandina: http:\/\/www.feltrino.bl.it\/alfstreaming-servlet\/streamer\/resourceId\/7c6fffb1-ccf6-4626-86a1-72152473b8c6\/locandina_rassegna_viaggi_2013.pdf<\/p>","protected":false},"excerpt":{"rendered":"<p>\u201cScrambling, ritorno all\u2019alpinismo romantico\u201d \u00e8 il tema della serata organizzata a Quero, dalla Biblioteca Unione Sette Ville, che si terr\u00e0 gioved\u00ec 11 aprile alle ore 20,30 presso il Centro Culturale di Quero. La serata, condotta da Teddy Soppelsa, vedr\u00e0 la partecipazione di \u201cscrambler\u201d bellunesi, guide alpine, storici dell\u2019alpinismo, con musica dal vivo, racconti, proiezione di [&hellip;]<\/p>\n","protected":false},"author":2,"featured_media":0,"comment_status":"closed","ping_status":"open","sticky":false,"template":"","format":"standard","meta":{"footnotes":""},"categories":[27,38,25],"tags":[],"class_list":["post-48339","post","type-post","status-publish","format-standard","category-appuntamenti","category-natura-ambiente","category-pausa-caffe"],"yoast_head":"<!-- This site is optimized with the Yoast SEO plugin v28.4 - https:\/\/yoast.com\/product\/yoast-seo-wordpress\/ -->\n<title>Scrambling, ritorno all&#039;alpinismo romantico: gioved\u00ec 11 aprile, ore 20.30, Centro Culturale di Quero - Bellunopress - Dolomiti<\/title>\n<meta name=\"robots\" content=\"index, follow, max-snippet:-1, max-image-preview:large, max-video-preview:-1\" \/>\n<link rel=\"canonical\" href=\"https:\/\/www.bellunopress.it\/fr\/2013\/04\/09\/scrambling-ritorno-allalpinismo-romantico-giovedi-11-aprile-ore-20-30-centro-culturale-di-quero\/\" \/>\n<meta property=\"og:locale\" content=\"fr_FR\" \/>\n<meta property=\"og:type\" content=\"article\" \/>\n<meta property=\"og:title\" content=\"Scrambling, ritorno all&#039;alpinismo romantico: gioved\u00ec 11 aprile, ore 20.30, Centro Culturale di Quero - Bellunopress - Dolomiti\" \/>\n<meta property=\"og:description\" content=\"\u201cScrambling, ritorno all\u2019alpinismo romantico\u201d \u00e8 il tema della serata organizzata a Quero, dalla Biblioteca Unione Sette Ville, che si terr\u00e0 gioved\u00ec 11 aprile alle ore 20,30 presso il Centro Culturale di Quero. La serata, condotta da Teddy Soppelsa, vedr\u00e0 la partecipazione di \u201cscrambler\u201d bellunesi, guide alpine, storici dell\u2019alpinismo, con musica dal vivo, racconti, proiezione di [&hellip;]\" \/>\n<meta property=\"og:url\" content=\"https:\/\/www.bellunopress.it\/fr\/2013\/04\/09\/scrambling-ritorno-allalpinismo-romantico-giovedi-11-aprile-ore-20-30-centro-culturale-di-quero\/\" \/>\n<meta property=\"og:site_name\" content=\"Bellunopress - Dolomiti\" \/>\n<meta property=\"article:publisher\" content=\"https:\/\/www.facebook.com\/profile.php?id=100008943462799\" \/>\n<meta property=\"article:published_time\" content=\"2013-04-09T09:25:34+00:00\" \/>\n<meta property=\"og:image\" content=\"http:\/\/www.bellunopress.it\/wp-content\/uploads\/2012\/07\/logo-bellunopress-250x250-2012.jpg\" \/>\n<meta name=\"author\" content=\"redazione\" \/>\n<meta name=\"twitter:card\" content=\"summary_large_image\" \/>\n<meta name=\"twitter:creator\" content=\"@bellunopress\" \/>\n<meta name=\"twitter:site\" content=\"@bellunopress\" \/>\n<meta name=\"twitter:label1\" content=\"\u00c9crit par\" \/>\n\t<meta name=\"twitter:data1\" content=\"redazione\" \/>\n\t<meta name=\"twitter:label2\" content=\"Dur\u00e9e de lecture estim\u00e9e\" \/>\n\t<meta name=\"twitter:data2\" content=\"1 minute\" \/>\n<script type=\"application\/ld+json\" class=\"yoast-schema-graph\">{\"@context\":\"https:\\\/\\\/schema.org\",\"@graph\":[{\"@type\":\"Article\",\"@id\":\"https:\\\/\\\/www.bellunopress.it\\\/2013\\\/04\\\/09\\\/scrambling-ritorno-allalpinismo-romantico-giovedi-11-aprile-ore-20-30-centro-culturale-di-quero\\\/#article\",\"isPartOf\":{\"@id\":\"https:\\\/\\\/www.bellunopress.it\\\/2013\\\/04\\\/09\\\/scrambling-ritorno-allalpinismo-romantico-giovedi-11-aprile-ore-20-30-centro-culturale-di-quero\\\/\"},\"author\":{\"name\":\"redazione\",\"@id\":\"https:\\\/\\\/www.bellunopress.it\\\/#\\\/schema\\\/person\\\/79bb06722b37ece1c03d3e94beb30d73\"},\"headline\":\"Scrambling, ritorno all&#8217;alpinismo romantico: gioved\u00ec 11 aprile, ore 20.30, Centro Culturale di Quero\",\"datePublished\":\"2013-04-09T09:25:34+00:00\",\"mainEntityOfPage\":{\"@id\":\"https:\\\/\\\/www.bellunopress.it\\\/2013\\\/04\\\/09\\\/scrambling-ritorno-allalpinismo-romantico-giovedi-11-aprile-ore-20-30-centro-culturale-di-quero\\\/\"},\"wordCount\":224,\"publisher\":{\"@id\":\"https:\\\/\\\/www.bellunopress.it\\\/#organization\"},\"articleSection\":[\"Appuntamenti, Eventi\",\"Meteo, natura, ambiente, animali\",\"Pausa Caff\u00e8\"],\"inLanguage\":\"fr-FR\"},{\"@type\":\"WebPage\",\"@id\":\"https:\\\/\\\/www.bellunopress.it\\\/2013\\\/04\\\/09\\\/scrambling-ritorno-allalpinismo-romantico-giovedi-11-aprile-ore-20-30-centro-culturale-di-quero\\\/\",\"url\":\"https:\\\/\\\/www.bellunopress.it\\\/2013\\\/04\\\/09\\\/scrambling-ritorno-allalpinismo-romantico-giovedi-11-aprile-ore-20-30-centro-culturale-di-quero\\\/\",\"name\":\"Scrambling, ritorno all'alpinismo romantico: gioved\u00ec 11 aprile, ore 20.30, Centro Culturale di Quero - Bellunopress - Dolomiti\",\"isPartOf\":{\"@id\":\"https:\\\/\\\/www.bellunopress.it\\\/#website\"},\"datePublished\":\"2013-04-09T09:25:34+00:00\",\"breadcrumb\":{\"@id\":\"https:\\\/\\\/www.bellunopress.it\\\/2013\\\/04\\\/09\\\/scrambling-ritorno-allalpinismo-romantico-giovedi-11-aprile-ore-20-30-centro-culturale-di-quero\\\/#breadcrumb\"},\"inLanguage\":\"fr-FR\",\"potentialAction\":[{\"@type\":\"ReadAction\",\"target\":[\"https:\\\/\\\/www.bellunopress.it\\\/2013\\\/04\\\/09\\\/scrambling-ritorno-allalpinismo-romantico-giovedi-11-aprile-ore-20-30-centro-culturale-di-quero\\\/\"]}]},{\"@type\":\"BreadcrumbList\",\"@id\":\"https:\\\/\\\/www.bellunopress.it\\\/2013\\\/04\\\/09\\\/scrambling-ritorno-allalpinismo-romantico-giovedi-11-aprile-ore-20-30-centro-culturale-di-quero\\\/#breadcrumb\",\"itemListElement\":[{\"@type\":\"ListItem\",\"position\":1,\"name\":\"Home\",\"item\":\"https:\\\/\\\/www.bellunopress.it\\\/\"},{\"@type\":\"ListItem\",\"position\":2,\"name\":\"Scrambling, ritorno all&#8217;alpinismo romantico: gioved\u00ec 11 aprile, ore 20.30, Centro Culturale di Quero\"}]},{\"@type\":\"WebSite\",\"@id\":\"https:\\\/\\\/www.bellunopress.it\\\/#website\",\"url\":\"https:\\\/\\\/www.bellunopress.it\\\/\",\"name\":\"Bellunopress - Dolomiti\",\"description\":\"e-mail: redazione@bellunopress.it\",\"publisher\":{\"@id\":\"https:\\\/\\\/www.bellunopress.it\\\/#organization\"},\"potentialAction\":[{\"@type\":\"SearchAction\",\"target\":{\"@type\":\"EntryPoint\",\"urlTemplate\":\"https:\\\/\\\/www.bellunopress.it\\\/?s={search_term_string}\"},\"query-input\":{\"@type\":\"PropertyValueSpecification\",\"valueRequired\":true,\"valueName\":\"search_term_string\"}}],\"inLanguage\":\"fr-FR\"},{\"@type\":\"Organization\",\"@id\":\"https:\\\/\\\/www.bellunopress.it\\\/#organization\",\"name\":\"Bellunopress\",\"url\":\"https:\\\/\\\/www.bellunopress.it\\\/\",\"logo\":{\"@type\":\"ImageObject\",\"inLanguage\":\"fr-FR\",\"@id\":\"https:\\\/\\\/www.bellunopress.it\\\/#\\\/schema\\\/logo\\\/image\\\/\",\"url\":\"https:\\\/\\\/www.bellunopress.it\\\/wp-content\\\/uploads\\\/2011\\\/05\\\/cropped-logo-bellunopress-.jpg\",\"contentUrl\":\"https:\\\/\\\/www.bellunopress.it\\\/wp-content\\\/uploads\\\/2011\\\/05\\\/cropped-logo-bellunopress-.jpg\",\"width\":512,\"height\":512,\"caption\":\"Bellunopress\"},\"image\":{\"@id\":\"https:\\\/\\\/www.bellunopress.it\\\/#\\\/schema\\\/logo\\\/image\\\/\"},\"sameAs\":[\"https:\\\/\\\/www.facebook.com\\\/profile.php?id=100008943462799\",\"https:\\\/\\\/x.com\\\/bellunopress\",\"https:\\\/\\\/www.linkedin.com\\\/hp\\\/?dnr=JBzUWaJfMUw8vbXJJ2tVW5-I3jZKvC4wsoxE&amp;amp;amp;amp;amp;amp;trk=nav_responsive_tab_home\",\"https:\\\/\\\/www.youtube.com\\\/channel\\\/UCxL0wu1uN0_3_7hGG0306cw\"]},{\"@type\":\"Person\",\"@id\":\"https:\\\/\\\/www.bellunopress.it\\\/#\\\/schema\\\/person\\\/79bb06722b37ece1c03d3e94beb30d73\",\"name\":\"redazione\",\"image\":{\"@type\":\"ImageObject\",\"inLanguage\":\"fr-FR\",\"@id\":\"https:\\\/\\\/secure.gravatar.com\\\/avatar\\\/37d968a2e67a6fd04c169c4bdef102d0bc5d31b2546345219e348575eb80e9a0?s=96&d=mm&r=g\",\"url\":\"https:\\\/\\\/secure.gravatar.com\\\/avatar\\\/37d968a2e67a6fd04c169c4bdef102d0bc5d31b2546345219e348575eb80e9a0?s=96&d=mm&r=g\",\"contentUrl\":\"https:\\\/\\\/secure.gravatar.com\\\/avatar\\\/37d968a2e67a6fd04c169c4bdef102d0bc5d31b2546345219e348575eb80e9a0?s=96&d=mm&r=g\",\"caption\":\"redazione\"},\"sameAs\":[\"http:\\\/\\\/www.bellunopress.it\",\"https:\\\/\\\/x.com\\\/bellunopress\"],\"url\":\"https:\\\/\\\/www.bellunopress.it\\\/fr\\\/author\\\/redazione\\\/\"}]}<\/script>\n<!-- \/ Yoast SEO plugin. -->","yoast_head_json":{"title":"Scrambling, ritorno all'alpinismo romantico: gioved\u00ec 11 aprile, ore 20.30, Centro Culturale di Quero - Bellunopress - Dolomiti","robots":{"index":"index","follow":"follow","max-snippet":"max-snippet:-1","max-image-preview":"max-image-preview:large","max-video-preview":"max-video-preview:-1"},"canonical":"https:\/\/www.bellunopress.it\/fr\/2013\/04\/09\/scrambling-ritorno-allalpinismo-romantico-giovedi-11-aprile-ore-20-30-centro-culturale-di-quero\/","og_locale":"fr_FR","og_type":"article","og_title":"Scrambling, ritorno all'alpinismo romantico: gioved\u00ec 11 aprile, ore 20.30, Centro Culturale di Quero - Bellunopress - Dolomiti","og_description":"\u201cScrambling, ritorno all\u2019alpinismo romantico\u201d \u00e8 il tema della serata organizzata a Quero, dalla Biblioteca Unione Sette Ville, che si terr\u00e0 gioved\u00ec 11 aprile alle ore 20,30 presso il Centro Culturale di Quero. La serata, condotta da Teddy Soppelsa, vedr\u00e0 la partecipazione di \u201cscrambler\u201d bellunesi, guide alpine, storici dell\u2019alpinismo, con musica dal vivo, racconti, proiezione di [&hellip;]","og_url":"https:\/\/www.bellunopress.it\/fr\/2013\/04\/09\/scrambling-ritorno-allalpinismo-romantico-giovedi-11-aprile-ore-20-30-centro-culturale-di-quero\/","og_site_name":"Bellunopress - Dolomiti","article_publisher":"https:\/\/www.facebook.com\/profile.php?id=100008943462799","article_published_time":"2013-04-09T09:25:34+00:00","og_image":[{"url":"http:\/\/www.bellunopress.it\/wp-content\/uploads\/2012\/07\/logo-bellunopress-250x250-2012.jpg","type":"","width":"","height":""}],"author":"redazione","twitter_card":"summary_large_image","twitter_creator":"@bellunopress","twitter_site":"@bellunopress","twitter_misc":{"\u00c9crit par":"redazione","Dur\u00e9e de lecture estim\u00e9e":"1 minute"},"schema":{"@context":"https:\/\/schema.org","@graph":[{"@type":"Article","@id":"https:\/\/www.bellunopress.it\/2013\/04\/09\/scrambling-ritorno-allalpinismo-romantico-giovedi-11-aprile-ore-20-30-centro-culturale-di-quero\/#article","isPartOf":{"@id":"https:\/\/www.bellunopress.it\/2013\/04\/09\/scrambling-ritorno-allalpinismo-romantico-giovedi-11-aprile-ore-20-30-centro-culturale-di-quero\/"},"author":{"name":"redazione","@id":"https:\/\/www.bellunopress.it\/#\/schema\/person\/79bb06722b37ece1c03d3e94beb30d73"},"headline":"Scrambling, ritorno all&#8217;alpinismo romantico: gioved\u00ec 11 aprile, ore 20.30, Centro Culturale di Quero","datePublished":"2013-04-09T09:25:34+00:00","mainEntityOfPage":{"@id":"https:\/\/www.bellunopress.it\/2013\/04\/09\/scrambling-ritorno-allalpinismo-romantico-giovedi-11-aprile-ore-20-30-centro-culturale-di-quero\/"},"wordCount":224,"publisher":{"@id":"https:\/\/www.bellunopress.it\/#organization"},"articleSection":["Appuntamenti, Eventi","Meteo, natura, ambiente, animali","Pausa Caff\u00e8"],"inLanguage":"fr-FR"},{"@type":"WebPage","@id":"https:\/\/www.bellunopress.it\/2013\/04\/09\/scrambling-ritorno-allalpinismo-romantico-giovedi-11-aprile-ore-20-30-centro-culturale-di-quero\/","url":"https:\/\/www.bellunopress.it\/2013\/04\/09\/scrambling-ritorno-allalpinismo-romantico-giovedi-11-aprile-ore-20-30-centro-culturale-di-quero\/","name":"Scrambling, ritorno all'alpinismo romantico: gioved\u00ec 11 aprile, ore 20.30, Centro Culturale di Quero - Bellunopress - Dolomiti","isPartOf":{"@id":"https:\/\/www.bellunopress.it\/#website"},"datePublished":"2013-04-09T09:25:34+00:00","breadcrumb":{"@id":"https:\/\/www.bellunopress.it\/2013\/04\/09\/scrambling-ritorno-allalpinismo-romantico-giovedi-11-aprile-ore-20-30-centro-culturale-di-quero\/#breadcrumb"},"inLanguage":"fr-FR","potentialAction":[{"@type":"ReadAction","target":["https:\/\/www.bellunopress.it\/2013\/04\/09\/scrambling-ritorno-allalpinismo-romantico-giovedi-11-aprile-ore-20-30-centro-culturale-di-quero\/"]}]},{"@type":"BreadcrumbList","@id":"https:\/\/www.bellunopress.it\/2013\/04\/09\/scrambling-ritorno-allalpinismo-romantico-giovedi-11-aprile-ore-20-30-centro-culturale-di-quero\/#breadcrumb","itemListElement":[{"@type":"ListItem","position":1,"name":"Home","item":"https:\/\/www.bellunopress.it\/"},{"@type":"ListItem","position":2,"name":"Scrambling, ritorno all&#8217;alpinismo romantico: gioved\u00ec 11 aprile, ore 20.30, Centro Culturale di Quero"}]},{"@type":"WebSite","@id":"https:\/\/www.bellunopress.it\/#website","url":"https:\/\/www.bellunopress.it\/","name":"Bellunopress - Dolomiti","description":"e-mail: redazione@bellunopress.it","publisher":{"@id":"https:\/\/www.bellunopress.it\/#organization"},"potentialAction":[{"@type":"SearchAction","target":{"@type":"EntryPoint","urlTemplate":"https:\/\/www.bellunopress.it\/?s={search_term_string}"},"query-input":{"@type":"PropertyValueSpecification","valueRequired":true,"valueName":"search_term_string"}}],"inLanguage":"fr-FR"},{"@type":"Organization","@id":"https:\/\/www.bellunopress.it\/#organization","name":"Bellunopress","url":"https:\/\/www.bellunopress.it\/","logo":{"@type":"ImageObject","inLanguage":"fr-FR","@id":"https:\/\/www.bellunopress.it\/#\/schema\/logo\/image\/","url":"https:\/\/www.bellunopress.it\/wp-content\/uploads\/2011\/05\/cropped-logo-bellunopress-.jpg","contentUrl":"https:\/\/www.bellunopress.it\/wp-content\/uploads\/2011\/05\/cropped-logo-bellunopress-.jpg","width":512,"height":512,"caption":"Bellunopress"},"image":{"@id":"https:\/\/www.bellunopress.it\/#\/schema\/logo\/image\/"},"sameAs":["https:\/\/www.facebook.com\/profile.php?id=100008943462799","https:\/\/x.com\/bellunopress","https:\/\/www.linkedin.com\/hp\/?dnr=JBzUWaJfMUw8vbXJJ2tVW5-I3jZKvC4wsoxE&amp;amp;amp;amp;amp;amp;trk=nav_responsive_tab_home","https:\/\/www.youtube.com\/channel\/UCxL0wu1uN0_3_7hGG0306cw"]},{"@type":"Person","@id":"https:\/\/www.bellunopress.it\/#\/schema\/person\/79bb06722b37ece1c03d3e94beb30d73","name":"r\u00e9daction","image":{"@type":"ImageObject","inLanguage":"fr-FR","@id":"https:\/\/secure.gravatar.com\/avatar\/37d968a2e67a6fd04c169c4bdef102d0bc5d31b2546345219e348575eb80e9a0?s=96&d=mm&r=g","url":"https:\/\/secure.gravatar.com\/avatar\/37d968a2e67a6fd04c169c4bdef102d0bc5d31b2546345219e348575eb80e9a0?s=96&d=mm&r=g","contentUrl":"https:\/\/secure.gravatar.com\/avatar\/37d968a2e67a6fd04c169c4bdef102d0bc5d31b2546345219e348575eb80e9a0?s=96&d=mm&r=g","caption":"redazione"},"sameAs":["http:\/\/www.bellunopress.it","https:\/\/x.com\/bellunopress"],"url":"https:\/\/www.bellunopress.it\/fr\/author\/redazione\/"}]}},"_links":{"self":[{"href":"https:\/\/www.bellunopress.it\/fr\/wp-json\/wp\/v2\/posts\/48339","targetHints":{"allow":["GET"]}}],"collection":[{"href":"https:\/\/www.bellunopress.it\/fr\/wp-json\/wp\/v2\/posts"}],"about":[{"href":"https:\/\/www.bellunopress.it\/fr\/wp-json\/wp\/v2\/types\/post"}],"author":[{"embeddable":true,"href":"https:\/\/www.bellunopress.it\/fr\/wp-json\/wp\/v2\/users\/2"}],"replies":[{"embeddable":true,"href":"https:\/\/www.bellunopress.it\/fr\/wp-json\/wp\/v2\/comments?post=48339"}],"version-history":[{"count":2,"href":"https:\/\/www.bellunopress.it\/fr\/wp-json\/wp\/v2\/posts\/48339\/revisions"}],"predecessor-version":[{"id":48341,"href":"https:\/\/www.bellunopress.it\/fr\/wp-json\/wp\/v2\/posts\/48339\/revisions\/48341"}],"wp:attachment":[{"href":"https:\/\/www.bellunopress.it\/fr\/wp-json\/wp\/v2\/media?parent=48339"}],"wp:term":[{"taxonomy":"category","embeddable":true,"href":"https:\/\/www.bellunopress.it\/fr\/wp-json\/wp\/v2\/categories?post=48339"},{"taxonomy":"post_tag","embeddable":true,"href":"https:\/\/www.bellunopress.it\/fr\/wp-json\/wp\/v2\/tags?post=48339"}],"curies":[{"name":"wp","href":"https:\/\/api.w.org\/{rel}","templated":true}]}}