{"id":48337,"date":"2013-04-09T09:53:42","date_gmt":"2013-04-09T08:53:42","guid":{"rendered":"http:\/\/www.bellunopress.it\/?p=48337"},"modified":"2013-04-09T09:53:42","modified_gmt":"2013-04-09T08:53:42","slug":"lequivoco-della-macroregione-del-nord-di-paolo-bampo","status":"publish","type":"post","link":"https:\/\/www.bellunopress.it\/fr\/2013\/04\/09\/lequivoco-della-macroregione-del-nord-di-paolo-bampo\/","title":{"rendered":"L&#8217;equivoco della Macroregione del Nord    * di Paolo Bampo"},"content":{"rendered":"<p>Sicuramente l\u2019appellativo di MACROREGIONE \u00e8 suggestivo ed orecchiabile per chi ha sempre sperato nell\u2019affrancamento dagli impicci dell\u2019affaristico centralismo italiano. Se poi pensiamo alle macroregioni del caro prof. Miglio entra in ballo persino il sentimento. Sarebbe per\u00f2 da capire, visto che si parla di macro-REGIONE, se con tale terminologia si intenda la definizione di un nuovo soggetto istituzionale, articolato all\u2019interno della struttura repubblicana italiana, con la rimodulazione dei confini delle tre regioni maggiori, o se si intenda, invece, ragionare su di una entit\u00e0 territoriale indipendente, con dignit\u00e0 di nuovo Stato.<\/p>\n<p>Reputo che non sia corretto, n\u00e9 degno di rispetto, il silenzio eventuale sulla mancanza di chiarezza e di trasparenza in merito a tale fondamentale questione. Rimanere nell\u2019equivoco non conviene neppure alla Lega Nord che ha rilanciato la proposta .<\/p>\n<p>Siccome ormai ci\u00f2 che, a livello politico, abbia come interlocutore Roma, raccoglie ben scarsa attenzione tra gli argomenti di mio interesse, non riesco ad appassionarmi ad una ridefinizione delle regioni italiane, siano esse micro, medie o macro. Non intenderei pertanto perdere tempo dietro italiche bolle di sapone o miraggi ipotizzati attraverso slogan pi\u00f9 o meno credibili.<\/p>\n<p>Zaia, ricordandosi probabilmente del riscontro consensuale delle iniziative di INDIPENDENZA VENETA, a Pontida, riferendosi alla macroregione, ha parlato di referendum indipendentista. Maroni e la Lega per\u00f2 parlano di trattenere il 70% delle risorse al Nord, riconoscendo implicitamente, cos\u00ec, la dipendenza da Roma. In definitiva, pertanto, smentendo il governatore veneto, il segretario del Carroccio esclude altrettanto implicitamente che si possa ragionare di sovranit\u00e0.<\/p>\n<p>Sarebbe utile che la Lega facesse quindi chiarezza sull\u2019 equivoco indicato nel titolo di questo intervento. Non si pu\u00f2, infatti, parlare di regione (anche se macro) e contemporaneamente auspicare il referendum indipendentista come hanno fatto Maroni e Zaia all\u2019adunanza di domenica scorsa, esibendosi in uno sperimentato duetto leghista di strategia cerchiobottistica (questa volta, per\u00f2, forse involontario).<\/p>\n<p>Mai, inoltre, vorrei che si dicesse: \u201dIntanto facciamo la macroregione e poi, ottenuta questa, faremo il referendum per l\u2019indipendenza.\u201d \u2026e cos\u00ec, intanto, aspettando, restiamo in Italia per altri 150 anni !!<\/p>\n<p>Altrettanto improbabile da concretizzare sarebbe, comunque, l\u2019 ipotesi indipendentista, con percorso referendario, se riferita ad un soggetto articolato sulle tre regioni maggiori (pur garantito dalla Trinit\u00e0 governatoriale Cota, Maroni, Zaia).<\/p>\n<p>A parte il fatto che il trattato di New York, sottoscritto dall\u2019Italia, parli di riconoscimento della \u201cautodeterminazione dei Popoli\u201d e non, quindi, \u201cdella autodeterminazione delle Regioni\u201d, su quali basi giuridiche (anche internazionali) si vorrebbe far poggiare tale richiesta referendaria? Ricordiamoci sempre che la tesi leghista \u00e8 impostata su tre regioni (Piemonte, Lombardia e Veneto). Non stiamo quindi parlando di un solo referendum ma, a legislazione vigente ed obbligatoriamente, di tre e, sottolineo, di tre referendum regionali singoli e distinti, il cui risultato non \u00e8 scontato, sia nell\u2019auspicata risposta positiva e sia nell\u2019omogeneit\u00e0 dell\u2019esito nelle tre diverse regioni.<\/p>\n<p>A questo punto Maroni potrebbe anche dire che intende avvalersi del trattato di New York, puntando sull\u2019autodeterminazione del popolo padano. Ma il popolo padano esiste? \u00c8 riconosciuto? Come si identifica? Non credo di essere io a cadere in contraddizione, se ricordo che la Padania sempre sbandierata in Italia ed all\u2019estero, ricomprendeva anche altre regioni quali: Toscana, Emilia, Romagna, Friuli, TTA, Val d\u2019Aosta e Liguria ed ultimamente anche Umbria e Marche. Cosa facciamo? Aspettiamo che qualcuno riconosca la padanit\u00e0? E poi aspettiamo di fare il referendum anche in queste regioni? O eliminiamo tout court sia loro, (infischiandocene della condivisione ricevuta sulle battaglie leghiste) e sia il popolo simil-padano ivi residente?<\/p>\n<p>A questo contorto punto, per\u00f2, mi fermo qui, perch\u00e9 la vicenda sta diventando troppo complicata per le mie capacit\u00e0 e non so se qualcuno sia in grado di dipanare la matassa.<\/p>\n<p>Nonostante le accentuate perplessit\u00e0, voglio, comunque, inviare un messaggio di distensione e collaborazione alla Lega Nord ed in primis a Maroni e a Zaia, perch\u00e9 se, per affrontare la questione \u201cstep by step\u201d(la storia degli Orazi e Curiazi ci ricorda la redditivit\u00e0 della tattica \u201cun nemico per volta\u201d), si dovr\u00e0 andare a singoli referendum regionali, siccome il Veneto, grazie ai vari Pizzati, Azzano Cantarutti, Morosin, Busato e tanti altri, \u00e8 gi\u00e0 avanti e pu\u00f2 dare il via, dando l\u2019esempio e segnando un percorso, chiedo ai vari governatori e politici della Lega Nord che collaborino al progetto indipendentista gi\u00e0 avviato presso il Consiglio regionale del Veneto. Ricordo loro, inoltre, che \u00e8 partita l\u2019iniziativa dei sindaci veneti che, attraverso un apposito ODG, stanno sollecitando lo stesso Zaia ad accelerare l\u2019iter del Progetto di legge regionale di istituzione del referendum per l\u2019INDIPENDENZA VENETA .<\/p>\n<p>Leghisti, date una mano e vorr\u00e0 dire che la futura Repubblica Veneta, che avr\u00e0 fatto da apripista, aspetter\u00e0 tutti gli altri. Magari un giorno ci ritroveremo nuovamente insieme a discutere di Macro Stato Confederale del Nord.<\/p>\n<p>Paolo Bampo<\/p>\n<p>Belluno 8 aprile 2013<\/p>","protected":false},"excerpt":{"rendered":"<p>Sicuramente l\u2019appellativo di MACROREGIONE \u00e8 suggestivo ed orecchiabile per chi ha sempre sperato nell\u2019affrancamento dagli impicci dell\u2019affaristico centralismo italiano. Se poi pensiamo alle macroregioni del caro prof. Miglio entra in ballo persino il sentimento. Sarebbe per\u00f2 da capire, visto che si parla di macro-REGIONE, se con tale terminologia si intenda la definizione di un nuovo [&hellip;]<\/p>\n","protected":false},"author":2,"featured_media":0,"comment_status":"closed","ping_status":"open","sticky":false,"template":"","format":"standard","meta":{"footnotes":""},"categories":[5,1,26],"tags":[],"class_list":["post-48337","post","type-post","status-publish","format-standard","category-cronaca","category-leo","category-prima-pagina"],"yoast_head":"<!-- This site is optimized with the Yoast SEO plugin v28.4 - https:\/\/yoast.com\/product\/yoast-seo-wordpress\/ -->\n<title>L&#039;equivoco della Macroregione del Nord  * di Paolo Bampo - Bellunopress - Dolomiti<\/title>\n<meta name=\"robots\" content=\"index, follow, max-snippet:-1, max-image-preview:large, max-video-preview:-1\" \/>\n<link rel=\"canonical\" href=\"https:\/\/www.bellunopress.it\/fr\/2013\/04\/09\/lequivoco-della-macroregione-del-nord-di-paolo-bampo\/\" \/>\n<meta property=\"og:locale\" content=\"fr_FR\" \/>\n<meta property=\"og:type\" content=\"article\" \/>\n<meta property=\"og:title\" content=\"L&#039;equivoco della Macroregione del Nord  * di Paolo Bampo - Bellunopress - Dolomiti\" \/>\n<meta property=\"og:description\" content=\"Sicuramente l\u2019appellativo di MACROREGIONE \u00e8 suggestivo ed orecchiabile per chi ha sempre sperato nell\u2019affrancamento dagli impicci dell\u2019affaristico centralismo italiano. Se poi pensiamo alle macroregioni del caro prof. Miglio entra in ballo persino il sentimento. Sarebbe per\u00f2 da capire, visto che si parla di macro-REGIONE, se con tale terminologia si intenda la definizione di un nuovo [&hellip;]\" \/>\n<meta property=\"og:url\" content=\"https:\/\/www.bellunopress.it\/fr\/2013\/04\/09\/lequivoco-della-macroregione-del-nord-di-paolo-bampo\/\" \/>\n<meta property=\"og:site_name\" content=\"Bellunopress - Dolomiti\" \/>\n<meta property=\"article:publisher\" content=\"https:\/\/www.facebook.com\/profile.php?id=100008943462799\" \/>\n<meta property=\"article:published_time\" content=\"2013-04-09T08:53:42+00:00\" \/>\n<meta property=\"og:image\" content=\"http:\/\/www.bellunopress.it\/wp-content\/uploads\/2012\/07\/logo-bellunopress-250x250-2012.jpg\" \/>\n<meta name=\"author\" content=\"redazione\" \/>\n<meta name=\"twitter:card\" content=\"summary_large_image\" \/>\n<meta name=\"twitter:creator\" content=\"@bellunopress\" \/>\n<meta name=\"twitter:site\" content=\"@bellunopress\" \/>\n<meta name=\"twitter:label1\" content=\"\u00c9crit par\" \/>\n\t<meta name=\"twitter:data1\" content=\"redazione\" \/>\n\t<meta name=\"twitter:label2\" content=\"Dur\u00e9e de lecture estim\u00e9e\" \/>\n\t<meta name=\"twitter:data2\" content=\"4 minutes\" \/>\n<script type=\"application\/ld+json\" class=\"yoast-schema-graph\">{\"@context\":\"https:\\\/\\\/schema.org\",\"@graph\":[{\"@type\":\"Article\",\"@id\":\"https:\\\/\\\/www.bellunopress.it\\\/2013\\\/04\\\/09\\\/lequivoco-della-macroregione-del-nord-di-paolo-bampo\\\/#article\",\"isPartOf\":{\"@id\":\"https:\\\/\\\/www.bellunopress.it\\\/2013\\\/04\\\/09\\\/lequivoco-della-macroregione-del-nord-di-paolo-bampo\\\/\"},\"author\":{\"name\":\"redazione\",\"@id\":\"https:\\\/\\\/www.bellunopress.it\\\/#\\\/schema\\\/person\\\/79bb06722b37ece1c03d3e94beb30d73\"},\"headline\":\"L&#8217;equivoco della Macroregione del Nord * di Paolo Bampo\",\"datePublished\":\"2013-04-09T08:53:42+00:00\",\"mainEntityOfPage\":{\"@id\":\"https:\\\/\\\/www.bellunopress.it\\\/2013\\\/04\\\/09\\\/lequivoco-della-macroregione-del-nord-di-paolo-bampo\\\/\"},\"wordCount\":798,\"publisher\":{\"@id\":\"https:\\\/\\\/www.bellunopress.it\\\/#organization\"},\"articleSection\":[\"Cronaca\\\/Politica\",\"Lettere Opinioni\",\"Prima Pagina\"],\"inLanguage\":\"fr-FR\"},{\"@type\":\"WebPage\",\"@id\":\"https:\\\/\\\/www.bellunopress.it\\\/2013\\\/04\\\/09\\\/lequivoco-della-macroregione-del-nord-di-paolo-bampo\\\/\",\"url\":\"https:\\\/\\\/www.bellunopress.it\\\/2013\\\/04\\\/09\\\/lequivoco-della-macroregione-del-nord-di-paolo-bampo\\\/\",\"name\":\"L'equivoco della Macroregione del Nord * di Paolo Bampo - Bellunopress - Dolomiti\",\"isPartOf\":{\"@id\":\"https:\\\/\\\/www.bellunopress.it\\\/#website\"},\"datePublished\":\"2013-04-09T08:53:42+00:00\",\"breadcrumb\":{\"@id\":\"https:\\\/\\\/www.bellunopress.it\\\/2013\\\/04\\\/09\\\/lequivoco-della-macroregione-del-nord-di-paolo-bampo\\\/#breadcrumb\"},\"inLanguage\":\"fr-FR\",\"potentialAction\":[{\"@type\":\"ReadAction\",\"target\":[\"https:\\\/\\\/www.bellunopress.it\\\/2013\\\/04\\\/09\\\/lequivoco-della-macroregione-del-nord-di-paolo-bampo\\\/\"]}]},{\"@type\":\"BreadcrumbList\",\"@id\":\"https:\\\/\\\/www.bellunopress.it\\\/2013\\\/04\\\/09\\\/lequivoco-della-macroregione-del-nord-di-paolo-bampo\\\/#breadcrumb\",\"itemListElement\":[{\"@type\":\"ListItem\",\"position\":1,\"name\":\"Home\",\"item\":\"https:\\\/\\\/www.bellunopress.it\\\/\"},{\"@type\":\"ListItem\",\"position\":2,\"name\":\"L&#8217;equivoco della Macroregione del Nord * di Paolo Bampo\"}]},{\"@type\":\"WebSite\",\"@id\":\"https:\\\/\\\/www.bellunopress.it\\\/#website\",\"url\":\"https:\\\/\\\/www.bellunopress.it\\\/\",\"name\":\"Bellunopress - Dolomiti\",\"description\":\"e-mail: redazione@bellunopress.it\",\"publisher\":{\"@id\":\"https:\\\/\\\/www.bellunopress.it\\\/#organization\"},\"potentialAction\":[{\"@type\":\"SearchAction\",\"target\":{\"@type\":\"EntryPoint\",\"urlTemplate\":\"https:\\\/\\\/www.bellunopress.it\\\/?s={search_term_string}\"},\"query-input\":{\"@type\":\"PropertyValueSpecification\",\"valueRequired\":true,\"valueName\":\"search_term_string\"}}],\"inLanguage\":\"fr-FR\"},{\"@type\":\"Organization\",\"@id\":\"https:\\\/\\\/www.bellunopress.it\\\/#organization\",\"name\":\"Bellunopress\",\"url\":\"https:\\\/\\\/www.bellunopress.it\\\/\",\"logo\":{\"@type\":\"ImageObject\",\"inLanguage\":\"fr-FR\",\"@id\":\"https:\\\/\\\/www.bellunopress.it\\\/#\\\/schema\\\/logo\\\/image\\\/\",\"url\":\"https:\\\/\\\/www.bellunopress.it\\\/wp-content\\\/uploads\\\/2011\\\/05\\\/cropped-logo-bellunopress-.jpg\",\"contentUrl\":\"https:\\\/\\\/www.bellunopress.it\\\/wp-content\\\/uploads\\\/2011\\\/05\\\/cropped-logo-bellunopress-.jpg\",\"width\":512,\"height\":512,\"caption\":\"Bellunopress\"},\"image\":{\"@id\":\"https:\\\/\\\/www.bellunopress.it\\\/#\\\/schema\\\/logo\\\/image\\\/\"},\"sameAs\":[\"https:\\\/\\\/www.facebook.com\\\/profile.php?id=100008943462799\",\"https:\\\/\\\/x.com\\\/bellunopress\",\"https:\\\/\\\/www.linkedin.com\\\/hp\\\/?dnr=JBzUWaJfMUw8vbXJJ2tVW5-I3jZKvC4wsoxE&amp;amp;amp;amp;amp;amp;trk=nav_responsive_tab_home\",\"https:\\\/\\\/www.youtube.com\\\/channel\\\/UCxL0wu1uN0_3_7hGG0306cw\"]},{\"@type\":\"Person\",\"@id\":\"https:\\\/\\\/www.bellunopress.it\\\/#\\\/schema\\\/person\\\/79bb06722b37ece1c03d3e94beb30d73\",\"name\":\"redazione\",\"image\":{\"@type\":\"ImageObject\",\"inLanguage\":\"fr-FR\",\"@id\":\"https:\\\/\\\/secure.gravatar.com\\\/avatar\\\/37d968a2e67a6fd04c169c4bdef102d0bc5d31b2546345219e348575eb80e9a0?s=96&d=mm&r=g\",\"url\":\"https:\\\/\\\/secure.gravatar.com\\\/avatar\\\/37d968a2e67a6fd04c169c4bdef102d0bc5d31b2546345219e348575eb80e9a0?s=96&d=mm&r=g\",\"contentUrl\":\"https:\\\/\\\/secure.gravatar.com\\\/avatar\\\/37d968a2e67a6fd04c169c4bdef102d0bc5d31b2546345219e348575eb80e9a0?s=96&d=mm&r=g\",\"caption\":\"redazione\"},\"sameAs\":[\"http:\\\/\\\/www.bellunopress.it\",\"https:\\\/\\\/x.com\\\/bellunopress\"],\"url\":\"https:\\\/\\\/www.bellunopress.it\\\/fr\\\/author\\\/redazione\\\/\"}]}<\/script>\n<!-- \/ Yoast SEO plugin. -->","yoast_head_json":{"title":"L'equivoco della Macroregione del Nord  * di Paolo Bampo - Bellunopress - Dolomiti","robots":{"index":"index","follow":"follow","max-snippet":"max-snippet:-1","max-image-preview":"max-image-preview:large","max-video-preview":"max-video-preview:-1"},"canonical":"https:\/\/www.bellunopress.it\/fr\/2013\/04\/09\/lequivoco-della-macroregione-del-nord-di-paolo-bampo\/","og_locale":"fr_FR","og_type":"article","og_title":"L'equivoco della Macroregione del Nord  * di Paolo Bampo - Bellunopress - Dolomiti","og_description":"Sicuramente l\u2019appellativo di MACROREGIONE \u00e8 suggestivo ed orecchiabile per chi ha sempre sperato nell\u2019affrancamento dagli impicci dell\u2019affaristico centralismo italiano. Se poi pensiamo alle macroregioni del caro prof. Miglio entra in ballo persino il sentimento. Sarebbe per\u00f2 da capire, visto che si parla di macro-REGIONE, se con tale terminologia si intenda la definizione di un nuovo [&hellip;]","og_url":"https:\/\/www.bellunopress.it\/fr\/2013\/04\/09\/lequivoco-della-macroregione-del-nord-di-paolo-bampo\/","og_site_name":"Bellunopress - Dolomiti","article_publisher":"https:\/\/www.facebook.com\/profile.php?id=100008943462799","article_published_time":"2013-04-09T08:53:42+00:00","og_image":[{"url":"http:\/\/www.bellunopress.it\/wp-content\/uploads\/2012\/07\/logo-bellunopress-250x250-2012.jpg","type":"","width":"","height":""}],"author":"redazione","twitter_card":"summary_large_image","twitter_creator":"@bellunopress","twitter_site":"@bellunopress","twitter_misc":{"\u00c9crit par":"redazione","Dur\u00e9e de lecture estim\u00e9e":"4 minutes"},"schema":{"@context":"https:\/\/schema.org","@graph":[{"@type":"Article","@id":"https:\/\/www.bellunopress.it\/2013\/04\/09\/lequivoco-della-macroregione-del-nord-di-paolo-bampo\/#article","isPartOf":{"@id":"https:\/\/www.bellunopress.it\/2013\/04\/09\/lequivoco-della-macroregione-del-nord-di-paolo-bampo\/"},"author":{"name":"redazione","@id":"https:\/\/www.bellunopress.it\/#\/schema\/person\/79bb06722b37ece1c03d3e94beb30d73"},"headline":"L&#8217;equivoco della Macroregione del Nord * di Paolo Bampo","datePublished":"2013-04-09T08:53:42+00:00","mainEntityOfPage":{"@id":"https:\/\/www.bellunopress.it\/2013\/04\/09\/lequivoco-della-macroregione-del-nord-di-paolo-bampo\/"},"wordCount":798,"publisher":{"@id":"https:\/\/www.bellunopress.it\/#organization"},"articleSection":["Cronaca\/Politica","Lettere Opinioni","Prima Pagina"],"inLanguage":"fr-FR"},{"@type":"WebPage","@id":"https:\/\/www.bellunopress.it\/2013\/04\/09\/lequivoco-della-macroregione-del-nord-di-paolo-bampo\/","url":"https:\/\/www.bellunopress.it\/2013\/04\/09\/lequivoco-della-macroregione-del-nord-di-paolo-bampo\/","name":"L'equivoco della Macroregione del Nord * di Paolo Bampo - Bellunopress - Dolomiti","isPartOf":{"@id":"https:\/\/www.bellunopress.it\/#website"},"datePublished":"2013-04-09T08:53:42+00:00","breadcrumb":{"@id":"https:\/\/www.bellunopress.it\/2013\/04\/09\/lequivoco-della-macroregione-del-nord-di-paolo-bampo\/#breadcrumb"},"inLanguage":"fr-FR","potentialAction":[{"@type":"ReadAction","target":["https:\/\/www.bellunopress.it\/2013\/04\/09\/lequivoco-della-macroregione-del-nord-di-paolo-bampo\/"]}]},{"@type":"BreadcrumbList","@id":"https:\/\/www.bellunopress.it\/2013\/04\/09\/lequivoco-della-macroregione-del-nord-di-paolo-bampo\/#breadcrumb","itemListElement":[{"@type":"ListItem","position":1,"name":"Home","item":"https:\/\/www.bellunopress.it\/"},{"@type":"ListItem","position":2,"name":"L&#8217;equivoco della Macroregione del Nord * di Paolo Bampo"}]},{"@type":"WebSite","@id":"https:\/\/www.bellunopress.it\/#website","url":"https:\/\/www.bellunopress.it\/","name":"Bellunopress - Dolomiti","description":"e-mail: redazione@bellunopress.it","publisher":{"@id":"https:\/\/www.bellunopress.it\/#organization"},"potentialAction":[{"@type":"SearchAction","target":{"@type":"EntryPoint","urlTemplate":"https:\/\/www.bellunopress.it\/?s={search_term_string}"},"query-input":{"@type":"PropertyValueSpecification","valueRequired":true,"valueName":"search_term_string"}}],"inLanguage":"fr-FR"},{"@type":"Organization","@id":"https:\/\/www.bellunopress.it\/#organization","name":"Bellunopress","url":"https:\/\/www.bellunopress.it\/","logo":{"@type":"ImageObject","inLanguage":"fr-FR","@id":"https:\/\/www.bellunopress.it\/#\/schema\/logo\/image\/","url":"https:\/\/www.bellunopress.it\/wp-content\/uploads\/2011\/05\/cropped-logo-bellunopress-.jpg","contentUrl":"https:\/\/www.bellunopress.it\/wp-content\/uploads\/2011\/05\/cropped-logo-bellunopress-.jpg","width":512,"height":512,"caption":"Bellunopress"},"image":{"@id":"https:\/\/www.bellunopress.it\/#\/schema\/logo\/image\/"},"sameAs":["https:\/\/www.facebook.com\/profile.php?id=100008943462799","https:\/\/x.com\/bellunopress","https:\/\/www.linkedin.com\/hp\/?dnr=JBzUWaJfMUw8vbXJJ2tVW5-I3jZKvC4wsoxE&amp;amp;amp;amp;amp;amp;trk=nav_responsive_tab_home","https:\/\/www.youtube.com\/channel\/UCxL0wu1uN0_3_7hGG0306cw"]},{"@type":"Person","@id":"https:\/\/www.bellunopress.it\/#\/schema\/person\/79bb06722b37ece1c03d3e94beb30d73","name":"r\u00e9daction","image":{"@type":"ImageObject","inLanguage":"fr-FR","@id":"https:\/\/secure.gravatar.com\/avatar\/37d968a2e67a6fd04c169c4bdef102d0bc5d31b2546345219e348575eb80e9a0?s=96&d=mm&r=g","url":"https:\/\/secure.gravatar.com\/avatar\/37d968a2e67a6fd04c169c4bdef102d0bc5d31b2546345219e348575eb80e9a0?s=96&d=mm&r=g","contentUrl":"https:\/\/secure.gravatar.com\/avatar\/37d968a2e67a6fd04c169c4bdef102d0bc5d31b2546345219e348575eb80e9a0?s=96&d=mm&r=g","caption":"redazione"},"sameAs":["http:\/\/www.bellunopress.it","https:\/\/x.com\/bellunopress"],"url":"https:\/\/www.bellunopress.it\/fr\/author\/redazione\/"}]}},"_links":{"self":[{"href":"https:\/\/www.bellunopress.it\/fr\/wp-json\/wp\/v2\/posts\/48337","targetHints":{"allow":["GET"]}}],"collection":[{"href":"https:\/\/www.bellunopress.it\/fr\/wp-json\/wp\/v2\/posts"}],"about":[{"href":"https:\/\/www.bellunopress.it\/fr\/wp-json\/wp\/v2\/types\/post"}],"author":[{"embeddable":true,"href":"https:\/\/www.bellunopress.it\/fr\/wp-json\/wp\/v2\/users\/2"}],"replies":[{"embeddable":true,"href":"https:\/\/www.bellunopress.it\/fr\/wp-json\/wp\/v2\/comments?post=48337"}],"version-history":[{"count":1,"href":"https:\/\/www.bellunopress.it\/fr\/wp-json\/wp\/v2\/posts\/48337\/revisions"}],"predecessor-version":[{"id":48338,"href":"https:\/\/www.bellunopress.it\/fr\/wp-json\/wp\/v2\/posts\/48337\/revisions\/48338"}],"wp:attachment":[{"href":"https:\/\/www.bellunopress.it\/fr\/wp-json\/wp\/v2\/media?parent=48337"}],"wp:term":[{"taxonomy":"category","embeddable":true,"href":"https:\/\/www.bellunopress.it\/fr\/wp-json\/wp\/v2\/categories?post=48337"},{"taxonomy":"post_tag","embeddable":true,"href":"https:\/\/www.bellunopress.it\/fr\/wp-json\/wp\/v2\/tags?post=48337"}],"curies":[{"name":"wp","href":"https:\/\/api.w.org\/{rel}","templated":true}]}}