{"id":48333,"date":"2013-04-09T07:53:09","date_gmt":"2013-04-09T06:53:09","guid":{"rendered":"http:\/\/www.bellunopress.it\/?p=48333"},"modified":"2013-04-09T07:54:56","modified_gmt":"2013-04-09T06:54:56","slug":"sabato-a-santa-giustina-incontro-con-adriano-bassi-direttore-dorchestra-compositore-concertista-di-pianoforte","status":"publish","type":"post","link":"https:\/\/www.bellunopress.it\/fr\/2013\/04\/09\/sabato-a-santa-giustina-incontro-con-adriano-bassi-direttore-dorchestra-compositore-concertista-di-pianoforte\/","title":{"rendered":"Sabato a Santa Giustina incontro con Adriano Bassi, direttore d&#8217;orchestra, compositore, concertista di pianoforte"},"content":{"rendered":"<p>Nuovo appuntamento culturale al Centro Papa Luciani di Santa Giustina per la rassegna \u201cIllustrissimi\u201d curata da Michelangelo De Don\u00e0: sabato 13 aprile alle 20.30 serata dal titolo \u201cNote cinematografice\u201d con il m.\u00b0 Adriano Bassi che proporr\u00e0 la storia della colonna sonora da film raccontata e suonata al pianoforte.<\/p>\n<p>\u201c&#8230;A volte ci si domanda chi \u00e8 l&#8217;ispiratore di quella particolare musica, ma non ci si sofferma troppo. Subito si va a vedere chi \u00e8 il regista della pellicola senza pensare che a volte si rivive un film per quella particolare colonna sonora. Il colore del brano musicale ci anticipa se il film \u00e8 d&#8217;azione, oppure drammatico o romantico. La colonna sonora \u00e8 il filo conduttore che accompagna le immagini. Perch\u00e9 l&#8217;appellativo di colonna sonora? Nella mia conversazione ve lo spiegher\u00f2, anticipa il m.\u00e0 Bassi. E&#8217; importante conoscere i nomi degli autori che hanno composto brani entrati nella storia della cinematografia; ve li presenter\u00f2 ad uno ad uno accompagnati dall&#8217;esecuzione al pianoforte. Vi offro qualche piccola anticipazione: Casablanca, via col vento, polvere di stelle&#8230; scoprirete altre sorprese durante la serata\u201d. Il Maestro Bassi offrir\u00e0 un ampio panorama delle pi\u00f9 celebri colonne sonore di film e ci illustrer\u00e0 come e da chi hanno tratto l&#8217;ispirazione, addentrandosi anche nella storia e nella vita dei diversi autori. Il tutto intercalato dall&#8217;esecuzione al pianoforte dei brani pi\u00f9 popolari e conosciuti.<\/p>\n<p>CHI E&#8217;<\/p>\n<p>Adriano Bassi , direttore d&#8217;orchestra &#8211; compositore &#8211; concertista di pianoforte<\/p>\n<p>Milanese, studia pianoforte e composizione al Conservatorio \u201cG. Verdi\u201d. Si afferma presto come artista a tutto tondo: direttore d&#8217;orchestra, ma anche autore di teatro, compositore di opere liriche, animatore di eventi culturali. A lui si devono importanti concerti nel cuore di Milano, spesso in collaborazione con istituzioni locali. E&#8217; autore di diversi libri che intrecciano la storia della musica e del nostro territorio, oltre che giornalista e saggista.<\/p>","protected":false},"excerpt":{"rendered":"<p>Nuovo appuntamento culturale al Centro Papa Luciani di Santa Giustina per la rassegna \u201cIllustrissimi\u201d curata da Michelangelo De Don\u00e0: sabato 13 aprile alle 20.30 serata dal titolo \u201cNote cinematografice\u201d con il m.\u00b0 Adriano Bassi che proporr\u00e0 la storia della colonna sonora da film raccontata e suonata al pianoforte. \u201c&#8230;A volte ci si domanda chi \u00e8 [&hellip;]<\/p>\n","protected":false},"author":2,"featured_media":0,"comment_status":"closed","ping_status":"open","sticky":false,"template":"","format":"standard","meta":{"footnotes":""},"categories":[27,3,25],"tags":[],"class_list":["post-48333","post","type-post","status-publish","format-standard","category-appuntamenti","category-arte-cultura-spettacoli-scienza-archivi","category-pausa-caffe"],"yoast_head":"<!-- This site is optimized with the Yoast SEO plugin v28.4 - https:\/\/yoast.com\/product\/yoast-seo-wordpress\/ -->\n<title>Sabato a Santa Giustina incontro con Adriano Bassi, direttore d&#039;orchestra, compositore, concertista di pianoforte - Bellunopress - Dolomiti<\/title>\n<meta name=\"robots\" content=\"index, follow, max-snippet:-1, max-image-preview:large, max-video-preview:-1\" \/>\n<link rel=\"canonical\" href=\"https:\/\/www.bellunopress.it\/fr\/2013\/04\/09\/sabato-a-santa-giustina-incontro-con-adriano-bassi-direttore-dorchestra-compositore-concertista-di-pianoforte\/\" \/>\n<meta property=\"og:locale\" content=\"fr_FR\" \/>\n<meta property=\"og:type\" content=\"article\" \/>\n<meta property=\"og:title\" content=\"Sabato a Santa Giustina incontro con Adriano Bassi, direttore d&#039;orchestra, compositore, concertista di pianoforte - Bellunopress - Dolomiti\" \/>\n<meta property=\"og:description\" content=\"Nuovo appuntamento culturale al Centro Papa Luciani di Santa Giustina per la rassegna \u201cIllustrissimi\u201d curata da Michelangelo De Don\u00e0: sabato 13 aprile alle 20.30 serata dal titolo \u201cNote cinematografice\u201d con il m.\u00b0 Adriano Bassi che proporr\u00e0 la storia della colonna sonora da film raccontata e suonata al pianoforte. \u201c&#8230;A volte ci si domanda chi \u00e8 [&hellip;]\" \/>\n<meta property=\"og:url\" content=\"https:\/\/www.bellunopress.it\/fr\/2013\/04\/09\/sabato-a-santa-giustina-incontro-con-adriano-bassi-direttore-dorchestra-compositore-concertista-di-pianoforte\/\" \/>\n<meta property=\"og:site_name\" content=\"Bellunopress - Dolomiti\" \/>\n<meta property=\"article:publisher\" content=\"https:\/\/www.facebook.com\/profile.php?id=100008943462799\" \/>\n<meta property=\"article:published_time\" content=\"2013-04-09T06:53:09+00:00\" \/>\n<meta property=\"article:modified_time\" content=\"2013-04-09T06:54:56+00:00\" \/>\n<meta property=\"og:image\" content=\"http:\/\/www.bellunopress.it\/wp-content\/uploads\/2012\/07\/logo-bellunopress-250x250-2012.jpg\" \/>\n<meta name=\"author\" content=\"redazione\" \/>\n<meta name=\"twitter:card\" content=\"summary_large_image\" \/>\n<meta name=\"twitter:creator\" content=\"@bellunopress\" \/>\n<meta name=\"twitter:site\" content=\"@bellunopress\" \/>\n<meta name=\"twitter:label1\" content=\"\u00c9crit par\" \/>\n\t<meta name=\"twitter:data1\" content=\"redazione\" \/>\n\t<meta name=\"twitter:label2\" content=\"Dur\u00e9e de lecture estim\u00e9e\" \/>\n\t<meta name=\"twitter:data2\" content=\"1 minute\" \/>\n<script type=\"application\/ld+json\" class=\"yoast-schema-graph\">{\"@context\":\"https:\\\/\\\/schema.org\",\"@graph\":[{\"@type\":\"Article\",\"@id\":\"https:\\\/\\\/www.bellunopress.it\\\/2013\\\/04\\\/09\\\/sabato-a-santa-giustina-incontro-con-adriano-bassi-direttore-dorchestra-compositore-concertista-di-pianoforte\\\/#article\",\"isPartOf\":{\"@id\":\"https:\\\/\\\/www.bellunopress.it\\\/2013\\\/04\\\/09\\\/sabato-a-santa-giustina-incontro-con-adriano-bassi-direttore-dorchestra-compositore-concertista-di-pianoforte\\\/\"},\"author\":{\"name\":\"redazione\",\"@id\":\"https:\\\/\\\/www.bellunopress.it\\\/#\\\/schema\\\/person\\\/79bb06722b37ece1c03d3e94beb30d73\"},\"headline\":\"Sabato a Santa Giustina incontro con Adriano Bassi, direttore d&#8217;orchestra, compositore, concertista di pianoforte\",\"datePublished\":\"2013-04-09T06:53:09+00:00\",\"dateModified\":\"2013-04-09T06:54:56+00:00\",\"mainEntityOfPage\":{\"@id\":\"https:\\\/\\\/www.bellunopress.it\\\/2013\\\/04\\\/09\\\/sabato-a-santa-giustina-incontro-con-adriano-bassi-direttore-dorchestra-compositore-concertista-di-pianoforte\\\/\"},\"wordCount\":321,\"publisher\":{\"@id\":\"https:\\\/\\\/www.bellunopress.it\\\/#organization\"},\"articleSection\":[\"Appuntamenti, Eventi\",\"Arte, Cultura, Spettacoli, Scienza\",\"Pausa Caff\u00e8\"],\"inLanguage\":\"fr-FR\"},{\"@type\":\"WebPage\",\"@id\":\"https:\\\/\\\/www.bellunopress.it\\\/2013\\\/04\\\/09\\\/sabato-a-santa-giustina-incontro-con-adriano-bassi-direttore-dorchestra-compositore-concertista-di-pianoforte\\\/\",\"url\":\"https:\\\/\\\/www.bellunopress.it\\\/2013\\\/04\\\/09\\\/sabato-a-santa-giustina-incontro-con-adriano-bassi-direttore-dorchestra-compositore-concertista-di-pianoforte\\\/\",\"name\":\"Sabato a Santa Giustina incontro con Adriano Bassi, direttore d'orchestra, compositore, concertista di pianoforte - Bellunopress - Dolomiti\",\"isPartOf\":{\"@id\":\"https:\\\/\\\/www.bellunopress.it\\\/#website\"},\"datePublished\":\"2013-04-09T06:53:09+00:00\",\"dateModified\":\"2013-04-09T06:54:56+00:00\",\"breadcrumb\":{\"@id\":\"https:\\\/\\\/www.bellunopress.it\\\/2013\\\/04\\\/09\\\/sabato-a-santa-giustina-incontro-con-adriano-bassi-direttore-dorchestra-compositore-concertista-di-pianoforte\\\/#breadcrumb\"},\"inLanguage\":\"fr-FR\",\"potentialAction\":[{\"@type\":\"ReadAction\",\"target\":[\"https:\\\/\\\/www.bellunopress.it\\\/2013\\\/04\\\/09\\\/sabato-a-santa-giustina-incontro-con-adriano-bassi-direttore-dorchestra-compositore-concertista-di-pianoforte\\\/\"]}]},{\"@type\":\"BreadcrumbList\",\"@id\":\"https:\\\/\\\/www.bellunopress.it\\\/2013\\\/04\\\/09\\\/sabato-a-santa-giustina-incontro-con-adriano-bassi-direttore-dorchestra-compositore-concertista-di-pianoforte\\\/#breadcrumb\",\"itemListElement\":[{\"@type\":\"ListItem\",\"position\":1,\"name\":\"Home\",\"item\":\"https:\\\/\\\/www.bellunopress.it\\\/\"},{\"@type\":\"ListItem\",\"position\":2,\"name\":\"Sabato a Santa Giustina incontro con Adriano Bassi, direttore d&#8217;orchestra, compositore, concertista di pianoforte\"}]},{\"@type\":\"WebSite\",\"@id\":\"https:\\\/\\\/www.bellunopress.it\\\/#website\",\"url\":\"https:\\\/\\\/www.bellunopress.it\\\/\",\"name\":\"Bellunopress - Dolomiti\",\"description\":\"e-mail: redazione@bellunopress.it\",\"publisher\":{\"@id\":\"https:\\\/\\\/www.bellunopress.it\\\/#organization\"},\"potentialAction\":[{\"@type\":\"SearchAction\",\"target\":{\"@type\":\"EntryPoint\",\"urlTemplate\":\"https:\\\/\\\/www.bellunopress.it\\\/?s={search_term_string}\"},\"query-input\":{\"@type\":\"PropertyValueSpecification\",\"valueRequired\":true,\"valueName\":\"search_term_string\"}}],\"inLanguage\":\"fr-FR\"},{\"@type\":\"Organization\",\"@id\":\"https:\\\/\\\/www.bellunopress.it\\\/#organization\",\"name\":\"Bellunopress\",\"url\":\"https:\\\/\\\/www.bellunopress.it\\\/\",\"logo\":{\"@type\":\"ImageObject\",\"inLanguage\":\"fr-FR\",\"@id\":\"https:\\\/\\\/www.bellunopress.it\\\/#\\\/schema\\\/logo\\\/image\\\/\",\"url\":\"https:\\\/\\\/www.bellunopress.it\\\/wp-content\\\/uploads\\\/2011\\\/05\\\/cropped-logo-bellunopress-.jpg\",\"contentUrl\":\"https:\\\/\\\/www.bellunopress.it\\\/wp-content\\\/uploads\\\/2011\\\/05\\\/cropped-logo-bellunopress-.jpg\",\"width\":512,\"height\":512,\"caption\":\"Bellunopress\"},\"image\":{\"@id\":\"https:\\\/\\\/www.bellunopress.it\\\/#\\\/schema\\\/logo\\\/image\\\/\"},\"sameAs\":[\"https:\\\/\\\/www.facebook.com\\\/profile.php?id=100008943462799\",\"https:\\\/\\\/x.com\\\/bellunopress\",\"https:\\\/\\\/www.linkedin.com\\\/hp\\\/?dnr=JBzUWaJfMUw8vbXJJ2tVW5-I3jZKvC4wsoxE&amp;amp;amp;amp;amp;amp;trk=nav_responsive_tab_home\",\"https:\\\/\\\/www.youtube.com\\\/channel\\\/UCxL0wu1uN0_3_7hGG0306cw\"]},{\"@type\":\"Person\",\"@id\":\"https:\\\/\\\/www.bellunopress.it\\\/#\\\/schema\\\/person\\\/79bb06722b37ece1c03d3e94beb30d73\",\"name\":\"redazione\",\"image\":{\"@type\":\"ImageObject\",\"inLanguage\":\"fr-FR\",\"@id\":\"https:\\\/\\\/secure.gravatar.com\\\/avatar\\\/37d968a2e67a6fd04c169c4bdef102d0bc5d31b2546345219e348575eb80e9a0?s=96&d=mm&r=g\",\"url\":\"https:\\\/\\\/secure.gravatar.com\\\/avatar\\\/37d968a2e67a6fd04c169c4bdef102d0bc5d31b2546345219e348575eb80e9a0?s=96&d=mm&r=g\",\"contentUrl\":\"https:\\\/\\\/secure.gravatar.com\\\/avatar\\\/37d968a2e67a6fd04c169c4bdef102d0bc5d31b2546345219e348575eb80e9a0?s=96&d=mm&r=g\",\"caption\":\"redazione\"},\"sameAs\":[\"http:\\\/\\\/www.bellunopress.it\",\"https:\\\/\\\/x.com\\\/bellunopress\"],\"url\":\"https:\\\/\\\/www.bellunopress.it\\\/fr\\\/author\\\/redazione\\\/\"}]}<\/script>\n<!-- \/ Yoast SEO plugin. -->","yoast_head_json":{"title":"Sabato a Santa Giustina incontro con Adriano Bassi, direttore d'orchestra, compositore, concertista di pianoforte - Bellunopress - Dolomiti","robots":{"index":"index","follow":"follow","max-snippet":"max-snippet:-1","max-image-preview":"max-image-preview:large","max-video-preview":"max-video-preview:-1"},"canonical":"https:\/\/www.bellunopress.it\/fr\/2013\/04\/09\/sabato-a-santa-giustina-incontro-con-adriano-bassi-direttore-dorchestra-compositore-concertista-di-pianoforte\/","og_locale":"fr_FR","og_type":"article","og_title":"Sabato a Santa Giustina incontro con Adriano Bassi, direttore d'orchestra, compositore, concertista di pianoforte - Bellunopress - Dolomiti","og_description":"Nuovo appuntamento culturale al Centro Papa Luciani di Santa Giustina per la rassegna \u201cIllustrissimi\u201d curata da Michelangelo De Don\u00e0: sabato 13 aprile alle 20.30 serata dal titolo \u201cNote cinematografice\u201d con il m.\u00b0 Adriano Bassi che proporr\u00e0 la storia della colonna sonora da film raccontata e suonata al pianoforte. \u201c&#8230;A volte ci si domanda chi \u00e8 [&hellip;]","og_url":"https:\/\/www.bellunopress.it\/fr\/2013\/04\/09\/sabato-a-santa-giustina-incontro-con-adriano-bassi-direttore-dorchestra-compositore-concertista-di-pianoforte\/","og_site_name":"Bellunopress - Dolomiti","article_publisher":"https:\/\/www.facebook.com\/profile.php?id=100008943462799","article_published_time":"2013-04-09T06:53:09+00:00","article_modified_time":"2013-04-09T06:54:56+00:00","og_image":[{"url":"http:\/\/www.bellunopress.it\/wp-content\/uploads\/2012\/07\/logo-bellunopress-250x250-2012.jpg","type":"","width":"","height":""}],"author":"redazione","twitter_card":"summary_large_image","twitter_creator":"@bellunopress","twitter_site":"@bellunopress","twitter_misc":{"\u00c9crit par":"redazione","Dur\u00e9e de lecture estim\u00e9e":"1 minute"},"schema":{"@context":"https:\/\/schema.org","@graph":[{"@type":"Article","@id":"https:\/\/www.bellunopress.it\/2013\/04\/09\/sabato-a-santa-giustina-incontro-con-adriano-bassi-direttore-dorchestra-compositore-concertista-di-pianoforte\/#article","isPartOf":{"@id":"https:\/\/www.bellunopress.it\/2013\/04\/09\/sabato-a-santa-giustina-incontro-con-adriano-bassi-direttore-dorchestra-compositore-concertista-di-pianoforte\/"},"author":{"name":"redazione","@id":"https:\/\/www.bellunopress.it\/#\/schema\/person\/79bb06722b37ece1c03d3e94beb30d73"},"headline":"Sabato a Santa Giustina incontro con Adriano Bassi, direttore d&#8217;orchestra, compositore, concertista di pianoforte","datePublished":"2013-04-09T06:53:09+00:00","dateModified":"2013-04-09T06:54:56+00:00","mainEntityOfPage":{"@id":"https:\/\/www.bellunopress.it\/2013\/04\/09\/sabato-a-santa-giustina-incontro-con-adriano-bassi-direttore-dorchestra-compositore-concertista-di-pianoforte\/"},"wordCount":321,"publisher":{"@id":"https:\/\/www.bellunopress.it\/#organization"},"articleSection":["Appuntamenti, Eventi","Arte, Cultura, Spettacoli, Scienza","Pausa Caff\u00e8"],"inLanguage":"fr-FR"},{"@type":"WebPage","@id":"https:\/\/www.bellunopress.it\/2013\/04\/09\/sabato-a-santa-giustina-incontro-con-adriano-bassi-direttore-dorchestra-compositore-concertista-di-pianoforte\/","url":"https:\/\/www.bellunopress.it\/2013\/04\/09\/sabato-a-santa-giustina-incontro-con-adriano-bassi-direttore-dorchestra-compositore-concertista-di-pianoforte\/","name":"Sabato a Santa Giustina incontro con Adriano Bassi, direttore d'orchestra, compositore, concertista di pianoforte - Bellunopress - Dolomiti","isPartOf":{"@id":"https:\/\/www.bellunopress.it\/#website"},"datePublished":"2013-04-09T06:53:09+00:00","dateModified":"2013-04-09T06:54:56+00:00","breadcrumb":{"@id":"https:\/\/www.bellunopress.it\/2013\/04\/09\/sabato-a-santa-giustina-incontro-con-adriano-bassi-direttore-dorchestra-compositore-concertista-di-pianoforte\/#breadcrumb"},"inLanguage":"fr-FR","potentialAction":[{"@type":"ReadAction","target":["https:\/\/www.bellunopress.it\/2013\/04\/09\/sabato-a-santa-giustina-incontro-con-adriano-bassi-direttore-dorchestra-compositore-concertista-di-pianoforte\/"]}]},{"@type":"BreadcrumbList","@id":"https:\/\/www.bellunopress.it\/2013\/04\/09\/sabato-a-santa-giustina-incontro-con-adriano-bassi-direttore-dorchestra-compositore-concertista-di-pianoforte\/#breadcrumb","itemListElement":[{"@type":"ListItem","position":1,"name":"Home","item":"https:\/\/www.bellunopress.it\/"},{"@type":"ListItem","position":2,"name":"Sabato a Santa Giustina incontro con Adriano Bassi, direttore d&#8217;orchestra, compositore, concertista di pianoforte"}]},{"@type":"WebSite","@id":"https:\/\/www.bellunopress.it\/#website","url":"https:\/\/www.bellunopress.it\/","name":"Bellunopress - Dolomiti","description":"e-mail: redazione@bellunopress.it","publisher":{"@id":"https:\/\/www.bellunopress.it\/#organization"},"potentialAction":[{"@type":"SearchAction","target":{"@type":"EntryPoint","urlTemplate":"https:\/\/www.bellunopress.it\/?s={search_term_string}"},"query-input":{"@type":"PropertyValueSpecification","valueRequired":true,"valueName":"search_term_string"}}],"inLanguage":"fr-FR"},{"@type":"Organization","@id":"https:\/\/www.bellunopress.it\/#organization","name":"Bellunopress","url":"https:\/\/www.bellunopress.it\/","logo":{"@type":"ImageObject","inLanguage":"fr-FR","@id":"https:\/\/www.bellunopress.it\/#\/schema\/logo\/image\/","url":"https:\/\/www.bellunopress.it\/wp-content\/uploads\/2011\/05\/cropped-logo-bellunopress-.jpg","contentUrl":"https:\/\/www.bellunopress.it\/wp-content\/uploads\/2011\/05\/cropped-logo-bellunopress-.jpg","width":512,"height":512,"caption":"Bellunopress"},"image":{"@id":"https:\/\/www.bellunopress.it\/#\/schema\/logo\/image\/"},"sameAs":["https:\/\/www.facebook.com\/profile.php?id=100008943462799","https:\/\/x.com\/bellunopress","https:\/\/www.linkedin.com\/hp\/?dnr=JBzUWaJfMUw8vbXJJ2tVW5-I3jZKvC4wsoxE&amp;amp;amp;amp;amp;amp;trk=nav_responsive_tab_home","https:\/\/www.youtube.com\/channel\/UCxL0wu1uN0_3_7hGG0306cw"]},{"@type":"Person","@id":"https:\/\/www.bellunopress.it\/#\/schema\/person\/79bb06722b37ece1c03d3e94beb30d73","name":"r\u00e9daction","image":{"@type":"ImageObject","inLanguage":"fr-FR","@id":"https:\/\/secure.gravatar.com\/avatar\/37d968a2e67a6fd04c169c4bdef102d0bc5d31b2546345219e348575eb80e9a0?s=96&d=mm&r=g","url":"https:\/\/secure.gravatar.com\/avatar\/37d968a2e67a6fd04c169c4bdef102d0bc5d31b2546345219e348575eb80e9a0?s=96&d=mm&r=g","contentUrl":"https:\/\/secure.gravatar.com\/avatar\/37d968a2e67a6fd04c169c4bdef102d0bc5d31b2546345219e348575eb80e9a0?s=96&d=mm&r=g","caption":"redazione"},"sameAs":["http:\/\/www.bellunopress.it","https:\/\/x.com\/bellunopress"],"url":"https:\/\/www.bellunopress.it\/fr\/author\/redazione\/"}]}},"_links":{"self":[{"href":"https:\/\/www.bellunopress.it\/fr\/wp-json\/wp\/v2\/posts\/48333","targetHints":{"allow":["GET"]}}],"collection":[{"href":"https:\/\/www.bellunopress.it\/fr\/wp-json\/wp\/v2\/posts"}],"about":[{"href":"https:\/\/www.bellunopress.it\/fr\/wp-json\/wp\/v2\/types\/post"}],"author":[{"embeddable":true,"href":"https:\/\/www.bellunopress.it\/fr\/wp-json\/wp\/v2\/users\/2"}],"replies":[{"embeddable":true,"href":"https:\/\/www.bellunopress.it\/fr\/wp-json\/wp\/v2\/comments?post=48333"}],"version-history":[{"count":3,"href":"https:\/\/www.bellunopress.it\/fr\/wp-json\/wp\/v2\/posts\/48333\/revisions"}],"predecessor-version":[{"id":48335,"href":"https:\/\/www.bellunopress.it\/fr\/wp-json\/wp\/v2\/posts\/48333\/revisions\/48335"}],"wp:attachment":[{"href":"https:\/\/www.bellunopress.it\/fr\/wp-json\/wp\/v2\/media?parent=48333"}],"wp:term":[{"taxonomy":"category","embeddable":true,"href":"https:\/\/www.bellunopress.it\/fr\/wp-json\/wp\/v2\/categories?post=48333"},{"taxonomy":"post_tag","embeddable":true,"href":"https:\/\/www.bellunopress.it\/fr\/wp-json\/wp\/v2\/tags?post=48333"}],"curies":[{"name":"wp","href":"https:\/\/api.w.org\/{rel}","templated":true}]}}