{"id":48303,"date":"2013-04-08T06:57:05","date_gmt":"2013-04-08T05:57:05","guid":{"rendered":"http:\/\/www.bellunopress.it\/?p=48303"},"modified":"2013-04-08T06:57:05","modified_gmt":"2013-04-08T05:57:05","slug":"come-litigare-in-modo-costruttivo-giovedi-sera-a-feltre-con-la-consulta-giovanile-diciamo-la-nostra","status":"publish","type":"post","link":"https:\/\/www.bellunopress.it\/fr\/2013\/04\/08\/come-litigare-in-modo-costruttivo-giovedi-sera-a-feltre-con-la-consulta-giovanile-diciamo-la-nostra\/","title":{"rendered":"\u201cCome litigare in modo costruttivo\u201d Gioved\u00ec sera a Feltre con la Consulta Giovanile \u201cDiciamo La Nostra!\u201d"},"content":{"rendered":"<p>Litigare \u00e8 normale, per tutte le coppie. Che sia per uno screzio passeggero, per un&#8217;incomprensione o per stanchezza, tutti gli innamorati prima o poi discutono, anche se \u00e8 da poco che sono insieme e il loro amore \u00e8 ancora forte e appassionato.<\/p>\n<p>Ma per far s\u00ec che la lite sia un punto di forza della coppia, il confronto deve avere dei limiti e non sfociare in reazioni esagerate.<\/p>\n<p>Non si cresce se in uno scontro ci si ferisce, ci si offende e non ci si rispetta.<\/p>\n<p>Insomma, se \u00e8 vero che litigare \u00e8 del tutto normale, \u00e8 anche vero che bisogna saper gestire bene le incomprensioni, per far s\u00ec che non diventino motivo di divisione, ma un modo per conoscersi meglio e avere un&#8217;occasione in pi\u00f9&#8230; per fare pace.<\/p>\n<p>Di questo, ma anche dei risvolti legali che pu\u00f2 avere un litigio in una relazione di coppia, si discuter\u00e0 gioved\u00ec 11 aprile, alle ore 20.30 nella sede dello Spazio Giovani dell\u2019ex manifattura Piave di Feltre, in occasione della seconda serata del ciclo di incontri \u201cDestinazione Coppia\u201d ideati e realizzati dalla Consulta Giovanile \u201cDiciamo La Nostra!\u201d in collaborazione con l\u2019Azione Cattolica Italiana e il Consultorio Familiare dell\u2019ULSS 2.<\/p>\n<p>Relatrici della serata, Pierina Levorato psicologa e psicoterapeuta del Consultorio Familiare pubblico e l\u2019avvocato Roberta Resenterra.<\/p>\n<p>&nbsp;<\/p>","protected":false},"excerpt":{"rendered":"<p>Litigare \u00e8 normale, per tutte le coppie. Che sia per uno screzio passeggero, per un&#8217;incomprensione o per stanchezza, tutti gli innamorati prima o poi discutono, anche se \u00e8 da poco che sono insieme e il loro amore \u00e8 ancora forte e appassionato. Ma per far s\u00ec che la lite sia un punto di forza della [&hellip;]<\/p>\n","protected":false},"author":2,"featured_media":0,"comment_status":"closed","ping_status":"open","sticky":false,"template":"","format":"standard","meta":{"footnotes":""},"categories":[27,25,8],"tags":[],"class_list":["post-48303","post","type-post","status-publish","format-standard","category-appuntamenti","category-pausa-caffe","category-societa-istituzioni"],"yoast_head":"<!-- This site is optimized with the Yoast SEO plugin v28.4 - https:\/\/yoast.com\/product\/yoast-seo-wordpress\/ -->\n<title>\u201cCome litigare in modo costruttivo\u201d Gioved\u00ec sera a Feltre con la Consulta Giovanile \u201cDiciamo La Nostra!\u201d  - Bellunopress - Dolomiti<\/title>\n<meta name=\"robots\" content=\"index, follow, max-snippet:-1, max-image-preview:large, max-video-preview:-1\" \/>\n<link rel=\"canonical\" href=\"https:\/\/www.bellunopress.it\/fr\/2013\/04\/08\/come-litigare-in-modo-costruttivo-giovedi-sera-a-feltre-con-la-consulta-giovanile-diciamo-la-nostra\/\" \/>\n<meta property=\"og:locale\" content=\"fr_FR\" \/>\n<meta property=\"og:type\" content=\"article\" \/>\n<meta property=\"og:title\" content=\"\u201cCome litigare in modo costruttivo\u201d Gioved\u00ec sera a Feltre con la Consulta Giovanile \u201cDiciamo La Nostra!\u201d  - Bellunopress - Dolomiti\" \/>\n<meta property=\"og:description\" content=\"Litigare \u00e8 normale, per tutte le coppie. Che sia per uno screzio passeggero, per un&#8217;incomprensione o per stanchezza, tutti gli innamorati prima o poi discutono, anche se \u00e8 da poco che sono insieme e il loro amore \u00e8 ancora forte e appassionato. Ma per far s\u00ec che la lite sia un punto di forza della [&hellip;]\" \/>\n<meta property=\"og:url\" content=\"https:\/\/www.bellunopress.it\/fr\/2013\/04\/08\/come-litigare-in-modo-costruttivo-giovedi-sera-a-feltre-con-la-consulta-giovanile-diciamo-la-nostra\/\" \/>\n<meta property=\"og:site_name\" content=\"Bellunopress - Dolomiti\" \/>\n<meta property=\"article:publisher\" content=\"https:\/\/www.facebook.com\/profile.php?id=100008943462799\" \/>\n<meta property=\"article:published_time\" content=\"2013-04-08T05:57:05+00:00\" \/>\n<meta property=\"og:image\" content=\"http:\/\/www.bellunopress.it\/wp-content\/uploads\/2012\/07\/logo-bellunopress-250x250-2012.jpg\" \/>\n<meta name=\"author\" content=\"redazione\" \/>\n<meta name=\"twitter:card\" content=\"summary_large_image\" \/>\n<meta name=\"twitter:creator\" content=\"@bellunopress\" \/>\n<meta name=\"twitter:site\" content=\"@bellunopress\" \/>\n<meta name=\"twitter:label1\" content=\"\u00c9crit par\" \/>\n\t<meta name=\"twitter:data1\" content=\"redazione\" \/>\n\t<meta name=\"twitter:label2\" content=\"Dur\u00e9e de lecture estim\u00e9e\" \/>\n\t<meta name=\"twitter:data2\" content=\"1 minute\" \/>\n<script type=\"application\/ld+json\" class=\"yoast-schema-graph\">{\"@context\":\"https:\\\/\\\/schema.org\",\"@graph\":[{\"@type\":\"Article\",\"@id\":\"https:\\\/\\\/www.bellunopress.it\\\/2013\\\/04\\\/08\\\/come-litigare-in-modo-costruttivo-giovedi-sera-a-feltre-con-la-consulta-giovanile-diciamo-la-nostra\\\/#article\",\"isPartOf\":{\"@id\":\"https:\\\/\\\/www.bellunopress.it\\\/2013\\\/04\\\/08\\\/come-litigare-in-modo-costruttivo-giovedi-sera-a-feltre-con-la-consulta-giovanile-diciamo-la-nostra\\\/\"},\"author\":{\"name\":\"redazione\",\"@id\":\"https:\\\/\\\/www.bellunopress.it\\\/#\\\/schema\\\/person\\\/79bb06722b37ece1c03d3e94beb30d73\"},\"headline\":\"\u201cCome litigare in modo costruttivo\u201d Gioved\u00ec sera a Feltre con la Consulta Giovanile \u201cDiciamo La Nostra!\u201d\",\"datePublished\":\"2013-04-08T05:57:05+00:00\",\"mainEntityOfPage\":{\"@id\":\"https:\\\/\\\/www.bellunopress.it\\\/2013\\\/04\\\/08\\\/come-litigare-in-modo-costruttivo-giovedi-sera-a-feltre-con-la-consulta-giovanile-diciamo-la-nostra\\\/\"},\"wordCount\":226,\"publisher\":{\"@id\":\"https:\\\/\\\/www.bellunopress.it\\\/#organization\"},\"articleSection\":[\"Appuntamenti, Eventi\",\"Pausa Caff\u00e8\",\"Societ\u00e0, Associazioni, Istituzioni\"],\"inLanguage\":\"fr-FR\"},{\"@type\":\"WebPage\",\"@id\":\"https:\\\/\\\/www.bellunopress.it\\\/2013\\\/04\\\/08\\\/come-litigare-in-modo-costruttivo-giovedi-sera-a-feltre-con-la-consulta-giovanile-diciamo-la-nostra\\\/\",\"url\":\"https:\\\/\\\/www.bellunopress.it\\\/2013\\\/04\\\/08\\\/come-litigare-in-modo-costruttivo-giovedi-sera-a-feltre-con-la-consulta-giovanile-diciamo-la-nostra\\\/\",\"name\":\"\u201cCome litigare in modo costruttivo\u201d Gioved\u00ec sera a Feltre con la Consulta Giovanile \u201cDiciamo La Nostra!\u201d - Bellunopress - Dolomiti\",\"isPartOf\":{\"@id\":\"https:\\\/\\\/www.bellunopress.it\\\/#website\"},\"datePublished\":\"2013-04-08T05:57:05+00:00\",\"breadcrumb\":{\"@id\":\"https:\\\/\\\/www.bellunopress.it\\\/2013\\\/04\\\/08\\\/come-litigare-in-modo-costruttivo-giovedi-sera-a-feltre-con-la-consulta-giovanile-diciamo-la-nostra\\\/#breadcrumb\"},\"inLanguage\":\"fr-FR\",\"potentialAction\":[{\"@type\":\"ReadAction\",\"target\":[\"https:\\\/\\\/www.bellunopress.it\\\/2013\\\/04\\\/08\\\/come-litigare-in-modo-costruttivo-giovedi-sera-a-feltre-con-la-consulta-giovanile-diciamo-la-nostra\\\/\"]}]},{\"@type\":\"BreadcrumbList\",\"@id\":\"https:\\\/\\\/www.bellunopress.it\\\/2013\\\/04\\\/08\\\/come-litigare-in-modo-costruttivo-giovedi-sera-a-feltre-con-la-consulta-giovanile-diciamo-la-nostra\\\/#breadcrumb\",\"itemListElement\":[{\"@type\":\"ListItem\",\"position\":1,\"name\":\"Home\",\"item\":\"https:\\\/\\\/www.bellunopress.it\\\/\"},{\"@type\":\"ListItem\",\"position\":2,\"name\":\"\u201cCome litigare in modo costruttivo\u201d Gioved\u00ec sera a Feltre con la Consulta Giovanile \u201cDiciamo La Nostra!\u201d\"}]},{\"@type\":\"WebSite\",\"@id\":\"https:\\\/\\\/www.bellunopress.it\\\/#website\",\"url\":\"https:\\\/\\\/www.bellunopress.it\\\/\",\"name\":\"Bellunopress - Dolomiti\",\"description\":\"e-mail: redazione@bellunopress.it\",\"publisher\":{\"@id\":\"https:\\\/\\\/www.bellunopress.it\\\/#organization\"},\"potentialAction\":[{\"@type\":\"SearchAction\",\"target\":{\"@type\":\"EntryPoint\",\"urlTemplate\":\"https:\\\/\\\/www.bellunopress.it\\\/?s={search_term_string}\"},\"query-input\":{\"@type\":\"PropertyValueSpecification\",\"valueRequired\":true,\"valueName\":\"search_term_string\"}}],\"inLanguage\":\"fr-FR\"},{\"@type\":\"Organization\",\"@id\":\"https:\\\/\\\/www.bellunopress.it\\\/#organization\",\"name\":\"Bellunopress\",\"url\":\"https:\\\/\\\/www.bellunopress.it\\\/\",\"logo\":{\"@type\":\"ImageObject\",\"inLanguage\":\"fr-FR\",\"@id\":\"https:\\\/\\\/www.bellunopress.it\\\/#\\\/schema\\\/logo\\\/image\\\/\",\"url\":\"https:\\\/\\\/www.bellunopress.it\\\/wp-content\\\/uploads\\\/2011\\\/05\\\/cropped-logo-bellunopress-.jpg\",\"contentUrl\":\"https:\\\/\\\/www.bellunopress.it\\\/wp-content\\\/uploads\\\/2011\\\/05\\\/cropped-logo-bellunopress-.jpg\",\"width\":512,\"height\":512,\"caption\":\"Bellunopress\"},\"image\":{\"@id\":\"https:\\\/\\\/www.bellunopress.it\\\/#\\\/schema\\\/logo\\\/image\\\/\"},\"sameAs\":[\"https:\\\/\\\/www.facebook.com\\\/profile.php?id=100008943462799\",\"https:\\\/\\\/x.com\\\/bellunopress\",\"https:\\\/\\\/www.linkedin.com\\\/hp\\\/?dnr=JBzUWaJfMUw8vbXJJ2tVW5-I3jZKvC4wsoxE&amp;amp;amp;amp;amp;amp;trk=nav_responsive_tab_home\",\"https:\\\/\\\/www.youtube.com\\\/channel\\\/UCxL0wu1uN0_3_7hGG0306cw\"]},{\"@type\":\"Person\",\"@id\":\"https:\\\/\\\/www.bellunopress.it\\\/#\\\/schema\\\/person\\\/79bb06722b37ece1c03d3e94beb30d73\",\"name\":\"redazione\",\"image\":{\"@type\":\"ImageObject\",\"inLanguage\":\"fr-FR\",\"@id\":\"https:\\\/\\\/secure.gravatar.com\\\/avatar\\\/37d968a2e67a6fd04c169c4bdef102d0bc5d31b2546345219e348575eb80e9a0?s=96&d=mm&r=g\",\"url\":\"https:\\\/\\\/secure.gravatar.com\\\/avatar\\\/37d968a2e67a6fd04c169c4bdef102d0bc5d31b2546345219e348575eb80e9a0?s=96&d=mm&r=g\",\"contentUrl\":\"https:\\\/\\\/secure.gravatar.com\\\/avatar\\\/37d968a2e67a6fd04c169c4bdef102d0bc5d31b2546345219e348575eb80e9a0?s=96&d=mm&r=g\",\"caption\":\"redazione\"},\"sameAs\":[\"http:\\\/\\\/www.bellunopress.it\",\"https:\\\/\\\/x.com\\\/bellunopress\"],\"url\":\"https:\\\/\\\/www.bellunopress.it\\\/fr\\\/author\\\/redazione\\\/\"}]}<\/script>\n<!-- \/ Yoast SEO plugin. -->","yoast_head_json":{"title":"\u201cCome litigare in modo costruttivo\u201d Gioved\u00ec sera a Feltre con la Consulta Giovanile \u201cDiciamo La Nostra!\u201d  - Bellunopress - Dolomiti","robots":{"index":"index","follow":"follow","max-snippet":"max-snippet:-1","max-image-preview":"max-image-preview:large","max-video-preview":"max-video-preview:-1"},"canonical":"https:\/\/www.bellunopress.it\/fr\/2013\/04\/08\/come-litigare-in-modo-costruttivo-giovedi-sera-a-feltre-con-la-consulta-giovanile-diciamo-la-nostra\/","og_locale":"fr_FR","og_type":"article","og_title":"\u201cCome litigare in modo costruttivo\u201d Gioved\u00ec sera a Feltre con la Consulta Giovanile \u201cDiciamo La Nostra!\u201d  - Bellunopress - Dolomiti","og_description":"Litigare \u00e8 normale, per tutte le coppie. Che sia per uno screzio passeggero, per un&#8217;incomprensione o per stanchezza, tutti gli innamorati prima o poi discutono, anche se \u00e8 da poco che sono insieme e il loro amore \u00e8 ancora forte e appassionato. Ma per far s\u00ec che la lite sia un punto di forza della [&hellip;]","og_url":"https:\/\/www.bellunopress.it\/fr\/2013\/04\/08\/come-litigare-in-modo-costruttivo-giovedi-sera-a-feltre-con-la-consulta-giovanile-diciamo-la-nostra\/","og_site_name":"Bellunopress - Dolomiti","article_publisher":"https:\/\/www.facebook.com\/profile.php?id=100008943462799","article_published_time":"2013-04-08T05:57:05+00:00","og_image":[{"url":"http:\/\/www.bellunopress.it\/wp-content\/uploads\/2012\/07\/logo-bellunopress-250x250-2012.jpg","type":"","width":"","height":""}],"author":"redazione","twitter_card":"summary_large_image","twitter_creator":"@bellunopress","twitter_site":"@bellunopress","twitter_misc":{"\u00c9crit par":"redazione","Dur\u00e9e de lecture estim\u00e9e":"1 minute"},"schema":{"@context":"https:\/\/schema.org","@graph":[{"@type":"Article","@id":"https:\/\/www.bellunopress.it\/2013\/04\/08\/come-litigare-in-modo-costruttivo-giovedi-sera-a-feltre-con-la-consulta-giovanile-diciamo-la-nostra\/#article","isPartOf":{"@id":"https:\/\/www.bellunopress.it\/2013\/04\/08\/come-litigare-in-modo-costruttivo-giovedi-sera-a-feltre-con-la-consulta-giovanile-diciamo-la-nostra\/"},"author":{"name":"redazione","@id":"https:\/\/www.bellunopress.it\/#\/schema\/person\/79bb06722b37ece1c03d3e94beb30d73"},"headline":"\u201cCome litigare in modo costruttivo\u201d Gioved\u00ec sera a Feltre con la Consulta Giovanile \u201cDiciamo La Nostra!\u201d","datePublished":"2013-04-08T05:57:05+00:00","mainEntityOfPage":{"@id":"https:\/\/www.bellunopress.it\/2013\/04\/08\/come-litigare-in-modo-costruttivo-giovedi-sera-a-feltre-con-la-consulta-giovanile-diciamo-la-nostra\/"},"wordCount":226,"publisher":{"@id":"https:\/\/www.bellunopress.it\/#organization"},"articleSection":["Appuntamenti, Eventi","Pausa Caff\u00e8","Societ\u00e0, Associazioni, Istituzioni"],"inLanguage":"fr-FR"},{"@type":"WebPage","@id":"https:\/\/www.bellunopress.it\/2013\/04\/08\/come-litigare-in-modo-costruttivo-giovedi-sera-a-feltre-con-la-consulta-giovanile-diciamo-la-nostra\/","url":"https:\/\/www.bellunopress.it\/2013\/04\/08\/come-litigare-in-modo-costruttivo-giovedi-sera-a-feltre-con-la-consulta-giovanile-diciamo-la-nostra\/","name":"\u201cCome litigare in modo costruttivo\u201d Gioved\u00ec sera a Feltre con la Consulta Giovanile \u201cDiciamo La Nostra!\u201d - Bellunopress - Dolomiti","isPartOf":{"@id":"https:\/\/www.bellunopress.it\/#website"},"datePublished":"2013-04-08T05:57:05+00:00","breadcrumb":{"@id":"https:\/\/www.bellunopress.it\/2013\/04\/08\/come-litigare-in-modo-costruttivo-giovedi-sera-a-feltre-con-la-consulta-giovanile-diciamo-la-nostra\/#breadcrumb"},"inLanguage":"fr-FR","potentialAction":[{"@type":"ReadAction","target":["https:\/\/www.bellunopress.it\/2013\/04\/08\/come-litigare-in-modo-costruttivo-giovedi-sera-a-feltre-con-la-consulta-giovanile-diciamo-la-nostra\/"]}]},{"@type":"BreadcrumbList","@id":"https:\/\/www.bellunopress.it\/2013\/04\/08\/come-litigare-in-modo-costruttivo-giovedi-sera-a-feltre-con-la-consulta-giovanile-diciamo-la-nostra\/#breadcrumb","itemListElement":[{"@type":"ListItem","position":1,"name":"Home","item":"https:\/\/www.bellunopress.it\/"},{"@type":"ListItem","position":2,"name":"\u201cCome litigare in modo costruttivo\u201d Gioved\u00ec sera a Feltre con la Consulta Giovanile \u201cDiciamo La Nostra!\u201d"}]},{"@type":"WebSite","@id":"https:\/\/www.bellunopress.it\/#website","url":"https:\/\/www.bellunopress.it\/","name":"Bellunopress - Dolomiti","description":"e-mail: redazione@bellunopress.it","publisher":{"@id":"https:\/\/www.bellunopress.it\/#organization"},"potentialAction":[{"@type":"SearchAction","target":{"@type":"EntryPoint","urlTemplate":"https:\/\/www.bellunopress.it\/?s={search_term_string}"},"query-input":{"@type":"PropertyValueSpecification","valueRequired":true,"valueName":"search_term_string"}}],"inLanguage":"fr-FR"},{"@type":"Organization","@id":"https:\/\/www.bellunopress.it\/#organization","name":"Bellunopress","url":"https:\/\/www.bellunopress.it\/","logo":{"@type":"ImageObject","inLanguage":"fr-FR","@id":"https:\/\/www.bellunopress.it\/#\/schema\/logo\/image\/","url":"https:\/\/www.bellunopress.it\/wp-content\/uploads\/2011\/05\/cropped-logo-bellunopress-.jpg","contentUrl":"https:\/\/www.bellunopress.it\/wp-content\/uploads\/2011\/05\/cropped-logo-bellunopress-.jpg","width":512,"height":512,"caption":"Bellunopress"},"image":{"@id":"https:\/\/www.bellunopress.it\/#\/schema\/logo\/image\/"},"sameAs":["https:\/\/www.facebook.com\/profile.php?id=100008943462799","https:\/\/x.com\/bellunopress","https:\/\/www.linkedin.com\/hp\/?dnr=JBzUWaJfMUw8vbXJJ2tVW5-I3jZKvC4wsoxE&amp;amp;amp;amp;amp;amp;trk=nav_responsive_tab_home","https:\/\/www.youtube.com\/channel\/UCxL0wu1uN0_3_7hGG0306cw"]},{"@type":"Person","@id":"https:\/\/www.bellunopress.it\/#\/schema\/person\/79bb06722b37ece1c03d3e94beb30d73","name":"r\u00e9daction","image":{"@type":"ImageObject","inLanguage":"fr-FR","@id":"https:\/\/secure.gravatar.com\/avatar\/37d968a2e67a6fd04c169c4bdef102d0bc5d31b2546345219e348575eb80e9a0?s=96&d=mm&r=g","url":"https:\/\/secure.gravatar.com\/avatar\/37d968a2e67a6fd04c169c4bdef102d0bc5d31b2546345219e348575eb80e9a0?s=96&d=mm&r=g","contentUrl":"https:\/\/secure.gravatar.com\/avatar\/37d968a2e67a6fd04c169c4bdef102d0bc5d31b2546345219e348575eb80e9a0?s=96&d=mm&r=g","caption":"redazione"},"sameAs":["http:\/\/www.bellunopress.it","https:\/\/x.com\/bellunopress"],"url":"https:\/\/www.bellunopress.it\/fr\/author\/redazione\/"}]}},"_links":{"self":[{"href":"https:\/\/www.bellunopress.it\/fr\/wp-json\/wp\/v2\/posts\/48303","targetHints":{"allow":["GET"]}}],"collection":[{"href":"https:\/\/www.bellunopress.it\/fr\/wp-json\/wp\/v2\/posts"}],"about":[{"href":"https:\/\/www.bellunopress.it\/fr\/wp-json\/wp\/v2\/types\/post"}],"author":[{"embeddable":true,"href":"https:\/\/www.bellunopress.it\/fr\/wp-json\/wp\/v2\/users\/2"}],"replies":[{"embeddable":true,"href":"https:\/\/www.bellunopress.it\/fr\/wp-json\/wp\/v2\/comments?post=48303"}],"version-history":[{"count":1,"href":"https:\/\/www.bellunopress.it\/fr\/wp-json\/wp\/v2\/posts\/48303\/revisions"}],"predecessor-version":[{"id":48304,"href":"https:\/\/www.bellunopress.it\/fr\/wp-json\/wp\/v2\/posts\/48303\/revisions\/48304"}],"wp:attachment":[{"href":"https:\/\/www.bellunopress.it\/fr\/wp-json\/wp\/v2\/media?parent=48303"}],"wp:term":[{"taxonomy":"category","embeddable":true,"href":"https:\/\/www.bellunopress.it\/fr\/wp-json\/wp\/v2\/categories?post=48303"},{"taxonomy":"post_tag","embeddable":true,"href":"https:\/\/www.bellunopress.it\/fr\/wp-json\/wp\/v2\/tags?post=48303"}],"curies":[{"name":"wp","href":"https:\/\/api.w.org\/{rel}","templated":true}]}}