{"id":4828,"date":"2009-06-13T20:26:00","date_gmt":"2009-06-13T19:26:00","guid":{"rendered":"http:\/\/www.bellunopress.it\/?p=4828"},"modified":"2009-06-13T20:52:49","modified_gmt":"2009-06-13T19:52:49","slug":"convegno-del-rotary-doccia-fredda-alla-montagna-bellunese-dal-segretario-generale-della-regione-rasi-caldogno","status":"publish","type":"post","link":"https:\/\/www.bellunopress.it\/fr\/2009\/06\/13\/convegno-del-rotary-doccia-fredda-alla-montagna-bellunese-dal-segretario-generale-della-regione-rasi-caldogno\/","title":{"rendered":"Convegno del Rotary: doccia fredda alla montagna bellunese dal segretario generale della Regione Rasi Caldogno"},"content":{"rendered":"<p>In precedenza lo avevamo sentito dal presidente della Regione Galan. Ieri pomeriggio, al convegno del Rotary Belluno presieduto da Ermanno Gaspari svoltosi al Centro Giovanni 23mo, \u00e8 stato il segretario generale della Programmazione Adriano Rasi Caldogno (nella foto piccola)<a href=\"http:\/\/www.bellunopress.it\/wp-content\/uploads\/2009\/06\/andrich-doglioni-rasi-caldogno-bortoli.jpg\"><img loading=\"lazy\" decoding=\"async\" class=\"alignleft size-medium wp-image-4830\" title=\"andrich-doglioni-rasi-caldogno-bortoli\" src=\"http:\/\/www.bellunopress.it\/wp-content\/uploads\/2009\/06\/andrich-doglioni-rasi-caldogno-bortoli.jpg\" alt=\"\" width=\"290\" height=\"148\" \/><\/a>\u00a0&#8211; il pi\u00f9 alto dirigente della Regione &#8211; a demolire ogni speranza di specificit\u00e0, autonomia della Provincia di Belluno: \u00abNel Ptrc non c&#8217;\u00e8 la montagna, ci sono le montagne! Abbiamo a che fare con 4 aree e non con la montagna bellunese. E se si pensa che la Provincia di Belluno possa gestire in modo autarchico le sue risorse, questo \u00e8 un elemento pericoloso\u00bb. Come dire, siete in quattro gatti statevene zitti. Le risorse di cui parla il solerte funzionario regionale evidentemente sono quelle del demanio idrico, la grande battaglia di Sergio Reolon. E allora quando il presidente della Provincia dichiara guerra all&#8217;inerzia della Regione qualche ragione ce l&#8217;ha pure, viste le dichiarazioni spavalde proferite proprio qui a Belluno, dal messaggero di \u201cre Galan\u201d. Un messaggero d&#8217;\u00e9lite, intendiamoci, un super-dirigente che qualche mese fa ha fatto notizia, perch\u00e9 destinatario, con una decina di suoi colleghi, del maxi-premio incentivante 2008 pari al 10% della retribuzione. Mediamente 15 mila euro cadauno, quindi parliamo di retribuzioni lorde\u00a0da 100 mila a oltre 200 mila\u00a0euro l&#8217;anno. Senza decurtazioni per malattia perch\u00e9 impermeabili al Decreto Brunetta. Il convegno aveva per tema lo spopolamento nelle zone montane, ed \u00e8 stato condotto dal giornalista Maurizio Busatta che ha presentato un volume contenente una ventina di contributi di soci rotaryani su \u201ccome contrastare lo spopolamento delle zone montane\u201d. Alla tavola rotonda ha partecipato il monsignor Andrich, vescovo di Belluno e Feltre, Paolo Doglioni, presidente della Camera di Commercio, e Francesco Bortoli, direttore della LatteBusche. Erano presenti i presidenti dei Club Rotary che hanno aderito al progetto: Gabrio Ghedina Rotary Cortina-Cadore, Francesco Bortoli Rotary Feltre, Fabio Finco Rotary Altopiano di Asiago e Mauro Vidrigh Rotary Tarvisio. E il governatore del Rotary del Triveneto Distretto 2060 Alberto Cristanelli.<\/p>","protected":false},"excerpt":{"rendered":"<p>In precedenza lo avevamo sentito dal presidente della Regione Galan. Ieri pomeriggio, al convegno del Rotary Belluno presieduto da Ermanno Gaspari svoltosi al Centro Giovanni 23mo, \u00e8 stato il segretario generale della Programmazione Adriano Rasi Caldogno (nella foto piccola)\u00a0&#8211; il pi\u00f9 alto dirigente della Regione &#8211; a demolire ogni speranza di specificit\u00e0, autonomia della Provincia [&hellip;]<\/p>\n","protected":false},"author":2,"featured_media":0,"comment_status":"closed","ping_status":"open","sticky":false,"template":"","format":"standard","meta":{"footnotes":""},"categories":[5,26],"tags":[139,151,302],"class_list":["post-4828","post","type-post","status-publish","format-standard","category-cronaca","category-prima-pagina","tag-belluno","tag-cadore","tag-feltre"],"yoast_head":"<!-- This site is optimized with the Yoast SEO plugin v28.4 - https:\/\/yoast.com\/product\/yoast-seo-wordpress\/ -->\n<title>Convegno del Rotary: doccia fredda alla montagna bellunese dal segretario generale della Regione Rasi Caldogno - Bellunopress - Dolomiti<\/title>\n<meta name=\"robots\" content=\"index, follow, max-snippet:-1, max-image-preview:large, max-video-preview:-1\" \/>\n<link rel=\"canonical\" href=\"https:\/\/www.bellunopress.it\/fr\/2009\/06\/13\/convegno-del-rotary-doccia-fredda-alla-montagna-bellunese-dal-segretario-generale-della-regione-rasi-caldogno\/\" \/>\n<meta property=\"og:locale\" content=\"fr_FR\" \/>\n<meta property=\"og:type\" content=\"article\" \/>\n<meta property=\"og:title\" content=\"Convegno del Rotary: doccia fredda alla montagna bellunese dal segretario generale della Regione Rasi Caldogno - Bellunopress - Dolomiti\" \/>\n<meta property=\"og:description\" content=\"In precedenza lo avevamo sentito dal presidente della Regione Galan. Ieri pomeriggio, al convegno del Rotary Belluno presieduto da Ermanno Gaspari svoltosi al Centro Giovanni 23mo, \u00e8 stato il segretario generale della Programmazione Adriano Rasi Caldogno (nella foto piccola)\u00a0&#8211; il pi\u00f9 alto dirigente della Regione &#8211; a demolire ogni speranza di specificit\u00e0, autonomia della Provincia [&hellip;]\" \/>\n<meta property=\"og:url\" content=\"https:\/\/www.bellunopress.it\/fr\/2009\/06\/13\/convegno-del-rotary-doccia-fredda-alla-montagna-bellunese-dal-segretario-generale-della-regione-rasi-caldogno\/\" \/>\n<meta property=\"og:site_name\" content=\"Bellunopress - Dolomiti\" \/>\n<meta property=\"article:publisher\" content=\"https:\/\/www.facebook.com\/profile.php?id=100008943462799\" \/>\n<meta property=\"article:published_time\" content=\"2009-06-13T19:26:00+00:00\" \/>\n<meta property=\"article:modified_time\" content=\"2009-06-13T19:52:49+00:00\" \/>\n<meta property=\"og:image\" content=\"http:\/\/www.bellunopress.it\/wp-content\/uploads\/2009\/06\/andrich-doglioni-rasi-caldogno-bortoli.jpg\" \/>\n<meta name=\"author\" content=\"redazione\" \/>\n<meta name=\"twitter:card\" content=\"summary_large_image\" \/>\n<meta name=\"twitter:creator\" content=\"@bellunopress\" \/>\n<meta name=\"twitter:site\" content=\"@bellunopress\" \/>\n<meta name=\"twitter:label1\" content=\"\u00c9crit par\" \/>\n\t<meta name=\"twitter:data1\" content=\"redazione\" \/>\n\t<meta name=\"twitter:label2\" content=\"Dur\u00e9e de lecture estim\u00e9e\" \/>\n\t<meta name=\"twitter:data2\" content=\"2 minutes\" \/>\n<script type=\"application\/ld+json\" class=\"yoast-schema-graph\">{\"@context\":\"https:\\\/\\\/schema.org\",\"@graph\":[{\"@type\":\"Article\",\"@id\":\"https:\\\/\\\/www.bellunopress.it\\\/2009\\\/06\\\/13\\\/convegno-del-rotary-doccia-fredda-alla-montagna-bellunese-dal-segretario-generale-della-regione-rasi-caldogno\\\/#article\",\"isPartOf\":{\"@id\":\"https:\\\/\\\/www.bellunopress.it\\\/2009\\\/06\\\/13\\\/convegno-del-rotary-doccia-fredda-alla-montagna-bellunese-dal-segretario-generale-della-regione-rasi-caldogno\\\/\"},\"author\":{\"name\":\"redazione\",\"@id\":\"https:\\\/\\\/www.bellunopress.it\\\/#\\\/schema\\\/person\\\/79bb06722b37ece1c03d3e94beb30d73\"},\"headline\":\"Convegno del Rotary: doccia fredda alla montagna bellunese dal segretario generale della Regione Rasi Caldogno\",\"datePublished\":\"2009-06-13T19:26:00+00:00\",\"dateModified\":\"2009-06-13T19:52:49+00:00\",\"mainEntityOfPage\":{\"@id\":\"https:\\\/\\\/www.bellunopress.it\\\/2009\\\/06\\\/13\\\/convegno-del-rotary-doccia-fredda-alla-montagna-bellunese-dal-segretario-generale-della-regione-rasi-caldogno\\\/\"},\"wordCount\":337,\"publisher\":{\"@id\":\"https:\\\/\\\/www.bellunopress.it\\\/#organization\"},\"image\":{\"@id\":\"https:\\\/\\\/www.bellunopress.it\\\/2009\\\/06\\\/13\\\/convegno-del-rotary-doccia-fredda-alla-montagna-bellunese-dal-segretario-generale-della-regione-rasi-caldogno\\\/#primaryimage\"},\"thumbnailUrl\":\"http:\\\/\\\/www.bellunopress.it\\\/wp-content\\\/uploads\\\/2009\\\/06\\\/andrich-doglioni-rasi-caldogno-bortoli.jpg\",\"keywords\":[\"Belluno\",\"Cadore\",\"Feltre\"],\"articleSection\":[\"Cronaca\\\/Politica\",\"Prima Pagina\"],\"inLanguage\":\"fr-FR\"},{\"@type\":\"WebPage\",\"@id\":\"https:\\\/\\\/www.bellunopress.it\\\/2009\\\/06\\\/13\\\/convegno-del-rotary-doccia-fredda-alla-montagna-bellunese-dal-segretario-generale-della-regione-rasi-caldogno\\\/\",\"url\":\"https:\\\/\\\/www.bellunopress.it\\\/2009\\\/06\\\/13\\\/convegno-del-rotary-doccia-fredda-alla-montagna-bellunese-dal-segretario-generale-della-regione-rasi-caldogno\\\/\",\"name\":\"Convegno del Rotary: doccia fredda alla montagna bellunese dal segretario generale della Regione Rasi Caldogno - Bellunopress - Dolomiti\",\"isPartOf\":{\"@id\":\"https:\\\/\\\/www.bellunopress.it\\\/#website\"},\"primaryImageOfPage\":{\"@id\":\"https:\\\/\\\/www.bellunopress.it\\\/2009\\\/06\\\/13\\\/convegno-del-rotary-doccia-fredda-alla-montagna-bellunese-dal-segretario-generale-della-regione-rasi-caldogno\\\/#primaryimage\"},\"image\":{\"@id\":\"https:\\\/\\\/www.bellunopress.it\\\/2009\\\/06\\\/13\\\/convegno-del-rotary-doccia-fredda-alla-montagna-bellunese-dal-segretario-generale-della-regione-rasi-caldogno\\\/#primaryimage\"},\"thumbnailUrl\":\"http:\\\/\\\/www.bellunopress.it\\\/wp-content\\\/uploads\\\/2009\\\/06\\\/andrich-doglioni-rasi-caldogno-bortoli.jpg\",\"datePublished\":\"2009-06-13T19:26:00+00:00\",\"dateModified\":\"2009-06-13T19:52:49+00:00\",\"breadcrumb\":{\"@id\":\"https:\\\/\\\/www.bellunopress.it\\\/2009\\\/06\\\/13\\\/convegno-del-rotary-doccia-fredda-alla-montagna-bellunese-dal-segretario-generale-della-regione-rasi-caldogno\\\/#breadcrumb\"},\"inLanguage\":\"fr-FR\",\"potentialAction\":[{\"@type\":\"ReadAction\",\"target\":[\"https:\\\/\\\/www.bellunopress.it\\\/2009\\\/06\\\/13\\\/convegno-del-rotary-doccia-fredda-alla-montagna-bellunese-dal-segretario-generale-della-regione-rasi-caldogno\\\/\"]}]},{\"@type\":\"ImageObject\",\"inLanguage\":\"fr-FR\",\"@id\":\"https:\\\/\\\/www.bellunopress.it\\\/2009\\\/06\\\/13\\\/convegno-del-rotary-doccia-fredda-alla-montagna-bellunese-dal-segretario-generale-della-regione-rasi-caldogno\\\/#primaryimage\",\"url\":\"http:\\\/\\\/www.bellunopress.it\\\/wp-content\\\/uploads\\\/2009\\\/06\\\/andrich-doglioni-rasi-caldogno-bortoli.jpg\",\"contentUrl\":\"http:\\\/\\\/www.bellunopress.it\\\/wp-content\\\/uploads\\\/2009\\\/06\\\/andrich-doglioni-rasi-caldogno-bortoli.jpg\"},{\"@type\":\"BreadcrumbList\",\"@id\":\"https:\\\/\\\/www.bellunopress.it\\\/2009\\\/06\\\/13\\\/convegno-del-rotary-doccia-fredda-alla-montagna-bellunese-dal-segretario-generale-della-regione-rasi-caldogno\\\/#breadcrumb\",\"itemListElement\":[{\"@type\":\"ListItem\",\"position\":1,\"name\":\"Home\",\"item\":\"https:\\\/\\\/www.bellunopress.it\\\/\"},{\"@type\":\"ListItem\",\"position\":2,\"name\":\"Convegno del Rotary: doccia fredda alla montagna bellunese dal segretario generale della Regione Rasi Caldogno\"}]},{\"@type\":\"WebSite\",\"@id\":\"https:\\\/\\\/www.bellunopress.it\\\/#website\",\"url\":\"https:\\\/\\\/www.bellunopress.it\\\/\",\"name\":\"Bellunopress - Dolomiti\",\"description\":\"e-mail: redazione@bellunopress.it\",\"publisher\":{\"@id\":\"https:\\\/\\\/www.bellunopress.it\\\/#organization\"},\"potentialAction\":[{\"@type\":\"SearchAction\",\"target\":{\"@type\":\"EntryPoint\",\"urlTemplate\":\"https:\\\/\\\/www.bellunopress.it\\\/?s={search_term_string}\"},\"query-input\":{\"@type\":\"PropertyValueSpecification\",\"valueRequired\":true,\"valueName\":\"search_term_string\"}}],\"inLanguage\":\"fr-FR\"},{\"@type\":\"Organization\",\"@id\":\"https:\\\/\\\/www.bellunopress.it\\\/#organization\",\"name\":\"Bellunopress\",\"url\":\"https:\\\/\\\/www.bellunopress.it\\\/\",\"logo\":{\"@type\":\"ImageObject\",\"inLanguage\":\"fr-FR\",\"@id\":\"https:\\\/\\\/www.bellunopress.it\\\/#\\\/schema\\\/logo\\\/image\\\/\",\"url\":\"https:\\\/\\\/www.bellunopress.it\\\/wp-content\\\/uploads\\\/2011\\\/05\\\/cropped-logo-bellunopress-.jpg\",\"contentUrl\":\"https:\\\/\\\/www.bellunopress.it\\\/wp-content\\\/uploads\\\/2011\\\/05\\\/cropped-logo-bellunopress-.jpg\",\"width\":512,\"height\":512,\"caption\":\"Bellunopress\"},\"image\":{\"@id\":\"https:\\\/\\\/www.bellunopress.it\\\/#\\\/schema\\\/logo\\\/image\\\/\"},\"sameAs\":[\"https:\\\/\\\/www.facebook.com\\\/profile.php?id=100008943462799\",\"https:\\\/\\\/x.com\\\/bellunopress\",\"https:\\\/\\\/www.linkedin.com\\\/hp\\\/?dnr=JBzUWaJfMUw8vbXJJ2tVW5-I3jZKvC4wsoxE&amp;amp;amp;amp;amp;amp;trk=nav_responsive_tab_home\",\"https:\\\/\\\/www.youtube.com\\\/channel\\\/UCxL0wu1uN0_3_7hGG0306cw\"]},{\"@type\":\"Person\",\"@id\":\"https:\\\/\\\/www.bellunopress.it\\\/#\\\/schema\\\/person\\\/79bb06722b37ece1c03d3e94beb30d73\",\"name\":\"redazione\",\"image\":{\"@type\":\"ImageObject\",\"inLanguage\":\"fr-FR\",\"@id\":\"https:\\\/\\\/secure.gravatar.com\\\/avatar\\\/37d968a2e67a6fd04c169c4bdef102d0bc5d31b2546345219e348575eb80e9a0?s=96&d=mm&r=g\",\"url\":\"https:\\\/\\\/secure.gravatar.com\\\/avatar\\\/37d968a2e67a6fd04c169c4bdef102d0bc5d31b2546345219e348575eb80e9a0?s=96&d=mm&r=g\",\"contentUrl\":\"https:\\\/\\\/secure.gravatar.com\\\/avatar\\\/37d968a2e67a6fd04c169c4bdef102d0bc5d31b2546345219e348575eb80e9a0?s=96&d=mm&r=g\",\"caption\":\"redazione\"},\"sameAs\":[\"http:\\\/\\\/www.bellunopress.it\",\"https:\\\/\\\/x.com\\\/bellunopress\"],\"url\":\"https:\\\/\\\/www.bellunopress.it\\\/fr\\\/author\\\/redazione\\\/\"}]}<\/script>\n<!-- \/ Yoast SEO plugin. -->","yoast_head_json":{"title":"Convegno del Rotary: doccia fredda alla montagna bellunese dal segretario generale della Regione Rasi Caldogno - Bellunopress - Dolomiti","robots":{"index":"index","follow":"follow","max-snippet":"max-snippet:-1","max-image-preview":"max-image-preview:large","max-video-preview":"max-video-preview:-1"},"canonical":"https:\/\/www.bellunopress.it\/fr\/2009\/06\/13\/convegno-del-rotary-doccia-fredda-alla-montagna-bellunese-dal-segretario-generale-della-regione-rasi-caldogno\/","og_locale":"fr_FR","og_type":"article","og_title":"Convegno del Rotary: doccia fredda alla montagna bellunese dal segretario generale della Regione Rasi Caldogno - Bellunopress - Dolomiti","og_description":"In precedenza lo avevamo sentito dal presidente della Regione Galan. Ieri pomeriggio, al convegno del Rotary Belluno presieduto da Ermanno Gaspari svoltosi al Centro Giovanni 23mo, \u00e8 stato il segretario generale della Programmazione Adriano Rasi Caldogno (nella foto piccola)\u00a0&#8211; il pi\u00f9 alto dirigente della Regione &#8211; a demolire ogni speranza di specificit\u00e0, autonomia della Provincia [&hellip;]","og_url":"https:\/\/www.bellunopress.it\/fr\/2009\/06\/13\/convegno-del-rotary-doccia-fredda-alla-montagna-bellunese-dal-segretario-generale-della-regione-rasi-caldogno\/","og_site_name":"Bellunopress - Dolomiti","article_publisher":"https:\/\/www.facebook.com\/profile.php?id=100008943462799","article_published_time":"2009-06-13T19:26:00+00:00","article_modified_time":"2009-06-13T19:52:49+00:00","og_image":[{"url":"http:\/\/www.bellunopress.it\/wp-content\/uploads\/2009\/06\/andrich-doglioni-rasi-caldogno-bortoli.jpg","type":"","width":"","height":""}],"author":"redazione","twitter_card":"summary_large_image","twitter_creator":"@bellunopress","twitter_site":"@bellunopress","twitter_misc":{"\u00c9crit par":"redazione","Dur\u00e9e de lecture estim\u00e9e":"2 minutes"},"schema":{"@context":"https:\/\/schema.org","@graph":[{"@type":"Article","@id":"https:\/\/www.bellunopress.it\/2009\/06\/13\/convegno-del-rotary-doccia-fredda-alla-montagna-bellunese-dal-segretario-generale-della-regione-rasi-caldogno\/#article","isPartOf":{"@id":"https:\/\/www.bellunopress.it\/2009\/06\/13\/convegno-del-rotary-doccia-fredda-alla-montagna-bellunese-dal-segretario-generale-della-regione-rasi-caldogno\/"},"author":{"name":"redazione","@id":"https:\/\/www.bellunopress.it\/#\/schema\/person\/79bb06722b37ece1c03d3e94beb30d73"},"headline":"Convegno del Rotary: doccia fredda alla montagna bellunese dal segretario generale della Regione Rasi Caldogno","datePublished":"2009-06-13T19:26:00+00:00","dateModified":"2009-06-13T19:52:49+00:00","mainEntityOfPage":{"@id":"https:\/\/www.bellunopress.it\/2009\/06\/13\/convegno-del-rotary-doccia-fredda-alla-montagna-bellunese-dal-segretario-generale-della-regione-rasi-caldogno\/"},"wordCount":337,"publisher":{"@id":"https:\/\/www.bellunopress.it\/#organization"},"image":{"@id":"https:\/\/www.bellunopress.it\/2009\/06\/13\/convegno-del-rotary-doccia-fredda-alla-montagna-bellunese-dal-segretario-generale-della-regione-rasi-caldogno\/#primaryimage"},"thumbnailUrl":"http:\/\/www.bellunopress.it\/wp-content\/uploads\/2009\/06\/andrich-doglioni-rasi-caldogno-bortoli.jpg","keywords":["Belluno","Cadore","Feltre"],"articleSection":["Cronaca\/Politica","Prima Pagina"],"inLanguage":"fr-FR"},{"@type":"WebPage","@id":"https:\/\/www.bellunopress.it\/2009\/06\/13\/convegno-del-rotary-doccia-fredda-alla-montagna-bellunese-dal-segretario-generale-della-regione-rasi-caldogno\/","url":"https:\/\/www.bellunopress.it\/2009\/06\/13\/convegno-del-rotary-doccia-fredda-alla-montagna-bellunese-dal-segretario-generale-della-regione-rasi-caldogno\/","name":"Convegno del Rotary: doccia fredda alla montagna bellunese dal segretario generale della Regione Rasi Caldogno - Bellunopress - Dolomiti","isPartOf":{"@id":"https:\/\/www.bellunopress.it\/#website"},"primaryImageOfPage":{"@id":"https:\/\/www.bellunopress.it\/2009\/06\/13\/convegno-del-rotary-doccia-fredda-alla-montagna-bellunese-dal-segretario-generale-della-regione-rasi-caldogno\/#primaryimage"},"image":{"@id":"https:\/\/www.bellunopress.it\/2009\/06\/13\/convegno-del-rotary-doccia-fredda-alla-montagna-bellunese-dal-segretario-generale-della-regione-rasi-caldogno\/#primaryimage"},"thumbnailUrl":"http:\/\/www.bellunopress.it\/wp-content\/uploads\/2009\/06\/andrich-doglioni-rasi-caldogno-bortoli.jpg","datePublished":"2009-06-13T19:26:00+00:00","dateModified":"2009-06-13T19:52:49+00:00","breadcrumb":{"@id":"https:\/\/www.bellunopress.it\/2009\/06\/13\/convegno-del-rotary-doccia-fredda-alla-montagna-bellunese-dal-segretario-generale-della-regione-rasi-caldogno\/#breadcrumb"},"inLanguage":"fr-FR","potentialAction":[{"@type":"ReadAction","target":["https:\/\/www.bellunopress.it\/2009\/06\/13\/convegno-del-rotary-doccia-fredda-alla-montagna-bellunese-dal-segretario-generale-della-regione-rasi-caldogno\/"]}]},{"@type":"ImageObject","inLanguage":"fr-FR","@id":"https:\/\/www.bellunopress.it\/2009\/06\/13\/convegno-del-rotary-doccia-fredda-alla-montagna-bellunese-dal-segretario-generale-della-regione-rasi-caldogno\/#primaryimage","url":"http:\/\/www.bellunopress.it\/wp-content\/uploads\/2009\/06\/andrich-doglioni-rasi-caldogno-bortoli.jpg","contentUrl":"http:\/\/www.bellunopress.it\/wp-content\/uploads\/2009\/06\/andrich-doglioni-rasi-caldogno-bortoli.jpg"},{"@type":"BreadcrumbList","@id":"https:\/\/www.bellunopress.it\/2009\/06\/13\/convegno-del-rotary-doccia-fredda-alla-montagna-bellunese-dal-segretario-generale-della-regione-rasi-caldogno\/#breadcrumb","itemListElement":[{"@type":"ListItem","position":1,"name":"Home","item":"https:\/\/www.bellunopress.it\/"},{"@type":"ListItem","position":2,"name":"Convegno del Rotary: doccia fredda alla montagna bellunese dal segretario generale della Regione Rasi Caldogno"}]},{"@type":"WebSite","@id":"https:\/\/www.bellunopress.it\/#website","url":"https:\/\/www.bellunopress.it\/","name":"Bellunopress - Dolomiti","description":"e-mail: redazione@bellunopress.it","publisher":{"@id":"https:\/\/www.bellunopress.it\/#organization"},"potentialAction":[{"@type":"SearchAction","target":{"@type":"EntryPoint","urlTemplate":"https:\/\/www.bellunopress.it\/?s={search_term_string}"},"query-input":{"@type":"PropertyValueSpecification","valueRequired":true,"valueName":"search_term_string"}}],"inLanguage":"fr-FR"},{"@type":"Organization","@id":"https:\/\/www.bellunopress.it\/#organization","name":"Bellunopress","url":"https:\/\/www.bellunopress.it\/","logo":{"@type":"ImageObject","inLanguage":"fr-FR","@id":"https:\/\/www.bellunopress.it\/#\/schema\/logo\/image\/","url":"https:\/\/www.bellunopress.it\/wp-content\/uploads\/2011\/05\/cropped-logo-bellunopress-.jpg","contentUrl":"https:\/\/www.bellunopress.it\/wp-content\/uploads\/2011\/05\/cropped-logo-bellunopress-.jpg","width":512,"height":512,"caption":"Bellunopress"},"image":{"@id":"https:\/\/www.bellunopress.it\/#\/schema\/logo\/image\/"},"sameAs":["https:\/\/www.facebook.com\/profile.php?id=100008943462799","https:\/\/x.com\/bellunopress","https:\/\/www.linkedin.com\/hp\/?dnr=JBzUWaJfMUw8vbXJJ2tVW5-I3jZKvC4wsoxE&amp;amp;amp;amp;amp;amp;trk=nav_responsive_tab_home","https:\/\/www.youtube.com\/channel\/UCxL0wu1uN0_3_7hGG0306cw"]},{"@type":"Person","@id":"https:\/\/www.bellunopress.it\/#\/schema\/person\/79bb06722b37ece1c03d3e94beb30d73","name":"r\u00e9daction","image":{"@type":"ImageObject","inLanguage":"fr-FR","@id":"https:\/\/secure.gravatar.com\/avatar\/37d968a2e67a6fd04c169c4bdef102d0bc5d31b2546345219e348575eb80e9a0?s=96&d=mm&r=g","url":"https:\/\/secure.gravatar.com\/avatar\/37d968a2e67a6fd04c169c4bdef102d0bc5d31b2546345219e348575eb80e9a0?s=96&d=mm&r=g","contentUrl":"https:\/\/secure.gravatar.com\/avatar\/37d968a2e67a6fd04c169c4bdef102d0bc5d31b2546345219e348575eb80e9a0?s=96&d=mm&r=g","caption":"redazione"},"sameAs":["http:\/\/www.bellunopress.it","https:\/\/x.com\/bellunopress"],"url":"https:\/\/www.bellunopress.it\/fr\/author\/redazione\/"}]}},"_links":{"self":[{"href":"https:\/\/www.bellunopress.it\/fr\/wp-json\/wp\/v2\/posts\/4828","targetHints":{"allow":["GET"]}}],"collection":[{"href":"https:\/\/www.bellunopress.it\/fr\/wp-json\/wp\/v2\/posts"}],"about":[{"href":"https:\/\/www.bellunopress.it\/fr\/wp-json\/wp\/v2\/types\/post"}],"author":[{"embeddable":true,"href":"https:\/\/www.bellunopress.it\/fr\/wp-json\/wp\/v2\/users\/2"}],"replies":[{"embeddable":true,"href":"https:\/\/www.bellunopress.it\/fr\/wp-json\/wp\/v2\/comments?post=4828"}],"version-history":[{"count":2,"href":"https:\/\/www.bellunopress.it\/fr\/wp-json\/wp\/v2\/posts\/4828\/revisions"}],"predecessor-version":[{"id":4832,"href":"https:\/\/www.bellunopress.it\/fr\/wp-json\/wp\/v2\/posts\/4828\/revisions\/4832"}],"wp:attachment":[{"href":"https:\/\/www.bellunopress.it\/fr\/wp-json\/wp\/v2\/media?parent=4828"}],"wp:term":[{"taxonomy":"category","embeddable":true,"href":"https:\/\/www.bellunopress.it\/fr\/wp-json\/wp\/v2\/categories?post=4828"},{"taxonomy":"post_tag","embeddable":true,"href":"https:\/\/www.bellunopress.it\/fr\/wp-json\/wp\/v2\/tags?post=4828"}],"curies":[{"name":"wp","href":"https:\/\/api.w.org\/{rel}","templated":true}]}}