{"id":48279,"date":"2013-04-07T09:11:22","date_gmt":"2013-04-07T08:11:22","guid":{"rendered":"http:\/\/www.bellunopress.it\/?p=48279"},"modified":"2013-04-07T09:11:22","modified_gmt":"2013-04-07T08:11:22","slug":"anche-le-antiche-comunita-del-monte-dolada-nella-mostra-venetkens-di-padova","status":"publish","type":"post","link":"https:\/\/www.bellunopress.it\/fr\/2013\/04\/07\/anche-le-antiche-comunita-del-monte-dolada-nella-mostra-venetkens-di-padova\/","title":{"rendered":"Anche le antiche comunit\u00e0 del Monte Dolada nella mostra Venetkens di Padova"},"content":{"rendered":"<p><a href=\"http:\/\/www.bellunopress.it\/wp-content\/uploads\/2011\/04\/scavi-archeologici-140x140.jpg\"><img loading=\"lazy\" decoding=\"async\" class=\"alignleft size-full wp-image-25510\" alt=\"scavi archeologici 140x140\" src=\"http:\/\/www.bellunopress.it\/wp-content\/uploads\/2011\/04\/scavi-archeologici-140x140.jpg\" width=\"140\" height=\"140\" \/><\/a>Pieve d&#8217;Alpago \u2013 Sono diverse le soddisfazioni e le gratificazioni che l\u2019associazione Circolo Amici del Museo dell\u2019Alpago, costituita nel 1990, sta raccogliendo in questo inizio di 2013.<\/p>\n<p>Un anno, nel corso del quale, se tutto andr\u00e0 per il giusto verso, sar\u00e0 dato alle stampe un volume imperniato scavi e notevoli ritrovamenti registrati nella necropoli preromana di Pian de la Gnela dal 2002. Altro risultato da aggiungere \u00e8 la grande mostra \u201cVenetkens\u201d che sar\u00e0 inaugurata il prossimo 6 aprile al palazzo della Ragione di Padova.<\/p>\n<p>Proprio in questa rassegna che comprender\u00e0 oltre 2000 reperti provenienti da scavi e ricerche, effettuati in gran parte nel Veneto, anche se non solo, la rivista specializzata \u201cArcheo\u201d, del mese di marzo, ha pubblicato un servizio speciale di oltre una ventina di pagine a calori nel quale s\u2019illustrano e si raffigurano con bellissime foto, gli innumerevoli aspetti e contenuti della civilt\u00e0 dei \u201cVeneti antichi\u201d. Nella descrizione curata da vari studiosi, tra i quali vi \u00e8 anche il Soprintendente archeologico veneto, Vincenzo Tin\u00e8, \u00e8 inserita una \u201cfinestra\u201d e un\u2019illustrazione della ricca tomba numero dieci detta della \u201ctessitrice\u201d una figura preminente di quella comunit\u00e0 che viveva lungo le pendici del Monte Dolada a 900 metri di altitudine 2700 anni fa.<\/p>\n<p>L\u2019articolo si sofferma, sull\u2019evento costituito dalla prima uscita della situla istoriata del V sec. A. C; ritrovata nella necropoli di Pian de la Gnela nell\u2019agosto del 2002, che sar\u00e0 esposta appunto nella mostra \u201cVenetkens\u201d e sul decisivo ruolo dei volontari del Circolo Amici del Museo dell\u2019Alpago. Vi si afferma, infatti, come \u201cgrazie alla puntuale segnalazione di alcuni volontari, del sodalizio in questione, \u00e8 stato possibile scoprire questo eccezionale e impensato oggetto, tanto prezioso e poter cos\u00ec dare avvio allo scavo scientifico, sia della tomba della situla contenuta, come tutte le altre, in una cassetta di lastre di pietra, della necropoli con la direzione della Soprintendenza rappresentata dalla dottoressa Giovanna Gangemi\u201d.<\/p>\n<p>Il pezzo si termina con la spiegazione dell\u2019istoriazione dei tre registri della situla che raffigurano, nelle due fasce superiori processioni di personaggi in vesti rituali, mentre in quella basale figurano scene di un rapporto sessuale con parto finale e l\u2019interpretazione dello stile. Le immagini e lo stile \u2013 si aggiunge- \u201clegano, difatti, questo nuovo capolavoro ad altre opere contemporanee dei territori limitrofi, dalla pianura padana all\u2019Austria e alla Slovenia\u201d.<\/p>\n<p>Insomma, per concludere, nel pieno dell\u2019ambito, che va dal Po al Medio Danubio, da Bologna a Kuffarn e le regioni hallstattiane della Slovenia, dove si sviluppa, dall\u2019alba del I millennio a. C. ,l\u2019arte delle situle.<\/p>\n<p>&nbsp;<\/p>\n<p>Eugenio Padovan &#8211; Presidente Circolo Amici del Museo dell\u2019Alpago<\/p>\n<p>&nbsp;<\/p>","protected":false},"excerpt":{"rendered":"<p>Pieve d&#8217;Alpago \u2013 Sono diverse le soddisfazioni e le gratificazioni che l\u2019associazione Circolo Amici del Museo dell\u2019Alpago, costituita nel 1990, sta raccogliendo in questo inizio di 2013. Un anno, nel corso del quale, se tutto andr\u00e0 per il giusto verso, sar\u00e0 dato alle stampe un volume imperniato scavi e notevoli ritrovamenti registrati nella necropoli preromana [&hellip;]<\/p>\n","protected":false},"author":2,"featured_media":0,"comment_status":"closed","ping_status":"open","sticky":false,"template":"","format":"standard","meta":{"footnotes":""},"categories":[27,3,26],"tags":[],"class_list":["post-48279","post","type-post","status-publish","format-standard","category-appuntamenti","category-arte-cultura-spettacoli-scienza-archivi","category-prima-pagina"],"yoast_head":"<!-- This site is optimized with the Yoast SEO plugin v28.4 - https:\/\/yoast.com\/product\/yoast-seo-wordpress\/ -->\n<title>Anche le antiche comunit\u00e0 del Monte Dolada nella mostra Venetkens di Padova - Bellunopress - Dolomiti<\/title>\n<meta name=\"robots\" content=\"index, follow, max-snippet:-1, max-image-preview:large, max-video-preview:-1\" \/>\n<link rel=\"canonical\" href=\"https:\/\/www.bellunopress.it\/fr\/2013\/04\/07\/anche-le-antiche-comunita-del-monte-dolada-nella-mostra-venetkens-di-padova\/\" \/>\n<meta property=\"og:locale\" content=\"fr_FR\" \/>\n<meta property=\"og:type\" content=\"article\" \/>\n<meta property=\"og:title\" content=\"Anche le antiche comunit\u00e0 del Monte Dolada nella mostra Venetkens di Padova - Bellunopress - Dolomiti\" \/>\n<meta property=\"og:description\" content=\"Pieve d&#8217;Alpago \u2013 Sono diverse le soddisfazioni e le gratificazioni che l\u2019associazione Circolo Amici del Museo dell\u2019Alpago, costituita nel 1990, sta raccogliendo in questo inizio di 2013. Un anno, nel corso del quale, se tutto andr\u00e0 per il giusto verso, sar\u00e0 dato alle stampe un volume imperniato scavi e notevoli ritrovamenti registrati nella necropoli preromana [&hellip;]\" \/>\n<meta property=\"og:url\" content=\"https:\/\/www.bellunopress.it\/fr\/2013\/04\/07\/anche-le-antiche-comunita-del-monte-dolada-nella-mostra-venetkens-di-padova\/\" \/>\n<meta property=\"og:site_name\" content=\"Bellunopress - Dolomiti\" \/>\n<meta property=\"article:publisher\" content=\"https:\/\/www.facebook.com\/profile.php?id=100008943462799\" \/>\n<meta property=\"article:published_time\" content=\"2013-04-07T08:11:22+00:00\" \/>\n<meta property=\"og:image\" content=\"http:\/\/www.bellunopress.it\/wp-content\/uploads\/2011\/04\/scavi-archeologici-140x140.jpg\" \/>\n<meta name=\"author\" content=\"redazione\" \/>\n<meta name=\"twitter:card\" content=\"summary_large_image\" \/>\n<meta name=\"twitter:creator\" content=\"@bellunopress\" \/>\n<meta name=\"twitter:site\" content=\"@bellunopress\" \/>\n<meta name=\"twitter:label1\" content=\"\u00c9crit par\" \/>\n\t<meta name=\"twitter:data1\" content=\"redazione\" \/>\n\t<meta name=\"twitter:label2\" content=\"Dur\u00e9e de lecture estim\u00e9e\" \/>\n\t<meta name=\"twitter:data2\" content=\"2 minutes\" \/>\n<script type=\"application\/ld+json\" class=\"yoast-schema-graph\">{\"@context\":\"https:\\\/\\\/schema.org\",\"@graph\":[{\"@type\":\"Article\",\"@id\":\"https:\\\/\\\/www.bellunopress.it\\\/2013\\\/04\\\/07\\\/anche-le-antiche-comunita-del-monte-dolada-nella-mostra-venetkens-di-padova\\\/#article\",\"isPartOf\":{\"@id\":\"https:\\\/\\\/www.bellunopress.it\\\/2013\\\/04\\\/07\\\/anche-le-antiche-comunita-del-monte-dolada-nella-mostra-venetkens-di-padova\\\/\"},\"author\":{\"name\":\"redazione\",\"@id\":\"https:\\\/\\\/www.bellunopress.it\\\/#\\\/schema\\\/person\\\/79bb06722b37ece1c03d3e94beb30d73\"},\"headline\":\"Anche le antiche comunit\u00e0 del Monte Dolada nella mostra Venetkens di Padova\",\"datePublished\":\"2013-04-07T08:11:22+00:00\",\"mainEntityOfPage\":{\"@id\":\"https:\\\/\\\/www.bellunopress.it\\\/2013\\\/04\\\/07\\\/anche-le-antiche-comunita-del-monte-dolada-nella-mostra-venetkens-di-padova\\\/\"},\"wordCount\":441,\"publisher\":{\"@id\":\"https:\\\/\\\/www.bellunopress.it\\\/#organization\"},\"image\":{\"@id\":\"https:\\\/\\\/www.bellunopress.it\\\/2013\\\/04\\\/07\\\/anche-le-antiche-comunita-del-monte-dolada-nella-mostra-venetkens-di-padova\\\/#primaryimage\"},\"thumbnailUrl\":\"http:\\\/\\\/www.bellunopress.it\\\/wp-content\\\/uploads\\\/2011\\\/04\\\/scavi-archeologici-140x140.jpg\",\"articleSection\":[\"Appuntamenti, Eventi\",\"Arte, Cultura, Spettacoli, Scienza\",\"Prima Pagina\"],\"inLanguage\":\"fr-FR\"},{\"@type\":\"WebPage\",\"@id\":\"https:\\\/\\\/www.bellunopress.it\\\/2013\\\/04\\\/07\\\/anche-le-antiche-comunita-del-monte-dolada-nella-mostra-venetkens-di-padova\\\/\",\"url\":\"https:\\\/\\\/www.bellunopress.it\\\/2013\\\/04\\\/07\\\/anche-le-antiche-comunita-del-monte-dolada-nella-mostra-venetkens-di-padova\\\/\",\"name\":\"Anche le antiche comunit\u00e0 del Monte Dolada nella mostra Venetkens di Padova - Bellunopress - Dolomiti\",\"isPartOf\":{\"@id\":\"https:\\\/\\\/www.bellunopress.it\\\/#website\"},\"primaryImageOfPage\":{\"@id\":\"https:\\\/\\\/www.bellunopress.it\\\/2013\\\/04\\\/07\\\/anche-le-antiche-comunita-del-monte-dolada-nella-mostra-venetkens-di-padova\\\/#primaryimage\"},\"image\":{\"@id\":\"https:\\\/\\\/www.bellunopress.it\\\/2013\\\/04\\\/07\\\/anche-le-antiche-comunita-del-monte-dolada-nella-mostra-venetkens-di-padova\\\/#primaryimage\"},\"thumbnailUrl\":\"http:\\\/\\\/www.bellunopress.it\\\/wp-content\\\/uploads\\\/2011\\\/04\\\/scavi-archeologici-140x140.jpg\",\"datePublished\":\"2013-04-07T08:11:22+00:00\",\"breadcrumb\":{\"@id\":\"https:\\\/\\\/www.bellunopress.it\\\/2013\\\/04\\\/07\\\/anche-le-antiche-comunita-del-monte-dolada-nella-mostra-venetkens-di-padova\\\/#breadcrumb\"},\"inLanguage\":\"fr-FR\",\"potentialAction\":[{\"@type\":\"ReadAction\",\"target\":[\"https:\\\/\\\/www.bellunopress.it\\\/2013\\\/04\\\/07\\\/anche-le-antiche-comunita-del-monte-dolada-nella-mostra-venetkens-di-padova\\\/\"]}]},{\"@type\":\"ImageObject\",\"inLanguage\":\"fr-FR\",\"@id\":\"https:\\\/\\\/www.bellunopress.it\\\/2013\\\/04\\\/07\\\/anche-le-antiche-comunita-del-monte-dolada-nella-mostra-venetkens-di-padova\\\/#primaryimage\",\"url\":\"http:\\\/\\\/www.bellunopress.it\\\/wp-content\\\/uploads\\\/2011\\\/04\\\/scavi-archeologici-140x140.jpg\",\"contentUrl\":\"http:\\\/\\\/www.bellunopress.it\\\/wp-content\\\/uploads\\\/2011\\\/04\\\/scavi-archeologici-140x140.jpg\"},{\"@type\":\"BreadcrumbList\",\"@id\":\"https:\\\/\\\/www.bellunopress.it\\\/2013\\\/04\\\/07\\\/anche-le-antiche-comunita-del-monte-dolada-nella-mostra-venetkens-di-padova\\\/#breadcrumb\",\"itemListElement\":[{\"@type\":\"ListItem\",\"position\":1,\"name\":\"Home\",\"item\":\"https:\\\/\\\/www.bellunopress.it\\\/\"},{\"@type\":\"ListItem\",\"position\":2,\"name\":\"Anche le antiche comunit\u00e0 del Monte Dolada nella mostra Venetkens di Padova\"}]},{\"@type\":\"WebSite\",\"@id\":\"https:\\\/\\\/www.bellunopress.it\\\/#website\",\"url\":\"https:\\\/\\\/www.bellunopress.it\\\/\",\"name\":\"Bellunopress - Dolomiti\",\"description\":\"e-mail: redazione@bellunopress.it\",\"publisher\":{\"@id\":\"https:\\\/\\\/www.bellunopress.it\\\/#organization\"},\"potentialAction\":[{\"@type\":\"SearchAction\",\"target\":{\"@type\":\"EntryPoint\",\"urlTemplate\":\"https:\\\/\\\/www.bellunopress.it\\\/?s={search_term_string}\"},\"query-input\":{\"@type\":\"PropertyValueSpecification\",\"valueRequired\":true,\"valueName\":\"search_term_string\"}}],\"inLanguage\":\"fr-FR\"},{\"@type\":\"Organization\",\"@id\":\"https:\\\/\\\/www.bellunopress.it\\\/#organization\",\"name\":\"Bellunopress\",\"url\":\"https:\\\/\\\/www.bellunopress.it\\\/\",\"logo\":{\"@type\":\"ImageObject\",\"inLanguage\":\"fr-FR\",\"@id\":\"https:\\\/\\\/www.bellunopress.it\\\/#\\\/schema\\\/logo\\\/image\\\/\",\"url\":\"https:\\\/\\\/www.bellunopress.it\\\/wp-content\\\/uploads\\\/2011\\\/05\\\/cropped-logo-bellunopress-.jpg\",\"contentUrl\":\"https:\\\/\\\/www.bellunopress.it\\\/wp-content\\\/uploads\\\/2011\\\/05\\\/cropped-logo-bellunopress-.jpg\",\"width\":512,\"height\":512,\"caption\":\"Bellunopress\"},\"image\":{\"@id\":\"https:\\\/\\\/www.bellunopress.it\\\/#\\\/schema\\\/logo\\\/image\\\/\"},\"sameAs\":[\"https:\\\/\\\/www.facebook.com\\\/profile.php?id=100008943462799\",\"https:\\\/\\\/x.com\\\/bellunopress\",\"https:\\\/\\\/www.linkedin.com\\\/hp\\\/?dnr=JBzUWaJfMUw8vbXJJ2tVW5-I3jZKvC4wsoxE&amp;amp;amp;amp;amp;amp;trk=nav_responsive_tab_home\",\"https:\\\/\\\/www.youtube.com\\\/channel\\\/UCxL0wu1uN0_3_7hGG0306cw\"]},{\"@type\":\"Person\",\"@id\":\"https:\\\/\\\/www.bellunopress.it\\\/#\\\/schema\\\/person\\\/79bb06722b37ece1c03d3e94beb30d73\",\"name\":\"redazione\",\"image\":{\"@type\":\"ImageObject\",\"inLanguage\":\"fr-FR\",\"@id\":\"https:\\\/\\\/secure.gravatar.com\\\/avatar\\\/37d968a2e67a6fd04c169c4bdef102d0bc5d31b2546345219e348575eb80e9a0?s=96&d=mm&r=g\",\"url\":\"https:\\\/\\\/secure.gravatar.com\\\/avatar\\\/37d968a2e67a6fd04c169c4bdef102d0bc5d31b2546345219e348575eb80e9a0?s=96&d=mm&r=g\",\"contentUrl\":\"https:\\\/\\\/secure.gravatar.com\\\/avatar\\\/37d968a2e67a6fd04c169c4bdef102d0bc5d31b2546345219e348575eb80e9a0?s=96&d=mm&r=g\",\"caption\":\"redazione\"},\"sameAs\":[\"http:\\\/\\\/www.bellunopress.it\",\"https:\\\/\\\/x.com\\\/bellunopress\"],\"url\":\"https:\\\/\\\/www.bellunopress.it\\\/fr\\\/author\\\/redazione\\\/\"}]}<\/script>\n<!-- \/ Yoast SEO plugin. -->","yoast_head_json":{"title":"Anche le antiche comunit\u00e0 del Monte Dolada nella mostra Venetkens di Padova - Bellunopress - Dolomiti","robots":{"index":"index","follow":"follow","max-snippet":"max-snippet:-1","max-image-preview":"max-image-preview:large","max-video-preview":"max-video-preview:-1"},"canonical":"https:\/\/www.bellunopress.it\/fr\/2013\/04\/07\/anche-le-antiche-comunita-del-monte-dolada-nella-mostra-venetkens-di-padova\/","og_locale":"fr_FR","og_type":"article","og_title":"Anche le antiche comunit\u00e0 del Monte Dolada nella mostra Venetkens di Padova - Bellunopress - Dolomiti","og_description":"Pieve d&#8217;Alpago \u2013 Sono diverse le soddisfazioni e le gratificazioni che l\u2019associazione Circolo Amici del Museo dell\u2019Alpago, costituita nel 1990, sta raccogliendo in questo inizio di 2013. Un anno, nel corso del quale, se tutto andr\u00e0 per il giusto verso, sar\u00e0 dato alle stampe un volume imperniato scavi e notevoli ritrovamenti registrati nella necropoli preromana [&hellip;]","og_url":"https:\/\/www.bellunopress.it\/fr\/2013\/04\/07\/anche-le-antiche-comunita-del-monte-dolada-nella-mostra-venetkens-di-padova\/","og_site_name":"Bellunopress - Dolomiti","article_publisher":"https:\/\/www.facebook.com\/profile.php?id=100008943462799","article_published_time":"2013-04-07T08:11:22+00:00","og_image":[{"url":"http:\/\/www.bellunopress.it\/wp-content\/uploads\/2011\/04\/scavi-archeologici-140x140.jpg","type":"","width":"","height":""}],"author":"redazione","twitter_card":"summary_large_image","twitter_creator":"@bellunopress","twitter_site":"@bellunopress","twitter_misc":{"\u00c9crit par":"redazione","Dur\u00e9e de lecture estim\u00e9e":"2 minutes"},"schema":{"@context":"https:\/\/schema.org","@graph":[{"@type":"Article","@id":"https:\/\/www.bellunopress.it\/2013\/04\/07\/anche-le-antiche-comunita-del-monte-dolada-nella-mostra-venetkens-di-padova\/#article","isPartOf":{"@id":"https:\/\/www.bellunopress.it\/2013\/04\/07\/anche-le-antiche-comunita-del-monte-dolada-nella-mostra-venetkens-di-padova\/"},"author":{"name":"redazione","@id":"https:\/\/www.bellunopress.it\/#\/schema\/person\/79bb06722b37ece1c03d3e94beb30d73"},"headline":"Anche le antiche comunit\u00e0 del Monte Dolada nella mostra Venetkens di Padova","datePublished":"2013-04-07T08:11:22+00:00","mainEntityOfPage":{"@id":"https:\/\/www.bellunopress.it\/2013\/04\/07\/anche-le-antiche-comunita-del-monte-dolada-nella-mostra-venetkens-di-padova\/"},"wordCount":441,"publisher":{"@id":"https:\/\/www.bellunopress.it\/#organization"},"image":{"@id":"https:\/\/www.bellunopress.it\/2013\/04\/07\/anche-le-antiche-comunita-del-monte-dolada-nella-mostra-venetkens-di-padova\/#primaryimage"},"thumbnailUrl":"http:\/\/www.bellunopress.it\/wp-content\/uploads\/2011\/04\/scavi-archeologici-140x140.jpg","articleSection":["Appuntamenti, Eventi","Arte, Cultura, Spettacoli, Scienza","Prima Pagina"],"inLanguage":"fr-FR"},{"@type":"WebPage","@id":"https:\/\/www.bellunopress.it\/2013\/04\/07\/anche-le-antiche-comunita-del-monte-dolada-nella-mostra-venetkens-di-padova\/","url":"https:\/\/www.bellunopress.it\/2013\/04\/07\/anche-le-antiche-comunita-del-monte-dolada-nella-mostra-venetkens-di-padova\/","name":"Anche le antiche comunit\u00e0 del Monte Dolada nella mostra Venetkens di Padova - Bellunopress - Dolomiti","isPartOf":{"@id":"https:\/\/www.bellunopress.it\/#website"},"primaryImageOfPage":{"@id":"https:\/\/www.bellunopress.it\/2013\/04\/07\/anche-le-antiche-comunita-del-monte-dolada-nella-mostra-venetkens-di-padova\/#primaryimage"},"image":{"@id":"https:\/\/www.bellunopress.it\/2013\/04\/07\/anche-le-antiche-comunita-del-monte-dolada-nella-mostra-venetkens-di-padova\/#primaryimage"},"thumbnailUrl":"http:\/\/www.bellunopress.it\/wp-content\/uploads\/2011\/04\/scavi-archeologici-140x140.jpg","datePublished":"2013-04-07T08:11:22+00:00","breadcrumb":{"@id":"https:\/\/www.bellunopress.it\/2013\/04\/07\/anche-le-antiche-comunita-del-monte-dolada-nella-mostra-venetkens-di-padova\/#breadcrumb"},"inLanguage":"fr-FR","potentialAction":[{"@type":"ReadAction","target":["https:\/\/www.bellunopress.it\/2013\/04\/07\/anche-le-antiche-comunita-del-monte-dolada-nella-mostra-venetkens-di-padova\/"]}]},{"@type":"ImageObject","inLanguage":"fr-FR","@id":"https:\/\/www.bellunopress.it\/2013\/04\/07\/anche-le-antiche-comunita-del-monte-dolada-nella-mostra-venetkens-di-padova\/#primaryimage","url":"http:\/\/www.bellunopress.it\/wp-content\/uploads\/2011\/04\/scavi-archeologici-140x140.jpg","contentUrl":"http:\/\/www.bellunopress.it\/wp-content\/uploads\/2011\/04\/scavi-archeologici-140x140.jpg"},{"@type":"BreadcrumbList","@id":"https:\/\/www.bellunopress.it\/2013\/04\/07\/anche-le-antiche-comunita-del-monte-dolada-nella-mostra-venetkens-di-padova\/#breadcrumb","itemListElement":[{"@type":"ListItem","position":1,"name":"Home","item":"https:\/\/www.bellunopress.it\/"},{"@type":"ListItem","position":2,"name":"Anche le antiche comunit\u00e0 del Monte Dolada nella mostra Venetkens di Padova"}]},{"@type":"WebSite","@id":"https:\/\/www.bellunopress.it\/#website","url":"https:\/\/www.bellunopress.it\/","name":"Bellunopress - Dolomiti","description":"e-mail: redazione@bellunopress.it","publisher":{"@id":"https:\/\/www.bellunopress.it\/#organization"},"potentialAction":[{"@type":"SearchAction","target":{"@type":"EntryPoint","urlTemplate":"https:\/\/www.bellunopress.it\/?s={search_term_string}"},"query-input":{"@type":"PropertyValueSpecification","valueRequired":true,"valueName":"search_term_string"}}],"inLanguage":"fr-FR"},{"@type":"Organization","@id":"https:\/\/www.bellunopress.it\/#organization","name":"Bellunopress","url":"https:\/\/www.bellunopress.it\/","logo":{"@type":"ImageObject","inLanguage":"fr-FR","@id":"https:\/\/www.bellunopress.it\/#\/schema\/logo\/image\/","url":"https:\/\/www.bellunopress.it\/wp-content\/uploads\/2011\/05\/cropped-logo-bellunopress-.jpg","contentUrl":"https:\/\/www.bellunopress.it\/wp-content\/uploads\/2011\/05\/cropped-logo-bellunopress-.jpg","width":512,"height":512,"caption":"Bellunopress"},"image":{"@id":"https:\/\/www.bellunopress.it\/#\/schema\/logo\/image\/"},"sameAs":["https:\/\/www.facebook.com\/profile.php?id=100008943462799","https:\/\/x.com\/bellunopress","https:\/\/www.linkedin.com\/hp\/?dnr=JBzUWaJfMUw8vbXJJ2tVW5-I3jZKvC4wsoxE&amp;amp;amp;amp;amp;amp;trk=nav_responsive_tab_home","https:\/\/www.youtube.com\/channel\/UCxL0wu1uN0_3_7hGG0306cw"]},{"@type":"Person","@id":"https:\/\/www.bellunopress.it\/#\/schema\/person\/79bb06722b37ece1c03d3e94beb30d73","name":"r\u00e9daction","image":{"@type":"ImageObject","inLanguage":"fr-FR","@id":"https:\/\/secure.gravatar.com\/avatar\/37d968a2e67a6fd04c169c4bdef102d0bc5d31b2546345219e348575eb80e9a0?s=96&d=mm&r=g","url":"https:\/\/secure.gravatar.com\/avatar\/37d968a2e67a6fd04c169c4bdef102d0bc5d31b2546345219e348575eb80e9a0?s=96&d=mm&r=g","contentUrl":"https:\/\/secure.gravatar.com\/avatar\/37d968a2e67a6fd04c169c4bdef102d0bc5d31b2546345219e348575eb80e9a0?s=96&d=mm&r=g","caption":"redazione"},"sameAs":["http:\/\/www.bellunopress.it","https:\/\/x.com\/bellunopress"],"url":"https:\/\/www.bellunopress.it\/fr\/author\/redazione\/"}]}},"_links":{"self":[{"href":"https:\/\/www.bellunopress.it\/fr\/wp-json\/wp\/v2\/posts\/48279","targetHints":{"allow":["GET"]}}],"collection":[{"href":"https:\/\/www.bellunopress.it\/fr\/wp-json\/wp\/v2\/posts"}],"about":[{"href":"https:\/\/www.bellunopress.it\/fr\/wp-json\/wp\/v2\/types\/post"}],"author":[{"embeddable":true,"href":"https:\/\/www.bellunopress.it\/fr\/wp-json\/wp\/v2\/users\/2"}],"replies":[{"embeddable":true,"href":"https:\/\/www.bellunopress.it\/fr\/wp-json\/wp\/v2\/comments?post=48279"}],"version-history":[{"count":2,"href":"https:\/\/www.bellunopress.it\/fr\/wp-json\/wp\/v2\/posts\/48279\/revisions"}],"predecessor-version":[{"id":48281,"href":"https:\/\/www.bellunopress.it\/fr\/wp-json\/wp\/v2\/posts\/48279\/revisions\/48281"}],"wp:attachment":[{"href":"https:\/\/www.bellunopress.it\/fr\/wp-json\/wp\/v2\/media?parent=48279"}],"wp:term":[{"taxonomy":"category","embeddable":true,"href":"https:\/\/www.bellunopress.it\/fr\/wp-json\/wp\/v2\/categories?post=48279"},{"taxonomy":"post_tag","embeddable":true,"href":"https:\/\/www.bellunopress.it\/fr\/wp-json\/wp\/v2\/tags?post=48279"}],"curies":[{"name":"wp","href":"https:\/\/api.w.org\/{rel}","templated":true}]}}