{"id":48277,"date":"2013-04-07T08:54:01","date_gmt":"2013-04-07T07:54:01","guid":{"rendered":"http:\/\/www.bellunopress.it\/?p=48277"},"modified":"2013-04-07T08:54:01","modified_gmt":"2013-04-07T07:54:01","slug":"biblioteca-in-viaggio-2013-al-via-martedi-liniziativa-del-polo-bibliotecario-feltrino","status":"publish","type":"post","link":"https:\/\/www.bellunopress.it\/fr\/2013\/04\/07\/biblioteca-in-viaggio-2013-al-via-martedi-liniziativa-del-polo-bibliotecario-feltrino\/","title":{"rendered":"Biblioteca in viaggio 2013. Al via marted\u00ec l&#8217;iniziativa del Polo bibliotecario Feltrino"},"content":{"rendered":"<p><a href=\"http:\/\/www.bellunopress.it\/wp-content\/uploads\/2009\/09\/libri-leggerissima.jpg\"><img loading=\"lazy\" decoding=\"async\" class=\"alignleft size-full wp-image-7713\" alt=\"libri-leggerissima\" src=\"http:\/\/www.bellunopress.it\/wp-content\/uploads\/2009\/09\/libri-leggerissima.jpg\" width=\"111\" height=\"96\" \/><\/a>Sar\u00e0 il Casel di Villabruna ad ospitare marted\u00ec 9 aprile dalle ore\u00a015.30 alle 16.30 il primo appuntamento di Biblioteca in viaggio,\u00a0ovvero del progetto di biblioteca itinerante che fin dal 2009 il\u00a0Servizio Cultura, attraverso il Polo Bibliotecario Feltrino, organizza\u00a0e coordina con la collaborazione dei volontari del Servizio civile\u00a0Nazionale e delle Associazioni presenti sul territorio.<\/p>\n<p>Toccher\u00e0 poi al Casel di Lamen, gioved\u00ec 11 aprile dalle ore 15.30\u00a0alle 16.30, ospitare il secondo appuntamento dell&#8217;iniziativa.<\/p>\n<p>Il terzo appuntamento si svolger\u00e0 presso la Sala Civica di Mugnai\u00a0marted\u00ec 16 aprile dalle ore 15.30 alle 16.30.<\/p>\n<p>Ogni 15 giorni la macchina piena di libri di Biblioteca in viaggio\u00a0promuove la lettura, fa conoscere le iniziative culturali organizzate\u00a0nel territorio comunale, fa circolare, insieme ai libri, tutte le\u00a0informazioni utili per conoscere e utilizzare i servizi della\u00a0Biblioteca. A loro volta, i cittadini potranno fornire, in queste\u00a0occasioni, suggerimenti e indicazioni per migliorare il servizio e\u00a0promuovere altri eventi in merito alla lettura e ai libri.<\/p>\n<p>Informazioni:<\/p>\n<p>Polo Bibliotecario Feltrino \u2013 Salita Ramponi, 6 \u2013 32032 Feltre<\/p>\n<p>Tel. 0439-885244-885294 e.mail: biblioteca@comune.feltre.bl.it<\/p>","protected":false},"excerpt":{"rendered":"<p>Sar\u00e0 il Casel di Villabruna ad ospitare marted\u00ec 9 aprile dalle ore\u00a015.30 alle 16.30 il primo appuntamento di Biblioteca in viaggio,\u00a0ovvero del progetto di biblioteca itinerante che fin dal 2009 il\u00a0Servizio Cultura, attraverso il Polo Bibliotecario Feltrino, organizza\u00a0e coordina con la collaborazione dei volontari del Servizio civile\u00a0Nazionale e delle Associazioni presenti sul territorio. Toccher\u00e0 poi [&hellip;]<\/p>\n","protected":false},"author":2,"featured_media":0,"comment_status":"closed","ping_status":"open","sticky":false,"template":"","format":"standard","meta":{"footnotes":""},"categories":[27,3,26],"tags":[],"class_list":["post-48277","post","type-post","status-publish","format-standard","category-appuntamenti","category-arte-cultura-spettacoli-scienza-archivi","category-prima-pagina"],"yoast_head":"<!-- This site is optimized with the Yoast SEO plugin v28.4 - https:\/\/yoast.com\/product\/yoast-seo-wordpress\/ -->\n<title>Biblioteca in viaggio 2013. Al via marted\u00ec l&#039;iniziativa del Polo bibliotecario Feltrino - Bellunopress - Dolomiti<\/title>\n<meta name=\"robots\" content=\"index, follow, max-snippet:-1, max-image-preview:large, max-video-preview:-1\" \/>\n<link rel=\"canonical\" href=\"https:\/\/www.bellunopress.it\/fr\/2013\/04\/07\/biblioteca-in-viaggio-2013-al-via-martedi-liniziativa-del-polo-bibliotecario-feltrino\/\" \/>\n<meta property=\"og:locale\" content=\"fr_FR\" \/>\n<meta property=\"og:type\" content=\"article\" \/>\n<meta property=\"og:title\" content=\"Biblioteca in viaggio 2013. Al via marted\u00ec l&#039;iniziativa del Polo bibliotecario Feltrino - Bellunopress - Dolomiti\" \/>\n<meta property=\"og:description\" content=\"Sar\u00e0 il Casel di Villabruna ad ospitare marted\u00ec 9 aprile dalle ore\u00a015.30 alle 16.30 il primo appuntamento di Biblioteca in viaggio,\u00a0ovvero del progetto di biblioteca itinerante che fin dal 2009 il\u00a0Servizio Cultura, attraverso il Polo Bibliotecario Feltrino, organizza\u00a0e coordina con la collaborazione dei volontari del Servizio civile\u00a0Nazionale e delle Associazioni presenti sul territorio. Toccher\u00e0 poi [&hellip;]\" \/>\n<meta property=\"og:url\" content=\"https:\/\/www.bellunopress.it\/fr\/2013\/04\/07\/biblioteca-in-viaggio-2013-al-via-martedi-liniziativa-del-polo-bibliotecario-feltrino\/\" \/>\n<meta property=\"og:site_name\" content=\"Bellunopress - Dolomiti\" \/>\n<meta property=\"article:publisher\" content=\"https:\/\/www.facebook.com\/profile.php?id=100008943462799\" \/>\n<meta property=\"article:published_time\" content=\"2013-04-07T07:54:01+00:00\" \/>\n<meta property=\"og:image\" content=\"http:\/\/www.bellunopress.it\/wp-content\/uploads\/2009\/09\/libri-leggerissima.jpg\" \/>\n<meta name=\"author\" content=\"redazione\" \/>\n<meta name=\"twitter:card\" content=\"summary_large_image\" \/>\n<meta name=\"twitter:creator\" content=\"@bellunopress\" \/>\n<meta name=\"twitter:site\" content=\"@bellunopress\" \/>\n<meta name=\"twitter:label1\" content=\"\u00c9crit par\" \/>\n\t<meta name=\"twitter:data1\" content=\"redazione\" \/>\n\t<meta name=\"twitter:label2\" content=\"Dur\u00e9e de lecture estim\u00e9e\" \/>\n\t<meta name=\"twitter:data2\" content=\"1 minute\" \/>\n<script type=\"application\/ld+json\" class=\"yoast-schema-graph\">{\"@context\":\"https:\\\/\\\/schema.org\",\"@graph\":[{\"@type\":\"Article\",\"@id\":\"https:\\\/\\\/www.bellunopress.it\\\/2013\\\/04\\\/07\\\/biblioteca-in-viaggio-2013-al-via-martedi-liniziativa-del-polo-bibliotecario-feltrino\\\/#article\",\"isPartOf\":{\"@id\":\"https:\\\/\\\/www.bellunopress.it\\\/2013\\\/04\\\/07\\\/biblioteca-in-viaggio-2013-al-via-martedi-liniziativa-del-polo-bibliotecario-feltrino\\\/\"},\"author\":{\"name\":\"redazione\",\"@id\":\"https:\\\/\\\/www.bellunopress.it\\\/#\\\/schema\\\/person\\\/79bb06722b37ece1c03d3e94beb30d73\"},\"headline\":\"Biblioteca in viaggio 2013. Al via marted\u00ec l&#8217;iniziativa del Polo bibliotecario Feltrino\",\"datePublished\":\"2013-04-07T07:54:01+00:00\",\"mainEntityOfPage\":{\"@id\":\"https:\\\/\\\/www.bellunopress.it\\\/2013\\\/04\\\/07\\\/biblioteca-in-viaggio-2013-al-via-martedi-liniziativa-del-polo-bibliotecario-feltrino\\\/\"},\"wordCount\":184,\"publisher\":{\"@id\":\"https:\\\/\\\/www.bellunopress.it\\\/#organization\"},\"image\":{\"@id\":\"https:\\\/\\\/www.bellunopress.it\\\/2013\\\/04\\\/07\\\/biblioteca-in-viaggio-2013-al-via-martedi-liniziativa-del-polo-bibliotecario-feltrino\\\/#primaryimage\"},\"thumbnailUrl\":\"http:\\\/\\\/www.bellunopress.it\\\/wp-content\\\/uploads\\\/2009\\\/09\\\/libri-leggerissima.jpg\",\"articleSection\":[\"Appuntamenti, Eventi\",\"Arte, Cultura, Spettacoli, Scienza\",\"Prima Pagina\"],\"inLanguage\":\"fr-FR\"},{\"@type\":\"WebPage\",\"@id\":\"https:\\\/\\\/www.bellunopress.it\\\/2013\\\/04\\\/07\\\/biblioteca-in-viaggio-2013-al-via-martedi-liniziativa-del-polo-bibliotecario-feltrino\\\/\",\"url\":\"https:\\\/\\\/www.bellunopress.it\\\/2013\\\/04\\\/07\\\/biblioteca-in-viaggio-2013-al-via-martedi-liniziativa-del-polo-bibliotecario-feltrino\\\/\",\"name\":\"Biblioteca in viaggio 2013. Al via marted\u00ec l'iniziativa del Polo bibliotecario Feltrino - Bellunopress - Dolomiti\",\"isPartOf\":{\"@id\":\"https:\\\/\\\/www.bellunopress.it\\\/#website\"},\"primaryImageOfPage\":{\"@id\":\"https:\\\/\\\/www.bellunopress.it\\\/2013\\\/04\\\/07\\\/biblioteca-in-viaggio-2013-al-via-martedi-liniziativa-del-polo-bibliotecario-feltrino\\\/#primaryimage\"},\"image\":{\"@id\":\"https:\\\/\\\/www.bellunopress.it\\\/2013\\\/04\\\/07\\\/biblioteca-in-viaggio-2013-al-via-martedi-liniziativa-del-polo-bibliotecario-feltrino\\\/#primaryimage\"},\"thumbnailUrl\":\"http:\\\/\\\/www.bellunopress.it\\\/wp-content\\\/uploads\\\/2009\\\/09\\\/libri-leggerissima.jpg\",\"datePublished\":\"2013-04-07T07:54:01+00:00\",\"breadcrumb\":{\"@id\":\"https:\\\/\\\/www.bellunopress.it\\\/2013\\\/04\\\/07\\\/biblioteca-in-viaggio-2013-al-via-martedi-liniziativa-del-polo-bibliotecario-feltrino\\\/#breadcrumb\"},\"inLanguage\":\"fr-FR\",\"potentialAction\":[{\"@type\":\"ReadAction\",\"target\":[\"https:\\\/\\\/www.bellunopress.it\\\/2013\\\/04\\\/07\\\/biblioteca-in-viaggio-2013-al-via-martedi-liniziativa-del-polo-bibliotecario-feltrino\\\/\"]}]},{\"@type\":\"ImageObject\",\"inLanguage\":\"fr-FR\",\"@id\":\"https:\\\/\\\/www.bellunopress.it\\\/2013\\\/04\\\/07\\\/biblioteca-in-viaggio-2013-al-via-martedi-liniziativa-del-polo-bibliotecario-feltrino\\\/#primaryimage\",\"url\":\"http:\\\/\\\/www.bellunopress.it\\\/wp-content\\\/uploads\\\/2009\\\/09\\\/libri-leggerissima.jpg\",\"contentUrl\":\"http:\\\/\\\/www.bellunopress.it\\\/wp-content\\\/uploads\\\/2009\\\/09\\\/libri-leggerissima.jpg\"},{\"@type\":\"BreadcrumbList\",\"@id\":\"https:\\\/\\\/www.bellunopress.it\\\/2013\\\/04\\\/07\\\/biblioteca-in-viaggio-2013-al-via-martedi-liniziativa-del-polo-bibliotecario-feltrino\\\/#breadcrumb\",\"itemListElement\":[{\"@type\":\"ListItem\",\"position\":1,\"name\":\"Home\",\"item\":\"https:\\\/\\\/www.bellunopress.it\\\/\"},{\"@type\":\"ListItem\",\"position\":2,\"name\":\"Biblioteca in viaggio 2013. Al via marted\u00ec l&#8217;iniziativa del Polo bibliotecario Feltrino\"}]},{\"@type\":\"WebSite\",\"@id\":\"https:\\\/\\\/www.bellunopress.it\\\/#website\",\"url\":\"https:\\\/\\\/www.bellunopress.it\\\/\",\"name\":\"Bellunopress - Dolomiti\",\"description\":\"e-mail: redazione@bellunopress.it\",\"publisher\":{\"@id\":\"https:\\\/\\\/www.bellunopress.it\\\/#organization\"},\"potentialAction\":[{\"@type\":\"SearchAction\",\"target\":{\"@type\":\"EntryPoint\",\"urlTemplate\":\"https:\\\/\\\/www.bellunopress.it\\\/?s={search_term_string}\"},\"query-input\":{\"@type\":\"PropertyValueSpecification\",\"valueRequired\":true,\"valueName\":\"search_term_string\"}}],\"inLanguage\":\"fr-FR\"},{\"@type\":\"Organization\",\"@id\":\"https:\\\/\\\/www.bellunopress.it\\\/#organization\",\"name\":\"Bellunopress\",\"url\":\"https:\\\/\\\/www.bellunopress.it\\\/\",\"logo\":{\"@type\":\"ImageObject\",\"inLanguage\":\"fr-FR\",\"@id\":\"https:\\\/\\\/www.bellunopress.it\\\/#\\\/schema\\\/logo\\\/image\\\/\",\"url\":\"https:\\\/\\\/www.bellunopress.it\\\/wp-content\\\/uploads\\\/2011\\\/05\\\/cropped-logo-bellunopress-.jpg\",\"contentUrl\":\"https:\\\/\\\/www.bellunopress.it\\\/wp-content\\\/uploads\\\/2011\\\/05\\\/cropped-logo-bellunopress-.jpg\",\"width\":512,\"height\":512,\"caption\":\"Bellunopress\"},\"image\":{\"@id\":\"https:\\\/\\\/www.bellunopress.it\\\/#\\\/schema\\\/logo\\\/image\\\/\"},\"sameAs\":[\"https:\\\/\\\/www.facebook.com\\\/profile.php?id=100008943462799\",\"https:\\\/\\\/x.com\\\/bellunopress\",\"https:\\\/\\\/www.linkedin.com\\\/hp\\\/?dnr=JBzUWaJfMUw8vbXJJ2tVW5-I3jZKvC4wsoxE&amp;amp;amp;amp;amp;amp;trk=nav_responsive_tab_home\",\"https:\\\/\\\/www.youtube.com\\\/channel\\\/UCxL0wu1uN0_3_7hGG0306cw\"]},{\"@type\":\"Person\",\"@id\":\"https:\\\/\\\/www.bellunopress.it\\\/#\\\/schema\\\/person\\\/79bb06722b37ece1c03d3e94beb30d73\",\"name\":\"redazione\",\"image\":{\"@type\":\"ImageObject\",\"inLanguage\":\"fr-FR\",\"@id\":\"https:\\\/\\\/secure.gravatar.com\\\/avatar\\\/37d968a2e67a6fd04c169c4bdef102d0bc5d31b2546345219e348575eb80e9a0?s=96&d=mm&r=g\",\"url\":\"https:\\\/\\\/secure.gravatar.com\\\/avatar\\\/37d968a2e67a6fd04c169c4bdef102d0bc5d31b2546345219e348575eb80e9a0?s=96&d=mm&r=g\",\"contentUrl\":\"https:\\\/\\\/secure.gravatar.com\\\/avatar\\\/37d968a2e67a6fd04c169c4bdef102d0bc5d31b2546345219e348575eb80e9a0?s=96&d=mm&r=g\",\"caption\":\"redazione\"},\"sameAs\":[\"http:\\\/\\\/www.bellunopress.it\",\"https:\\\/\\\/x.com\\\/bellunopress\"],\"url\":\"https:\\\/\\\/www.bellunopress.it\\\/fr\\\/author\\\/redazione\\\/\"}]}<\/script>\n<!-- \/ Yoast SEO plugin. -->","yoast_head_json":{"title":"Biblioteca in viaggio 2013. Al via marted\u00ec l'iniziativa del Polo bibliotecario Feltrino - Bellunopress - Dolomiti","robots":{"index":"index","follow":"follow","max-snippet":"max-snippet:-1","max-image-preview":"max-image-preview:large","max-video-preview":"max-video-preview:-1"},"canonical":"https:\/\/www.bellunopress.it\/fr\/2013\/04\/07\/biblioteca-in-viaggio-2013-al-via-martedi-liniziativa-del-polo-bibliotecario-feltrino\/","og_locale":"fr_FR","og_type":"article","og_title":"Biblioteca in viaggio 2013. Al via marted\u00ec l'iniziativa del Polo bibliotecario Feltrino - Bellunopress - Dolomiti","og_description":"Sar\u00e0 il Casel di Villabruna ad ospitare marted\u00ec 9 aprile dalle ore\u00a015.30 alle 16.30 il primo appuntamento di Biblioteca in viaggio,\u00a0ovvero del progetto di biblioteca itinerante che fin dal 2009 il\u00a0Servizio Cultura, attraverso il Polo Bibliotecario Feltrino, organizza\u00a0e coordina con la collaborazione dei volontari del Servizio civile\u00a0Nazionale e delle Associazioni presenti sul territorio. Toccher\u00e0 poi [&hellip;]","og_url":"https:\/\/www.bellunopress.it\/fr\/2013\/04\/07\/biblioteca-in-viaggio-2013-al-via-martedi-liniziativa-del-polo-bibliotecario-feltrino\/","og_site_name":"Bellunopress - Dolomiti","article_publisher":"https:\/\/www.facebook.com\/profile.php?id=100008943462799","article_published_time":"2013-04-07T07:54:01+00:00","og_image":[{"url":"http:\/\/www.bellunopress.it\/wp-content\/uploads\/2009\/09\/libri-leggerissima.jpg","type":"","width":"","height":""}],"author":"redazione","twitter_card":"summary_large_image","twitter_creator":"@bellunopress","twitter_site":"@bellunopress","twitter_misc":{"\u00c9crit par":"redazione","Dur\u00e9e de lecture estim\u00e9e":"1 minute"},"schema":{"@context":"https:\/\/schema.org","@graph":[{"@type":"Article","@id":"https:\/\/www.bellunopress.it\/2013\/04\/07\/biblioteca-in-viaggio-2013-al-via-martedi-liniziativa-del-polo-bibliotecario-feltrino\/#article","isPartOf":{"@id":"https:\/\/www.bellunopress.it\/2013\/04\/07\/biblioteca-in-viaggio-2013-al-via-martedi-liniziativa-del-polo-bibliotecario-feltrino\/"},"author":{"name":"redazione","@id":"https:\/\/www.bellunopress.it\/#\/schema\/person\/79bb06722b37ece1c03d3e94beb30d73"},"headline":"Biblioteca in viaggio 2013. Al via marted\u00ec l&#8217;iniziativa del Polo bibliotecario Feltrino","datePublished":"2013-04-07T07:54:01+00:00","mainEntityOfPage":{"@id":"https:\/\/www.bellunopress.it\/2013\/04\/07\/biblioteca-in-viaggio-2013-al-via-martedi-liniziativa-del-polo-bibliotecario-feltrino\/"},"wordCount":184,"publisher":{"@id":"https:\/\/www.bellunopress.it\/#organization"},"image":{"@id":"https:\/\/www.bellunopress.it\/2013\/04\/07\/biblioteca-in-viaggio-2013-al-via-martedi-liniziativa-del-polo-bibliotecario-feltrino\/#primaryimage"},"thumbnailUrl":"http:\/\/www.bellunopress.it\/wp-content\/uploads\/2009\/09\/libri-leggerissima.jpg","articleSection":["Appuntamenti, Eventi","Arte, Cultura, Spettacoli, Scienza","Prima Pagina"],"inLanguage":"fr-FR"},{"@type":"WebPage","@id":"https:\/\/www.bellunopress.it\/2013\/04\/07\/biblioteca-in-viaggio-2013-al-via-martedi-liniziativa-del-polo-bibliotecario-feltrino\/","url":"https:\/\/www.bellunopress.it\/2013\/04\/07\/biblioteca-in-viaggio-2013-al-via-martedi-liniziativa-del-polo-bibliotecario-feltrino\/","name":"Biblioteca in viaggio 2013. Al via marted\u00ec l'iniziativa del Polo bibliotecario Feltrino - Bellunopress - Dolomiti","isPartOf":{"@id":"https:\/\/www.bellunopress.it\/#website"},"primaryImageOfPage":{"@id":"https:\/\/www.bellunopress.it\/2013\/04\/07\/biblioteca-in-viaggio-2013-al-via-martedi-liniziativa-del-polo-bibliotecario-feltrino\/#primaryimage"},"image":{"@id":"https:\/\/www.bellunopress.it\/2013\/04\/07\/biblioteca-in-viaggio-2013-al-via-martedi-liniziativa-del-polo-bibliotecario-feltrino\/#primaryimage"},"thumbnailUrl":"http:\/\/www.bellunopress.it\/wp-content\/uploads\/2009\/09\/libri-leggerissima.jpg","datePublished":"2013-04-07T07:54:01+00:00","breadcrumb":{"@id":"https:\/\/www.bellunopress.it\/2013\/04\/07\/biblioteca-in-viaggio-2013-al-via-martedi-liniziativa-del-polo-bibliotecario-feltrino\/#breadcrumb"},"inLanguage":"fr-FR","potentialAction":[{"@type":"ReadAction","target":["https:\/\/www.bellunopress.it\/2013\/04\/07\/biblioteca-in-viaggio-2013-al-via-martedi-liniziativa-del-polo-bibliotecario-feltrino\/"]}]},{"@type":"ImageObject","inLanguage":"fr-FR","@id":"https:\/\/www.bellunopress.it\/2013\/04\/07\/biblioteca-in-viaggio-2013-al-via-martedi-liniziativa-del-polo-bibliotecario-feltrino\/#primaryimage","url":"http:\/\/www.bellunopress.it\/wp-content\/uploads\/2009\/09\/libri-leggerissima.jpg","contentUrl":"http:\/\/www.bellunopress.it\/wp-content\/uploads\/2009\/09\/libri-leggerissima.jpg"},{"@type":"BreadcrumbList","@id":"https:\/\/www.bellunopress.it\/2013\/04\/07\/biblioteca-in-viaggio-2013-al-via-martedi-liniziativa-del-polo-bibliotecario-feltrino\/#breadcrumb","itemListElement":[{"@type":"ListItem","position":1,"name":"Home","item":"https:\/\/www.bellunopress.it\/"},{"@type":"ListItem","position":2,"name":"Biblioteca in viaggio 2013. Al via marted\u00ec l&#8217;iniziativa del Polo bibliotecario Feltrino"}]},{"@type":"WebSite","@id":"https:\/\/www.bellunopress.it\/#website","url":"https:\/\/www.bellunopress.it\/","name":"Bellunopress - Dolomiti","description":"e-mail: redazione@bellunopress.it","publisher":{"@id":"https:\/\/www.bellunopress.it\/#organization"},"potentialAction":[{"@type":"SearchAction","target":{"@type":"EntryPoint","urlTemplate":"https:\/\/www.bellunopress.it\/?s={search_term_string}"},"query-input":{"@type":"PropertyValueSpecification","valueRequired":true,"valueName":"search_term_string"}}],"inLanguage":"fr-FR"},{"@type":"Organization","@id":"https:\/\/www.bellunopress.it\/#organization","name":"Bellunopress","url":"https:\/\/www.bellunopress.it\/","logo":{"@type":"ImageObject","inLanguage":"fr-FR","@id":"https:\/\/www.bellunopress.it\/#\/schema\/logo\/image\/","url":"https:\/\/www.bellunopress.it\/wp-content\/uploads\/2011\/05\/cropped-logo-bellunopress-.jpg","contentUrl":"https:\/\/www.bellunopress.it\/wp-content\/uploads\/2011\/05\/cropped-logo-bellunopress-.jpg","width":512,"height":512,"caption":"Bellunopress"},"image":{"@id":"https:\/\/www.bellunopress.it\/#\/schema\/logo\/image\/"},"sameAs":["https:\/\/www.facebook.com\/profile.php?id=100008943462799","https:\/\/x.com\/bellunopress","https:\/\/www.linkedin.com\/hp\/?dnr=JBzUWaJfMUw8vbXJJ2tVW5-I3jZKvC4wsoxE&amp;amp;amp;amp;amp;amp;trk=nav_responsive_tab_home","https:\/\/www.youtube.com\/channel\/UCxL0wu1uN0_3_7hGG0306cw"]},{"@type":"Person","@id":"https:\/\/www.bellunopress.it\/#\/schema\/person\/79bb06722b37ece1c03d3e94beb30d73","name":"r\u00e9daction","image":{"@type":"ImageObject","inLanguage":"fr-FR","@id":"https:\/\/secure.gravatar.com\/avatar\/37d968a2e67a6fd04c169c4bdef102d0bc5d31b2546345219e348575eb80e9a0?s=96&d=mm&r=g","url":"https:\/\/secure.gravatar.com\/avatar\/37d968a2e67a6fd04c169c4bdef102d0bc5d31b2546345219e348575eb80e9a0?s=96&d=mm&r=g","contentUrl":"https:\/\/secure.gravatar.com\/avatar\/37d968a2e67a6fd04c169c4bdef102d0bc5d31b2546345219e348575eb80e9a0?s=96&d=mm&r=g","caption":"redazione"},"sameAs":["http:\/\/www.bellunopress.it","https:\/\/x.com\/bellunopress"],"url":"https:\/\/www.bellunopress.it\/fr\/author\/redazione\/"}]}},"_links":{"self":[{"href":"https:\/\/www.bellunopress.it\/fr\/wp-json\/wp\/v2\/posts\/48277","targetHints":{"allow":["GET"]}}],"collection":[{"href":"https:\/\/www.bellunopress.it\/fr\/wp-json\/wp\/v2\/posts"}],"about":[{"href":"https:\/\/www.bellunopress.it\/fr\/wp-json\/wp\/v2\/types\/post"}],"author":[{"embeddable":true,"href":"https:\/\/www.bellunopress.it\/fr\/wp-json\/wp\/v2\/users\/2"}],"replies":[{"embeddable":true,"href":"https:\/\/www.bellunopress.it\/fr\/wp-json\/wp\/v2\/comments?post=48277"}],"version-history":[{"count":1,"href":"https:\/\/www.bellunopress.it\/fr\/wp-json\/wp\/v2\/posts\/48277\/revisions"}],"predecessor-version":[{"id":48278,"href":"https:\/\/www.bellunopress.it\/fr\/wp-json\/wp\/v2\/posts\/48277\/revisions\/48278"}],"wp:attachment":[{"href":"https:\/\/www.bellunopress.it\/fr\/wp-json\/wp\/v2\/media?parent=48277"}],"wp:term":[{"taxonomy":"category","embeddable":true,"href":"https:\/\/www.bellunopress.it\/fr\/wp-json\/wp\/v2\/categories?post=48277"},{"taxonomy":"post_tag","embeddable":true,"href":"https:\/\/www.bellunopress.it\/fr\/wp-json\/wp\/v2\/tags?post=48277"}],"curies":[{"name":"wp","href":"https:\/\/api.w.org\/{rel}","templated":true}]}}