{"id":48268,"date":"2013-04-08T05:57:40","date_gmt":"2013-04-08T04:57:40","guid":{"rendered":"http:\/\/www.bellunopress.it\/?p=48268"},"modified":"2013-04-06T11:59:52","modified_gmt":"2013-04-06T10:59:52","slug":"37ma-pizolada-delle-dolomiti","status":"publish","type":"post","link":"https:\/\/www.bellunopress.it\/fr\/2013\/04\/08\/37ma-pizolada-delle-dolomiti\/","title":{"rendered":"37ma Pizolada delle Dolomiti"},"content":{"rendered":"<p>Tutto pronto per la 37a Pizolada delle Dolomiti, decana dello scialpinismo italiano in programma il prossimo 14 aprile tra le cime innevate della Val di Fassa e del Passo San Pellegrino.<\/p>\n<p>Promossa dall\u2019Unione Sportiva Monti Pallidi in collaborazione con il CAI SAT e il Comitato Fassa Eventi, nonch\u00e9 la preziosa collaborazione di tanti volontari \u2013 in prima fila il Soccorso Alpino, la Scuola Alpina Polizia di Stato di Moena e l&#8217;Associazione degli Alpini \u2013 la gara prevede una categoria Assoluta \u2013 alla prova su un dislivello complessivo di 1.725 metri e un percorso di 16,42 chilometri \u2013 e una categoria Giovani, accanto a un raduno escursionistico con varianti ridotte, per un totale di 12,4 chilometri di tracciato e 1.045 metri di dislivello.<\/p>\n<p>Quest&#8217;anno la Pizolada \u00e8 prova internazionale per la coppa del mondo &#8220;Certified Race ISMF&#8221;. Inoltre vi parteciper\u00e0 la Nazionale Italiana di Sci Alpinismo i cui atleti saranno un importante traino per il gi\u00e0 nutrito gruppo di agguerriti partecipanti che in questi giorni si stanno iscrivendo attraverso il sito ufficiale www.lapizolada.com, pronti a emulare l\u2019impresa di Ivo Zulian e Nadia Scola, vincitori dell\u2019edizione 2012.<\/p>\n<p>Le partenze sono fissate dalla stazione a valle della funivia del Col Margherita, alle ore 8.15 per la gara agonistica e alle ore 8.25 per il raduno escursionistico. Il ritiro dei pettorali con il pacco gara, quest&#8217;anno impreziosito da un capo della linea Second Skin De Luxe di Sportful, va effettuato il giorno precedente presso la Sala Consigliare del Comune di Moena o a partire dalle 6.30 del giorno stesso, presso il piazzale Col Margherita. Nel pomeriggio (ore 14.15) sono previste le premiazioni, con l\u2019assegnazione del montepremi stanziato da Scarpa, azienda leader nelle calzature da montagna, per la categoria Assoluta, del Trofeo Riccardo Bazzocco, riservato al concorrente agonista pi\u00f9 giovane classificato, e di un premio speciale \u2013 un orologio altimetrico Sunto Vector \u2013 per il tempo ideale del percorso escursionistico sia maschile che femminile, insieme a gadget per tutti i concorrenti. Il programma della giornata prevede inoltre intrattenimento musicale, pasta party e lotteria.<\/p>\n<p>\u201cAttualmente le abbondanti nevicate garantiscono l&#8217;innevamento ottimale su tutto il percorso\u201d conferma il direttore tecnico Maurizio Dellantonio. \u201cLungo l&#8217;itinerario esposto a sud zona Cima Uomo, il manto nevoso si sta consolidando con formazione di croste portanti nelle ore mattutine; nella parte esposta a nord Col Margherita la neve \u00e8 ancora polverosa di tipo invernale. Le attuali condizioni garantiscono buone prospettive alla realizzazione di un ottimo percorso di gara. Viste queste premesse, la gara, immersa in uno splendido scenario dolomitico ancora completamente invernale, si prospetta veramente uno spettacolo ad alto tasso di energia e divertimento per tutti gli amanti delle pelli di foca\u201d.<\/p>\n<p>Per tutti gli aggiornamenti pre e post gara vi invitiamo a consultare il sito www.lapizolada.com. \u00c8 possibile iscriversi online all\u2019indirizzo https:\/\/basebear.com\/login.aspx?a=f5dc196b-428a-4913-938e-6ac7301e07d6, selezionando la voce Accedi nell\u2019area pubblica. Le iscrizioni e il pagamento della quota dovranno pervenire entro 24 ore dalla partenza della gara.<\/p>","protected":false},"excerpt":{"rendered":"<p>Tutto pronto per la 37a Pizolada delle Dolomiti, decana dello scialpinismo italiano in programma il prossimo 14 aprile tra le cime innevate della Val di Fassa e del Passo San Pellegrino. Promossa dall\u2019Unione Sportiva Monti Pallidi in collaborazione con il CAI SAT e il Comitato Fassa Eventi, nonch\u00e9 la preziosa collaborazione di tanti volontari \u2013 [&hellip;]<\/p>\n","protected":false},"author":2,"featured_media":0,"comment_status":"closed","ping_status":"open","sticky":false,"template":"","format":"standard","meta":{"footnotes":""},"categories":[27,25,4],"tags":[],"class_list":["post-48268","post","type-post","status-publish","format-standard","category-appuntamenti","category-pausa-caffe","category-sport"],"yoast_head":"<!-- This site is optimized with the Yoast SEO plugin v28.4 - https:\/\/yoast.com\/product\/yoast-seo-wordpress\/ -->\n<title>37ma Pizolada delle Dolomiti - Bellunopress - Dolomiti<\/title>\n<meta name=\"robots\" content=\"index, follow, max-snippet:-1, max-image-preview:large, max-video-preview:-1\" \/>\n<link rel=\"canonical\" href=\"https:\/\/www.bellunopress.it\/fr\/2013\/04\/08\/37ma-pizolada-delle-dolomiti\/\" \/>\n<meta property=\"og:locale\" content=\"fr_FR\" \/>\n<meta property=\"og:type\" content=\"article\" \/>\n<meta property=\"og:title\" content=\"37ma Pizolada delle Dolomiti - Bellunopress - Dolomiti\" \/>\n<meta property=\"og:description\" content=\"Tutto pronto per la 37a Pizolada delle Dolomiti, decana dello scialpinismo italiano in programma il prossimo 14 aprile tra le cime innevate della Val di Fassa e del Passo San Pellegrino. Promossa dall\u2019Unione Sportiva Monti Pallidi in collaborazione con il CAI SAT e il Comitato Fassa Eventi, nonch\u00e9 la preziosa collaborazione di tanti volontari \u2013 [&hellip;]\" \/>\n<meta property=\"og:url\" content=\"https:\/\/www.bellunopress.it\/fr\/2013\/04\/08\/37ma-pizolada-delle-dolomiti\/\" \/>\n<meta property=\"og:site_name\" content=\"Bellunopress - Dolomiti\" \/>\n<meta property=\"article:publisher\" content=\"https:\/\/www.facebook.com\/profile.php?id=100008943462799\" \/>\n<meta property=\"article:published_time\" content=\"2013-04-08T04:57:40+00:00\" \/>\n<meta property=\"og:image\" content=\"http:\/\/www.bellunopress.it\/wp-content\/uploads\/2012\/07\/logo-bellunopress-250x250-2012.jpg\" \/>\n<meta name=\"author\" content=\"redazione\" \/>\n<meta name=\"twitter:card\" content=\"summary_large_image\" \/>\n<meta name=\"twitter:creator\" content=\"@bellunopress\" \/>\n<meta name=\"twitter:site\" content=\"@bellunopress\" \/>\n<meta name=\"twitter:label1\" content=\"\u00c9crit par\" \/>\n\t<meta name=\"twitter:data1\" content=\"redazione\" \/>\n\t<meta name=\"twitter:label2\" content=\"Dur\u00e9e de lecture estim\u00e9e\" \/>\n\t<meta name=\"twitter:data2\" content=\"2 minutes\" \/>\n<script type=\"application\/ld+json\" class=\"yoast-schema-graph\">{\"@context\":\"https:\\\/\\\/schema.org\",\"@graph\":[{\"@type\":\"Article\",\"@id\":\"https:\\\/\\\/www.bellunopress.it\\\/2013\\\/04\\\/08\\\/37ma-pizolada-delle-dolomiti\\\/#article\",\"isPartOf\":{\"@id\":\"https:\\\/\\\/www.bellunopress.it\\\/2013\\\/04\\\/08\\\/37ma-pizolada-delle-dolomiti\\\/\"},\"author\":{\"name\":\"redazione\",\"@id\":\"https:\\\/\\\/www.bellunopress.it\\\/#\\\/schema\\\/person\\\/79bb06722b37ece1c03d3e94beb30d73\"},\"headline\":\"37ma Pizolada delle Dolomiti\",\"datePublished\":\"2013-04-08T04:57:40+00:00\",\"mainEntityOfPage\":{\"@id\":\"https:\\\/\\\/www.bellunopress.it\\\/2013\\\/04\\\/08\\\/37ma-pizolada-delle-dolomiti\\\/\"},\"wordCount\":496,\"publisher\":{\"@id\":\"https:\\\/\\\/www.bellunopress.it\\\/#organization\"},\"articleSection\":[\"Appuntamenti, Eventi\",\"Pausa Caff\u00e8\",\"Sport, tempo libero\"],\"inLanguage\":\"fr-FR\"},{\"@type\":\"WebPage\",\"@id\":\"https:\\\/\\\/www.bellunopress.it\\\/2013\\\/04\\\/08\\\/37ma-pizolada-delle-dolomiti\\\/\",\"url\":\"https:\\\/\\\/www.bellunopress.it\\\/2013\\\/04\\\/08\\\/37ma-pizolada-delle-dolomiti\\\/\",\"name\":\"37ma Pizolada delle Dolomiti - Bellunopress - Dolomiti\",\"isPartOf\":{\"@id\":\"https:\\\/\\\/www.bellunopress.it\\\/#website\"},\"datePublished\":\"2013-04-08T04:57:40+00:00\",\"breadcrumb\":{\"@id\":\"https:\\\/\\\/www.bellunopress.it\\\/2013\\\/04\\\/08\\\/37ma-pizolada-delle-dolomiti\\\/#breadcrumb\"},\"inLanguage\":\"fr-FR\",\"potentialAction\":[{\"@type\":\"ReadAction\",\"target\":[\"https:\\\/\\\/www.bellunopress.it\\\/2013\\\/04\\\/08\\\/37ma-pizolada-delle-dolomiti\\\/\"]}]},{\"@type\":\"BreadcrumbList\",\"@id\":\"https:\\\/\\\/www.bellunopress.it\\\/2013\\\/04\\\/08\\\/37ma-pizolada-delle-dolomiti\\\/#breadcrumb\",\"itemListElement\":[{\"@type\":\"ListItem\",\"position\":1,\"name\":\"Home\",\"item\":\"https:\\\/\\\/www.bellunopress.it\\\/\"},{\"@type\":\"ListItem\",\"position\":2,\"name\":\"37ma Pizolada delle Dolomiti\"}]},{\"@type\":\"WebSite\",\"@id\":\"https:\\\/\\\/www.bellunopress.it\\\/#website\",\"url\":\"https:\\\/\\\/www.bellunopress.it\\\/\",\"name\":\"Bellunopress - Dolomiti\",\"description\":\"e-mail: redazione@bellunopress.it\",\"publisher\":{\"@id\":\"https:\\\/\\\/www.bellunopress.it\\\/#organization\"},\"potentialAction\":[{\"@type\":\"SearchAction\",\"target\":{\"@type\":\"EntryPoint\",\"urlTemplate\":\"https:\\\/\\\/www.bellunopress.it\\\/?s={search_term_string}\"},\"query-input\":{\"@type\":\"PropertyValueSpecification\",\"valueRequired\":true,\"valueName\":\"search_term_string\"}}],\"inLanguage\":\"fr-FR\"},{\"@type\":\"Organization\",\"@id\":\"https:\\\/\\\/www.bellunopress.it\\\/#organization\",\"name\":\"Bellunopress\",\"url\":\"https:\\\/\\\/www.bellunopress.it\\\/\",\"logo\":{\"@type\":\"ImageObject\",\"inLanguage\":\"fr-FR\",\"@id\":\"https:\\\/\\\/www.bellunopress.it\\\/#\\\/schema\\\/logo\\\/image\\\/\",\"url\":\"https:\\\/\\\/www.bellunopress.it\\\/wp-content\\\/uploads\\\/2011\\\/05\\\/cropped-logo-bellunopress-.jpg\",\"contentUrl\":\"https:\\\/\\\/www.bellunopress.it\\\/wp-content\\\/uploads\\\/2011\\\/05\\\/cropped-logo-bellunopress-.jpg\",\"width\":512,\"height\":512,\"caption\":\"Bellunopress\"},\"image\":{\"@id\":\"https:\\\/\\\/www.bellunopress.it\\\/#\\\/schema\\\/logo\\\/image\\\/\"},\"sameAs\":[\"https:\\\/\\\/www.facebook.com\\\/profile.php?id=100008943462799\",\"https:\\\/\\\/x.com\\\/bellunopress\",\"https:\\\/\\\/www.linkedin.com\\\/hp\\\/?dnr=JBzUWaJfMUw8vbXJJ2tVW5-I3jZKvC4wsoxE&amp;amp;amp;amp;amp;amp;trk=nav_responsive_tab_home\",\"https:\\\/\\\/www.youtube.com\\\/channel\\\/UCxL0wu1uN0_3_7hGG0306cw\"]},{\"@type\":\"Person\",\"@id\":\"https:\\\/\\\/www.bellunopress.it\\\/#\\\/schema\\\/person\\\/79bb06722b37ece1c03d3e94beb30d73\",\"name\":\"redazione\",\"image\":{\"@type\":\"ImageObject\",\"inLanguage\":\"fr-FR\",\"@id\":\"https:\\\/\\\/secure.gravatar.com\\\/avatar\\\/37d968a2e67a6fd04c169c4bdef102d0bc5d31b2546345219e348575eb80e9a0?s=96&d=mm&r=g\",\"url\":\"https:\\\/\\\/secure.gravatar.com\\\/avatar\\\/37d968a2e67a6fd04c169c4bdef102d0bc5d31b2546345219e348575eb80e9a0?s=96&d=mm&r=g\",\"contentUrl\":\"https:\\\/\\\/secure.gravatar.com\\\/avatar\\\/37d968a2e67a6fd04c169c4bdef102d0bc5d31b2546345219e348575eb80e9a0?s=96&d=mm&r=g\",\"caption\":\"redazione\"},\"sameAs\":[\"http:\\\/\\\/www.bellunopress.it\",\"https:\\\/\\\/x.com\\\/bellunopress\"],\"url\":\"https:\\\/\\\/www.bellunopress.it\\\/fr\\\/author\\\/redazione\\\/\"}]}<\/script>\n<!-- \/ Yoast SEO plugin. -->","yoast_head_json":{"title":"37ma Pizolada delle Dolomiti - Bellunopress - Dolomiti","robots":{"index":"index","follow":"follow","max-snippet":"max-snippet:-1","max-image-preview":"max-image-preview:large","max-video-preview":"max-video-preview:-1"},"canonical":"https:\/\/www.bellunopress.it\/fr\/2013\/04\/08\/37ma-pizolada-delle-dolomiti\/","og_locale":"fr_FR","og_type":"article","og_title":"37ma Pizolada delle Dolomiti - Bellunopress - Dolomiti","og_description":"Tutto pronto per la 37a Pizolada delle Dolomiti, decana dello scialpinismo italiano in programma il prossimo 14 aprile tra le cime innevate della Val di Fassa e del Passo San Pellegrino. Promossa dall\u2019Unione Sportiva Monti Pallidi in collaborazione con il CAI SAT e il Comitato Fassa Eventi, nonch\u00e9 la preziosa collaborazione di tanti volontari \u2013 [&hellip;]","og_url":"https:\/\/www.bellunopress.it\/fr\/2013\/04\/08\/37ma-pizolada-delle-dolomiti\/","og_site_name":"Bellunopress - Dolomiti","article_publisher":"https:\/\/www.facebook.com\/profile.php?id=100008943462799","article_published_time":"2013-04-08T04:57:40+00:00","og_image":[{"url":"http:\/\/www.bellunopress.it\/wp-content\/uploads\/2012\/07\/logo-bellunopress-250x250-2012.jpg","type":"","width":"","height":""}],"author":"redazione","twitter_card":"summary_large_image","twitter_creator":"@bellunopress","twitter_site":"@bellunopress","twitter_misc":{"\u00c9crit par":"redazione","Dur\u00e9e de lecture estim\u00e9e":"2 minutes"},"schema":{"@context":"https:\/\/schema.org","@graph":[{"@type":"Article","@id":"https:\/\/www.bellunopress.it\/2013\/04\/08\/37ma-pizolada-delle-dolomiti\/#article","isPartOf":{"@id":"https:\/\/www.bellunopress.it\/2013\/04\/08\/37ma-pizolada-delle-dolomiti\/"},"author":{"name":"redazione","@id":"https:\/\/www.bellunopress.it\/#\/schema\/person\/79bb06722b37ece1c03d3e94beb30d73"},"headline":"37ma Pizolada delle Dolomiti","datePublished":"2013-04-08T04:57:40+00:00","mainEntityOfPage":{"@id":"https:\/\/www.bellunopress.it\/2013\/04\/08\/37ma-pizolada-delle-dolomiti\/"},"wordCount":496,"publisher":{"@id":"https:\/\/www.bellunopress.it\/#organization"},"articleSection":["Appuntamenti, Eventi","Pausa Caff\u00e8","Sport, tempo libero"],"inLanguage":"fr-FR"},{"@type":"WebPage","@id":"https:\/\/www.bellunopress.it\/2013\/04\/08\/37ma-pizolada-delle-dolomiti\/","url":"https:\/\/www.bellunopress.it\/2013\/04\/08\/37ma-pizolada-delle-dolomiti\/","name":"37ma Pizolada delle Dolomiti - Bellunopress - Dolomiti","isPartOf":{"@id":"https:\/\/www.bellunopress.it\/#website"},"datePublished":"2013-04-08T04:57:40+00:00","breadcrumb":{"@id":"https:\/\/www.bellunopress.it\/2013\/04\/08\/37ma-pizolada-delle-dolomiti\/#breadcrumb"},"inLanguage":"fr-FR","potentialAction":[{"@type":"ReadAction","target":["https:\/\/www.bellunopress.it\/2013\/04\/08\/37ma-pizolada-delle-dolomiti\/"]}]},{"@type":"BreadcrumbList","@id":"https:\/\/www.bellunopress.it\/2013\/04\/08\/37ma-pizolada-delle-dolomiti\/#breadcrumb","itemListElement":[{"@type":"ListItem","position":1,"name":"Home","item":"https:\/\/www.bellunopress.it\/"},{"@type":"ListItem","position":2,"name":"37ma Pizolada delle Dolomiti"}]},{"@type":"WebSite","@id":"https:\/\/www.bellunopress.it\/#website","url":"https:\/\/www.bellunopress.it\/","name":"Bellunopress - Dolomiti","description":"e-mail: redazione@bellunopress.it","publisher":{"@id":"https:\/\/www.bellunopress.it\/#organization"},"potentialAction":[{"@type":"SearchAction","target":{"@type":"EntryPoint","urlTemplate":"https:\/\/www.bellunopress.it\/?s={search_term_string}"},"query-input":{"@type":"PropertyValueSpecification","valueRequired":true,"valueName":"search_term_string"}}],"inLanguage":"fr-FR"},{"@type":"Organization","@id":"https:\/\/www.bellunopress.it\/#organization","name":"Bellunopress","url":"https:\/\/www.bellunopress.it\/","logo":{"@type":"ImageObject","inLanguage":"fr-FR","@id":"https:\/\/www.bellunopress.it\/#\/schema\/logo\/image\/","url":"https:\/\/www.bellunopress.it\/wp-content\/uploads\/2011\/05\/cropped-logo-bellunopress-.jpg","contentUrl":"https:\/\/www.bellunopress.it\/wp-content\/uploads\/2011\/05\/cropped-logo-bellunopress-.jpg","width":512,"height":512,"caption":"Bellunopress"},"image":{"@id":"https:\/\/www.bellunopress.it\/#\/schema\/logo\/image\/"},"sameAs":["https:\/\/www.facebook.com\/profile.php?id=100008943462799","https:\/\/x.com\/bellunopress","https:\/\/www.linkedin.com\/hp\/?dnr=JBzUWaJfMUw8vbXJJ2tVW5-I3jZKvC4wsoxE&amp;amp;amp;amp;amp;amp;trk=nav_responsive_tab_home","https:\/\/www.youtube.com\/channel\/UCxL0wu1uN0_3_7hGG0306cw"]},{"@type":"Person","@id":"https:\/\/www.bellunopress.it\/#\/schema\/person\/79bb06722b37ece1c03d3e94beb30d73","name":"r\u00e9daction","image":{"@type":"ImageObject","inLanguage":"fr-FR","@id":"https:\/\/secure.gravatar.com\/avatar\/37d968a2e67a6fd04c169c4bdef102d0bc5d31b2546345219e348575eb80e9a0?s=96&d=mm&r=g","url":"https:\/\/secure.gravatar.com\/avatar\/37d968a2e67a6fd04c169c4bdef102d0bc5d31b2546345219e348575eb80e9a0?s=96&d=mm&r=g","contentUrl":"https:\/\/secure.gravatar.com\/avatar\/37d968a2e67a6fd04c169c4bdef102d0bc5d31b2546345219e348575eb80e9a0?s=96&d=mm&r=g","caption":"redazione"},"sameAs":["http:\/\/www.bellunopress.it","https:\/\/x.com\/bellunopress"],"url":"https:\/\/www.bellunopress.it\/fr\/author\/redazione\/"}]}},"_links":{"self":[{"href":"https:\/\/www.bellunopress.it\/fr\/wp-json\/wp\/v2\/posts\/48268","targetHints":{"allow":["GET"]}}],"collection":[{"href":"https:\/\/www.bellunopress.it\/fr\/wp-json\/wp\/v2\/posts"}],"about":[{"href":"https:\/\/www.bellunopress.it\/fr\/wp-json\/wp\/v2\/types\/post"}],"author":[{"embeddable":true,"href":"https:\/\/www.bellunopress.it\/fr\/wp-json\/wp\/v2\/users\/2"}],"replies":[{"embeddable":true,"href":"https:\/\/www.bellunopress.it\/fr\/wp-json\/wp\/v2\/comments?post=48268"}],"version-history":[{"count":2,"href":"https:\/\/www.bellunopress.it\/fr\/wp-json\/wp\/v2\/posts\/48268\/revisions"}],"predecessor-version":[{"id":48270,"href":"https:\/\/www.bellunopress.it\/fr\/wp-json\/wp\/v2\/posts\/48268\/revisions\/48270"}],"wp:attachment":[{"href":"https:\/\/www.bellunopress.it\/fr\/wp-json\/wp\/v2\/media?parent=48268"}],"wp:term":[{"taxonomy":"category","embeddable":true,"href":"https:\/\/www.bellunopress.it\/fr\/wp-json\/wp\/v2\/categories?post=48268"},{"taxonomy":"post_tag","embeddable":true,"href":"https:\/\/www.bellunopress.it\/fr\/wp-json\/wp\/v2\/tags?post=48268"}],"curies":[{"name":"wp","href":"https:\/\/api.w.org\/{rel}","templated":true}]}}