{"id":48264,"date":"2013-04-06T08:57:54","date_gmt":"2013-04-06T07:57:54","guid":{"rendered":"http:\/\/www.bellunopress.it\/?p=48264"},"modified":"2013-04-06T08:57:54","modified_gmt":"2013-04-06T07:57:54","slug":"domenica-lapertura-del-mulino-di-santa-libera-a-santa-giustina","status":"publish","type":"post","link":"https:\/\/www.bellunopress.it\/fr\/2013\/04\/06\/domenica-lapertura-del-mulino-di-santa-libera-a-santa-giustina\/","title":{"rendered":"Domenica l&#8217;apertura del Mulino di Santa Libera a Santa Giustina"},"content":{"rendered":"<p>La Cooperativa Mazarol, in collaborazione con il Comune di Santa Giustina, organizza per domenica 7 aprile la consueta apertura mensile del Mulino di Santa Libera, a Salzan di Santa Giustina.<\/p>\n<figure id=\"attachment_32115\" aria-describedby=\"caption-attachment-32115\" style=\"width: 270px\" class=\"wp-caption alignleft\"><a href=\"http:\/\/www.bellunopress.it\/wp-content\/uploads\/2011\/11\/mulino-santa-libera-santa-giustina.jpg\"><img loading=\"lazy\" decoding=\"async\" class=\"size-full wp-image-32115\" alt=\"Mulino di Santa Libera a Santa Giustina (BL)\" src=\"http:\/\/www.bellunopress.it\/wp-content\/uploads\/2011\/11\/mulino-santa-libera-santa-giustina.jpg\" width=\"270\" height=\"203\" \/><\/a><figcaption id=\"caption-attachment-32115\" class=\"wp-caption-text\">Mulino di Santa Libera a Santa Giustina (BL)<\/figcaption><\/figure>\n<p>Dalle 14 alle 17 sar\u00e0 possibile assistere alla macinatura a pietra azionata dalle acque della roggia del torrente Veses.<\/p>\n<p>Le Guide del Mazarol accoglieranno i visitatori con le spiegazioni sulla storia e il funzionamento del mulino e delle rogge del territorio di Santa Giustina.<\/p>\n<p>Tutti i presenti avranno la possibilit\u00e0 di portare a casa un sacchetto di farina da polenta di mais sponcio e i pi\u00f9 piccoli potranno sperimentare con le proprie mani le fasi di lavorazione.<\/p>\n<p>&nbsp;<\/p>\n<p>Info al 3290040808<\/p>\n<p>&nbsp;<\/p>\n<p>&nbsp;<\/p>\n<p>&nbsp;<\/p>","protected":false},"excerpt":{"rendered":"<p>La Cooperativa Mazarol, in collaborazione con il Comune di Santa Giustina, organizza per domenica 7 aprile la consueta apertura mensile del Mulino di Santa Libera, a Salzan di Santa Giustina. Dalle 14 alle 17 sar\u00e0 possibile assistere alla macinatura a pietra azionata dalle acque della roggia del torrente Veses. Le Guide del Mazarol accoglieranno i [&hellip;]<\/p>\n","protected":false},"author":2,"featured_media":0,"comment_status":"closed","ping_status":"open","sticky":false,"template":"","format":"standard","meta":{"footnotes":""},"categories":[27,25],"tags":[],"class_list":["post-48264","post","type-post","status-publish","format-standard","category-appuntamenti","category-pausa-caffe"],"yoast_head":"<!-- This site is optimized with the Yoast SEO plugin v28.4 - https:\/\/yoast.com\/product\/yoast-seo-wordpress\/ -->\n<title>Domenica l&#039;apertura del Mulino di Santa Libera a Santa Giustina - Bellunopress - Dolomiti<\/title>\n<meta name=\"robots\" content=\"index, follow, max-snippet:-1, max-image-preview:large, max-video-preview:-1\" \/>\n<link rel=\"canonical\" href=\"https:\/\/www.bellunopress.it\/fr\/2013\/04\/06\/domenica-lapertura-del-mulino-di-santa-libera-a-santa-giustina\/\" \/>\n<meta property=\"og:locale\" content=\"fr_FR\" \/>\n<meta property=\"og:type\" content=\"article\" \/>\n<meta property=\"og:title\" content=\"Domenica l&#039;apertura del Mulino di Santa Libera a Santa Giustina - Bellunopress - Dolomiti\" \/>\n<meta property=\"og:description\" content=\"La Cooperativa Mazarol, in collaborazione con il Comune di Santa Giustina, organizza per domenica 7 aprile la consueta apertura mensile del Mulino di Santa Libera, a Salzan di Santa Giustina. Dalle 14 alle 17 sar\u00e0 possibile assistere alla macinatura a pietra azionata dalle acque della roggia del torrente Veses. Le Guide del Mazarol accoglieranno i [&hellip;]\" \/>\n<meta property=\"og:url\" content=\"https:\/\/www.bellunopress.it\/fr\/2013\/04\/06\/domenica-lapertura-del-mulino-di-santa-libera-a-santa-giustina\/\" \/>\n<meta property=\"og:site_name\" content=\"Bellunopress - Dolomiti\" \/>\n<meta property=\"article:publisher\" content=\"https:\/\/www.facebook.com\/profile.php?id=100008943462799\" \/>\n<meta property=\"article:published_time\" content=\"2013-04-06T07:57:54+00:00\" \/>\n<meta property=\"og:image\" content=\"http:\/\/www.bellunopress.it\/wp-content\/uploads\/2011\/11\/mulino-santa-libera-santa-giustina.jpg\" \/>\n<meta name=\"author\" content=\"redazione\" \/>\n<meta name=\"twitter:card\" content=\"summary_large_image\" \/>\n<meta name=\"twitter:creator\" content=\"@bellunopress\" \/>\n<meta name=\"twitter:site\" content=\"@bellunopress\" \/>\n<meta name=\"twitter:label1\" content=\"\u00c9crit par\" \/>\n\t<meta name=\"twitter:data1\" content=\"redazione\" \/>\n\t<meta name=\"twitter:label2\" content=\"Dur\u00e9e de lecture estim\u00e9e\" \/>\n\t<meta name=\"twitter:data2\" content=\"1 minute\" \/>\n<script type=\"application\/ld+json\" class=\"yoast-schema-graph\">{\"@context\":\"https:\\\/\\\/schema.org\",\"@graph\":[{\"@type\":\"Article\",\"@id\":\"https:\\\/\\\/www.bellunopress.it\\\/2013\\\/04\\\/06\\\/domenica-lapertura-del-mulino-di-santa-libera-a-santa-giustina\\\/#article\",\"isPartOf\":{\"@id\":\"https:\\\/\\\/www.bellunopress.it\\\/2013\\\/04\\\/06\\\/domenica-lapertura-del-mulino-di-santa-libera-a-santa-giustina\\\/\"},\"author\":{\"name\":\"redazione\",\"@id\":\"https:\\\/\\\/www.bellunopress.it\\\/#\\\/schema\\\/person\\\/79bb06722b37ece1c03d3e94beb30d73\"},\"headline\":\"Domenica l&#8217;apertura del Mulino di Santa Libera a Santa Giustina\",\"datePublished\":\"2013-04-06T07:57:54+00:00\",\"mainEntityOfPage\":{\"@id\":\"https:\\\/\\\/www.bellunopress.it\\\/2013\\\/04\\\/06\\\/domenica-lapertura-del-mulino-di-santa-libera-a-santa-giustina\\\/\"},\"wordCount\":136,\"publisher\":{\"@id\":\"https:\\\/\\\/www.bellunopress.it\\\/#organization\"},\"image\":{\"@id\":\"https:\\\/\\\/www.bellunopress.it\\\/2013\\\/04\\\/06\\\/domenica-lapertura-del-mulino-di-santa-libera-a-santa-giustina\\\/#primaryimage\"},\"thumbnailUrl\":\"http:\\\/\\\/www.bellunopress.it\\\/wp-content\\\/uploads\\\/2011\\\/11\\\/mulino-santa-libera-santa-giustina.jpg\",\"articleSection\":[\"Appuntamenti, Eventi\",\"Pausa Caff\u00e8\"],\"inLanguage\":\"fr-FR\"},{\"@type\":\"WebPage\",\"@id\":\"https:\\\/\\\/www.bellunopress.it\\\/2013\\\/04\\\/06\\\/domenica-lapertura-del-mulino-di-santa-libera-a-santa-giustina\\\/\",\"url\":\"https:\\\/\\\/www.bellunopress.it\\\/2013\\\/04\\\/06\\\/domenica-lapertura-del-mulino-di-santa-libera-a-santa-giustina\\\/\",\"name\":\"Domenica l'apertura del Mulino di Santa Libera a Santa Giustina - Bellunopress - Dolomiti\",\"isPartOf\":{\"@id\":\"https:\\\/\\\/www.bellunopress.it\\\/#website\"},\"primaryImageOfPage\":{\"@id\":\"https:\\\/\\\/www.bellunopress.it\\\/2013\\\/04\\\/06\\\/domenica-lapertura-del-mulino-di-santa-libera-a-santa-giustina\\\/#primaryimage\"},\"image\":{\"@id\":\"https:\\\/\\\/www.bellunopress.it\\\/2013\\\/04\\\/06\\\/domenica-lapertura-del-mulino-di-santa-libera-a-santa-giustina\\\/#primaryimage\"},\"thumbnailUrl\":\"http:\\\/\\\/www.bellunopress.it\\\/wp-content\\\/uploads\\\/2011\\\/11\\\/mulino-santa-libera-santa-giustina.jpg\",\"datePublished\":\"2013-04-06T07:57:54+00:00\",\"breadcrumb\":{\"@id\":\"https:\\\/\\\/www.bellunopress.it\\\/2013\\\/04\\\/06\\\/domenica-lapertura-del-mulino-di-santa-libera-a-santa-giustina\\\/#breadcrumb\"},\"inLanguage\":\"fr-FR\",\"potentialAction\":[{\"@type\":\"ReadAction\",\"target\":[\"https:\\\/\\\/www.bellunopress.it\\\/2013\\\/04\\\/06\\\/domenica-lapertura-del-mulino-di-santa-libera-a-santa-giustina\\\/\"]}]},{\"@type\":\"ImageObject\",\"inLanguage\":\"fr-FR\",\"@id\":\"https:\\\/\\\/www.bellunopress.it\\\/2013\\\/04\\\/06\\\/domenica-lapertura-del-mulino-di-santa-libera-a-santa-giustina\\\/#primaryimage\",\"url\":\"http:\\\/\\\/www.bellunopress.it\\\/wp-content\\\/uploads\\\/2011\\\/11\\\/mulino-santa-libera-santa-giustina.jpg\",\"contentUrl\":\"http:\\\/\\\/www.bellunopress.it\\\/wp-content\\\/uploads\\\/2011\\\/11\\\/mulino-santa-libera-santa-giustina.jpg\"},{\"@type\":\"BreadcrumbList\",\"@id\":\"https:\\\/\\\/www.bellunopress.it\\\/2013\\\/04\\\/06\\\/domenica-lapertura-del-mulino-di-santa-libera-a-santa-giustina\\\/#breadcrumb\",\"itemListElement\":[{\"@type\":\"ListItem\",\"position\":1,\"name\":\"Home\",\"item\":\"https:\\\/\\\/www.bellunopress.it\\\/\"},{\"@type\":\"ListItem\",\"position\":2,\"name\":\"Domenica l&#8217;apertura del Mulino di Santa Libera a Santa Giustina\"}]},{\"@type\":\"WebSite\",\"@id\":\"https:\\\/\\\/www.bellunopress.it\\\/#website\",\"url\":\"https:\\\/\\\/www.bellunopress.it\\\/\",\"name\":\"Bellunopress - Dolomiti\",\"description\":\"e-mail: redazione@bellunopress.it\",\"publisher\":{\"@id\":\"https:\\\/\\\/www.bellunopress.it\\\/#organization\"},\"potentialAction\":[{\"@type\":\"SearchAction\",\"target\":{\"@type\":\"EntryPoint\",\"urlTemplate\":\"https:\\\/\\\/www.bellunopress.it\\\/?s={search_term_string}\"},\"query-input\":{\"@type\":\"PropertyValueSpecification\",\"valueRequired\":true,\"valueName\":\"search_term_string\"}}],\"inLanguage\":\"fr-FR\"},{\"@type\":\"Organization\",\"@id\":\"https:\\\/\\\/www.bellunopress.it\\\/#organization\",\"name\":\"Bellunopress\",\"url\":\"https:\\\/\\\/www.bellunopress.it\\\/\",\"logo\":{\"@type\":\"ImageObject\",\"inLanguage\":\"fr-FR\",\"@id\":\"https:\\\/\\\/www.bellunopress.it\\\/#\\\/schema\\\/logo\\\/image\\\/\",\"url\":\"https:\\\/\\\/www.bellunopress.it\\\/wp-content\\\/uploads\\\/2011\\\/05\\\/cropped-logo-bellunopress-.jpg\",\"contentUrl\":\"https:\\\/\\\/www.bellunopress.it\\\/wp-content\\\/uploads\\\/2011\\\/05\\\/cropped-logo-bellunopress-.jpg\",\"width\":512,\"height\":512,\"caption\":\"Bellunopress\"},\"image\":{\"@id\":\"https:\\\/\\\/www.bellunopress.it\\\/#\\\/schema\\\/logo\\\/image\\\/\"},\"sameAs\":[\"https:\\\/\\\/www.facebook.com\\\/profile.php?id=100008943462799\",\"https:\\\/\\\/x.com\\\/bellunopress\",\"https:\\\/\\\/www.linkedin.com\\\/hp\\\/?dnr=JBzUWaJfMUw8vbXJJ2tVW5-I3jZKvC4wsoxE&amp;amp;amp;amp;amp;amp;trk=nav_responsive_tab_home\",\"https:\\\/\\\/www.youtube.com\\\/channel\\\/UCxL0wu1uN0_3_7hGG0306cw\"]},{\"@type\":\"Person\",\"@id\":\"https:\\\/\\\/www.bellunopress.it\\\/#\\\/schema\\\/person\\\/79bb06722b37ece1c03d3e94beb30d73\",\"name\":\"redazione\",\"image\":{\"@type\":\"ImageObject\",\"inLanguage\":\"fr-FR\",\"@id\":\"https:\\\/\\\/secure.gravatar.com\\\/avatar\\\/37d968a2e67a6fd04c169c4bdef102d0bc5d31b2546345219e348575eb80e9a0?s=96&d=mm&r=g\",\"url\":\"https:\\\/\\\/secure.gravatar.com\\\/avatar\\\/37d968a2e67a6fd04c169c4bdef102d0bc5d31b2546345219e348575eb80e9a0?s=96&d=mm&r=g\",\"contentUrl\":\"https:\\\/\\\/secure.gravatar.com\\\/avatar\\\/37d968a2e67a6fd04c169c4bdef102d0bc5d31b2546345219e348575eb80e9a0?s=96&d=mm&r=g\",\"caption\":\"redazione\"},\"sameAs\":[\"http:\\\/\\\/www.bellunopress.it\",\"https:\\\/\\\/x.com\\\/bellunopress\"],\"url\":\"https:\\\/\\\/www.bellunopress.it\\\/fr\\\/author\\\/redazione\\\/\"}]}<\/script>\n<!-- \/ Yoast SEO plugin. -->","yoast_head_json":{"title":"Domenica l'apertura del Mulino di Santa Libera a Santa Giustina - Bellunopress - Dolomiti","robots":{"index":"index","follow":"follow","max-snippet":"max-snippet:-1","max-image-preview":"max-image-preview:large","max-video-preview":"max-video-preview:-1"},"canonical":"https:\/\/www.bellunopress.it\/fr\/2013\/04\/06\/domenica-lapertura-del-mulino-di-santa-libera-a-santa-giustina\/","og_locale":"fr_FR","og_type":"article","og_title":"Domenica l'apertura del Mulino di Santa Libera a Santa Giustina - Bellunopress - Dolomiti","og_description":"La Cooperativa Mazarol, in collaborazione con il Comune di Santa Giustina, organizza per domenica 7 aprile la consueta apertura mensile del Mulino di Santa Libera, a Salzan di Santa Giustina. Dalle 14 alle 17 sar\u00e0 possibile assistere alla macinatura a pietra azionata dalle acque della roggia del torrente Veses. Le Guide del Mazarol accoglieranno i [&hellip;]","og_url":"https:\/\/www.bellunopress.it\/fr\/2013\/04\/06\/domenica-lapertura-del-mulino-di-santa-libera-a-santa-giustina\/","og_site_name":"Bellunopress - Dolomiti","article_publisher":"https:\/\/www.facebook.com\/profile.php?id=100008943462799","article_published_time":"2013-04-06T07:57:54+00:00","og_image":[{"url":"http:\/\/www.bellunopress.it\/wp-content\/uploads\/2011\/11\/mulino-santa-libera-santa-giustina.jpg","type":"","width":"","height":""}],"author":"redazione","twitter_card":"summary_large_image","twitter_creator":"@bellunopress","twitter_site":"@bellunopress","twitter_misc":{"\u00c9crit par":"redazione","Dur\u00e9e de lecture estim\u00e9e":"1 minute"},"schema":{"@context":"https:\/\/schema.org","@graph":[{"@type":"Article","@id":"https:\/\/www.bellunopress.it\/2013\/04\/06\/domenica-lapertura-del-mulino-di-santa-libera-a-santa-giustina\/#article","isPartOf":{"@id":"https:\/\/www.bellunopress.it\/2013\/04\/06\/domenica-lapertura-del-mulino-di-santa-libera-a-santa-giustina\/"},"author":{"name":"redazione","@id":"https:\/\/www.bellunopress.it\/#\/schema\/person\/79bb06722b37ece1c03d3e94beb30d73"},"headline":"Domenica l&#8217;apertura del Mulino di Santa Libera a Santa Giustina","datePublished":"2013-04-06T07:57:54+00:00","mainEntityOfPage":{"@id":"https:\/\/www.bellunopress.it\/2013\/04\/06\/domenica-lapertura-del-mulino-di-santa-libera-a-santa-giustina\/"},"wordCount":136,"publisher":{"@id":"https:\/\/www.bellunopress.it\/#organization"},"image":{"@id":"https:\/\/www.bellunopress.it\/2013\/04\/06\/domenica-lapertura-del-mulino-di-santa-libera-a-santa-giustina\/#primaryimage"},"thumbnailUrl":"http:\/\/www.bellunopress.it\/wp-content\/uploads\/2011\/11\/mulino-santa-libera-santa-giustina.jpg","articleSection":["Appuntamenti, Eventi","Pausa Caff\u00e8"],"inLanguage":"fr-FR"},{"@type":"WebPage","@id":"https:\/\/www.bellunopress.it\/2013\/04\/06\/domenica-lapertura-del-mulino-di-santa-libera-a-santa-giustina\/","url":"https:\/\/www.bellunopress.it\/2013\/04\/06\/domenica-lapertura-del-mulino-di-santa-libera-a-santa-giustina\/","name":"Domenica l'apertura del Mulino di Santa Libera a Santa Giustina - Bellunopress - Dolomiti","isPartOf":{"@id":"https:\/\/www.bellunopress.it\/#website"},"primaryImageOfPage":{"@id":"https:\/\/www.bellunopress.it\/2013\/04\/06\/domenica-lapertura-del-mulino-di-santa-libera-a-santa-giustina\/#primaryimage"},"image":{"@id":"https:\/\/www.bellunopress.it\/2013\/04\/06\/domenica-lapertura-del-mulino-di-santa-libera-a-santa-giustina\/#primaryimage"},"thumbnailUrl":"http:\/\/www.bellunopress.it\/wp-content\/uploads\/2011\/11\/mulino-santa-libera-santa-giustina.jpg","datePublished":"2013-04-06T07:57:54+00:00","breadcrumb":{"@id":"https:\/\/www.bellunopress.it\/2013\/04\/06\/domenica-lapertura-del-mulino-di-santa-libera-a-santa-giustina\/#breadcrumb"},"inLanguage":"fr-FR","potentialAction":[{"@type":"ReadAction","target":["https:\/\/www.bellunopress.it\/2013\/04\/06\/domenica-lapertura-del-mulino-di-santa-libera-a-santa-giustina\/"]}]},{"@type":"ImageObject","inLanguage":"fr-FR","@id":"https:\/\/www.bellunopress.it\/2013\/04\/06\/domenica-lapertura-del-mulino-di-santa-libera-a-santa-giustina\/#primaryimage","url":"http:\/\/www.bellunopress.it\/wp-content\/uploads\/2011\/11\/mulino-santa-libera-santa-giustina.jpg","contentUrl":"http:\/\/www.bellunopress.it\/wp-content\/uploads\/2011\/11\/mulino-santa-libera-santa-giustina.jpg"},{"@type":"BreadcrumbList","@id":"https:\/\/www.bellunopress.it\/2013\/04\/06\/domenica-lapertura-del-mulino-di-santa-libera-a-santa-giustina\/#breadcrumb","itemListElement":[{"@type":"ListItem","position":1,"name":"Home","item":"https:\/\/www.bellunopress.it\/"},{"@type":"ListItem","position":2,"name":"Domenica l&#8217;apertura del Mulino di Santa Libera a Santa Giustina"}]},{"@type":"WebSite","@id":"https:\/\/www.bellunopress.it\/#website","url":"https:\/\/www.bellunopress.it\/","name":"Bellunopress - Dolomiti","description":"e-mail: redazione@bellunopress.it","publisher":{"@id":"https:\/\/www.bellunopress.it\/#organization"},"potentialAction":[{"@type":"SearchAction","target":{"@type":"EntryPoint","urlTemplate":"https:\/\/www.bellunopress.it\/?s={search_term_string}"},"query-input":{"@type":"PropertyValueSpecification","valueRequired":true,"valueName":"search_term_string"}}],"inLanguage":"fr-FR"},{"@type":"Organization","@id":"https:\/\/www.bellunopress.it\/#organization","name":"Bellunopress","url":"https:\/\/www.bellunopress.it\/","logo":{"@type":"ImageObject","inLanguage":"fr-FR","@id":"https:\/\/www.bellunopress.it\/#\/schema\/logo\/image\/","url":"https:\/\/www.bellunopress.it\/wp-content\/uploads\/2011\/05\/cropped-logo-bellunopress-.jpg","contentUrl":"https:\/\/www.bellunopress.it\/wp-content\/uploads\/2011\/05\/cropped-logo-bellunopress-.jpg","width":512,"height":512,"caption":"Bellunopress"},"image":{"@id":"https:\/\/www.bellunopress.it\/#\/schema\/logo\/image\/"},"sameAs":["https:\/\/www.facebook.com\/profile.php?id=100008943462799","https:\/\/x.com\/bellunopress","https:\/\/www.linkedin.com\/hp\/?dnr=JBzUWaJfMUw8vbXJJ2tVW5-I3jZKvC4wsoxE&amp;amp;amp;amp;amp;amp;trk=nav_responsive_tab_home","https:\/\/www.youtube.com\/channel\/UCxL0wu1uN0_3_7hGG0306cw"]},{"@type":"Person","@id":"https:\/\/www.bellunopress.it\/#\/schema\/person\/79bb06722b37ece1c03d3e94beb30d73","name":"r\u00e9daction","image":{"@type":"ImageObject","inLanguage":"fr-FR","@id":"https:\/\/secure.gravatar.com\/avatar\/37d968a2e67a6fd04c169c4bdef102d0bc5d31b2546345219e348575eb80e9a0?s=96&d=mm&r=g","url":"https:\/\/secure.gravatar.com\/avatar\/37d968a2e67a6fd04c169c4bdef102d0bc5d31b2546345219e348575eb80e9a0?s=96&d=mm&r=g","contentUrl":"https:\/\/secure.gravatar.com\/avatar\/37d968a2e67a6fd04c169c4bdef102d0bc5d31b2546345219e348575eb80e9a0?s=96&d=mm&r=g","caption":"redazione"},"sameAs":["http:\/\/www.bellunopress.it","https:\/\/x.com\/bellunopress"],"url":"https:\/\/www.bellunopress.it\/fr\/author\/redazione\/"}]}},"_links":{"self":[{"href":"https:\/\/www.bellunopress.it\/fr\/wp-json\/wp\/v2\/posts\/48264","targetHints":{"allow":["GET"]}}],"collection":[{"href":"https:\/\/www.bellunopress.it\/fr\/wp-json\/wp\/v2\/posts"}],"about":[{"href":"https:\/\/www.bellunopress.it\/fr\/wp-json\/wp\/v2\/types\/post"}],"author":[{"embeddable":true,"href":"https:\/\/www.bellunopress.it\/fr\/wp-json\/wp\/v2\/users\/2"}],"replies":[{"embeddable":true,"href":"https:\/\/www.bellunopress.it\/fr\/wp-json\/wp\/v2\/comments?post=48264"}],"version-history":[{"count":1,"href":"https:\/\/www.bellunopress.it\/fr\/wp-json\/wp\/v2\/posts\/48264\/revisions"}],"predecessor-version":[{"id":48265,"href":"https:\/\/www.bellunopress.it\/fr\/wp-json\/wp\/v2\/posts\/48264\/revisions\/48265"}],"wp:attachment":[{"href":"https:\/\/www.bellunopress.it\/fr\/wp-json\/wp\/v2\/media?parent=48264"}],"wp:term":[{"taxonomy":"category","embeddable":true,"href":"https:\/\/www.bellunopress.it\/fr\/wp-json\/wp\/v2\/categories?post=48264"},{"taxonomy":"post_tag","embeddable":true,"href":"https:\/\/www.bellunopress.it\/fr\/wp-json\/wp\/v2\/tags?post=48264"}],"curies":[{"name":"wp","href":"https:\/\/api.w.org\/{rel}","templated":true}]}}