{"id":48261,"date":"2013-04-05T21:47:33","date_gmt":"2013-04-05T20:47:33","guid":{"rendered":"http:\/\/www.bellunopress.it\/?p=48261"},"modified":"2013-04-05T21:47:33","modified_gmt":"2013-04-05T20:47:33","slug":"feltre-progetto-orti-comuni-le-domande-entro-il-12-aprile-linvito-dellassessore-valter-bonan-ai-cittadini","status":"publish","type":"post","link":"https:\/\/www.bellunopress.it\/fr\/2013\/04\/05\/feltre-progetto-orti-comuni-le-domande-entro-il-12-aprile-linvito-dellassessore-valter-bonan-ai-cittadini\/","title":{"rendered":"Feltre: Progetto &#8220;Orti comuni&#8221;. Le domande entro il 12 aprile. L&#8217;invito dell&#8217;assessore Valter Bonan ai cittadini"},"content":{"rendered":"<p>&#8220;L&#8217;Amministrazione comunale nelle proprie linee programmatiche ha\u00a0individuato, nel settore dell&#8217;agricoltura, alcuni obiettivi relativi\u00a0a: favorire le produzioni biologiche, promuoverne la filiera corta,\u00a0sostenere lo scambio e la conservazione delle sementi antiche e delle\u00a0biodiversit\u00e0 locali, recuperare terreni abbandonati ed assegnare\u00a0l&#8217;uso dei terreni agricoli pubblici anche per attivare la\u00a0realizzazione di orti comuni, collettivi e scolastici&#8221;.<\/p>\n<figure id=\"attachment_28948\" aria-describedby=\"caption-attachment-28948\" style=\"width: 135px\" class=\"wp-caption alignleft\"><a href=\"http:\/\/www.bellunopress.it\/wp-content\/uploads\/2011\/07\/valter-bonan.jpg\"><img loading=\"lazy\" decoding=\"async\" class=\"size-full wp-image-28948\" alt=\"Valter Bonan\" src=\"http:\/\/www.bellunopress.it\/wp-content\/uploads\/2011\/07\/valter-bonan.jpg\" width=\"135\" height=\"150\" \/><\/a><figcaption id=\"caption-attachment-28948\" class=\"wp-caption-text\">Valter Bonan<\/figcaption><\/figure>\n<p>Lo scrive l&#8217;assessore ai Beni comuni del Comune di Feltre Valter Bonan in una lettera\/invito indirizzata ai cittadini<\/p>\n<p>&#8220;In questo ambito con il progetto Orti \u201cComuni\u2033 intende avvicinare\u00a0i cittadini all&#8217;autoproduzione agricola stimolando nel contempo\u00a0occasioni di condivisione di saperi e coesione sociale attraverso la\u00a0pratica di benessere che deriva dal prendersi cura di un terreno\u00a0agricolo, di uno spazio e un bene comune.<\/p>\n<p>Custodire e coltivare un\u00a0orto vuol dire riscoprire un rapporto nuovo con la natura-vita e i\u00a0suoi tempi, con il paesaggio della nostra citt\u00e0, con la condivisione\u00a0intergenerazionale dei saperi\/sapori tradizionali per ritrovare il\u00a0gusto di mangiare i propri prodotti sicuri e favorire anche nuove\u00a0forme di autonomia e decrescita economica.<\/p>\n<p>Con queste finalit\u00e0 il\u00a0Comune di Feltre intende mettere a disposizione gratuita alcune aree\u00a0pubbliche disponibili, da assegnare alle cittadine e ai cittadini\u00a0(\u201cCustodi\u201d), residenti o domiciliati a Feltre, affinch\u00e9 le\u00a0coltivino ad orti, senza scopo di lucro, per procurarsi prodotti da\u00a0destinare al consumo familiare.<\/p>\n<p>Nell&#8217;evidenziare il termine per manifestare il proprio interesse\u00a0scade alle ore 12 del 12 aprile 2013, le preciso che cliccando sul\u00a0link in fondo alla pagina potr\u00e0 scaricare il modulo per la\u00a0segnalazione.<\/p>\n<p>Sul sito internet del Comune <a href=\"http:\/\/www.comune.feltre.bl.it\">http:\/\/www.comune.feltre.bl.it<\/a>\u00a0si trova\u00a0in evidenza tutta la documentazione con indicazione delle\u00a0aree individuate, le modalit\u00e0 di assegnazione e le condizioni di\u00a0utilizzo delle aree. In particolare con il disciplinare viene disposta\u00a0la durata delle assegnazioni, pari ad una stagione agraria e le\u00a0modalit\u00e0 di utilizzo delle aree&#8221;.<\/p>\n<p>&nbsp;<\/p>","protected":false},"excerpt":{"rendered":"<p>&#8220;L&#8217;Amministrazione comunale nelle proprie linee programmatiche ha\u00a0individuato, nel settore dell&#8217;agricoltura, alcuni obiettivi relativi\u00a0a: favorire le produzioni biologiche, promuoverne la filiera corta,\u00a0sostenere lo scambio e la conservazione delle sementi antiche e delle\u00a0biodiversit\u00e0 locali, recuperare terreni abbandonati ed assegnare\u00a0l&#8217;uso dei terreni agricoli pubblici anche per attivare la\u00a0realizzazione di orti comuni, collettivi e scolastici&#8221;. Lo scrive l&#8217;assessore ai [&hellip;]<\/p>\n","protected":false},"author":2,"featured_media":0,"comment_status":"closed","ping_status":"open","sticky":false,"template":"","format":"standard","meta":{"footnotes":""},"categories":[5,26,8],"tags":[],"class_list":["post-48261","post","type-post","status-publish","format-standard","category-cronaca","category-prima-pagina","category-societa-istituzioni"],"yoast_head":"<!-- This site is optimized with the Yoast SEO plugin v28.4 - https:\/\/yoast.com\/product\/yoast-seo-wordpress\/ -->\n<title>Feltre: Progetto &quot;Orti comuni&quot;. Le domande entro il 12 aprile. L&#039;invito dell&#039;assessore Valter Bonan ai cittadini - Bellunopress - Dolomiti<\/title>\n<meta name=\"robots\" content=\"index, follow, max-snippet:-1, max-image-preview:large, max-video-preview:-1\" \/>\n<link rel=\"canonical\" href=\"https:\/\/www.bellunopress.it\/fr\/2013\/04\/05\/feltre-progetto-orti-comuni-le-domande-entro-il-12-aprile-linvito-dellassessore-valter-bonan-ai-cittadini\/\" \/>\n<meta property=\"og:locale\" content=\"fr_FR\" \/>\n<meta property=\"og:type\" content=\"article\" \/>\n<meta property=\"og:title\" content=\"Feltre: Progetto &quot;Orti comuni&quot;. Le domande entro il 12 aprile. L&#039;invito dell&#039;assessore Valter Bonan ai cittadini - Bellunopress - Dolomiti\" \/>\n<meta property=\"og:description\" content=\"&#8220;L&#8217;Amministrazione comunale nelle proprie linee programmatiche ha\u00a0individuato, nel settore dell&#8217;agricoltura, alcuni obiettivi relativi\u00a0a: favorire le produzioni biologiche, promuoverne la filiera corta,\u00a0sostenere lo scambio e la conservazione delle sementi antiche e delle\u00a0biodiversit\u00e0 locali, recuperare terreni abbandonati ed assegnare\u00a0l&#8217;uso dei terreni agricoli pubblici anche per attivare la\u00a0realizzazione di orti comuni, collettivi e scolastici&#8221;. Lo scrive l&#8217;assessore ai [&hellip;]\" \/>\n<meta property=\"og:url\" content=\"https:\/\/www.bellunopress.it\/fr\/2013\/04\/05\/feltre-progetto-orti-comuni-le-domande-entro-il-12-aprile-linvito-dellassessore-valter-bonan-ai-cittadini\/\" \/>\n<meta property=\"og:site_name\" content=\"Bellunopress - Dolomiti\" \/>\n<meta property=\"article:publisher\" content=\"https:\/\/www.facebook.com\/profile.php?id=100008943462799\" \/>\n<meta property=\"article:published_time\" content=\"2013-04-05T20:47:33+00:00\" \/>\n<meta property=\"og:image\" content=\"http:\/\/www.bellunopress.it\/wp-content\/uploads\/2011\/07\/valter-bonan.jpg\" \/>\n<meta name=\"author\" content=\"redazione\" \/>\n<meta name=\"twitter:card\" content=\"summary_large_image\" \/>\n<meta name=\"twitter:creator\" content=\"@bellunopress\" \/>\n<meta name=\"twitter:site\" content=\"@bellunopress\" \/>\n<meta name=\"twitter:label1\" content=\"\u00c9crit par\" \/>\n\t<meta name=\"twitter:data1\" content=\"redazione\" \/>\n\t<meta name=\"twitter:label2\" content=\"Dur\u00e9e de lecture estim\u00e9e\" \/>\n\t<meta name=\"twitter:data2\" content=\"2 minutes\" \/>\n<script type=\"application\/ld+json\" class=\"yoast-schema-graph\">{\"@context\":\"https:\\\/\\\/schema.org\",\"@graph\":[{\"@type\":\"Article\",\"@id\":\"https:\\\/\\\/www.bellunopress.it\\\/2013\\\/04\\\/05\\\/feltre-progetto-orti-comuni-le-domande-entro-il-12-aprile-linvito-dellassessore-valter-bonan-ai-cittadini\\\/#article\",\"isPartOf\":{\"@id\":\"https:\\\/\\\/www.bellunopress.it\\\/2013\\\/04\\\/05\\\/feltre-progetto-orti-comuni-le-domande-entro-il-12-aprile-linvito-dellassessore-valter-bonan-ai-cittadini\\\/\"},\"author\":{\"name\":\"redazione\",\"@id\":\"https:\\\/\\\/www.bellunopress.it\\\/#\\\/schema\\\/person\\\/79bb06722b37ece1c03d3e94beb30d73\"},\"headline\":\"Feltre: Progetto &#8220;Orti comuni&#8221;. Le domande entro il 12 aprile. L&#8217;invito dell&#8217;assessore Valter Bonan ai cittadini\",\"datePublished\":\"2013-04-05T20:47:33+00:00\",\"mainEntityOfPage\":{\"@id\":\"https:\\\/\\\/www.bellunopress.it\\\/2013\\\/04\\\/05\\\/feltre-progetto-orti-comuni-le-domande-entro-il-12-aprile-linvito-dellassessore-valter-bonan-ai-cittadini\\\/\"},\"wordCount\":340,\"publisher\":{\"@id\":\"https:\\\/\\\/www.bellunopress.it\\\/#organization\"},\"image\":{\"@id\":\"https:\\\/\\\/www.bellunopress.it\\\/2013\\\/04\\\/05\\\/feltre-progetto-orti-comuni-le-domande-entro-il-12-aprile-linvito-dellassessore-valter-bonan-ai-cittadini\\\/#primaryimage\"},\"thumbnailUrl\":\"http:\\\/\\\/www.bellunopress.it\\\/wp-content\\\/uploads\\\/2011\\\/07\\\/valter-bonan.jpg\",\"articleSection\":[\"Cronaca\\\/Politica\",\"Prima Pagina\",\"Societ\u00e0, Associazioni, Istituzioni\"],\"inLanguage\":\"fr-FR\"},{\"@type\":\"WebPage\",\"@id\":\"https:\\\/\\\/www.bellunopress.it\\\/2013\\\/04\\\/05\\\/feltre-progetto-orti-comuni-le-domande-entro-il-12-aprile-linvito-dellassessore-valter-bonan-ai-cittadini\\\/\",\"url\":\"https:\\\/\\\/www.bellunopress.it\\\/2013\\\/04\\\/05\\\/feltre-progetto-orti-comuni-le-domande-entro-il-12-aprile-linvito-dellassessore-valter-bonan-ai-cittadini\\\/\",\"name\":\"Feltre: Progetto \\\"Orti comuni\\\". Le domande entro il 12 aprile. L'invito dell'assessore Valter Bonan ai cittadini - Bellunopress - Dolomiti\",\"isPartOf\":{\"@id\":\"https:\\\/\\\/www.bellunopress.it\\\/#website\"},\"primaryImageOfPage\":{\"@id\":\"https:\\\/\\\/www.bellunopress.it\\\/2013\\\/04\\\/05\\\/feltre-progetto-orti-comuni-le-domande-entro-il-12-aprile-linvito-dellassessore-valter-bonan-ai-cittadini\\\/#primaryimage\"},\"image\":{\"@id\":\"https:\\\/\\\/www.bellunopress.it\\\/2013\\\/04\\\/05\\\/feltre-progetto-orti-comuni-le-domande-entro-il-12-aprile-linvito-dellassessore-valter-bonan-ai-cittadini\\\/#primaryimage\"},\"thumbnailUrl\":\"http:\\\/\\\/www.bellunopress.it\\\/wp-content\\\/uploads\\\/2011\\\/07\\\/valter-bonan.jpg\",\"datePublished\":\"2013-04-05T20:47:33+00:00\",\"breadcrumb\":{\"@id\":\"https:\\\/\\\/www.bellunopress.it\\\/2013\\\/04\\\/05\\\/feltre-progetto-orti-comuni-le-domande-entro-il-12-aprile-linvito-dellassessore-valter-bonan-ai-cittadini\\\/#breadcrumb\"},\"inLanguage\":\"fr-FR\",\"potentialAction\":[{\"@type\":\"ReadAction\",\"target\":[\"https:\\\/\\\/www.bellunopress.it\\\/2013\\\/04\\\/05\\\/feltre-progetto-orti-comuni-le-domande-entro-il-12-aprile-linvito-dellassessore-valter-bonan-ai-cittadini\\\/\"]}]},{\"@type\":\"ImageObject\",\"inLanguage\":\"fr-FR\",\"@id\":\"https:\\\/\\\/www.bellunopress.it\\\/2013\\\/04\\\/05\\\/feltre-progetto-orti-comuni-le-domande-entro-il-12-aprile-linvito-dellassessore-valter-bonan-ai-cittadini\\\/#primaryimage\",\"url\":\"http:\\\/\\\/www.bellunopress.it\\\/wp-content\\\/uploads\\\/2011\\\/07\\\/valter-bonan.jpg\",\"contentUrl\":\"http:\\\/\\\/www.bellunopress.it\\\/wp-content\\\/uploads\\\/2011\\\/07\\\/valter-bonan.jpg\"},{\"@type\":\"BreadcrumbList\",\"@id\":\"https:\\\/\\\/www.bellunopress.it\\\/2013\\\/04\\\/05\\\/feltre-progetto-orti-comuni-le-domande-entro-il-12-aprile-linvito-dellassessore-valter-bonan-ai-cittadini\\\/#breadcrumb\",\"itemListElement\":[{\"@type\":\"ListItem\",\"position\":1,\"name\":\"Home\",\"item\":\"https:\\\/\\\/www.bellunopress.it\\\/\"},{\"@type\":\"ListItem\",\"position\":2,\"name\":\"Feltre: Progetto &#8220;Orti comuni&#8221;. Le domande entro il 12 aprile. L&#8217;invito dell&#8217;assessore Valter Bonan ai cittadini\"}]},{\"@type\":\"WebSite\",\"@id\":\"https:\\\/\\\/www.bellunopress.it\\\/#website\",\"url\":\"https:\\\/\\\/www.bellunopress.it\\\/\",\"name\":\"Bellunopress - Dolomiti\",\"description\":\"e-mail: redazione@bellunopress.it\",\"publisher\":{\"@id\":\"https:\\\/\\\/www.bellunopress.it\\\/#organization\"},\"potentialAction\":[{\"@type\":\"SearchAction\",\"target\":{\"@type\":\"EntryPoint\",\"urlTemplate\":\"https:\\\/\\\/www.bellunopress.it\\\/?s={search_term_string}\"},\"query-input\":{\"@type\":\"PropertyValueSpecification\",\"valueRequired\":true,\"valueName\":\"search_term_string\"}}],\"inLanguage\":\"fr-FR\"},{\"@type\":\"Organization\",\"@id\":\"https:\\\/\\\/www.bellunopress.it\\\/#organization\",\"name\":\"Bellunopress\",\"url\":\"https:\\\/\\\/www.bellunopress.it\\\/\",\"logo\":{\"@type\":\"ImageObject\",\"inLanguage\":\"fr-FR\",\"@id\":\"https:\\\/\\\/www.bellunopress.it\\\/#\\\/schema\\\/logo\\\/image\\\/\",\"url\":\"https:\\\/\\\/www.bellunopress.it\\\/wp-content\\\/uploads\\\/2011\\\/05\\\/cropped-logo-bellunopress-.jpg\",\"contentUrl\":\"https:\\\/\\\/www.bellunopress.it\\\/wp-content\\\/uploads\\\/2011\\\/05\\\/cropped-logo-bellunopress-.jpg\",\"width\":512,\"height\":512,\"caption\":\"Bellunopress\"},\"image\":{\"@id\":\"https:\\\/\\\/www.bellunopress.it\\\/#\\\/schema\\\/logo\\\/image\\\/\"},\"sameAs\":[\"https:\\\/\\\/www.facebook.com\\\/profile.php?id=100008943462799\",\"https:\\\/\\\/x.com\\\/bellunopress\",\"https:\\\/\\\/www.linkedin.com\\\/hp\\\/?dnr=JBzUWaJfMUw8vbXJJ2tVW5-I3jZKvC4wsoxE&amp;amp;amp;amp;amp;amp;trk=nav_responsive_tab_home\",\"https:\\\/\\\/www.youtube.com\\\/channel\\\/UCxL0wu1uN0_3_7hGG0306cw\"]},{\"@type\":\"Person\",\"@id\":\"https:\\\/\\\/www.bellunopress.it\\\/#\\\/schema\\\/person\\\/79bb06722b37ece1c03d3e94beb30d73\",\"name\":\"redazione\",\"image\":{\"@type\":\"ImageObject\",\"inLanguage\":\"fr-FR\",\"@id\":\"https:\\\/\\\/secure.gravatar.com\\\/avatar\\\/37d968a2e67a6fd04c169c4bdef102d0bc5d31b2546345219e348575eb80e9a0?s=96&d=mm&r=g\",\"url\":\"https:\\\/\\\/secure.gravatar.com\\\/avatar\\\/37d968a2e67a6fd04c169c4bdef102d0bc5d31b2546345219e348575eb80e9a0?s=96&d=mm&r=g\",\"contentUrl\":\"https:\\\/\\\/secure.gravatar.com\\\/avatar\\\/37d968a2e67a6fd04c169c4bdef102d0bc5d31b2546345219e348575eb80e9a0?s=96&d=mm&r=g\",\"caption\":\"redazione\"},\"sameAs\":[\"http:\\\/\\\/www.bellunopress.it\",\"https:\\\/\\\/x.com\\\/bellunopress\"],\"url\":\"https:\\\/\\\/www.bellunopress.it\\\/fr\\\/author\\\/redazione\\\/\"}]}<\/script>\n<!-- \/ Yoast SEO plugin. -->","yoast_head_json":{"title":"Feltre: Progetto \"Orti comuni\". Le domande entro il 12 aprile. L'invito dell'assessore Valter Bonan ai cittadini - Bellunopress - Dolomiti","robots":{"index":"index","follow":"follow","max-snippet":"max-snippet:-1","max-image-preview":"max-image-preview:large","max-video-preview":"max-video-preview:-1"},"canonical":"https:\/\/www.bellunopress.it\/fr\/2013\/04\/05\/feltre-progetto-orti-comuni-le-domande-entro-il-12-aprile-linvito-dellassessore-valter-bonan-ai-cittadini\/","og_locale":"fr_FR","og_type":"article","og_title":"Feltre: Progetto \"Orti comuni\". Le domande entro il 12 aprile. L'invito dell'assessore Valter Bonan ai cittadini - Bellunopress - Dolomiti","og_description":"&#8220;L&#8217;Amministrazione comunale nelle proprie linee programmatiche ha\u00a0individuato, nel settore dell&#8217;agricoltura, alcuni obiettivi relativi\u00a0a: favorire le produzioni biologiche, promuoverne la filiera corta,\u00a0sostenere lo scambio e la conservazione delle sementi antiche e delle\u00a0biodiversit\u00e0 locali, recuperare terreni abbandonati ed assegnare\u00a0l&#8217;uso dei terreni agricoli pubblici anche per attivare la\u00a0realizzazione di orti comuni, collettivi e scolastici&#8221;. Lo scrive l&#8217;assessore ai [&hellip;]","og_url":"https:\/\/www.bellunopress.it\/fr\/2013\/04\/05\/feltre-progetto-orti-comuni-le-domande-entro-il-12-aprile-linvito-dellassessore-valter-bonan-ai-cittadini\/","og_site_name":"Bellunopress - Dolomiti","article_publisher":"https:\/\/www.facebook.com\/profile.php?id=100008943462799","article_published_time":"2013-04-05T20:47:33+00:00","og_image":[{"url":"http:\/\/www.bellunopress.it\/wp-content\/uploads\/2011\/07\/valter-bonan.jpg","type":"","width":"","height":""}],"author":"redazione","twitter_card":"summary_large_image","twitter_creator":"@bellunopress","twitter_site":"@bellunopress","twitter_misc":{"\u00c9crit par":"redazione","Dur\u00e9e de lecture estim\u00e9e":"2 minutes"},"schema":{"@context":"https:\/\/schema.org","@graph":[{"@type":"Article","@id":"https:\/\/www.bellunopress.it\/2013\/04\/05\/feltre-progetto-orti-comuni-le-domande-entro-il-12-aprile-linvito-dellassessore-valter-bonan-ai-cittadini\/#article","isPartOf":{"@id":"https:\/\/www.bellunopress.it\/2013\/04\/05\/feltre-progetto-orti-comuni-le-domande-entro-il-12-aprile-linvito-dellassessore-valter-bonan-ai-cittadini\/"},"author":{"name":"redazione","@id":"https:\/\/www.bellunopress.it\/#\/schema\/person\/79bb06722b37ece1c03d3e94beb30d73"},"headline":"Feltre: Progetto &#8220;Orti comuni&#8221;. Le domande entro il 12 aprile. L&#8217;invito dell&#8217;assessore Valter Bonan ai cittadini","datePublished":"2013-04-05T20:47:33+00:00","mainEntityOfPage":{"@id":"https:\/\/www.bellunopress.it\/2013\/04\/05\/feltre-progetto-orti-comuni-le-domande-entro-il-12-aprile-linvito-dellassessore-valter-bonan-ai-cittadini\/"},"wordCount":340,"publisher":{"@id":"https:\/\/www.bellunopress.it\/#organization"},"image":{"@id":"https:\/\/www.bellunopress.it\/2013\/04\/05\/feltre-progetto-orti-comuni-le-domande-entro-il-12-aprile-linvito-dellassessore-valter-bonan-ai-cittadini\/#primaryimage"},"thumbnailUrl":"http:\/\/www.bellunopress.it\/wp-content\/uploads\/2011\/07\/valter-bonan.jpg","articleSection":["Cronaca\/Politica","Prima Pagina","Societ\u00e0, Associazioni, Istituzioni"],"inLanguage":"fr-FR"},{"@type":"WebPage","@id":"https:\/\/www.bellunopress.it\/2013\/04\/05\/feltre-progetto-orti-comuni-le-domande-entro-il-12-aprile-linvito-dellassessore-valter-bonan-ai-cittadini\/","url":"https:\/\/www.bellunopress.it\/2013\/04\/05\/feltre-progetto-orti-comuni-le-domande-entro-il-12-aprile-linvito-dellassessore-valter-bonan-ai-cittadini\/","name":"Feltre: Progetto \"Orti comuni\". Le domande entro il 12 aprile. L'invito dell'assessore Valter Bonan ai cittadini - Bellunopress - Dolomiti","isPartOf":{"@id":"https:\/\/www.bellunopress.it\/#website"},"primaryImageOfPage":{"@id":"https:\/\/www.bellunopress.it\/2013\/04\/05\/feltre-progetto-orti-comuni-le-domande-entro-il-12-aprile-linvito-dellassessore-valter-bonan-ai-cittadini\/#primaryimage"},"image":{"@id":"https:\/\/www.bellunopress.it\/2013\/04\/05\/feltre-progetto-orti-comuni-le-domande-entro-il-12-aprile-linvito-dellassessore-valter-bonan-ai-cittadini\/#primaryimage"},"thumbnailUrl":"http:\/\/www.bellunopress.it\/wp-content\/uploads\/2011\/07\/valter-bonan.jpg","datePublished":"2013-04-05T20:47:33+00:00","breadcrumb":{"@id":"https:\/\/www.bellunopress.it\/2013\/04\/05\/feltre-progetto-orti-comuni-le-domande-entro-il-12-aprile-linvito-dellassessore-valter-bonan-ai-cittadini\/#breadcrumb"},"inLanguage":"fr-FR","potentialAction":[{"@type":"ReadAction","target":["https:\/\/www.bellunopress.it\/2013\/04\/05\/feltre-progetto-orti-comuni-le-domande-entro-il-12-aprile-linvito-dellassessore-valter-bonan-ai-cittadini\/"]}]},{"@type":"ImageObject","inLanguage":"fr-FR","@id":"https:\/\/www.bellunopress.it\/2013\/04\/05\/feltre-progetto-orti-comuni-le-domande-entro-il-12-aprile-linvito-dellassessore-valter-bonan-ai-cittadini\/#primaryimage","url":"http:\/\/www.bellunopress.it\/wp-content\/uploads\/2011\/07\/valter-bonan.jpg","contentUrl":"http:\/\/www.bellunopress.it\/wp-content\/uploads\/2011\/07\/valter-bonan.jpg"},{"@type":"BreadcrumbList","@id":"https:\/\/www.bellunopress.it\/2013\/04\/05\/feltre-progetto-orti-comuni-le-domande-entro-il-12-aprile-linvito-dellassessore-valter-bonan-ai-cittadini\/#breadcrumb","itemListElement":[{"@type":"ListItem","position":1,"name":"Home","item":"https:\/\/www.bellunopress.it\/"},{"@type":"ListItem","position":2,"name":"Feltre: Progetto &#8220;Orti comuni&#8221;. Le domande entro il 12 aprile. L&#8217;invito dell&#8217;assessore Valter Bonan ai cittadini"}]},{"@type":"WebSite","@id":"https:\/\/www.bellunopress.it\/#website","url":"https:\/\/www.bellunopress.it\/","name":"Bellunopress - Dolomiti","description":"e-mail: redazione@bellunopress.it","publisher":{"@id":"https:\/\/www.bellunopress.it\/#organization"},"potentialAction":[{"@type":"SearchAction","target":{"@type":"EntryPoint","urlTemplate":"https:\/\/www.bellunopress.it\/?s={search_term_string}"},"query-input":{"@type":"PropertyValueSpecification","valueRequired":true,"valueName":"search_term_string"}}],"inLanguage":"fr-FR"},{"@type":"Organization","@id":"https:\/\/www.bellunopress.it\/#organization","name":"Bellunopress","url":"https:\/\/www.bellunopress.it\/","logo":{"@type":"ImageObject","inLanguage":"fr-FR","@id":"https:\/\/www.bellunopress.it\/#\/schema\/logo\/image\/","url":"https:\/\/www.bellunopress.it\/wp-content\/uploads\/2011\/05\/cropped-logo-bellunopress-.jpg","contentUrl":"https:\/\/www.bellunopress.it\/wp-content\/uploads\/2011\/05\/cropped-logo-bellunopress-.jpg","width":512,"height":512,"caption":"Bellunopress"},"image":{"@id":"https:\/\/www.bellunopress.it\/#\/schema\/logo\/image\/"},"sameAs":["https:\/\/www.facebook.com\/profile.php?id=100008943462799","https:\/\/x.com\/bellunopress","https:\/\/www.linkedin.com\/hp\/?dnr=JBzUWaJfMUw8vbXJJ2tVW5-I3jZKvC4wsoxE&amp;amp;amp;amp;amp;amp;trk=nav_responsive_tab_home","https:\/\/www.youtube.com\/channel\/UCxL0wu1uN0_3_7hGG0306cw"]},{"@type":"Person","@id":"https:\/\/www.bellunopress.it\/#\/schema\/person\/79bb06722b37ece1c03d3e94beb30d73","name":"r\u00e9daction","image":{"@type":"ImageObject","inLanguage":"fr-FR","@id":"https:\/\/secure.gravatar.com\/avatar\/37d968a2e67a6fd04c169c4bdef102d0bc5d31b2546345219e348575eb80e9a0?s=96&d=mm&r=g","url":"https:\/\/secure.gravatar.com\/avatar\/37d968a2e67a6fd04c169c4bdef102d0bc5d31b2546345219e348575eb80e9a0?s=96&d=mm&r=g","contentUrl":"https:\/\/secure.gravatar.com\/avatar\/37d968a2e67a6fd04c169c4bdef102d0bc5d31b2546345219e348575eb80e9a0?s=96&d=mm&r=g","caption":"redazione"},"sameAs":["http:\/\/www.bellunopress.it","https:\/\/x.com\/bellunopress"],"url":"https:\/\/www.bellunopress.it\/fr\/author\/redazione\/"}]}},"_links":{"self":[{"href":"https:\/\/www.bellunopress.it\/fr\/wp-json\/wp\/v2\/posts\/48261","targetHints":{"allow":["GET"]}}],"collection":[{"href":"https:\/\/www.bellunopress.it\/fr\/wp-json\/wp\/v2\/posts"}],"about":[{"href":"https:\/\/www.bellunopress.it\/fr\/wp-json\/wp\/v2\/types\/post"}],"author":[{"embeddable":true,"href":"https:\/\/www.bellunopress.it\/fr\/wp-json\/wp\/v2\/users\/2"}],"replies":[{"embeddable":true,"href":"https:\/\/www.bellunopress.it\/fr\/wp-json\/wp\/v2\/comments?post=48261"}],"version-history":[{"count":1,"href":"https:\/\/www.bellunopress.it\/fr\/wp-json\/wp\/v2\/posts\/48261\/revisions"}],"predecessor-version":[{"id":48262,"href":"https:\/\/www.bellunopress.it\/fr\/wp-json\/wp\/v2\/posts\/48261\/revisions\/48262"}],"wp:attachment":[{"href":"https:\/\/www.bellunopress.it\/fr\/wp-json\/wp\/v2\/media?parent=48261"}],"wp:term":[{"taxonomy":"category","embeddable":true,"href":"https:\/\/www.bellunopress.it\/fr\/wp-json\/wp\/v2\/categories?post=48261"},{"taxonomy":"post_tag","embeddable":true,"href":"https:\/\/www.bellunopress.it\/fr\/wp-json\/wp\/v2\/tags?post=48261"}],"curies":[{"name":"wp","href":"https:\/\/api.w.org\/{rel}","templated":true}]}}