{"id":48255,"date":"2013-04-06T22:58:11","date_gmt":"2013-04-06T21:58:11","guid":{"rendered":"http:\/\/www.bellunopress.it\/?p=48255"},"modified":"2013-04-05T21:00:54","modified_gmt":"2013-04-05T20:00:54","slug":"lunedi-a-santa-giustina-la-conferenza-governo-del-territorio-e-partecipazione-pubblica-con-irma-visalli","status":"publish","type":"post","link":"https:\/\/www.bellunopress.it\/fr\/2013\/04\/06\/lunedi-a-santa-giustina-la-conferenza-governo-del-territorio-e-partecipazione-pubblica-con-irma-visalli\/","title":{"rendered":"Luned\u00ec a Santa Giustina la conferenza Governo del territorio e partecipazione pubblica, con Irma Visalli"},"content":{"rendered":"<p>Irma Visalli a Santa Giustina. Per leggere, interpretare e progettare il luogo in cui abitiamo.<\/p>\n<p><a href=\"http:\/\/www.bellunopress.it\/wp-content\/uploads\/2011\/11\/confini-comuni.png\"><img loading=\"lazy\" decoding=\"async\" class=\"alignleft size-full wp-image-32809\" alt=\"confini comuni\" src=\"http:\/\/www.bellunopress.it\/wp-content\/uploads\/2011\/11\/confini-comuni.png\" width=\"150\" height=\"106\" \/><\/a>L\u2019Associazione ConfiniComuni di Santa Giustina BL rinnova l\u2019invito per il terzo ed ultimo appuntamento aperto al pubblico come previsto all\u2019interno del Progetto La trasparenza degli Atti, che \u00e8 stato inaugurato nel febbraio scorso dal giurista Enrico Gaz e si svolge presso la Sala Polifunzionale, in piazza Maggiore, con inizio alle ore 20.30.<\/p>\n<p>Luned\u00ec 8 aprile, la conferenza dal titolo Governo del territorio e partecipazione pubblica avr\u00e0 come protagonista Irma Visalli.<\/p>\n<p>Nata in Sicilia e laureatasi a Roma in Architettura, Irma Visalli ha scelto di essere bellunese di adozione: in questa citt\u00e0 vive da trent\u2019anni e dal 2004 ad oggi ha svolto intensa attivit\u00e0 politica che l\u2019ha portata ad essere consigliere e assessore provinciale (dal 2005 al 2009) con deleghe all\u2019urbanistica, alla tutela delle acque e alla pianificazione strategica; in questa veste ha curato nella fase cruciale la candidatura e il riconoscimento delle Dolomiti come Patrimonio mondiale dell\u2019Umanit\u00e0 UNESCO. \u00c8 attualmente Segretario provinciale del Partito Democratico di Belluno. Autrice e coordinatrice di numerosi progetti che in particolare hanno fatto proclamare Belluno Citt\u00e0 delle bambine e dei bambini, si occupa come architetto di pianificazione territoriale e di progettazione partecipata. \u00c8 coordinatore della Rete montagna Forum Ambiente, operativa nell\u2019ambito della piattaforma strategica determinata dalla Macroregione Alpina, che nel 2012, sulla base della Convenzione delle Alpi, si \u00e8 costituita ed \u00e8 stata riconosciuta congiuntamente da tutte le Regioni europee dell\u2019Arco Alpino: le Regioni italiane (Valle D\u2019Aosta, Lombardia, Piemonte, Veneto, Friuli Venezia Giulia e Trentino Alto Adige ), nonch\u00e9 le francesi e tedesche. Insegna dal 1997 come professore a contratto presso l\u2019Universit\u00e0 di Roma La Sapienza materie afferenti alla Progettazione del paesaggio, alla riqualificazione del territorio e della citt\u00e0, alla valutazione qualitativa dell\u2019ambiente naturale ed urbano.<\/p>\n<p>L\u2019incontro di luned\u00ec 8 aprile 2013 si propone di affrontare &#8211; con il necessario rigore concettuale ma con un linguaggio accessibile anche ai non addetti ai lavori &#8211; i principi e gli strumenti che possono garantire (a tutti) una corretta lettura del Paesaggio, in particolare quello in cui ognuno sta immerso. Al di l\u00e0 di approcci puramente estetici che cos\u00ec spesso sono o sono stati alibi per non intervenire responsabilmente nella trasformazione del territorio, come al di l\u00e0 della pura e semplice tecnica tanto idolatrata quanto sterile se disancorata dalla conoscenza dei luoghi e della loro storia, nonch\u00e9 dalla coscienza dei Beni Comuni.<\/p>\n<p>L\u2019intervento altamente qualificato di Irma Visalli costruir\u00e0 uno spazio di riflessione e di confronto possibile, invitando ogni cittadino a considerare con rinnovate energie ci\u00f2 che significa operare delle scelte per costruire il luogo in cui si vive, all\u2019interno di quell\u2019orizzonte che la democrazia partecipativa e deliberativa prevede.<\/p>\n<p>Si ricorda che sono aperte le iscrizioni al Corso di Formazione Urbanistica che inizier\u00e0 luned\u00ec 15 aprile per chiudersi a giugno di quest\u2019anno. Esso prevede sei lezioni tenute da Irma Visalli, Amelia Cassol e Maurizio Olivotto, a cui si aggiungeranno escursione e workshop conclusivi. Tutte le informazioni relative a date, orari, costi dei corsi, nonch\u00e9 il modulo di iscrizione e gli argomenti specifici di ogni incontro sono sul sito dell\u2019Associazione www.confinicomuni.it; per contatti telefonici si ricordano i seguenti recapiti: 0437 858499 \/ 347 4480321.<\/p>\n<p>Come sempre, l\u2019invito dell\u2019Associazione Confini Comuni vuole essere totalmente trasversale e dialogico; il Progetto \u00e8 aperto a tutti, in primo luogo ai giovani.<\/p>\n<p>&nbsp;<\/p>","protected":false},"excerpt":{"rendered":"<p>Irma Visalli a Santa Giustina. Per leggere, interpretare e progettare il luogo in cui abitiamo. L\u2019Associazione ConfiniComuni di Santa Giustina BL rinnova l\u2019invito per il terzo ed ultimo appuntamento aperto al pubblico come previsto all\u2019interno del Progetto La trasparenza degli Atti, che \u00e8 stato inaugurato nel febbraio scorso dal giurista Enrico Gaz e si svolge [&hellip;]<\/p>\n","protected":false},"author":2,"featured_media":0,"comment_status":"closed","ping_status":"open","sticky":false,"template":"","format":"standard","meta":{"footnotes":""},"categories":[27,3,25],"tags":[],"class_list":["post-48255","post","type-post","status-publish","format-standard","category-appuntamenti","category-arte-cultura-spettacoli-scienza-archivi","category-pausa-caffe"],"yoast_head":"<!-- This site is optimized with the Yoast SEO plugin v28.4 - https:\/\/yoast.com\/product\/yoast-seo-wordpress\/ -->\n<title>Luned\u00ec a Santa Giustina la conferenza Governo del territorio e partecipazione pubblica, con Irma Visalli - Bellunopress - Dolomiti<\/title>\n<meta name=\"robots\" content=\"index, follow, max-snippet:-1, max-image-preview:large, max-video-preview:-1\" \/>\n<link rel=\"canonical\" href=\"https:\/\/www.bellunopress.it\/fr\/2013\/04\/06\/lunedi-a-santa-giustina-la-conferenza-governo-del-territorio-e-partecipazione-pubblica-con-irma-visalli\/\" \/>\n<meta property=\"og:locale\" content=\"fr_FR\" \/>\n<meta property=\"og:type\" content=\"article\" \/>\n<meta property=\"og:title\" content=\"Luned\u00ec a Santa Giustina la conferenza Governo del territorio e partecipazione pubblica, con Irma Visalli - Bellunopress - Dolomiti\" \/>\n<meta property=\"og:description\" content=\"Irma Visalli a Santa Giustina. Per leggere, interpretare e progettare il luogo in cui abitiamo. L\u2019Associazione ConfiniComuni di Santa Giustina BL rinnova l\u2019invito per il terzo ed ultimo appuntamento aperto al pubblico come previsto all\u2019interno del Progetto La trasparenza degli Atti, che \u00e8 stato inaugurato nel febbraio scorso dal giurista Enrico Gaz e si svolge [&hellip;]\" \/>\n<meta property=\"og:url\" content=\"https:\/\/www.bellunopress.it\/fr\/2013\/04\/06\/lunedi-a-santa-giustina-la-conferenza-governo-del-territorio-e-partecipazione-pubblica-con-irma-visalli\/\" \/>\n<meta property=\"og:site_name\" content=\"Bellunopress - Dolomiti\" \/>\n<meta property=\"article:publisher\" content=\"https:\/\/www.facebook.com\/profile.php?id=100008943462799\" \/>\n<meta property=\"article:published_time\" content=\"2013-04-06T21:58:11+00:00\" \/>\n<meta property=\"og:image\" content=\"http:\/\/www.bellunopress.it\/wp-content\/uploads\/2011\/11\/confini-comuni.png\" \/>\n<meta name=\"author\" content=\"redazione\" \/>\n<meta name=\"twitter:card\" content=\"summary_large_image\" \/>\n<meta name=\"twitter:creator\" content=\"@bellunopress\" \/>\n<meta name=\"twitter:site\" content=\"@bellunopress\" \/>\n<meta name=\"twitter:label1\" content=\"\u00c9crit par\" \/>\n\t<meta name=\"twitter:data1\" content=\"redazione\" \/>\n\t<meta name=\"twitter:label2\" content=\"Dur\u00e9e de lecture estim\u00e9e\" \/>\n\t<meta name=\"twitter:data2\" content=\"3 minutes\" \/>\n<script type=\"application\/ld+json\" class=\"yoast-schema-graph\">{\"@context\":\"https:\\\/\\\/schema.org\",\"@graph\":[{\"@type\":\"Article\",\"@id\":\"https:\\\/\\\/www.bellunopress.it\\\/2013\\\/04\\\/06\\\/lunedi-a-santa-giustina-la-conferenza-governo-del-territorio-e-partecipazione-pubblica-con-irma-visalli\\\/#article\",\"isPartOf\":{\"@id\":\"https:\\\/\\\/www.bellunopress.it\\\/2013\\\/04\\\/06\\\/lunedi-a-santa-giustina-la-conferenza-governo-del-territorio-e-partecipazione-pubblica-con-irma-visalli\\\/\"},\"author\":{\"name\":\"redazione\",\"@id\":\"https:\\\/\\\/www.bellunopress.it\\\/#\\\/schema\\\/person\\\/79bb06722b37ece1c03d3e94beb30d73\"},\"headline\":\"Luned\u00ec a Santa Giustina la conferenza Governo del territorio e partecipazione pubblica, con Irma Visalli\",\"datePublished\":\"2013-04-06T21:58:11+00:00\",\"mainEntityOfPage\":{\"@id\":\"https:\\\/\\\/www.bellunopress.it\\\/2013\\\/04\\\/06\\\/lunedi-a-santa-giustina-la-conferenza-governo-del-territorio-e-partecipazione-pubblica-con-irma-visalli\\\/\"},\"wordCount\":569,\"publisher\":{\"@id\":\"https:\\\/\\\/www.bellunopress.it\\\/#organization\"},\"image\":{\"@id\":\"https:\\\/\\\/www.bellunopress.it\\\/2013\\\/04\\\/06\\\/lunedi-a-santa-giustina-la-conferenza-governo-del-territorio-e-partecipazione-pubblica-con-irma-visalli\\\/#primaryimage\"},\"thumbnailUrl\":\"http:\\\/\\\/www.bellunopress.it\\\/wp-content\\\/uploads\\\/2011\\\/11\\\/confini-comuni.png\",\"articleSection\":[\"Appuntamenti, Eventi\",\"Arte, Cultura, Spettacoli, Scienza\",\"Pausa Caff\u00e8\"],\"inLanguage\":\"fr-FR\"},{\"@type\":\"WebPage\",\"@id\":\"https:\\\/\\\/www.bellunopress.it\\\/2013\\\/04\\\/06\\\/lunedi-a-santa-giustina-la-conferenza-governo-del-territorio-e-partecipazione-pubblica-con-irma-visalli\\\/\",\"url\":\"https:\\\/\\\/www.bellunopress.it\\\/2013\\\/04\\\/06\\\/lunedi-a-santa-giustina-la-conferenza-governo-del-territorio-e-partecipazione-pubblica-con-irma-visalli\\\/\",\"name\":\"Luned\u00ec a Santa Giustina la conferenza Governo del territorio e partecipazione pubblica, con Irma Visalli - Bellunopress - Dolomiti\",\"isPartOf\":{\"@id\":\"https:\\\/\\\/www.bellunopress.it\\\/#website\"},\"primaryImageOfPage\":{\"@id\":\"https:\\\/\\\/www.bellunopress.it\\\/2013\\\/04\\\/06\\\/lunedi-a-santa-giustina-la-conferenza-governo-del-territorio-e-partecipazione-pubblica-con-irma-visalli\\\/#primaryimage\"},\"image\":{\"@id\":\"https:\\\/\\\/www.bellunopress.it\\\/2013\\\/04\\\/06\\\/lunedi-a-santa-giustina-la-conferenza-governo-del-territorio-e-partecipazione-pubblica-con-irma-visalli\\\/#primaryimage\"},\"thumbnailUrl\":\"http:\\\/\\\/www.bellunopress.it\\\/wp-content\\\/uploads\\\/2011\\\/11\\\/confini-comuni.png\",\"datePublished\":\"2013-04-06T21:58:11+00:00\",\"breadcrumb\":{\"@id\":\"https:\\\/\\\/www.bellunopress.it\\\/2013\\\/04\\\/06\\\/lunedi-a-santa-giustina-la-conferenza-governo-del-territorio-e-partecipazione-pubblica-con-irma-visalli\\\/#breadcrumb\"},\"inLanguage\":\"fr-FR\",\"potentialAction\":[{\"@type\":\"ReadAction\",\"target\":[\"https:\\\/\\\/www.bellunopress.it\\\/2013\\\/04\\\/06\\\/lunedi-a-santa-giustina-la-conferenza-governo-del-territorio-e-partecipazione-pubblica-con-irma-visalli\\\/\"]}]},{\"@type\":\"ImageObject\",\"inLanguage\":\"fr-FR\",\"@id\":\"https:\\\/\\\/www.bellunopress.it\\\/2013\\\/04\\\/06\\\/lunedi-a-santa-giustina-la-conferenza-governo-del-territorio-e-partecipazione-pubblica-con-irma-visalli\\\/#primaryimage\",\"url\":\"http:\\\/\\\/www.bellunopress.it\\\/wp-content\\\/uploads\\\/2011\\\/11\\\/confini-comuni.png\",\"contentUrl\":\"http:\\\/\\\/www.bellunopress.it\\\/wp-content\\\/uploads\\\/2011\\\/11\\\/confini-comuni.png\"},{\"@type\":\"BreadcrumbList\",\"@id\":\"https:\\\/\\\/www.bellunopress.it\\\/2013\\\/04\\\/06\\\/lunedi-a-santa-giustina-la-conferenza-governo-del-territorio-e-partecipazione-pubblica-con-irma-visalli\\\/#breadcrumb\",\"itemListElement\":[{\"@type\":\"ListItem\",\"position\":1,\"name\":\"Home\",\"item\":\"https:\\\/\\\/www.bellunopress.it\\\/\"},{\"@type\":\"ListItem\",\"position\":2,\"name\":\"Luned\u00ec a Santa Giustina la conferenza Governo del territorio e partecipazione pubblica, con Irma Visalli\"}]},{\"@type\":\"WebSite\",\"@id\":\"https:\\\/\\\/www.bellunopress.it\\\/#website\",\"url\":\"https:\\\/\\\/www.bellunopress.it\\\/\",\"name\":\"Bellunopress - Dolomiti\",\"description\":\"e-mail: redazione@bellunopress.it\",\"publisher\":{\"@id\":\"https:\\\/\\\/www.bellunopress.it\\\/#organization\"},\"potentialAction\":[{\"@type\":\"SearchAction\",\"target\":{\"@type\":\"EntryPoint\",\"urlTemplate\":\"https:\\\/\\\/www.bellunopress.it\\\/?s={search_term_string}\"},\"query-input\":{\"@type\":\"PropertyValueSpecification\",\"valueRequired\":true,\"valueName\":\"search_term_string\"}}],\"inLanguage\":\"fr-FR\"},{\"@type\":\"Organization\",\"@id\":\"https:\\\/\\\/www.bellunopress.it\\\/#organization\",\"name\":\"Bellunopress\",\"url\":\"https:\\\/\\\/www.bellunopress.it\\\/\",\"logo\":{\"@type\":\"ImageObject\",\"inLanguage\":\"fr-FR\",\"@id\":\"https:\\\/\\\/www.bellunopress.it\\\/#\\\/schema\\\/logo\\\/image\\\/\",\"url\":\"https:\\\/\\\/www.bellunopress.it\\\/wp-content\\\/uploads\\\/2011\\\/05\\\/cropped-logo-bellunopress-.jpg\",\"contentUrl\":\"https:\\\/\\\/www.bellunopress.it\\\/wp-content\\\/uploads\\\/2011\\\/05\\\/cropped-logo-bellunopress-.jpg\",\"width\":512,\"height\":512,\"caption\":\"Bellunopress\"},\"image\":{\"@id\":\"https:\\\/\\\/www.bellunopress.it\\\/#\\\/schema\\\/logo\\\/image\\\/\"},\"sameAs\":[\"https:\\\/\\\/www.facebook.com\\\/profile.php?id=100008943462799\",\"https:\\\/\\\/x.com\\\/bellunopress\",\"https:\\\/\\\/www.linkedin.com\\\/hp\\\/?dnr=JBzUWaJfMUw8vbXJJ2tVW5-I3jZKvC4wsoxE&amp;amp;amp;amp;amp;amp;trk=nav_responsive_tab_home\",\"https:\\\/\\\/www.youtube.com\\\/channel\\\/UCxL0wu1uN0_3_7hGG0306cw\"]},{\"@type\":\"Person\",\"@id\":\"https:\\\/\\\/www.bellunopress.it\\\/#\\\/schema\\\/person\\\/79bb06722b37ece1c03d3e94beb30d73\",\"name\":\"redazione\",\"image\":{\"@type\":\"ImageObject\",\"inLanguage\":\"fr-FR\",\"@id\":\"https:\\\/\\\/secure.gravatar.com\\\/avatar\\\/37d968a2e67a6fd04c169c4bdef102d0bc5d31b2546345219e348575eb80e9a0?s=96&d=mm&r=g\",\"url\":\"https:\\\/\\\/secure.gravatar.com\\\/avatar\\\/37d968a2e67a6fd04c169c4bdef102d0bc5d31b2546345219e348575eb80e9a0?s=96&d=mm&r=g\",\"contentUrl\":\"https:\\\/\\\/secure.gravatar.com\\\/avatar\\\/37d968a2e67a6fd04c169c4bdef102d0bc5d31b2546345219e348575eb80e9a0?s=96&d=mm&r=g\",\"caption\":\"redazione\"},\"sameAs\":[\"http:\\\/\\\/www.bellunopress.it\",\"https:\\\/\\\/x.com\\\/bellunopress\"],\"url\":\"https:\\\/\\\/www.bellunopress.it\\\/fr\\\/author\\\/redazione\\\/\"}]}<\/script>\n<!-- \/ Yoast SEO plugin. -->","yoast_head_json":{"title":"Luned\u00ec a Santa Giustina la conferenza Governo del territorio e partecipazione pubblica, con Irma Visalli - Bellunopress - Dolomiti","robots":{"index":"index","follow":"follow","max-snippet":"max-snippet:-1","max-image-preview":"max-image-preview:large","max-video-preview":"max-video-preview:-1"},"canonical":"https:\/\/www.bellunopress.it\/fr\/2013\/04\/06\/lunedi-a-santa-giustina-la-conferenza-governo-del-territorio-e-partecipazione-pubblica-con-irma-visalli\/","og_locale":"fr_FR","og_type":"article","og_title":"Luned\u00ec a Santa Giustina la conferenza Governo del territorio e partecipazione pubblica, con Irma Visalli - Bellunopress - Dolomiti","og_description":"Irma Visalli a Santa Giustina. Per leggere, interpretare e progettare il luogo in cui abitiamo. L\u2019Associazione ConfiniComuni di Santa Giustina BL rinnova l\u2019invito per il terzo ed ultimo appuntamento aperto al pubblico come previsto all\u2019interno del Progetto La trasparenza degli Atti, che \u00e8 stato inaugurato nel febbraio scorso dal giurista Enrico Gaz e si svolge [&hellip;]","og_url":"https:\/\/www.bellunopress.it\/fr\/2013\/04\/06\/lunedi-a-santa-giustina-la-conferenza-governo-del-territorio-e-partecipazione-pubblica-con-irma-visalli\/","og_site_name":"Bellunopress - Dolomiti","article_publisher":"https:\/\/www.facebook.com\/profile.php?id=100008943462799","article_published_time":"2013-04-06T21:58:11+00:00","og_image":[{"url":"http:\/\/www.bellunopress.it\/wp-content\/uploads\/2011\/11\/confini-comuni.png","type":"","width":"","height":""}],"author":"redazione","twitter_card":"summary_large_image","twitter_creator":"@bellunopress","twitter_site":"@bellunopress","twitter_misc":{"\u00c9crit par":"redazione","Dur\u00e9e de lecture estim\u00e9e":"3 minutes"},"schema":{"@context":"https:\/\/schema.org","@graph":[{"@type":"Article","@id":"https:\/\/www.bellunopress.it\/2013\/04\/06\/lunedi-a-santa-giustina-la-conferenza-governo-del-territorio-e-partecipazione-pubblica-con-irma-visalli\/#article","isPartOf":{"@id":"https:\/\/www.bellunopress.it\/2013\/04\/06\/lunedi-a-santa-giustina-la-conferenza-governo-del-territorio-e-partecipazione-pubblica-con-irma-visalli\/"},"author":{"name":"redazione","@id":"https:\/\/www.bellunopress.it\/#\/schema\/person\/79bb06722b37ece1c03d3e94beb30d73"},"headline":"Luned\u00ec a Santa Giustina la conferenza Governo del territorio e partecipazione pubblica, con Irma Visalli","datePublished":"2013-04-06T21:58:11+00:00","mainEntityOfPage":{"@id":"https:\/\/www.bellunopress.it\/2013\/04\/06\/lunedi-a-santa-giustina-la-conferenza-governo-del-territorio-e-partecipazione-pubblica-con-irma-visalli\/"},"wordCount":569,"publisher":{"@id":"https:\/\/www.bellunopress.it\/#organization"},"image":{"@id":"https:\/\/www.bellunopress.it\/2013\/04\/06\/lunedi-a-santa-giustina-la-conferenza-governo-del-territorio-e-partecipazione-pubblica-con-irma-visalli\/#primaryimage"},"thumbnailUrl":"http:\/\/www.bellunopress.it\/wp-content\/uploads\/2011\/11\/confini-comuni.png","articleSection":["Appuntamenti, Eventi","Arte, Cultura, Spettacoli, Scienza","Pausa Caff\u00e8"],"inLanguage":"fr-FR"},{"@type":"WebPage","@id":"https:\/\/www.bellunopress.it\/2013\/04\/06\/lunedi-a-santa-giustina-la-conferenza-governo-del-territorio-e-partecipazione-pubblica-con-irma-visalli\/","url":"https:\/\/www.bellunopress.it\/2013\/04\/06\/lunedi-a-santa-giustina-la-conferenza-governo-del-territorio-e-partecipazione-pubblica-con-irma-visalli\/","name":"Luned\u00ec a Santa Giustina la conferenza Governo del territorio e partecipazione pubblica, con Irma Visalli - Bellunopress - Dolomiti","isPartOf":{"@id":"https:\/\/www.bellunopress.it\/#website"},"primaryImageOfPage":{"@id":"https:\/\/www.bellunopress.it\/2013\/04\/06\/lunedi-a-santa-giustina-la-conferenza-governo-del-territorio-e-partecipazione-pubblica-con-irma-visalli\/#primaryimage"},"image":{"@id":"https:\/\/www.bellunopress.it\/2013\/04\/06\/lunedi-a-santa-giustina-la-conferenza-governo-del-territorio-e-partecipazione-pubblica-con-irma-visalli\/#primaryimage"},"thumbnailUrl":"http:\/\/www.bellunopress.it\/wp-content\/uploads\/2011\/11\/confini-comuni.png","datePublished":"2013-04-06T21:58:11+00:00","breadcrumb":{"@id":"https:\/\/www.bellunopress.it\/2013\/04\/06\/lunedi-a-santa-giustina-la-conferenza-governo-del-territorio-e-partecipazione-pubblica-con-irma-visalli\/#breadcrumb"},"inLanguage":"fr-FR","potentialAction":[{"@type":"ReadAction","target":["https:\/\/www.bellunopress.it\/2013\/04\/06\/lunedi-a-santa-giustina-la-conferenza-governo-del-territorio-e-partecipazione-pubblica-con-irma-visalli\/"]}]},{"@type":"ImageObject","inLanguage":"fr-FR","@id":"https:\/\/www.bellunopress.it\/2013\/04\/06\/lunedi-a-santa-giustina-la-conferenza-governo-del-territorio-e-partecipazione-pubblica-con-irma-visalli\/#primaryimage","url":"http:\/\/www.bellunopress.it\/wp-content\/uploads\/2011\/11\/confini-comuni.png","contentUrl":"http:\/\/www.bellunopress.it\/wp-content\/uploads\/2011\/11\/confini-comuni.png"},{"@type":"BreadcrumbList","@id":"https:\/\/www.bellunopress.it\/2013\/04\/06\/lunedi-a-santa-giustina-la-conferenza-governo-del-territorio-e-partecipazione-pubblica-con-irma-visalli\/#breadcrumb","itemListElement":[{"@type":"ListItem","position":1,"name":"Home","item":"https:\/\/www.bellunopress.it\/"},{"@type":"ListItem","position":2,"name":"Luned\u00ec a Santa Giustina la conferenza Governo del territorio e partecipazione pubblica, con Irma Visalli"}]},{"@type":"WebSite","@id":"https:\/\/www.bellunopress.it\/#website","url":"https:\/\/www.bellunopress.it\/","name":"Bellunopress - Dolomiti","description":"e-mail: redazione@bellunopress.it","publisher":{"@id":"https:\/\/www.bellunopress.it\/#organization"},"potentialAction":[{"@type":"SearchAction","target":{"@type":"EntryPoint","urlTemplate":"https:\/\/www.bellunopress.it\/?s={search_term_string}"},"query-input":{"@type":"PropertyValueSpecification","valueRequired":true,"valueName":"search_term_string"}}],"inLanguage":"fr-FR"},{"@type":"Organization","@id":"https:\/\/www.bellunopress.it\/#organization","name":"Bellunopress","url":"https:\/\/www.bellunopress.it\/","logo":{"@type":"ImageObject","inLanguage":"fr-FR","@id":"https:\/\/www.bellunopress.it\/#\/schema\/logo\/image\/","url":"https:\/\/www.bellunopress.it\/wp-content\/uploads\/2011\/05\/cropped-logo-bellunopress-.jpg","contentUrl":"https:\/\/www.bellunopress.it\/wp-content\/uploads\/2011\/05\/cropped-logo-bellunopress-.jpg","width":512,"height":512,"caption":"Bellunopress"},"image":{"@id":"https:\/\/www.bellunopress.it\/#\/schema\/logo\/image\/"},"sameAs":["https:\/\/www.facebook.com\/profile.php?id=100008943462799","https:\/\/x.com\/bellunopress","https:\/\/www.linkedin.com\/hp\/?dnr=JBzUWaJfMUw8vbXJJ2tVW5-I3jZKvC4wsoxE&amp;amp;amp;amp;amp;amp;trk=nav_responsive_tab_home","https:\/\/www.youtube.com\/channel\/UCxL0wu1uN0_3_7hGG0306cw"]},{"@type":"Person","@id":"https:\/\/www.bellunopress.it\/#\/schema\/person\/79bb06722b37ece1c03d3e94beb30d73","name":"r\u00e9daction","image":{"@type":"ImageObject","inLanguage":"fr-FR","@id":"https:\/\/secure.gravatar.com\/avatar\/37d968a2e67a6fd04c169c4bdef102d0bc5d31b2546345219e348575eb80e9a0?s=96&d=mm&r=g","url":"https:\/\/secure.gravatar.com\/avatar\/37d968a2e67a6fd04c169c4bdef102d0bc5d31b2546345219e348575eb80e9a0?s=96&d=mm&r=g","contentUrl":"https:\/\/secure.gravatar.com\/avatar\/37d968a2e67a6fd04c169c4bdef102d0bc5d31b2546345219e348575eb80e9a0?s=96&d=mm&r=g","caption":"redazione"},"sameAs":["http:\/\/www.bellunopress.it","https:\/\/x.com\/bellunopress"],"url":"https:\/\/www.bellunopress.it\/fr\/author\/redazione\/"}]}},"_links":{"self":[{"href":"https:\/\/www.bellunopress.it\/fr\/wp-json\/wp\/v2\/posts\/48255","targetHints":{"allow":["GET"]}}],"collection":[{"href":"https:\/\/www.bellunopress.it\/fr\/wp-json\/wp\/v2\/posts"}],"about":[{"href":"https:\/\/www.bellunopress.it\/fr\/wp-json\/wp\/v2\/types\/post"}],"author":[{"embeddable":true,"href":"https:\/\/www.bellunopress.it\/fr\/wp-json\/wp\/v2\/users\/2"}],"replies":[{"embeddable":true,"href":"https:\/\/www.bellunopress.it\/fr\/wp-json\/wp\/v2\/comments?post=48255"}],"version-history":[{"count":1,"href":"https:\/\/www.bellunopress.it\/fr\/wp-json\/wp\/v2\/posts\/48255\/revisions"}],"predecessor-version":[{"id":48256,"href":"https:\/\/www.bellunopress.it\/fr\/wp-json\/wp\/v2\/posts\/48255\/revisions\/48256"}],"wp:attachment":[{"href":"https:\/\/www.bellunopress.it\/fr\/wp-json\/wp\/v2\/media?parent=48255"}],"wp:term":[{"taxonomy":"category","embeddable":true,"href":"https:\/\/www.bellunopress.it\/fr\/wp-json\/wp\/v2\/categories?post=48255"},{"taxonomy":"post_tag","embeddable":true,"href":"https:\/\/www.bellunopress.it\/fr\/wp-json\/wp\/v2\/tags?post=48255"}],"curies":[{"name":"wp","href":"https:\/\/api.w.org\/{rel}","templated":true}]}}