{"id":48253,"date":"2013-04-05T20:43:54","date_gmt":"2013-04-05T19:43:54","guid":{"rendered":"http:\/\/www.bellunopress.it\/?p=48253"},"modified":"2013-04-05T20:43:54","modified_gmt":"2013-04-05T19:43:54","slug":"1-raduno-coppa-monte-pelmo-dolomiti","status":"publish","type":"post","link":"https:\/\/www.bellunopress.it\/fr\/2013\/04\/05\/1-raduno-coppa-monte-pelmo-dolomiti\/","title":{"rendered":"1\u00b0 Raduno \u201cCoppa Monte Pelmo Dolomiti\u201d"},"content":{"rendered":"<p>Il gi\u00e0 annunciato Rally Dolomiti Historic in programma ad Alleghe (BL) nei giorni 21 e 22 giugno avr\u00e0 quale contorno il 1\u00b0 Raduno \u201cCoppa Monte Pelmo Dolomiti\u201d. Si tratta di un autoraduno indipendente dal rally storico e annessa regolarit\u00e0 sport; diversa la tipologia, come diverso sar\u00e0 il percorso delle due manifestazioni che in comune avranno la localit\u00e0 lacustre come punto di partenza e di arrivo.<\/p>\n<p>Al raduno saranno ammesse sia le auto storiche, quanto le moderne; il percorso si svilupper\u00e0 lungo un tragitto di circa 180 chilometri con partenza prevista alle ore 9.31 che interesser\u00e0 i Passi Fedaia, Pordoi, Falzarego e Giau lungo i quali i concorrenti potranno godere dei fantastici scenari offerti dalle Dolomiti specie durante la pausa per un rinfresco previsto presso il Rifugio Fedare sul Passo Giau; ritornata nell\u2019Agordino, la carovana soster\u00e0 a Canale d&#8217; Agordo ospite della festa di San Giovanni; successivamente punter\u00e0 verso Frassen\u00e8 dove, in zona \u201cLaghetti\u201d sar\u00e0 organizzato un gioco al quale tutti parteciperanno. Lo spirito turistico della manifestazione avr\u00e0 un ulteriore testimonianza grazie alla successiva sosta prevista a Cencenighe, dove la locale Pro Loco offrir\u00e0 uno spuntino ai partecipanti prima di fare rientro ad Alleghe per l\u2019arrivo previsto dalle ore 16.15.<\/p>\n<p>Le iscrizioni al 1\u00b0 Raduno \u201cCoppa Monte Pelmo Dolomiti\u201d apriranno mercoled\u00ec 22 maggio e chiuderanno luned\u00ec 17 giugno. Verifiche nel tardo pomeriggio di venerd\u00ec 21 giugno e dalle ore 8.00 alle 9.00 di sabato 22 presso il Centro Congressi di Alleghe.<\/p>\n<p>Ulteriori informazioni saranno disponibili al sito web www.rallydolomiti.com all\u2019apposita sezione dedicata al raduno<\/p>\n<p>&nbsp;<\/p>","protected":false},"excerpt":{"rendered":"<p>Il gi\u00e0 annunciato Rally Dolomiti Historic in programma ad Alleghe (BL) nei giorni 21 e 22 giugno avr\u00e0 quale contorno il 1\u00b0 Raduno \u201cCoppa Monte Pelmo Dolomiti\u201d. Si tratta di un autoraduno indipendente dal rally storico e annessa regolarit\u00e0 sport; diversa la tipologia, come diverso sar\u00e0 il percorso delle due manifestazioni che in comune avranno [&hellip;]<\/p>\n","protected":false},"author":2,"featured_media":0,"comment_status":"closed","ping_status":"open","sticky":false,"template":"","format":"standard","meta":{"footnotes":""},"categories":[25,4],"tags":[],"class_list":["post-48253","post","type-post","status-publish","format-standard","category-pausa-caffe","category-sport"],"yoast_head":"<!-- This site is optimized with the Yoast SEO plugin v28.4 - https:\/\/yoast.com\/product\/yoast-seo-wordpress\/ -->\n<title>1\u00b0 Raduno \u201cCoppa Monte Pelmo Dolomiti\u201d - Bellunopress - Dolomiti<\/title>\n<meta name=\"robots\" content=\"index, follow, max-snippet:-1, max-image-preview:large, max-video-preview:-1\" \/>\n<link rel=\"canonical\" href=\"https:\/\/www.bellunopress.it\/fr\/2013\/04\/05\/1-raduno-coppa-monte-pelmo-dolomiti\/\" \/>\n<meta property=\"og:locale\" content=\"fr_FR\" \/>\n<meta property=\"og:type\" content=\"article\" \/>\n<meta property=\"og:title\" content=\"1\u00b0 Raduno \u201cCoppa Monte Pelmo Dolomiti\u201d - Bellunopress - Dolomiti\" \/>\n<meta property=\"og:description\" content=\"Il gi\u00e0 annunciato Rally Dolomiti Historic in programma ad Alleghe (BL) nei giorni 21 e 22 giugno avr\u00e0 quale contorno il 1\u00b0 Raduno \u201cCoppa Monte Pelmo Dolomiti\u201d. Si tratta di un autoraduno indipendente dal rally storico e annessa regolarit\u00e0 sport; diversa la tipologia, come diverso sar\u00e0 il percorso delle due manifestazioni che in comune avranno [&hellip;]\" \/>\n<meta property=\"og:url\" content=\"https:\/\/www.bellunopress.it\/fr\/2013\/04\/05\/1-raduno-coppa-monte-pelmo-dolomiti\/\" \/>\n<meta property=\"og:site_name\" content=\"Bellunopress - Dolomiti\" \/>\n<meta property=\"article:publisher\" content=\"https:\/\/www.facebook.com\/profile.php?id=100008943462799\" \/>\n<meta property=\"article:published_time\" content=\"2013-04-05T19:43:54+00:00\" \/>\n<meta property=\"og:image\" content=\"http:\/\/www.bellunopress.it\/wp-content\/uploads\/2012\/07\/logo-bellunopress-250x250-2012.jpg\" \/>\n<meta name=\"author\" content=\"redazione\" \/>\n<meta name=\"twitter:card\" content=\"summary_large_image\" \/>\n<meta name=\"twitter:creator\" content=\"@bellunopress\" \/>\n<meta name=\"twitter:site\" content=\"@bellunopress\" \/>\n<meta name=\"twitter:label1\" content=\"\u00c9crit par\" \/>\n\t<meta name=\"twitter:data1\" content=\"redazione\" \/>\n\t<meta name=\"twitter:label2\" content=\"Dur\u00e9e de lecture estim\u00e9e\" \/>\n\t<meta name=\"twitter:data2\" content=\"1 minute\" \/>\n<script type=\"application\/ld+json\" class=\"yoast-schema-graph\">{\"@context\":\"https:\\\/\\\/schema.org\",\"@graph\":[{\"@type\":\"Article\",\"@id\":\"https:\\\/\\\/www.bellunopress.it\\\/2013\\\/04\\\/05\\\/1-raduno-coppa-monte-pelmo-dolomiti\\\/#article\",\"isPartOf\":{\"@id\":\"https:\\\/\\\/www.bellunopress.it\\\/2013\\\/04\\\/05\\\/1-raduno-coppa-monte-pelmo-dolomiti\\\/\"},\"author\":{\"name\":\"redazione\",\"@id\":\"https:\\\/\\\/www.bellunopress.it\\\/#\\\/schema\\\/person\\\/79bb06722b37ece1c03d3e94beb30d73\"},\"headline\":\"1\u00b0 Raduno \u201cCoppa Monte Pelmo Dolomiti\u201d\",\"datePublished\":\"2013-04-05T19:43:54+00:00\",\"mainEntityOfPage\":{\"@id\":\"https:\\\/\\\/www.bellunopress.it\\\/2013\\\/04\\\/05\\\/1-raduno-coppa-monte-pelmo-dolomiti\\\/\"},\"wordCount\":251,\"publisher\":{\"@id\":\"https:\\\/\\\/www.bellunopress.it\\\/#organization\"},\"articleSection\":[\"Pausa Caff\u00e8\",\"Sport, tempo libero\"],\"inLanguage\":\"fr-FR\"},{\"@type\":\"WebPage\",\"@id\":\"https:\\\/\\\/www.bellunopress.it\\\/2013\\\/04\\\/05\\\/1-raduno-coppa-monte-pelmo-dolomiti\\\/\",\"url\":\"https:\\\/\\\/www.bellunopress.it\\\/2013\\\/04\\\/05\\\/1-raduno-coppa-monte-pelmo-dolomiti\\\/\",\"name\":\"1\u00b0 Raduno \u201cCoppa Monte Pelmo Dolomiti\u201d - Bellunopress - Dolomiti\",\"isPartOf\":{\"@id\":\"https:\\\/\\\/www.bellunopress.it\\\/#website\"},\"datePublished\":\"2013-04-05T19:43:54+00:00\",\"breadcrumb\":{\"@id\":\"https:\\\/\\\/www.bellunopress.it\\\/2013\\\/04\\\/05\\\/1-raduno-coppa-monte-pelmo-dolomiti\\\/#breadcrumb\"},\"inLanguage\":\"fr-FR\",\"potentialAction\":[{\"@type\":\"ReadAction\",\"target\":[\"https:\\\/\\\/www.bellunopress.it\\\/2013\\\/04\\\/05\\\/1-raduno-coppa-monte-pelmo-dolomiti\\\/\"]}]},{\"@type\":\"BreadcrumbList\",\"@id\":\"https:\\\/\\\/www.bellunopress.it\\\/2013\\\/04\\\/05\\\/1-raduno-coppa-monte-pelmo-dolomiti\\\/#breadcrumb\",\"itemListElement\":[{\"@type\":\"ListItem\",\"position\":1,\"name\":\"Home\",\"item\":\"https:\\\/\\\/www.bellunopress.it\\\/\"},{\"@type\":\"ListItem\",\"position\":2,\"name\":\"1\u00b0 Raduno \u201cCoppa Monte Pelmo Dolomiti\u201d\"}]},{\"@type\":\"WebSite\",\"@id\":\"https:\\\/\\\/www.bellunopress.it\\\/#website\",\"url\":\"https:\\\/\\\/www.bellunopress.it\\\/\",\"name\":\"Bellunopress - Dolomiti\",\"description\":\"e-mail: redazione@bellunopress.it\",\"publisher\":{\"@id\":\"https:\\\/\\\/www.bellunopress.it\\\/#organization\"},\"potentialAction\":[{\"@type\":\"SearchAction\",\"target\":{\"@type\":\"EntryPoint\",\"urlTemplate\":\"https:\\\/\\\/www.bellunopress.it\\\/?s={search_term_string}\"},\"query-input\":{\"@type\":\"PropertyValueSpecification\",\"valueRequired\":true,\"valueName\":\"search_term_string\"}}],\"inLanguage\":\"fr-FR\"},{\"@type\":\"Organization\",\"@id\":\"https:\\\/\\\/www.bellunopress.it\\\/#organization\",\"name\":\"Bellunopress\",\"url\":\"https:\\\/\\\/www.bellunopress.it\\\/\",\"logo\":{\"@type\":\"ImageObject\",\"inLanguage\":\"fr-FR\",\"@id\":\"https:\\\/\\\/www.bellunopress.it\\\/#\\\/schema\\\/logo\\\/image\\\/\",\"url\":\"https:\\\/\\\/www.bellunopress.it\\\/wp-content\\\/uploads\\\/2011\\\/05\\\/cropped-logo-bellunopress-.jpg\",\"contentUrl\":\"https:\\\/\\\/www.bellunopress.it\\\/wp-content\\\/uploads\\\/2011\\\/05\\\/cropped-logo-bellunopress-.jpg\",\"width\":512,\"height\":512,\"caption\":\"Bellunopress\"},\"image\":{\"@id\":\"https:\\\/\\\/www.bellunopress.it\\\/#\\\/schema\\\/logo\\\/image\\\/\"},\"sameAs\":[\"https:\\\/\\\/www.facebook.com\\\/profile.php?id=100008943462799\",\"https:\\\/\\\/x.com\\\/bellunopress\",\"https:\\\/\\\/www.linkedin.com\\\/hp\\\/?dnr=JBzUWaJfMUw8vbXJJ2tVW5-I3jZKvC4wsoxE&amp;amp;amp;amp;amp;amp;trk=nav_responsive_tab_home\",\"https:\\\/\\\/www.youtube.com\\\/channel\\\/UCxL0wu1uN0_3_7hGG0306cw\"]},{\"@type\":\"Person\",\"@id\":\"https:\\\/\\\/www.bellunopress.it\\\/#\\\/schema\\\/person\\\/79bb06722b37ece1c03d3e94beb30d73\",\"name\":\"redazione\",\"image\":{\"@type\":\"ImageObject\",\"inLanguage\":\"fr-FR\",\"@id\":\"https:\\\/\\\/secure.gravatar.com\\\/avatar\\\/37d968a2e67a6fd04c169c4bdef102d0bc5d31b2546345219e348575eb80e9a0?s=96&d=mm&r=g\",\"url\":\"https:\\\/\\\/secure.gravatar.com\\\/avatar\\\/37d968a2e67a6fd04c169c4bdef102d0bc5d31b2546345219e348575eb80e9a0?s=96&d=mm&r=g\",\"contentUrl\":\"https:\\\/\\\/secure.gravatar.com\\\/avatar\\\/37d968a2e67a6fd04c169c4bdef102d0bc5d31b2546345219e348575eb80e9a0?s=96&d=mm&r=g\",\"caption\":\"redazione\"},\"sameAs\":[\"http:\\\/\\\/www.bellunopress.it\",\"https:\\\/\\\/x.com\\\/bellunopress\"],\"url\":\"https:\\\/\\\/www.bellunopress.it\\\/fr\\\/author\\\/redazione\\\/\"}]}<\/script>\n<!-- \/ Yoast SEO plugin. -->","yoast_head_json":{"title":"1\u00b0 Raduno \u201cCoppa Monte Pelmo Dolomiti\u201d - Bellunopress - Dolomiti","robots":{"index":"index","follow":"follow","max-snippet":"max-snippet:-1","max-image-preview":"max-image-preview:large","max-video-preview":"max-video-preview:-1"},"canonical":"https:\/\/www.bellunopress.it\/fr\/2013\/04\/05\/1-raduno-coppa-monte-pelmo-dolomiti\/","og_locale":"fr_FR","og_type":"article","og_title":"1\u00b0 Raduno \u201cCoppa Monte Pelmo Dolomiti\u201d - Bellunopress - Dolomiti","og_description":"Il gi\u00e0 annunciato Rally Dolomiti Historic in programma ad Alleghe (BL) nei giorni 21 e 22 giugno avr\u00e0 quale contorno il 1\u00b0 Raduno \u201cCoppa Monte Pelmo Dolomiti\u201d. Si tratta di un autoraduno indipendente dal rally storico e annessa regolarit\u00e0 sport; diversa la tipologia, come diverso sar\u00e0 il percorso delle due manifestazioni che in comune avranno [&hellip;]","og_url":"https:\/\/www.bellunopress.it\/fr\/2013\/04\/05\/1-raduno-coppa-monte-pelmo-dolomiti\/","og_site_name":"Bellunopress - Dolomiti","article_publisher":"https:\/\/www.facebook.com\/profile.php?id=100008943462799","article_published_time":"2013-04-05T19:43:54+00:00","og_image":[{"url":"http:\/\/www.bellunopress.it\/wp-content\/uploads\/2012\/07\/logo-bellunopress-250x250-2012.jpg","type":"","width":"","height":""}],"author":"redazione","twitter_card":"summary_large_image","twitter_creator":"@bellunopress","twitter_site":"@bellunopress","twitter_misc":{"\u00c9crit par":"redazione","Dur\u00e9e de lecture estim\u00e9e":"1 minute"},"schema":{"@context":"https:\/\/schema.org","@graph":[{"@type":"Article","@id":"https:\/\/www.bellunopress.it\/2013\/04\/05\/1-raduno-coppa-monte-pelmo-dolomiti\/#article","isPartOf":{"@id":"https:\/\/www.bellunopress.it\/2013\/04\/05\/1-raduno-coppa-monte-pelmo-dolomiti\/"},"author":{"name":"redazione","@id":"https:\/\/www.bellunopress.it\/#\/schema\/person\/79bb06722b37ece1c03d3e94beb30d73"},"headline":"1\u00b0 Raduno \u201cCoppa Monte Pelmo Dolomiti\u201d","datePublished":"2013-04-05T19:43:54+00:00","mainEntityOfPage":{"@id":"https:\/\/www.bellunopress.it\/2013\/04\/05\/1-raduno-coppa-monte-pelmo-dolomiti\/"},"wordCount":251,"publisher":{"@id":"https:\/\/www.bellunopress.it\/#organization"},"articleSection":["Pausa Caff\u00e8","Sport, tempo libero"],"inLanguage":"fr-FR"},{"@type":"WebPage","@id":"https:\/\/www.bellunopress.it\/2013\/04\/05\/1-raduno-coppa-monte-pelmo-dolomiti\/","url":"https:\/\/www.bellunopress.it\/2013\/04\/05\/1-raduno-coppa-monte-pelmo-dolomiti\/","name":"1\u00b0 Raduno \u201cCoppa Monte Pelmo Dolomiti\u201d - Bellunopress - Dolomiti","isPartOf":{"@id":"https:\/\/www.bellunopress.it\/#website"},"datePublished":"2013-04-05T19:43:54+00:00","breadcrumb":{"@id":"https:\/\/www.bellunopress.it\/2013\/04\/05\/1-raduno-coppa-monte-pelmo-dolomiti\/#breadcrumb"},"inLanguage":"fr-FR","potentialAction":[{"@type":"ReadAction","target":["https:\/\/www.bellunopress.it\/2013\/04\/05\/1-raduno-coppa-monte-pelmo-dolomiti\/"]}]},{"@type":"BreadcrumbList","@id":"https:\/\/www.bellunopress.it\/2013\/04\/05\/1-raduno-coppa-monte-pelmo-dolomiti\/#breadcrumb","itemListElement":[{"@type":"ListItem","position":1,"name":"Home","item":"https:\/\/www.bellunopress.it\/"},{"@type":"ListItem","position":2,"name":"1\u00b0 Raduno \u201cCoppa Monte Pelmo Dolomiti\u201d"}]},{"@type":"WebSite","@id":"https:\/\/www.bellunopress.it\/#website","url":"https:\/\/www.bellunopress.it\/","name":"Bellunopress - Dolomiti","description":"e-mail: redazione@bellunopress.it","publisher":{"@id":"https:\/\/www.bellunopress.it\/#organization"},"potentialAction":[{"@type":"SearchAction","target":{"@type":"EntryPoint","urlTemplate":"https:\/\/www.bellunopress.it\/?s={search_term_string}"},"query-input":{"@type":"PropertyValueSpecification","valueRequired":true,"valueName":"search_term_string"}}],"inLanguage":"fr-FR"},{"@type":"Organization","@id":"https:\/\/www.bellunopress.it\/#organization","name":"Bellunopress","url":"https:\/\/www.bellunopress.it\/","logo":{"@type":"ImageObject","inLanguage":"fr-FR","@id":"https:\/\/www.bellunopress.it\/#\/schema\/logo\/image\/","url":"https:\/\/www.bellunopress.it\/wp-content\/uploads\/2011\/05\/cropped-logo-bellunopress-.jpg","contentUrl":"https:\/\/www.bellunopress.it\/wp-content\/uploads\/2011\/05\/cropped-logo-bellunopress-.jpg","width":512,"height":512,"caption":"Bellunopress"},"image":{"@id":"https:\/\/www.bellunopress.it\/#\/schema\/logo\/image\/"},"sameAs":["https:\/\/www.facebook.com\/profile.php?id=100008943462799","https:\/\/x.com\/bellunopress","https:\/\/www.linkedin.com\/hp\/?dnr=JBzUWaJfMUw8vbXJJ2tVW5-I3jZKvC4wsoxE&amp;amp;amp;amp;amp;amp;trk=nav_responsive_tab_home","https:\/\/www.youtube.com\/channel\/UCxL0wu1uN0_3_7hGG0306cw"]},{"@type":"Person","@id":"https:\/\/www.bellunopress.it\/#\/schema\/person\/79bb06722b37ece1c03d3e94beb30d73","name":"r\u00e9daction","image":{"@type":"ImageObject","inLanguage":"fr-FR","@id":"https:\/\/secure.gravatar.com\/avatar\/37d968a2e67a6fd04c169c4bdef102d0bc5d31b2546345219e348575eb80e9a0?s=96&d=mm&r=g","url":"https:\/\/secure.gravatar.com\/avatar\/37d968a2e67a6fd04c169c4bdef102d0bc5d31b2546345219e348575eb80e9a0?s=96&d=mm&r=g","contentUrl":"https:\/\/secure.gravatar.com\/avatar\/37d968a2e67a6fd04c169c4bdef102d0bc5d31b2546345219e348575eb80e9a0?s=96&d=mm&r=g","caption":"redazione"},"sameAs":["http:\/\/www.bellunopress.it","https:\/\/x.com\/bellunopress"],"url":"https:\/\/www.bellunopress.it\/fr\/author\/redazione\/"}]}},"_links":{"self":[{"href":"https:\/\/www.bellunopress.it\/fr\/wp-json\/wp\/v2\/posts\/48253","targetHints":{"allow":["GET"]}}],"collection":[{"href":"https:\/\/www.bellunopress.it\/fr\/wp-json\/wp\/v2\/posts"}],"about":[{"href":"https:\/\/www.bellunopress.it\/fr\/wp-json\/wp\/v2\/types\/post"}],"author":[{"embeddable":true,"href":"https:\/\/www.bellunopress.it\/fr\/wp-json\/wp\/v2\/users\/2"}],"replies":[{"embeddable":true,"href":"https:\/\/www.bellunopress.it\/fr\/wp-json\/wp\/v2\/comments?post=48253"}],"version-history":[{"count":1,"href":"https:\/\/www.bellunopress.it\/fr\/wp-json\/wp\/v2\/posts\/48253\/revisions"}],"predecessor-version":[{"id":48254,"href":"https:\/\/www.bellunopress.it\/fr\/wp-json\/wp\/v2\/posts\/48253\/revisions\/48254"}],"wp:attachment":[{"href":"https:\/\/www.bellunopress.it\/fr\/wp-json\/wp\/v2\/media?parent=48253"}],"wp:term":[{"taxonomy":"category","embeddable":true,"href":"https:\/\/www.bellunopress.it\/fr\/wp-json\/wp\/v2\/categories?post=48253"},{"taxonomy":"post_tag","embeddable":true,"href":"https:\/\/www.bellunopress.it\/fr\/wp-json\/wp\/v2\/tags?post=48253"}],"curies":[{"name":"wp","href":"https:\/\/api.w.org\/{rel}","templated":true}]}}