{"id":4823,"date":"2009-06-13T16:34:39","date_gmt":"2009-06-13T15:34:39","guid":{"rendered":"http:\/\/www.bellunopress.it\/?p=4823"},"modified":"2009-06-13T16:36:17","modified_gmt":"2009-06-13T15:36:17","slug":"alpinista-perde-la-vita-dopo-un-volo-di-60-metri-e-un-altro-precipita-in-marmolada","status":"publish","type":"post","link":"https:\/\/www.bellunopress.it\/fr\/2009\/06\/13\/alpinista-perde-la-vita-dopo-un-volo-di-60-metri-e-un-altro-precipita-in-marmolada\/","title":{"rendered":"Alpinista perde la vita dopo un volo di 60 metri sul Peralba e un altro precipita in Marmolada"},"content":{"rendered":"<p>Sappada. Era fermo in sosta al quarto tiro, quando all&#8217;improvviso \u00e8 precipitato per una sessantina di metri, fermandosi pi\u00f9 sotto in un terrazzino. E&#8217; morto per i traumi riportati, A.C., 35 anni, di Tolmezzo (UD), impegnato nella scalata della via Simone-Bea, sulla Torre dei Fiori, nel gruppo del Peralba. L&#8217;alpinista, che con due compagni di cordata aveva completato circa met\u00e0 percorso,\u00a0 si trovava a 130 metri di altezza rispetto alla base della parete nel momento in cui \u00e8 avvenuto l&#8217;incidente, le cui cause sono in fase di accertamento. L&#8217;allarme \u00e8 stato lanciato da un escursionista di passaggio &#8211; i due amici erano senza cellulare &#8211; che ha assistito alla caduta. Poich\u00e8 l&#8217;eliambulanza di Pieve di Cadore era impegnata in un altro intervento, sul posto \u00e8 stato inviato il Pelikan 2 di Bressanone, che ha imbarcato due tecnici del Soccorso alpino di Sappada, mentre un&#8217;altra squadra di soccorritori raggiungeva a piedi il rigugio Calvi, non distante dalla montagna. Il medico dell&#8217;equipaggio ha solamente potuto constatare il decesso dell&#8217;uomo, la cui salma, una volta ottenuto il nulla osta per la rimozione dalla magistratura, \u00e8 stata ricomposta e trasportata a valle, nella cella mortuaria di Sappada. Anche i due compagni di cordata sono stati recuperati dai soccorritori che li hanno caricati a bordo del velivolo utilizzando un verricello.<br \/>\nALPINISTA PRECIPITA IN MARMOLADA<br \/>\nRocca Pietore. Precipita per una quartantina di metri e si ferisce gravemente. Un giovane alpinista originario di Bolzano, ma residente a Milano, L.O. (non \u00e8 nota l&#8217;et\u00e0), stava scalando la parete sud della Marmolada con un compagno. Convinti di risalire la via don Quixote, i due scalatori erano per\u00f2 completamente fuori dal tracciato corretto, a circa 100 metri di altezza rispetto alla base della parete, spostati a sinistra a causa delle errate relazioni sulla via trovate in internet. Dopo la sosta del primo tiro, il ragazzo ha iniziato il secondo, ma \u00e8 scivolato trascinando con s\u00e9 nella caduta le protezioni che aveva fissato sulla parete e si \u00e8 fermato una quarantina di metri pi\u00f9 in basso. L&#8217;amico ha chiesto aiuto al 118. Sul posto \u00e8 arrivata l&#8217;eliambulanza del Suem di Pieve di Cadore, che ha imbarcato un tecnico del Soccorso alpino della Stazione della val Pettorina per facilitare il recupero. Sbarcati con un verricello, i soccorritori hanno stabilizzato l&#8217;infortunato, che era cosciente seppur in gravi condizioni, e lo hanno trasportato a valle utilizzando il gancio baricentrico. L&#8217;alpinista \u00e8 stato poi accompagnato all&#8217;ospedale di Belluno.<\/p>","protected":false},"excerpt":{"rendered":"<p>Sappada. Era fermo in sosta al quarto tiro, quando all&#8217;improvviso \u00e8 precipitato per una sessantina di metri, fermandosi pi\u00f9 sotto in un terrazzino. E&#8217; morto per i traumi riportati, A.C., 35 anni, di Tolmezzo (UD), impegnato nella scalata della via Simone-Bea, sulla Torre dei Fiori, nel gruppo del Peralba. L&#8217;alpinista, che con due compagni di [&hellip;]<\/p>\n","protected":false},"author":2,"featured_media":0,"comment_status":"closed","ping_status":"open","sticky":false,"template":"","format":"standard","meta":{"footnotes":""},"categories":[5,26],"tags":[23],"class_list":["post-4823","post","type-post","status-publish","format-standard","category-cronaca","category-prima-pagina","tag-salp"],"yoast_head":"<!-- This site is optimized with the Yoast SEO plugin v28.4 - https:\/\/yoast.com\/product\/yoast-seo-wordpress\/ -->\n<title>Alpinista perde la vita dopo un volo di 60 metri sul Peralba e un altro precipita in Marmolada - Bellunopress - Dolomiti<\/title>\n<meta name=\"robots\" content=\"index, follow, max-snippet:-1, max-image-preview:large, max-video-preview:-1\" \/>\n<link rel=\"canonical\" href=\"https:\/\/www.bellunopress.it\/fr\/2009\/06\/13\/alpinista-perde-la-vita-dopo-un-volo-di-60-metri-e-un-altro-precipita-in-marmolada\/\" \/>\n<meta property=\"og:locale\" content=\"fr_FR\" \/>\n<meta property=\"og:type\" content=\"article\" \/>\n<meta property=\"og:title\" content=\"Alpinista perde la vita dopo un volo di 60 metri sul Peralba e un altro precipita in Marmolada - Bellunopress - Dolomiti\" \/>\n<meta property=\"og:description\" content=\"Sappada. Era fermo in sosta al quarto tiro, quando all&#8217;improvviso \u00e8 precipitato per una sessantina di metri, fermandosi pi\u00f9 sotto in un terrazzino. E&#8217; morto per i traumi riportati, A.C., 35 anni, di Tolmezzo (UD), impegnato nella scalata della via Simone-Bea, sulla Torre dei Fiori, nel gruppo del Peralba. L&#8217;alpinista, che con due compagni di [&hellip;]\" \/>\n<meta property=\"og:url\" content=\"https:\/\/www.bellunopress.it\/fr\/2009\/06\/13\/alpinista-perde-la-vita-dopo-un-volo-di-60-metri-e-un-altro-precipita-in-marmolada\/\" \/>\n<meta property=\"og:site_name\" content=\"Bellunopress - Dolomiti\" \/>\n<meta property=\"article:publisher\" content=\"https:\/\/www.facebook.com\/profile.php?id=100008943462799\" \/>\n<meta property=\"article:published_time\" content=\"2009-06-13T15:34:39+00:00\" \/>\n<meta property=\"article:modified_time\" content=\"2009-06-13T15:36:17+00:00\" \/>\n<meta property=\"og:image\" content=\"http:\/\/www.bellunopress.it\/wp-content\/uploads\/2012\/07\/logo-bellunopress-250x250-2012.jpg\" \/>\n<meta name=\"author\" content=\"redazione\" \/>\n<meta name=\"twitter:card\" content=\"summary_large_image\" \/>\n<meta name=\"twitter:creator\" content=\"@bellunopress\" \/>\n<meta name=\"twitter:site\" content=\"@bellunopress\" \/>\n<meta name=\"twitter:label1\" content=\"Written by\" \/>\n\t<meta name=\"twitter:data1\" content=\"redazione\" \/>\n\t<meta name=\"twitter:label2\" content=\"Est. reading time\" \/>\n\t<meta name=\"twitter:data2\" content=\"2 minutes\" \/>\n<script type=\"application\/ld+json\" class=\"yoast-schema-graph\">{\"@context\":\"https:\\\/\\\/schema.org\",\"@graph\":[{\"@type\":\"Article\",\"@id\":\"https:\\\/\\\/www.bellunopress.it\\\/2009\\\/06\\\/13\\\/alpinista-perde-la-vita-dopo-un-volo-di-60-metri-e-un-altro-precipita-in-marmolada\\\/#article\",\"isPartOf\":{\"@id\":\"https:\\\/\\\/www.bellunopress.it\\\/2009\\\/06\\\/13\\\/alpinista-perde-la-vita-dopo-un-volo-di-60-metri-e-un-altro-precipita-in-marmolada\\\/\"},\"author\":{\"name\":\"redazione\",\"@id\":\"https:\\\/\\\/www.bellunopress.it\\\/#\\\/schema\\\/person\\\/79bb06722b37ece1c03d3e94beb30d73\"},\"headline\":\"Alpinista perde la vita dopo un volo di 60 metri sul Peralba e un altro precipita in Marmolada\",\"datePublished\":\"2009-06-13T15:34:39+00:00\",\"dateModified\":\"2009-06-13T15:36:17+00:00\",\"mainEntityOfPage\":{\"@id\":\"https:\\\/\\\/www.bellunopress.it\\\/2009\\\/06\\\/13\\\/alpinista-perde-la-vita-dopo-un-volo-di-60-metri-e-un-altro-precipita-in-marmolada\\\/\"},\"wordCount\":421,\"publisher\":{\"@id\":\"https:\\\/\\\/www.bellunopress.it\\\/#organization\"},\"keywords\":[\"Soccorso Alpino\"],\"articleSection\":[\"Cronaca\\\/Politica\",\"Prima Pagina\"],\"inLanguage\":\"fr-FR\"},{\"@type\":\"WebPage\",\"@id\":\"https:\\\/\\\/www.bellunopress.it\\\/2009\\\/06\\\/13\\\/alpinista-perde-la-vita-dopo-un-volo-di-60-metri-e-un-altro-precipita-in-marmolada\\\/\",\"url\":\"https:\\\/\\\/www.bellunopress.it\\\/2009\\\/06\\\/13\\\/alpinista-perde-la-vita-dopo-un-volo-di-60-metri-e-un-altro-precipita-in-marmolada\\\/\",\"name\":\"Alpinista perde la vita dopo un volo di 60 metri sul Peralba e un altro precipita in Marmolada - Bellunopress - Dolomiti\",\"isPartOf\":{\"@id\":\"https:\\\/\\\/www.bellunopress.it\\\/#website\"},\"datePublished\":\"2009-06-13T15:34:39+00:00\",\"dateModified\":\"2009-06-13T15:36:17+00:00\",\"breadcrumb\":{\"@id\":\"https:\\\/\\\/www.bellunopress.it\\\/2009\\\/06\\\/13\\\/alpinista-perde-la-vita-dopo-un-volo-di-60-metri-e-un-altro-precipita-in-marmolada\\\/#breadcrumb\"},\"inLanguage\":\"fr-FR\",\"potentialAction\":[{\"@type\":\"ReadAction\",\"target\":[\"https:\\\/\\\/www.bellunopress.it\\\/2009\\\/06\\\/13\\\/alpinista-perde-la-vita-dopo-un-volo-di-60-metri-e-un-altro-precipita-in-marmolada\\\/\"]}]},{\"@type\":\"BreadcrumbList\",\"@id\":\"https:\\\/\\\/www.bellunopress.it\\\/2009\\\/06\\\/13\\\/alpinista-perde-la-vita-dopo-un-volo-di-60-metri-e-un-altro-precipita-in-marmolada\\\/#breadcrumb\",\"itemListElement\":[{\"@type\":\"ListItem\",\"position\":1,\"name\":\"Home\",\"item\":\"https:\\\/\\\/www.bellunopress.it\\\/\"},{\"@type\":\"ListItem\",\"position\":2,\"name\":\"Alpinista perde la vita dopo un volo di 60 metri sul Peralba e un altro precipita in Marmolada\"}]},{\"@type\":\"WebSite\",\"@id\":\"https:\\\/\\\/www.bellunopress.it\\\/#website\",\"url\":\"https:\\\/\\\/www.bellunopress.it\\\/\",\"name\":\"Bellunopress - Dolomiti\",\"description\":\"e-mail: redazione@bellunopress.it\",\"publisher\":{\"@id\":\"https:\\\/\\\/www.bellunopress.it\\\/#organization\"},\"potentialAction\":[{\"@type\":\"SearchAction\",\"target\":{\"@type\":\"EntryPoint\",\"urlTemplate\":\"https:\\\/\\\/www.bellunopress.it\\\/?s={search_term_string}\"},\"query-input\":{\"@type\":\"PropertyValueSpecification\",\"valueRequired\":true,\"valueName\":\"search_term_string\"}}],\"inLanguage\":\"fr-FR\"},{\"@type\":\"Organization\",\"@id\":\"https:\\\/\\\/www.bellunopress.it\\\/#organization\",\"name\":\"Bellunopress\",\"url\":\"https:\\\/\\\/www.bellunopress.it\\\/\",\"logo\":{\"@type\":\"ImageObject\",\"inLanguage\":\"fr-FR\",\"@id\":\"https:\\\/\\\/www.bellunopress.it\\\/#\\\/schema\\\/logo\\\/image\\\/\",\"url\":\"https:\\\/\\\/www.bellunopress.it\\\/wp-content\\\/uploads\\\/2011\\\/05\\\/cropped-logo-bellunopress-.jpg\",\"contentUrl\":\"https:\\\/\\\/www.bellunopress.it\\\/wp-content\\\/uploads\\\/2011\\\/05\\\/cropped-logo-bellunopress-.jpg\",\"width\":512,\"height\":512,\"caption\":\"Bellunopress\"},\"image\":{\"@id\":\"https:\\\/\\\/www.bellunopress.it\\\/#\\\/schema\\\/logo\\\/image\\\/\"},\"sameAs\":[\"https:\\\/\\\/www.facebook.com\\\/profile.php?id=100008943462799\",\"https:\\\/\\\/x.com\\\/bellunopress\",\"https:\\\/\\\/www.linkedin.com\\\/hp\\\/?dnr=JBzUWaJfMUw8vbXJJ2tVW5-I3jZKvC4wsoxE&amp;amp;amp;amp;amp;amp;trk=nav_responsive_tab_home\",\"https:\\\/\\\/www.youtube.com\\\/channel\\\/UCxL0wu1uN0_3_7hGG0306cw\"]},{\"@type\":\"Person\",\"@id\":\"https:\\\/\\\/www.bellunopress.it\\\/#\\\/schema\\\/person\\\/79bb06722b37ece1c03d3e94beb30d73\",\"name\":\"redazione\",\"image\":{\"@type\":\"ImageObject\",\"inLanguage\":\"fr-FR\",\"@id\":\"https:\\\/\\\/secure.gravatar.com\\\/avatar\\\/37d968a2e67a6fd04c169c4bdef102d0bc5d31b2546345219e348575eb80e9a0?s=96&d=mm&r=g\",\"url\":\"https:\\\/\\\/secure.gravatar.com\\\/avatar\\\/37d968a2e67a6fd04c169c4bdef102d0bc5d31b2546345219e348575eb80e9a0?s=96&d=mm&r=g\",\"contentUrl\":\"https:\\\/\\\/secure.gravatar.com\\\/avatar\\\/37d968a2e67a6fd04c169c4bdef102d0bc5d31b2546345219e348575eb80e9a0?s=96&d=mm&r=g\",\"caption\":\"redazione\"},\"sameAs\":[\"http:\\\/\\\/www.bellunopress.it\",\"https:\\\/\\\/x.com\\\/bellunopress\"],\"url\":\"https:\\\/\\\/www.bellunopress.it\\\/fr\\\/author\\\/redazione\\\/\"}]}<\/script>\n<!-- \/ Yoast SEO plugin. -->","yoast_head_json":{"title":"Alpinista perde la vita dopo un volo di 60 metri sul Peralba e un altro precipita in Marmolada - Bellunopress - Dolomiti","robots":{"index":"index","follow":"follow","max-snippet":"max-snippet:-1","max-image-preview":"max-image-preview:large","max-video-preview":"max-video-preview:-1"},"canonical":"https:\/\/www.bellunopress.it\/fr\/2009\/06\/13\/alpinista-perde-la-vita-dopo-un-volo-di-60-metri-e-un-altro-precipita-in-marmolada\/","og_locale":"fr_FR","og_type":"article","og_title":"Alpinista perde la vita dopo un volo di 60 metri sul Peralba e un altro precipita in Marmolada - Bellunopress - Dolomiti","og_description":"Sappada. Era fermo in sosta al quarto tiro, quando all&#8217;improvviso \u00e8 precipitato per una sessantina di metri, fermandosi pi\u00f9 sotto in un terrazzino. E&#8217; morto per i traumi riportati, A.C., 35 anni, di Tolmezzo (UD), impegnato nella scalata della via Simone-Bea, sulla Torre dei Fiori, nel gruppo del Peralba. L&#8217;alpinista, che con due compagni di [&hellip;]","og_url":"https:\/\/www.bellunopress.it\/fr\/2009\/06\/13\/alpinista-perde-la-vita-dopo-un-volo-di-60-metri-e-un-altro-precipita-in-marmolada\/","og_site_name":"Bellunopress - Dolomiti","article_publisher":"https:\/\/www.facebook.com\/profile.php?id=100008943462799","article_published_time":"2009-06-13T15:34:39+00:00","article_modified_time":"2009-06-13T15:36:17+00:00","og_image":[{"url":"http:\/\/www.bellunopress.it\/wp-content\/uploads\/2012\/07\/logo-bellunopress-250x250-2012.jpg","type":"","width":"","height":""}],"author":"redazione","twitter_card":"summary_large_image","twitter_creator":"@bellunopress","twitter_site":"@bellunopress","twitter_misc":{"Written by":"redazione","Est. reading time":"2 minutes"},"schema":{"@context":"https:\/\/schema.org","@graph":[{"@type":"Article","@id":"https:\/\/www.bellunopress.it\/2009\/06\/13\/alpinista-perde-la-vita-dopo-un-volo-di-60-metri-e-un-altro-precipita-in-marmolada\/#article","isPartOf":{"@id":"https:\/\/www.bellunopress.it\/2009\/06\/13\/alpinista-perde-la-vita-dopo-un-volo-di-60-metri-e-un-altro-precipita-in-marmolada\/"},"author":{"name":"redazione","@id":"https:\/\/www.bellunopress.it\/#\/schema\/person\/79bb06722b37ece1c03d3e94beb30d73"},"headline":"Alpinista perde la vita dopo un volo di 60 metri sul Peralba e un altro precipita in Marmolada","datePublished":"2009-06-13T15:34:39+00:00","dateModified":"2009-06-13T15:36:17+00:00","mainEntityOfPage":{"@id":"https:\/\/www.bellunopress.it\/2009\/06\/13\/alpinista-perde-la-vita-dopo-un-volo-di-60-metri-e-un-altro-precipita-in-marmolada\/"},"wordCount":421,"publisher":{"@id":"https:\/\/www.bellunopress.it\/#organization"},"keywords":["Soccorso Alpino"],"articleSection":["Cronaca\/Politica","Prima Pagina"],"inLanguage":"fr-FR"},{"@type":"WebPage","@id":"https:\/\/www.bellunopress.it\/2009\/06\/13\/alpinista-perde-la-vita-dopo-un-volo-di-60-metri-e-un-altro-precipita-in-marmolada\/","url":"https:\/\/www.bellunopress.it\/2009\/06\/13\/alpinista-perde-la-vita-dopo-un-volo-di-60-metri-e-un-altro-precipita-in-marmolada\/","name":"Alpinista perde la vita dopo un volo di 60 metri sul Peralba e un altro precipita in Marmolada - Bellunopress - Dolomiti","isPartOf":{"@id":"https:\/\/www.bellunopress.it\/#website"},"datePublished":"2009-06-13T15:34:39+00:00","dateModified":"2009-06-13T15:36:17+00:00","breadcrumb":{"@id":"https:\/\/www.bellunopress.it\/2009\/06\/13\/alpinista-perde-la-vita-dopo-un-volo-di-60-metri-e-un-altro-precipita-in-marmolada\/#breadcrumb"},"inLanguage":"fr-FR","potentialAction":[{"@type":"ReadAction","target":["https:\/\/www.bellunopress.it\/2009\/06\/13\/alpinista-perde-la-vita-dopo-un-volo-di-60-metri-e-un-altro-precipita-in-marmolada\/"]}]},{"@type":"BreadcrumbList","@id":"https:\/\/www.bellunopress.it\/2009\/06\/13\/alpinista-perde-la-vita-dopo-un-volo-di-60-metri-e-un-altro-precipita-in-marmolada\/#breadcrumb","itemListElement":[{"@type":"ListItem","position":1,"name":"Home","item":"https:\/\/www.bellunopress.it\/"},{"@type":"ListItem","position":2,"name":"Alpinista perde la vita dopo un volo di 60 metri sul Peralba e un altro precipita in Marmolada"}]},{"@type":"WebSite","@id":"https:\/\/www.bellunopress.it\/#website","url":"https:\/\/www.bellunopress.it\/","name":"Bellunopress - Dolomiti","description":"e-mail: redazione@bellunopress.it","publisher":{"@id":"https:\/\/www.bellunopress.it\/#organization"},"potentialAction":[{"@type":"SearchAction","target":{"@type":"EntryPoint","urlTemplate":"https:\/\/www.bellunopress.it\/?s={search_term_string}"},"query-input":{"@type":"PropertyValueSpecification","valueRequired":true,"valueName":"search_term_string"}}],"inLanguage":"fr-FR"},{"@type":"Organization","@id":"https:\/\/www.bellunopress.it\/#organization","name":"Bellunopress","url":"https:\/\/www.bellunopress.it\/","logo":{"@type":"ImageObject","inLanguage":"fr-FR","@id":"https:\/\/www.bellunopress.it\/#\/schema\/logo\/image\/","url":"https:\/\/www.bellunopress.it\/wp-content\/uploads\/2011\/05\/cropped-logo-bellunopress-.jpg","contentUrl":"https:\/\/www.bellunopress.it\/wp-content\/uploads\/2011\/05\/cropped-logo-bellunopress-.jpg","width":512,"height":512,"caption":"Bellunopress"},"image":{"@id":"https:\/\/www.bellunopress.it\/#\/schema\/logo\/image\/"},"sameAs":["https:\/\/www.facebook.com\/profile.php?id=100008943462799","https:\/\/x.com\/bellunopress","https:\/\/www.linkedin.com\/hp\/?dnr=JBzUWaJfMUw8vbXJJ2tVW5-I3jZKvC4wsoxE&amp;amp;amp;amp;amp;amp;trk=nav_responsive_tab_home","https:\/\/www.youtube.com\/channel\/UCxL0wu1uN0_3_7hGG0306cw"]},{"@type":"Person","@id":"https:\/\/www.bellunopress.it\/#\/schema\/person\/79bb06722b37ece1c03d3e94beb30d73","name":"r\u00e9daction","image":{"@type":"ImageObject","inLanguage":"fr-FR","@id":"https:\/\/secure.gravatar.com\/avatar\/37d968a2e67a6fd04c169c4bdef102d0bc5d31b2546345219e348575eb80e9a0?s=96&d=mm&r=g","url":"https:\/\/secure.gravatar.com\/avatar\/37d968a2e67a6fd04c169c4bdef102d0bc5d31b2546345219e348575eb80e9a0?s=96&d=mm&r=g","contentUrl":"https:\/\/secure.gravatar.com\/avatar\/37d968a2e67a6fd04c169c4bdef102d0bc5d31b2546345219e348575eb80e9a0?s=96&d=mm&r=g","caption":"redazione"},"sameAs":["http:\/\/www.bellunopress.it","https:\/\/x.com\/bellunopress"],"url":"https:\/\/www.bellunopress.it\/fr\/author\/redazione\/"}]}},"_links":{"self":[{"href":"https:\/\/www.bellunopress.it\/fr\/wp-json\/wp\/v2\/posts\/4823","targetHints":{"allow":["GET"]}}],"collection":[{"href":"https:\/\/www.bellunopress.it\/fr\/wp-json\/wp\/v2\/posts"}],"about":[{"href":"https:\/\/www.bellunopress.it\/fr\/wp-json\/wp\/v2\/types\/post"}],"author":[{"embeddable":true,"href":"https:\/\/www.bellunopress.it\/fr\/wp-json\/wp\/v2\/users\/2"}],"replies":[{"embeddable":true,"href":"https:\/\/www.bellunopress.it\/fr\/wp-json\/wp\/v2\/comments?post=4823"}],"version-history":[{"count":2,"href":"https:\/\/www.bellunopress.it\/fr\/wp-json\/wp\/v2\/posts\/4823\/revisions"}],"predecessor-version":[{"id":4825,"href":"https:\/\/www.bellunopress.it\/fr\/wp-json\/wp\/v2\/posts\/4823\/revisions\/4825"}],"wp:attachment":[{"href":"https:\/\/www.bellunopress.it\/fr\/wp-json\/wp\/v2\/media?parent=4823"}],"wp:term":[{"taxonomy":"category","embeddable":true,"href":"https:\/\/www.bellunopress.it\/fr\/wp-json\/wp\/v2\/categories?post=4823"},{"taxonomy":"post_tag","embeddable":true,"href":"https:\/\/www.bellunopress.it\/fr\/wp-json\/wp\/v2\/tags?post=4823"}],"curies":[{"name":"wp","href":"https:\/\/api.w.org\/{rel}","templated":true}]}}