{"id":4819,"date":"2009-06-13T15:01:50","date_gmt":"2009-06-13T14:01:50","guid":{"rendered":"http:\/\/www.bellunopress.it\/?p=4819"},"modified":"2009-06-13T15:01:50","modified_gmt":"2009-06-13T14:01:50","slug":"regione-veneto-aria-di-riduzione-di-finanziamenti-al-settore-di-promozione-turistica","status":"publish","type":"post","link":"https:\/\/www.bellunopress.it\/fr\/2009\/06\/13\/regione-veneto-aria-di-riduzione-di-finanziamenti-al-settore-di-promozione-turistica\/","title":{"rendered":"Regione Veneto:  aria di riduzione di finanziamenti  al settore di promozione turistica"},"content":{"rendered":"<figure id=\"attachment_4817\" aria-describedby=\"caption-attachment-4817\" style=\"width: 74px\" class=\"wp-caption alignleft\"><a href=\"http:\/\/www.bellunopress.it\/wp-content\/uploads\/2009\/06\/virginio-piccin.jpg\"><img loading=\"lazy\" decoding=\"async\" class=\"size-medium wp-image-4817\" title=\"virginio-piccin\" src=\"http:\/\/www.bellunopress.it\/wp-content\/uploads\/2009\/06\/virginio-piccin.jpg\" alt=\"Virginio Piccin presidente del Consorzio Dolomiti\" width=\"74\" height=\"116\" \/><\/a><figcaption id=\"caption-attachment-4817\" class=\"wp-caption-text\">Virginio Piccin presidente del Consorzio Dolomiti<\/figcaption><\/figure>\n<p>Il Piano Esecutivo Annuale 2009 del Consorzio Dolomiti, approvato dalla Giunta Regionale del Veneto per una spesa promozionale di 1 milione e 800 mila euro, potrebbe trovare riduzione e conseguente penalizzazione per il settore impegnato\u00a0 nell\u2019affrontare\u00a0 le difficolt\u00e0 in questo momento di crisi. Virginio Piccin, Presidente del Consorzio Dolomiti, esprime preoccupazione\u00a0 al riguardo: \u201cCon la cifra a suo tempo evidenziata di 1 milione e 800 mila euro di spesa promozionale, il programma studiato, organizzato e coordinato dal Consorzio Dolomiti per lo sviluppo e promozione del proprio territorio e delle imprese che ivi operano (oltre 840 i soggetti attualmente soci della Struttura) si presenta interessante come iniziative e qualit\u00e0 di azione. Nel quadro della suddivisione delle risorse a disposizione delle Strutture Associate del Veneto si\u00a0 paventa una notevole\u00a0 riduzione dei contributi a disposizione, e, quindi, dei possibili investimenti da attuare. Tale contrazione, a progettazioni gi\u00e0 avviate, creer\u00e0 serie e sostanziali difficolt\u00e0 operative (che si sommano alla crisi in atto) anche nella volont\u00e0\u00a0 di mantenere almeno le quote di mercato finora raggiunte sia in italia\u00a0 che\u00a0 all\u2019estero. E\u2019 peraltro noto che la ripartizione definitiva delle risorse finanziarie per le Strutture Associate e cio\u00e8 per i Consorzi di operatori del Veneto, avverr\u00e0 sulla base delle disponibilit\u00e0 recate dal bilancio di previsione regionale per l\u2019esercizio finanziario 2009. Oltre a questo si teme che possano verificarsi riduzioni di investimenti anche per altre programmazioni turistiche in atto, che stanno a cuore e sono fortemente volute dalle imprese delle Dolomiti e Montagna Veneta. Ancora il Presidente Piccin: \u201cA tal proposito \u00e8 il caso di ricordare la programmazione Dolomiti e Montagna Veneta 2009\/2010, nonch\u00e8 il progetto 3Dolomiti. Stiamo lavorando alacremente assieme alla Vice Presidenza Regionale\u00a0 ed alla Direzione\u00a0 competente del settore turistico per giungere ad un sostanziale mantenimento delle quote di finanziamento delle due progettazioni che rivestono particolare e primaria importanza. Dolomiti e Montagna Veneta \u00e8 un piano di promozione di indubbio valore che va avanti da tre anni e che ha apportato considerevoli vantaggi e ritorni al momento \u201cinvernale\u201d per tutto il territorio montano del Veneto. 3Dolomiti \u00e8 l\u2019innovazione vera\u00a0 e tangibile nella promozione e nella commercializzazione turistica delle Dolomiti, della Montagna Veneta e di tutto il territorio regionale in particolare riferimento ai periodi estivi e delle stagioni d\u2019ala. In questo settore il Veneto riveste ruolo di riferimento e si pone uno scalino al di sopra dei territori vicini e notoriamente pi\u00f9 dotati\u00a0 di possibilit\u00e0 e risorse da impiegare nel settore turistico. Proprio luned\u00ec prossimo si avr\u00e0 un importante incontro a Mestre, in occasione di una riunione per un lodevole progetto promozionale voluto dalla Regione in relazione al mercato turistico degli USA,\u00a0 per poter porre basi certe e concrete, non certo trascurabili, per le due programmazioni turistiche che ho ricordato prima\u201d. A proposito di 3Dolomiti si ricorda che \u00e8 possibile vedere un primo filmato promozionale, realizzato dall\u2019emittente Telebelluno Dolomiti,\u00a0 sulla progettazione, \u201cspot\u201d che \u00e8 stato\u00a0 presentato con successo a Riva del Garda a fine maggio. Il filmato illustra le valenze, le possibilit\u00e0 e le utilit\u00e0 turistiche del progetto. Basta ciccare su <a href=\"http:\/\/www.3dolomiti.it\">www.3dolomiti.it<\/a>.<\/p>","protected":false},"excerpt":{"rendered":"<p>Il Piano Esecutivo Annuale 2009 del Consorzio Dolomiti, approvato dalla Giunta Regionale del Veneto per una spesa promozionale di 1 milione e 800 mila euro, potrebbe trovare riduzione e conseguente penalizzazione per il settore impegnato\u00a0 nell\u2019affrontare\u00a0 le difficolt\u00e0 in questo momento di crisi. Virginio Piccin, Presidente del Consorzio Dolomiti, esprime preoccupazione\u00a0 al riguardo: \u201cCon la [&hellip;]<\/p>\n","protected":false},"author":2,"featured_media":0,"comment_status":"closed","ping_status":"open","sticky":false,"template":"","format":"standard","meta":{"footnotes":""},"categories":[5,26],"tags":[139,63],"class_list":["post-4819","post","type-post","status-publish","format-standard","category-cronaca","category-prima-pagina","tag-belluno","tag-dolomiti"],"yoast_head":"<!-- This site is optimized with the Yoast SEO plugin v28.4 - https:\/\/yoast.com\/product\/yoast-seo-wordpress\/ -->\n<title>Regione Veneto: aria di riduzione di finanziamenti al settore di promozione turistica - Bellunopress - Dolomiti<\/title>\n<meta name=\"robots\" content=\"index, follow, max-snippet:-1, max-image-preview:large, max-video-preview:-1\" \/>\n<link rel=\"canonical\" href=\"https:\/\/www.bellunopress.it\/fr\/2009\/06\/13\/regione-veneto-aria-di-riduzione-di-finanziamenti-al-settore-di-promozione-turistica\/\" \/>\n<meta property=\"og:locale\" content=\"fr_FR\" \/>\n<meta property=\"og:type\" content=\"article\" \/>\n<meta property=\"og:title\" content=\"Regione Veneto: aria di riduzione di finanziamenti al settore di promozione turistica - Bellunopress - Dolomiti\" \/>\n<meta property=\"og:description\" content=\"Il Piano Esecutivo Annuale 2009 del Consorzio Dolomiti, approvato dalla Giunta Regionale del Veneto per una spesa promozionale di 1 milione e 800 mila euro, potrebbe trovare riduzione e conseguente penalizzazione per il settore impegnato\u00a0 nell\u2019affrontare\u00a0 le difficolt\u00e0 in questo momento di crisi. Virginio Piccin, Presidente del Consorzio Dolomiti, esprime preoccupazione\u00a0 al riguardo: \u201cCon la [&hellip;]\" \/>\n<meta property=\"og:url\" content=\"https:\/\/www.bellunopress.it\/fr\/2009\/06\/13\/regione-veneto-aria-di-riduzione-di-finanziamenti-al-settore-di-promozione-turistica\/\" \/>\n<meta property=\"og:site_name\" content=\"Bellunopress - Dolomiti\" \/>\n<meta property=\"article:publisher\" content=\"https:\/\/www.facebook.com\/profile.php?id=100008943462799\" \/>\n<meta property=\"article:published_time\" content=\"2009-06-13T14:01:50+00:00\" \/>\n<meta property=\"og:image\" content=\"http:\/\/www.bellunopress.it\/wp-content\/uploads\/2009\/06\/virginio-piccin.jpg\" \/>\n<meta name=\"author\" content=\"redazione\" \/>\n<meta name=\"twitter:card\" content=\"summary_large_image\" \/>\n<meta name=\"twitter:creator\" content=\"@bellunopress\" \/>\n<meta name=\"twitter:site\" content=\"@bellunopress\" \/>\n<meta name=\"twitter:label1\" content=\"Written by\" \/>\n\t<meta name=\"twitter:data1\" content=\"redazione\" \/>\n\t<meta name=\"twitter:label2\" content=\"Est. reading time\" \/>\n\t<meta name=\"twitter:data2\" content=\"3 minutes\" \/>\n<script type=\"application\/ld+json\" class=\"yoast-schema-graph\">{\"@context\":\"https:\\\/\\\/schema.org\",\"@graph\":[{\"@type\":\"Article\",\"@id\":\"https:\\\/\\\/www.bellunopress.it\\\/2009\\\/06\\\/13\\\/regione-veneto-aria-di-riduzione-di-finanziamenti-al-settore-di-promozione-turistica\\\/#article\",\"isPartOf\":{\"@id\":\"https:\\\/\\\/www.bellunopress.it\\\/2009\\\/06\\\/13\\\/regione-veneto-aria-di-riduzione-di-finanziamenti-al-settore-di-promozione-turistica\\\/\"},\"author\":{\"name\":\"redazione\",\"@id\":\"https:\\\/\\\/www.bellunopress.it\\\/#\\\/schema\\\/person\\\/79bb06722b37ece1c03d3e94beb30d73\"},\"headline\":\"Regione Veneto: aria di riduzione di finanziamenti al settore di promozione turistica\",\"datePublished\":\"2009-06-13T14:01:50+00:00\",\"mainEntityOfPage\":{\"@id\":\"https:\\\/\\\/www.bellunopress.it\\\/2009\\\/06\\\/13\\\/regione-veneto-aria-di-riduzione-di-finanziamenti-al-settore-di-promozione-turistica\\\/\"},\"wordCount\":526,\"publisher\":{\"@id\":\"https:\\\/\\\/www.bellunopress.it\\\/#organization\"},\"image\":{\"@id\":\"https:\\\/\\\/www.bellunopress.it\\\/2009\\\/06\\\/13\\\/regione-veneto-aria-di-riduzione-di-finanziamenti-al-settore-di-promozione-turistica\\\/#primaryimage\"},\"thumbnailUrl\":\"http:\\\/\\\/www.bellunopress.it\\\/wp-content\\\/uploads\\\/2009\\\/06\\\/virginio-piccin.jpg\",\"keywords\":[\"Belluno\",\"Dolomiti\"],\"articleSection\":[\"Cronaca\\\/Politica\",\"Prima Pagina\"],\"inLanguage\":\"fr-FR\"},{\"@type\":\"WebPage\",\"@id\":\"https:\\\/\\\/www.bellunopress.it\\\/2009\\\/06\\\/13\\\/regione-veneto-aria-di-riduzione-di-finanziamenti-al-settore-di-promozione-turistica\\\/\",\"url\":\"https:\\\/\\\/www.bellunopress.it\\\/2009\\\/06\\\/13\\\/regione-veneto-aria-di-riduzione-di-finanziamenti-al-settore-di-promozione-turistica\\\/\",\"name\":\"Regione Veneto: aria di riduzione di finanziamenti al settore di promozione turistica - Bellunopress - Dolomiti\",\"isPartOf\":{\"@id\":\"https:\\\/\\\/www.bellunopress.it\\\/#website\"},\"primaryImageOfPage\":{\"@id\":\"https:\\\/\\\/www.bellunopress.it\\\/2009\\\/06\\\/13\\\/regione-veneto-aria-di-riduzione-di-finanziamenti-al-settore-di-promozione-turistica\\\/#primaryimage\"},\"image\":{\"@id\":\"https:\\\/\\\/www.bellunopress.it\\\/2009\\\/06\\\/13\\\/regione-veneto-aria-di-riduzione-di-finanziamenti-al-settore-di-promozione-turistica\\\/#primaryimage\"},\"thumbnailUrl\":\"http:\\\/\\\/www.bellunopress.it\\\/wp-content\\\/uploads\\\/2009\\\/06\\\/virginio-piccin.jpg\",\"datePublished\":\"2009-06-13T14:01:50+00:00\",\"breadcrumb\":{\"@id\":\"https:\\\/\\\/www.bellunopress.it\\\/2009\\\/06\\\/13\\\/regione-veneto-aria-di-riduzione-di-finanziamenti-al-settore-di-promozione-turistica\\\/#breadcrumb\"},\"inLanguage\":\"fr-FR\",\"potentialAction\":[{\"@type\":\"ReadAction\",\"target\":[\"https:\\\/\\\/www.bellunopress.it\\\/2009\\\/06\\\/13\\\/regione-veneto-aria-di-riduzione-di-finanziamenti-al-settore-di-promozione-turistica\\\/\"]}]},{\"@type\":\"ImageObject\",\"inLanguage\":\"fr-FR\",\"@id\":\"https:\\\/\\\/www.bellunopress.it\\\/2009\\\/06\\\/13\\\/regione-veneto-aria-di-riduzione-di-finanziamenti-al-settore-di-promozione-turistica\\\/#primaryimage\",\"url\":\"http:\\\/\\\/www.bellunopress.it\\\/wp-content\\\/uploads\\\/2009\\\/06\\\/virginio-piccin.jpg\",\"contentUrl\":\"http:\\\/\\\/www.bellunopress.it\\\/wp-content\\\/uploads\\\/2009\\\/06\\\/virginio-piccin.jpg\"},{\"@type\":\"BreadcrumbList\",\"@id\":\"https:\\\/\\\/www.bellunopress.it\\\/2009\\\/06\\\/13\\\/regione-veneto-aria-di-riduzione-di-finanziamenti-al-settore-di-promozione-turistica\\\/#breadcrumb\",\"itemListElement\":[{\"@type\":\"ListItem\",\"position\":1,\"name\":\"Home\",\"item\":\"https:\\\/\\\/www.bellunopress.it\\\/\"},{\"@type\":\"ListItem\",\"position\":2,\"name\":\"Regione Veneto: aria di riduzione di finanziamenti al settore di promozione turistica\"}]},{\"@type\":\"WebSite\",\"@id\":\"https:\\\/\\\/www.bellunopress.it\\\/#website\",\"url\":\"https:\\\/\\\/www.bellunopress.it\\\/\",\"name\":\"Bellunopress - Dolomiti\",\"description\":\"e-mail: redazione@bellunopress.it\",\"publisher\":{\"@id\":\"https:\\\/\\\/www.bellunopress.it\\\/#organization\"},\"potentialAction\":[{\"@type\":\"SearchAction\",\"target\":{\"@type\":\"EntryPoint\",\"urlTemplate\":\"https:\\\/\\\/www.bellunopress.it\\\/?s={search_term_string}\"},\"query-input\":{\"@type\":\"PropertyValueSpecification\",\"valueRequired\":true,\"valueName\":\"search_term_string\"}}],\"inLanguage\":\"fr-FR\"},{\"@type\":\"Organization\",\"@id\":\"https:\\\/\\\/www.bellunopress.it\\\/#organization\",\"name\":\"Bellunopress\",\"url\":\"https:\\\/\\\/www.bellunopress.it\\\/\",\"logo\":{\"@type\":\"ImageObject\",\"inLanguage\":\"fr-FR\",\"@id\":\"https:\\\/\\\/www.bellunopress.it\\\/#\\\/schema\\\/logo\\\/image\\\/\",\"url\":\"https:\\\/\\\/www.bellunopress.it\\\/wp-content\\\/uploads\\\/2011\\\/05\\\/cropped-logo-bellunopress-.jpg\",\"contentUrl\":\"https:\\\/\\\/www.bellunopress.it\\\/wp-content\\\/uploads\\\/2011\\\/05\\\/cropped-logo-bellunopress-.jpg\",\"width\":512,\"height\":512,\"caption\":\"Bellunopress\"},\"image\":{\"@id\":\"https:\\\/\\\/www.bellunopress.it\\\/#\\\/schema\\\/logo\\\/image\\\/\"},\"sameAs\":[\"https:\\\/\\\/www.facebook.com\\\/profile.php?id=100008943462799\",\"https:\\\/\\\/x.com\\\/bellunopress\",\"https:\\\/\\\/www.linkedin.com\\\/hp\\\/?dnr=JBzUWaJfMUw8vbXJJ2tVW5-I3jZKvC4wsoxE&amp;amp;amp;amp;amp;amp;trk=nav_responsive_tab_home\",\"https:\\\/\\\/www.youtube.com\\\/channel\\\/UCxL0wu1uN0_3_7hGG0306cw\"]},{\"@type\":\"Person\",\"@id\":\"https:\\\/\\\/www.bellunopress.it\\\/#\\\/schema\\\/person\\\/79bb06722b37ece1c03d3e94beb30d73\",\"name\":\"redazione\",\"image\":{\"@type\":\"ImageObject\",\"inLanguage\":\"fr-FR\",\"@id\":\"https:\\\/\\\/secure.gravatar.com\\\/avatar\\\/37d968a2e67a6fd04c169c4bdef102d0bc5d31b2546345219e348575eb80e9a0?s=96&d=mm&r=g\",\"url\":\"https:\\\/\\\/secure.gravatar.com\\\/avatar\\\/37d968a2e67a6fd04c169c4bdef102d0bc5d31b2546345219e348575eb80e9a0?s=96&d=mm&r=g\",\"contentUrl\":\"https:\\\/\\\/secure.gravatar.com\\\/avatar\\\/37d968a2e67a6fd04c169c4bdef102d0bc5d31b2546345219e348575eb80e9a0?s=96&d=mm&r=g\",\"caption\":\"redazione\"},\"sameAs\":[\"http:\\\/\\\/www.bellunopress.it\",\"https:\\\/\\\/x.com\\\/bellunopress\"],\"url\":\"https:\\\/\\\/www.bellunopress.it\\\/fr\\\/author\\\/redazione\\\/\"}]}<\/script>\n<!-- \/ Yoast SEO plugin. -->","yoast_head_json":{"title":"Regione Veneto: aria di riduzione di finanziamenti al settore di promozione turistica - Bellunopress - Dolomiti","robots":{"index":"index","follow":"follow","max-snippet":"max-snippet:-1","max-image-preview":"max-image-preview:large","max-video-preview":"max-video-preview:-1"},"canonical":"https:\/\/www.bellunopress.it\/fr\/2009\/06\/13\/regione-veneto-aria-di-riduzione-di-finanziamenti-al-settore-di-promozione-turistica\/","og_locale":"fr_FR","og_type":"article","og_title":"Regione Veneto: aria di riduzione di finanziamenti al settore di promozione turistica - Bellunopress - Dolomiti","og_description":"Il Piano Esecutivo Annuale 2009 del Consorzio Dolomiti, approvato dalla Giunta Regionale del Veneto per una spesa promozionale di 1 milione e 800 mila euro, potrebbe trovare riduzione e conseguente penalizzazione per il settore impegnato\u00a0 nell\u2019affrontare\u00a0 le difficolt\u00e0 in questo momento di crisi. Virginio Piccin, Presidente del Consorzio Dolomiti, esprime preoccupazione\u00a0 al riguardo: \u201cCon la [&hellip;]","og_url":"https:\/\/www.bellunopress.it\/fr\/2009\/06\/13\/regione-veneto-aria-di-riduzione-di-finanziamenti-al-settore-di-promozione-turistica\/","og_site_name":"Bellunopress - Dolomiti","article_publisher":"https:\/\/www.facebook.com\/profile.php?id=100008943462799","article_published_time":"2009-06-13T14:01:50+00:00","og_image":[{"url":"http:\/\/www.bellunopress.it\/wp-content\/uploads\/2009\/06\/virginio-piccin.jpg","type":"","width":"","height":""}],"author":"redazione","twitter_card":"summary_large_image","twitter_creator":"@bellunopress","twitter_site":"@bellunopress","twitter_misc":{"Written by":"redazione","Est. reading time":"3 minutes"},"schema":{"@context":"https:\/\/schema.org","@graph":[{"@type":"Article","@id":"https:\/\/www.bellunopress.it\/2009\/06\/13\/regione-veneto-aria-di-riduzione-di-finanziamenti-al-settore-di-promozione-turistica\/#article","isPartOf":{"@id":"https:\/\/www.bellunopress.it\/2009\/06\/13\/regione-veneto-aria-di-riduzione-di-finanziamenti-al-settore-di-promozione-turistica\/"},"author":{"name":"redazione","@id":"https:\/\/www.bellunopress.it\/#\/schema\/person\/79bb06722b37ece1c03d3e94beb30d73"},"headline":"Regione Veneto: aria di riduzione di finanziamenti al settore di promozione turistica","datePublished":"2009-06-13T14:01:50+00:00","mainEntityOfPage":{"@id":"https:\/\/www.bellunopress.it\/2009\/06\/13\/regione-veneto-aria-di-riduzione-di-finanziamenti-al-settore-di-promozione-turistica\/"},"wordCount":526,"publisher":{"@id":"https:\/\/www.bellunopress.it\/#organization"},"image":{"@id":"https:\/\/www.bellunopress.it\/2009\/06\/13\/regione-veneto-aria-di-riduzione-di-finanziamenti-al-settore-di-promozione-turistica\/#primaryimage"},"thumbnailUrl":"http:\/\/www.bellunopress.it\/wp-content\/uploads\/2009\/06\/virginio-piccin.jpg","keywords":["Belluno","Dolomiti"],"articleSection":["Cronaca\/Politica","Prima Pagina"],"inLanguage":"fr-FR"},{"@type":"WebPage","@id":"https:\/\/www.bellunopress.it\/2009\/06\/13\/regione-veneto-aria-di-riduzione-di-finanziamenti-al-settore-di-promozione-turistica\/","url":"https:\/\/www.bellunopress.it\/2009\/06\/13\/regione-veneto-aria-di-riduzione-di-finanziamenti-al-settore-di-promozione-turistica\/","name":"Regione Veneto: aria di riduzione di finanziamenti al settore di promozione turistica - Bellunopress - Dolomiti","isPartOf":{"@id":"https:\/\/www.bellunopress.it\/#website"},"primaryImageOfPage":{"@id":"https:\/\/www.bellunopress.it\/2009\/06\/13\/regione-veneto-aria-di-riduzione-di-finanziamenti-al-settore-di-promozione-turistica\/#primaryimage"},"image":{"@id":"https:\/\/www.bellunopress.it\/2009\/06\/13\/regione-veneto-aria-di-riduzione-di-finanziamenti-al-settore-di-promozione-turistica\/#primaryimage"},"thumbnailUrl":"http:\/\/www.bellunopress.it\/wp-content\/uploads\/2009\/06\/virginio-piccin.jpg","datePublished":"2009-06-13T14:01:50+00:00","breadcrumb":{"@id":"https:\/\/www.bellunopress.it\/2009\/06\/13\/regione-veneto-aria-di-riduzione-di-finanziamenti-al-settore-di-promozione-turistica\/#breadcrumb"},"inLanguage":"fr-FR","potentialAction":[{"@type":"ReadAction","target":["https:\/\/www.bellunopress.it\/2009\/06\/13\/regione-veneto-aria-di-riduzione-di-finanziamenti-al-settore-di-promozione-turistica\/"]}]},{"@type":"ImageObject","inLanguage":"fr-FR","@id":"https:\/\/www.bellunopress.it\/2009\/06\/13\/regione-veneto-aria-di-riduzione-di-finanziamenti-al-settore-di-promozione-turistica\/#primaryimage","url":"http:\/\/www.bellunopress.it\/wp-content\/uploads\/2009\/06\/virginio-piccin.jpg","contentUrl":"http:\/\/www.bellunopress.it\/wp-content\/uploads\/2009\/06\/virginio-piccin.jpg"},{"@type":"BreadcrumbList","@id":"https:\/\/www.bellunopress.it\/2009\/06\/13\/regione-veneto-aria-di-riduzione-di-finanziamenti-al-settore-di-promozione-turistica\/#breadcrumb","itemListElement":[{"@type":"ListItem","position":1,"name":"Home","item":"https:\/\/www.bellunopress.it\/"},{"@type":"ListItem","position":2,"name":"Regione Veneto: aria di riduzione di finanziamenti al settore di promozione turistica"}]},{"@type":"WebSite","@id":"https:\/\/www.bellunopress.it\/#website","url":"https:\/\/www.bellunopress.it\/","name":"Bellunopress - Dolomiti","description":"e-mail: redazione@bellunopress.it","publisher":{"@id":"https:\/\/www.bellunopress.it\/#organization"},"potentialAction":[{"@type":"SearchAction","target":{"@type":"EntryPoint","urlTemplate":"https:\/\/www.bellunopress.it\/?s={search_term_string}"},"query-input":{"@type":"PropertyValueSpecification","valueRequired":true,"valueName":"search_term_string"}}],"inLanguage":"fr-FR"},{"@type":"Organization","@id":"https:\/\/www.bellunopress.it\/#organization","name":"Bellunopress","url":"https:\/\/www.bellunopress.it\/","logo":{"@type":"ImageObject","inLanguage":"fr-FR","@id":"https:\/\/www.bellunopress.it\/#\/schema\/logo\/image\/","url":"https:\/\/www.bellunopress.it\/wp-content\/uploads\/2011\/05\/cropped-logo-bellunopress-.jpg","contentUrl":"https:\/\/www.bellunopress.it\/wp-content\/uploads\/2011\/05\/cropped-logo-bellunopress-.jpg","width":512,"height":512,"caption":"Bellunopress"},"image":{"@id":"https:\/\/www.bellunopress.it\/#\/schema\/logo\/image\/"},"sameAs":["https:\/\/www.facebook.com\/profile.php?id=100008943462799","https:\/\/x.com\/bellunopress","https:\/\/www.linkedin.com\/hp\/?dnr=JBzUWaJfMUw8vbXJJ2tVW5-I3jZKvC4wsoxE&amp;amp;amp;amp;amp;amp;trk=nav_responsive_tab_home","https:\/\/www.youtube.com\/channel\/UCxL0wu1uN0_3_7hGG0306cw"]},{"@type":"Person","@id":"https:\/\/www.bellunopress.it\/#\/schema\/person\/79bb06722b37ece1c03d3e94beb30d73","name":"r\u00e9daction","image":{"@type":"ImageObject","inLanguage":"fr-FR","@id":"https:\/\/secure.gravatar.com\/avatar\/37d968a2e67a6fd04c169c4bdef102d0bc5d31b2546345219e348575eb80e9a0?s=96&d=mm&r=g","url":"https:\/\/secure.gravatar.com\/avatar\/37d968a2e67a6fd04c169c4bdef102d0bc5d31b2546345219e348575eb80e9a0?s=96&d=mm&r=g","contentUrl":"https:\/\/secure.gravatar.com\/avatar\/37d968a2e67a6fd04c169c4bdef102d0bc5d31b2546345219e348575eb80e9a0?s=96&d=mm&r=g","caption":"redazione"},"sameAs":["http:\/\/www.bellunopress.it","https:\/\/x.com\/bellunopress"],"url":"https:\/\/www.bellunopress.it\/fr\/author\/redazione\/"}]}},"_links":{"self":[{"href":"https:\/\/www.bellunopress.it\/fr\/wp-json\/wp\/v2\/posts\/4819","targetHints":{"allow":["GET"]}}],"collection":[{"href":"https:\/\/www.bellunopress.it\/fr\/wp-json\/wp\/v2\/posts"}],"about":[{"href":"https:\/\/www.bellunopress.it\/fr\/wp-json\/wp\/v2\/types\/post"}],"author":[{"embeddable":true,"href":"https:\/\/www.bellunopress.it\/fr\/wp-json\/wp\/v2\/users\/2"}],"replies":[{"embeddable":true,"href":"https:\/\/www.bellunopress.it\/fr\/wp-json\/wp\/v2\/comments?post=4819"}],"version-history":[{"count":1,"href":"https:\/\/www.bellunopress.it\/fr\/wp-json\/wp\/v2\/posts\/4819\/revisions"}],"predecessor-version":[{"id":4820,"href":"https:\/\/www.bellunopress.it\/fr\/wp-json\/wp\/v2\/posts\/4819\/revisions\/4820"}],"wp:attachment":[{"href":"https:\/\/www.bellunopress.it\/fr\/wp-json\/wp\/v2\/media?parent=4819"}],"wp:term":[{"taxonomy":"category","embeddable":true,"href":"https:\/\/www.bellunopress.it\/fr\/wp-json\/wp\/v2\/categories?post=4819"},{"taxonomy":"post_tag","embeddable":true,"href":"https:\/\/www.bellunopress.it\/fr\/wp-json\/wp\/v2\/tags?post=4819"}],"curies":[{"name":"wp","href":"https:\/\/api.w.org\/{rel}","templated":true}]}}