{"id":48165,"date":"2013-04-02T08:06:38","date_gmt":"2013-04-02T07:06:38","guid":{"rendered":"http:\/\/www.bellunopress.it\/?p=48165"},"modified":"2013-04-02T20:08:58","modified_gmt":"2013-04-02T19:08:58","slug":"il-comitato-alpago-e-il-panificio-balbinot-regalano-300-focacce-alle-due-case-di-riposo-dellalpago","status":"publish","type":"post","link":"https:\/\/www.bellunopress.it\/fr\/2013\/04\/02\/il-comitato-alpago-e-il-panificio-balbinot-regalano-300-focacce-alle-due-case-di-riposo-dellalpago\/","title":{"rendered":"Il Comitato Alpago e il panificio Balbinot regalano 300 focacce alle due case di riposo dell\u2019Alpago"},"content":{"rendered":"<p><a href=\"http:\/\/www.bellunopress.it\/wp-content\/uploads\/2010\/07\/comitato-alpago-2-ruote-132x69.jpg\"><img loading=\"lazy\" decoding=\"async\" class=\"alignleft size-full wp-image-17665\" alt=\"comitato-alpago-2-ruote-132x69\" src=\"http:\/\/www.bellunopress.it\/wp-content\/uploads\/2010\/07\/comitato-alpago-2-ruote-132x69.jpg\" width=\"132\" height=\"69\" \/><\/a>Pasqua solidale, ancora una volta, per il comitato Alpago \u201c2 ruote &amp; solidariet\u00e0\u201d: 300 focacce sono state regalate a ridosso delle feste agli ospiti e ai dipendenti della casa di soggiorno di Puos d\u2019Alpago e di Santa Croce del Lago, grazie alla collaborazione con il panificio Balbinot di Paludi.<\/p>\n<p>E\u2019 stata la caparbiet\u00e0 del presidente onorario, Vittorio Mares, a rendere possibile di nuovo questo appuntamento. Lo stesso ha personalmente distribuito le focacce regalando\u00a0un sorriso agli anziani ospiti, insieme ad alcuni componenti del direttivo.<\/p>\n<p>\u00abCon questo gesto &#8211; gradito, speriamo anche alle famiglie &#8211; abbiamo voluto mettere in pratica uno dei moniti di papa Francesco quando dice \u201cNon abbiate paura della bont\u00e0 e della tenerezza\u201d\u00bb ha spiegato Mares. \u00abRingraziamo gli imprenditori locali che a Pasqua, come a Natale &#8211; ha sottolineato poi -, non si tirano mai indietro quando si parla di solidariet\u00e0 e ci aiutano a fare questo regalo ai nostri anziani\u00bb.<\/p>\n<p>Il Comitato organizzatore del Giro del Lago di Santa Croce ha fatto da sempre dell\u2019attenzione agli altri e alle persone spesso dimenticate, come anziani e malati, un cavallo di battaglia. Anche quest\u2019anno proporr\u00e0 la classica gara non competitiva in bicicletta di 17 chilometri intorno al lago alpagoto, nella terza domenica di agosto, il giorno 18. A breve la carovana per la ricerca di sponsor e l\u2019organizzazione della manifestazione si metter\u00e0 in moto per garantire i contributi utili al funzionamento della Via di Natale di Aviano, casa di accoglienza gratuita per malati e familiari del centro di riferimento oncologico. Lo scorso anno i 3318 partecipanti alla 18^ edizione avevano contribuito con 16.590 euro a questo scopo. Per il 2013 il Comitato si augura, naturalmente, di ripetere, se non migliorare, il risultato raggiunto.<\/p>\n<p>&nbsp;<\/p>","protected":false},"excerpt":{"rendered":"<p>Pasqua solidale, ancora una volta, per il comitato Alpago \u201c2 ruote &amp; solidariet\u00e0\u201d: 300 focacce sono state regalate a ridosso delle feste agli ospiti e ai dipendenti della casa di soggiorno di Puos d\u2019Alpago e di Santa Croce del Lago, grazie alla collaborazione con il panificio Balbinot di Paludi. E\u2019 stata la caparbiet\u00e0 del presidente [&hellip;]<\/p>\n","protected":false},"author":2,"featured_media":0,"comment_status":"closed","ping_status":"open","sticky":false,"template":"","format":"standard","meta":{"footnotes":""},"categories":[26,8],"tags":[],"class_list":["post-48165","post","type-post","status-publish","format-standard","category-prima-pagina","category-societa-istituzioni"],"yoast_head":"<!-- This site is optimized with the Yoast SEO plugin v28.4 - https:\/\/yoast.com\/product\/yoast-seo-wordpress\/ -->\n<title>Il Comitato Alpago e il panificio Balbinot regalano 300 focacce alle due case di riposo dell\u2019Alpago   - Bellunopress - Dolomiti<\/title>\n<meta name=\"robots\" content=\"index, follow, max-snippet:-1, max-image-preview:large, max-video-preview:-1\" \/>\n<link rel=\"canonical\" href=\"https:\/\/www.bellunopress.it\/fr\/2013\/04\/02\/il-comitato-alpago-e-il-panificio-balbinot-regalano-300-focacce-alle-due-case-di-riposo-dellalpago\/\" \/>\n<meta property=\"og:locale\" content=\"fr_FR\" \/>\n<meta property=\"og:type\" content=\"article\" \/>\n<meta property=\"og:title\" content=\"Il Comitato Alpago e il panificio Balbinot regalano 300 focacce alle due case di riposo dell\u2019Alpago   - Bellunopress - Dolomiti\" \/>\n<meta property=\"og:description\" content=\"Pasqua solidale, ancora una volta, per il comitato Alpago \u201c2 ruote &amp; solidariet\u00e0\u201d: 300 focacce sono state regalate a ridosso delle feste agli ospiti e ai dipendenti della casa di soggiorno di Puos d\u2019Alpago e di Santa Croce del Lago, grazie alla collaborazione con il panificio Balbinot di Paludi. E\u2019 stata la caparbiet\u00e0 del presidente [&hellip;]\" \/>\n<meta property=\"og:url\" content=\"https:\/\/www.bellunopress.it\/fr\/2013\/04\/02\/il-comitato-alpago-e-il-panificio-balbinot-regalano-300-focacce-alle-due-case-di-riposo-dellalpago\/\" \/>\n<meta property=\"og:site_name\" content=\"Bellunopress - Dolomiti\" \/>\n<meta property=\"article:publisher\" content=\"https:\/\/www.facebook.com\/profile.php?id=100008943462799\" \/>\n<meta property=\"article:published_time\" content=\"2013-04-02T07:06:38+00:00\" \/>\n<meta property=\"article:modified_time\" content=\"2013-04-02T19:08:58+00:00\" \/>\n<meta property=\"og:image\" content=\"http:\/\/www.bellunopress.it\/wp-content\/uploads\/2010\/07\/comitato-alpago-2-ruote-132x69.jpg\" \/>\n<meta name=\"author\" content=\"redazione\" \/>\n<meta name=\"twitter:card\" content=\"summary_large_image\" \/>\n<meta name=\"twitter:creator\" content=\"@bellunopress\" \/>\n<meta name=\"twitter:site\" content=\"@bellunopress\" \/>\n<meta name=\"twitter:label1\" content=\"\u00c9crit par\" \/>\n\t<meta name=\"twitter:data1\" content=\"redazione\" \/>\n\t<meta name=\"twitter:label2\" content=\"Dur\u00e9e de lecture estim\u00e9e\" \/>\n\t<meta name=\"twitter:data2\" content=\"1 minute\" \/>\n<script type=\"application\/ld+json\" class=\"yoast-schema-graph\">{\"@context\":\"https:\\\/\\\/schema.org\",\"@graph\":[{\"@type\":\"Article\",\"@id\":\"https:\\\/\\\/www.bellunopress.it\\\/2013\\\/04\\\/02\\\/il-comitato-alpago-e-il-panificio-balbinot-regalano-300-focacce-alle-due-case-di-riposo-dellalpago\\\/#article\",\"isPartOf\":{\"@id\":\"https:\\\/\\\/www.bellunopress.it\\\/2013\\\/04\\\/02\\\/il-comitato-alpago-e-il-panificio-balbinot-regalano-300-focacce-alle-due-case-di-riposo-dellalpago\\\/\"},\"author\":{\"name\":\"redazione\",\"@id\":\"https:\\\/\\\/www.bellunopress.it\\\/#\\\/schema\\\/person\\\/79bb06722b37ece1c03d3e94beb30d73\"},\"headline\":\"Il Comitato Alpago e il panificio Balbinot regalano 300 focacce alle due case di riposo dell\u2019Alpago\",\"datePublished\":\"2013-04-02T07:06:38+00:00\",\"dateModified\":\"2013-04-02T19:08:58+00:00\",\"mainEntityOfPage\":{\"@id\":\"https:\\\/\\\/www.bellunopress.it\\\/2013\\\/04\\\/02\\\/il-comitato-alpago-e-il-panificio-balbinot-regalano-300-focacce-alle-due-case-di-riposo-dellalpago\\\/\"},\"wordCount\":297,\"publisher\":{\"@id\":\"https:\\\/\\\/www.bellunopress.it\\\/#organization\"},\"image\":{\"@id\":\"https:\\\/\\\/www.bellunopress.it\\\/2013\\\/04\\\/02\\\/il-comitato-alpago-e-il-panificio-balbinot-regalano-300-focacce-alle-due-case-di-riposo-dellalpago\\\/#primaryimage\"},\"thumbnailUrl\":\"http:\\\/\\\/www.bellunopress.it\\\/wp-content\\\/uploads\\\/2010\\\/07\\\/comitato-alpago-2-ruote-132x69.jpg\",\"articleSection\":[\"Prima Pagina\",\"Societ\u00e0, Associazioni, Istituzioni\"],\"inLanguage\":\"fr-FR\"},{\"@type\":\"WebPage\",\"@id\":\"https:\\\/\\\/www.bellunopress.it\\\/2013\\\/04\\\/02\\\/il-comitato-alpago-e-il-panificio-balbinot-regalano-300-focacce-alle-due-case-di-riposo-dellalpago\\\/\",\"url\":\"https:\\\/\\\/www.bellunopress.it\\\/2013\\\/04\\\/02\\\/il-comitato-alpago-e-il-panificio-balbinot-regalano-300-focacce-alle-due-case-di-riposo-dellalpago\\\/\",\"name\":\"Il Comitato Alpago e il panificio Balbinot regalano 300 focacce alle due case di riposo dell\u2019Alpago - Bellunopress - Dolomiti\",\"isPartOf\":{\"@id\":\"https:\\\/\\\/www.bellunopress.it\\\/#website\"},\"primaryImageOfPage\":{\"@id\":\"https:\\\/\\\/www.bellunopress.it\\\/2013\\\/04\\\/02\\\/il-comitato-alpago-e-il-panificio-balbinot-regalano-300-focacce-alle-due-case-di-riposo-dellalpago\\\/#primaryimage\"},\"image\":{\"@id\":\"https:\\\/\\\/www.bellunopress.it\\\/2013\\\/04\\\/02\\\/il-comitato-alpago-e-il-panificio-balbinot-regalano-300-focacce-alle-due-case-di-riposo-dellalpago\\\/#primaryimage\"},\"thumbnailUrl\":\"http:\\\/\\\/www.bellunopress.it\\\/wp-content\\\/uploads\\\/2010\\\/07\\\/comitato-alpago-2-ruote-132x69.jpg\",\"datePublished\":\"2013-04-02T07:06:38+00:00\",\"dateModified\":\"2013-04-02T19:08:58+00:00\",\"breadcrumb\":{\"@id\":\"https:\\\/\\\/www.bellunopress.it\\\/2013\\\/04\\\/02\\\/il-comitato-alpago-e-il-panificio-balbinot-regalano-300-focacce-alle-due-case-di-riposo-dellalpago\\\/#breadcrumb\"},\"inLanguage\":\"fr-FR\",\"potentialAction\":[{\"@type\":\"ReadAction\",\"target\":[\"https:\\\/\\\/www.bellunopress.it\\\/2013\\\/04\\\/02\\\/il-comitato-alpago-e-il-panificio-balbinot-regalano-300-focacce-alle-due-case-di-riposo-dellalpago\\\/\"]}]},{\"@type\":\"ImageObject\",\"inLanguage\":\"fr-FR\",\"@id\":\"https:\\\/\\\/www.bellunopress.it\\\/2013\\\/04\\\/02\\\/il-comitato-alpago-e-il-panificio-balbinot-regalano-300-focacce-alle-due-case-di-riposo-dellalpago\\\/#primaryimage\",\"url\":\"http:\\\/\\\/www.bellunopress.it\\\/wp-content\\\/uploads\\\/2010\\\/07\\\/comitato-alpago-2-ruote-132x69.jpg\",\"contentUrl\":\"http:\\\/\\\/www.bellunopress.it\\\/wp-content\\\/uploads\\\/2010\\\/07\\\/comitato-alpago-2-ruote-132x69.jpg\"},{\"@type\":\"BreadcrumbList\",\"@id\":\"https:\\\/\\\/www.bellunopress.it\\\/2013\\\/04\\\/02\\\/il-comitato-alpago-e-il-panificio-balbinot-regalano-300-focacce-alle-due-case-di-riposo-dellalpago\\\/#breadcrumb\",\"itemListElement\":[{\"@type\":\"ListItem\",\"position\":1,\"name\":\"Home\",\"item\":\"https:\\\/\\\/www.bellunopress.it\\\/\"},{\"@type\":\"ListItem\",\"position\":2,\"name\":\"Il Comitato Alpago e il panificio Balbinot regalano 300 focacce alle due case di riposo dell\u2019Alpago\"}]},{\"@type\":\"WebSite\",\"@id\":\"https:\\\/\\\/www.bellunopress.it\\\/#website\",\"url\":\"https:\\\/\\\/www.bellunopress.it\\\/\",\"name\":\"Bellunopress - Dolomiti\",\"description\":\"e-mail: redazione@bellunopress.it\",\"publisher\":{\"@id\":\"https:\\\/\\\/www.bellunopress.it\\\/#organization\"},\"potentialAction\":[{\"@type\":\"SearchAction\",\"target\":{\"@type\":\"EntryPoint\",\"urlTemplate\":\"https:\\\/\\\/www.bellunopress.it\\\/?s={search_term_string}\"},\"query-input\":{\"@type\":\"PropertyValueSpecification\",\"valueRequired\":true,\"valueName\":\"search_term_string\"}}],\"inLanguage\":\"fr-FR\"},{\"@type\":\"Organization\",\"@id\":\"https:\\\/\\\/www.bellunopress.it\\\/#organization\",\"name\":\"Bellunopress\",\"url\":\"https:\\\/\\\/www.bellunopress.it\\\/\",\"logo\":{\"@type\":\"ImageObject\",\"inLanguage\":\"fr-FR\",\"@id\":\"https:\\\/\\\/www.bellunopress.it\\\/#\\\/schema\\\/logo\\\/image\\\/\",\"url\":\"https:\\\/\\\/www.bellunopress.it\\\/wp-content\\\/uploads\\\/2011\\\/05\\\/cropped-logo-bellunopress-.jpg\",\"contentUrl\":\"https:\\\/\\\/www.bellunopress.it\\\/wp-content\\\/uploads\\\/2011\\\/05\\\/cropped-logo-bellunopress-.jpg\",\"width\":512,\"height\":512,\"caption\":\"Bellunopress\"},\"image\":{\"@id\":\"https:\\\/\\\/www.bellunopress.it\\\/#\\\/schema\\\/logo\\\/image\\\/\"},\"sameAs\":[\"https:\\\/\\\/www.facebook.com\\\/profile.php?id=100008943462799\",\"https:\\\/\\\/x.com\\\/bellunopress\",\"https:\\\/\\\/www.linkedin.com\\\/hp\\\/?dnr=JBzUWaJfMUw8vbXJJ2tVW5-I3jZKvC4wsoxE&amp;amp;amp;amp;amp;amp;trk=nav_responsive_tab_home\",\"https:\\\/\\\/www.youtube.com\\\/channel\\\/UCxL0wu1uN0_3_7hGG0306cw\"]},{\"@type\":\"Person\",\"@id\":\"https:\\\/\\\/www.bellunopress.it\\\/#\\\/schema\\\/person\\\/79bb06722b37ece1c03d3e94beb30d73\",\"name\":\"redazione\",\"image\":{\"@type\":\"ImageObject\",\"inLanguage\":\"fr-FR\",\"@id\":\"https:\\\/\\\/secure.gravatar.com\\\/avatar\\\/37d968a2e67a6fd04c169c4bdef102d0bc5d31b2546345219e348575eb80e9a0?s=96&d=mm&r=g\",\"url\":\"https:\\\/\\\/secure.gravatar.com\\\/avatar\\\/37d968a2e67a6fd04c169c4bdef102d0bc5d31b2546345219e348575eb80e9a0?s=96&d=mm&r=g\",\"contentUrl\":\"https:\\\/\\\/secure.gravatar.com\\\/avatar\\\/37d968a2e67a6fd04c169c4bdef102d0bc5d31b2546345219e348575eb80e9a0?s=96&d=mm&r=g\",\"caption\":\"redazione\"},\"sameAs\":[\"http:\\\/\\\/www.bellunopress.it\",\"https:\\\/\\\/x.com\\\/bellunopress\"],\"url\":\"https:\\\/\\\/www.bellunopress.it\\\/fr\\\/author\\\/redazione\\\/\"}]}<\/script>\n<!-- \/ Yoast SEO plugin. -->","yoast_head_json":{"title":"Il Comitato Alpago e il panificio Balbinot regalano 300 focacce alle due case di riposo dell\u2019Alpago   - Bellunopress - Dolomiti","robots":{"index":"index","follow":"follow","max-snippet":"max-snippet:-1","max-image-preview":"max-image-preview:large","max-video-preview":"max-video-preview:-1"},"canonical":"https:\/\/www.bellunopress.it\/fr\/2013\/04\/02\/il-comitato-alpago-e-il-panificio-balbinot-regalano-300-focacce-alle-due-case-di-riposo-dellalpago\/","og_locale":"fr_FR","og_type":"article","og_title":"Il Comitato Alpago e il panificio Balbinot regalano 300 focacce alle due case di riposo dell\u2019Alpago   - Bellunopress - Dolomiti","og_description":"Pasqua solidale, ancora una volta, per il comitato Alpago \u201c2 ruote &amp; solidariet\u00e0\u201d: 300 focacce sono state regalate a ridosso delle feste agli ospiti e ai dipendenti della casa di soggiorno di Puos d\u2019Alpago e di Santa Croce del Lago, grazie alla collaborazione con il panificio Balbinot di Paludi. E\u2019 stata la caparbiet\u00e0 del presidente [&hellip;]","og_url":"https:\/\/www.bellunopress.it\/fr\/2013\/04\/02\/il-comitato-alpago-e-il-panificio-balbinot-regalano-300-focacce-alle-due-case-di-riposo-dellalpago\/","og_site_name":"Bellunopress - Dolomiti","article_publisher":"https:\/\/www.facebook.com\/profile.php?id=100008943462799","article_published_time":"2013-04-02T07:06:38+00:00","article_modified_time":"2013-04-02T19:08:58+00:00","og_image":[{"url":"http:\/\/www.bellunopress.it\/wp-content\/uploads\/2010\/07\/comitato-alpago-2-ruote-132x69.jpg","type":"","width":"","height":""}],"author":"redazione","twitter_card":"summary_large_image","twitter_creator":"@bellunopress","twitter_site":"@bellunopress","twitter_misc":{"\u00c9crit par":"redazione","Dur\u00e9e de lecture estim\u00e9e":"1 minute"},"schema":{"@context":"https:\/\/schema.org","@graph":[{"@type":"Article","@id":"https:\/\/www.bellunopress.it\/2013\/04\/02\/il-comitato-alpago-e-il-panificio-balbinot-regalano-300-focacce-alle-due-case-di-riposo-dellalpago\/#article","isPartOf":{"@id":"https:\/\/www.bellunopress.it\/2013\/04\/02\/il-comitato-alpago-e-il-panificio-balbinot-regalano-300-focacce-alle-due-case-di-riposo-dellalpago\/"},"author":{"name":"redazione","@id":"https:\/\/www.bellunopress.it\/#\/schema\/person\/79bb06722b37ece1c03d3e94beb30d73"},"headline":"Il Comitato Alpago e il panificio Balbinot regalano 300 focacce alle due case di riposo dell\u2019Alpago","datePublished":"2013-04-02T07:06:38+00:00","dateModified":"2013-04-02T19:08:58+00:00","mainEntityOfPage":{"@id":"https:\/\/www.bellunopress.it\/2013\/04\/02\/il-comitato-alpago-e-il-panificio-balbinot-regalano-300-focacce-alle-due-case-di-riposo-dellalpago\/"},"wordCount":297,"publisher":{"@id":"https:\/\/www.bellunopress.it\/#organization"},"image":{"@id":"https:\/\/www.bellunopress.it\/2013\/04\/02\/il-comitato-alpago-e-il-panificio-balbinot-regalano-300-focacce-alle-due-case-di-riposo-dellalpago\/#primaryimage"},"thumbnailUrl":"http:\/\/www.bellunopress.it\/wp-content\/uploads\/2010\/07\/comitato-alpago-2-ruote-132x69.jpg","articleSection":["Prima Pagina","Societ\u00e0, Associazioni, Istituzioni"],"inLanguage":"fr-FR"},{"@type":"WebPage","@id":"https:\/\/www.bellunopress.it\/2013\/04\/02\/il-comitato-alpago-e-il-panificio-balbinot-regalano-300-focacce-alle-due-case-di-riposo-dellalpago\/","url":"https:\/\/www.bellunopress.it\/2013\/04\/02\/il-comitato-alpago-e-il-panificio-balbinot-regalano-300-focacce-alle-due-case-di-riposo-dellalpago\/","name":"Il Comitato Alpago e il panificio Balbinot regalano 300 focacce alle due case di riposo dell\u2019Alpago - Bellunopress - Dolomiti","isPartOf":{"@id":"https:\/\/www.bellunopress.it\/#website"},"primaryImageOfPage":{"@id":"https:\/\/www.bellunopress.it\/2013\/04\/02\/il-comitato-alpago-e-il-panificio-balbinot-regalano-300-focacce-alle-due-case-di-riposo-dellalpago\/#primaryimage"},"image":{"@id":"https:\/\/www.bellunopress.it\/2013\/04\/02\/il-comitato-alpago-e-il-panificio-balbinot-regalano-300-focacce-alle-due-case-di-riposo-dellalpago\/#primaryimage"},"thumbnailUrl":"http:\/\/www.bellunopress.it\/wp-content\/uploads\/2010\/07\/comitato-alpago-2-ruote-132x69.jpg","datePublished":"2013-04-02T07:06:38+00:00","dateModified":"2013-04-02T19:08:58+00:00","breadcrumb":{"@id":"https:\/\/www.bellunopress.it\/2013\/04\/02\/il-comitato-alpago-e-il-panificio-balbinot-regalano-300-focacce-alle-due-case-di-riposo-dellalpago\/#breadcrumb"},"inLanguage":"fr-FR","potentialAction":[{"@type":"ReadAction","target":["https:\/\/www.bellunopress.it\/2013\/04\/02\/il-comitato-alpago-e-il-panificio-balbinot-regalano-300-focacce-alle-due-case-di-riposo-dellalpago\/"]}]},{"@type":"ImageObject","inLanguage":"fr-FR","@id":"https:\/\/www.bellunopress.it\/2013\/04\/02\/il-comitato-alpago-e-il-panificio-balbinot-regalano-300-focacce-alle-due-case-di-riposo-dellalpago\/#primaryimage","url":"http:\/\/www.bellunopress.it\/wp-content\/uploads\/2010\/07\/comitato-alpago-2-ruote-132x69.jpg","contentUrl":"http:\/\/www.bellunopress.it\/wp-content\/uploads\/2010\/07\/comitato-alpago-2-ruote-132x69.jpg"},{"@type":"BreadcrumbList","@id":"https:\/\/www.bellunopress.it\/2013\/04\/02\/il-comitato-alpago-e-il-panificio-balbinot-regalano-300-focacce-alle-due-case-di-riposo-dellalpago\/#breadcrumb","itemListElement":[{"@type":"ListItem","position":1,"name":"Home","item":"https:\/\/www.bellunopress.it\/"},{"@type":"ListItem","position":2,"name":"Il Comitato Alpago e il panificio Balbinot regalano 300 focacce alle due case di riposo dell\u2019Alpago"}]},{"@type":"WebSite","@id":"https:\/\/www.bellunopress.it\/#website","url":"https:\/\/www.bellunopress.it\/","name":"Bellunopress - Dolomiti","description":"e-mail: redazione@bellunopress.it","publisher":{"@id":"https:\/\/www.bellunopress.it\/#organization"},"potentialAction":[{"@type":"SearchAction","target":{"@type":"EntryPoint","urlTemplate":"https:\/\/www.bellunopress.it\/?s={search_term_string}"},"query-input":{"@type":"PropertyValueSpecification","valueRequired":true,"valueName":"search_term_string"}}],"inLanguage":"fr-FR"},{"@type":"Organization","@id":"https:\/\/www.bellunopress.it\/#organization","name":"Bellunopress","url":"https:\/\/www.bellunopress.it\/","logo":{"@type":"ImageObject","inLanguage":"fr-FR","@id":"https:\/\/www.bellunopress.it\/#\/schema\/logo\/image\/","url":"https:\/\/www.bellunopress.it\/wp-content\/uploads\/2011\/05\/cropped-logo-bellunopress-.jpg","contentUrl":"https:\/\/www.bellunopress.it\/wp-content\/uploads\/2011\/05\/cropped-logo-bellunopress-.jpg","width":512,"height":512,"caption":"Bellunopress"},"image":{"@id":"https:\/\/www.bellunopress.it\/#\/schema\/logo\/image\/"},"sameAs":["https:\/\/www.facebook.com\/profile.php?id=100008943462799","https:\/\/x.com\/bellunopress","https:\/\/www.linkedin.com\/hp\/?dnr=JBzUWaJfMUw8vbXJJ2tVW5-I3jZKvC4wsoxE&amp;amp;amp;amp;amp;amp;trk=nav_responsive_tab_home","https:\/\/www.youtube.com\/channel\/UCxL0wu1uN0_3_7hGG0306cw"]},{"@type":"Person","@id":"https:\/\/www.bellunopress.it\/#\/schema\/person\/79bb06722b37ece1c03d3e94beb30d73","name":"r\u00e9daction","image":{"@type":"ImageObject","inLanguage":"fr-FR","@id":"https:\/\/secure.gravatar.com\/avatar\/37d968a2e67a6fd04c169c4bdef102d0bc5d31b2546345219e348575eb80e9a0?s=96&d=mm&r=g","url":"https:\/\/secure.gravatar.com\/avatar\/37d968a2e67a6fd04c169c4bdef102d0bc5d31b2546345219e348575eb80e9a0?s=96&d=mm&r=g","contentUrl":"https:\/\/secure.gravatar.com\/avatar\/37d968a2e67a6fd04c169c4bdef102d0bc5d31b2546345219e348575eb80e9a0?s=96&d=mm&r=g","caption":"redazione"},"sameAs":["http:\/\/www.bellunopress.it","https:\/\/x.com\/bellunopress"],"url":"https:\/\/www.bellunopress.it\/fr\/author\/redazione\/"}]}},"_links":{"self":[{"href":"https:\/\/www.bellunopress.it\/fr\/wp-json\/wp\/v2\/posts\/48165","targetHints":{"allow":["GET"]}}],"collection":[{"href":"https:\/\/www.bellunopress.it\/fr\/wp-json\/wp\/v2\/posts"}],"about":[{"href":"https:\/\/www.bellunopress.it\/fr\/wp-json\/wp\/v2\/types\/post"}],"author":[{"embeddable":true,"href":"https:\/\/www.bellunopress.it\/fr\/wp-json\/wp\/v2\/users\/2"}],"replies":[{"embeddable":true,"href":"https:\/\/www.bellunopress.it\/fr\/wp-json\/wp\/v2\/comments?post=48165"}],"version-history":[{"count":1,"href":"https:\/\/www.bellunopress.it\/fr\/wp-json\/wp\/v2\/posts\/48165\/revisions"}],"predecessor-version":[{"id":48166,"href":"https:\/\/www.bellunopress.it\/fr\/wp-json\/wp\/v2\/posts\/48165\/revisions\/48166"}],"wp:attachment":[{"href":"https:\/\/www.bellunopress.it\/fr\/wp-json\/wp\/v2\/media?parent=48165"}],"wp:term":[{"taxonomy":"category","embeddable":true,"href":"https:\/\/www.bellunopress.it\/fr\/wp-json\/wp\/v2\/categories?post=48165"},{"taxonomy":"post_tag","embeddable":true,"href":"https:\/\/www.bellunopress.it\/fr\/wp-json\/wp\/v2\/tags?post=48165"}],"curies":[{"name":"wp","href":"https:\/\/api.w.org\/{rel}","templated":true}]}}