{"id":48146,"date":"2013-04-02T15:20:10","date_gmt":"2013-04-02T14:20:10","guid":{"rendered":"http:\/\/www.bellunopress.it\/?p=48146"},"modified":"2013-04-02T15:20:10","modified_gmt":"2013-04-02T14:20:10","slug":"ciak-caccia-al-falso-via-al-concorso-promosso-dalla-regione-per-cortometraggi-sulla-contraffazione","status":"publish","type":"post","link":"https:\/\/www.bellunopress.it\/fr\/2013\/04\/02\/ciak-caccia-al-falso-via-al-concorso-promosso-dalla-regione-per-cortometraggi-sulla-contraffazione\/","title":{"rendered":"Ciak! Caccia al falso. Via al concorso promosso dalla Regione per cortometraggi sulla contraffazione"},"content":{"rendered":"<p><a href=\"http:\/\/www.bellunopress.it\/wp-content\/uploads\/2013\/01\/cinema.jpg\"><img loading=\"lazy\" decoding=\"async\" class=\"alignleft size-full wp-image-45616\" alt=\"cinema\" src=\"http:\/\/www.bellunopress.it\/wp-content\/uploads\/2013\/01\/cinema.jpg\" width=\"126\" height=\"150\" \/><\/a>E\u2019 stato pubblicato oggi, nel sito<a href=\"http:\/\/ www.venetoconsumatori.it\"> www.venetoconsumatori.it<\/a>, il regolamento di concorso \u201cCiak! Caccia al Falso\u201d, il concorso per micro metraggi sul tema della contraffazione promosso dalla Regione del Veneto in collaborazione con le associazioni dei consumatori operanti nel territorio regionale . L\u2019iniziativa, presentata lo scorso settembre in occasione della 69\u00aa Mostra del Cinema di Venezia, prende cos\u00ec ufficialmente avvio.<\/p>\n<p>Il concorso consiste nella realizzazione di un videoclip sul tema dei diritti dei consumatori e degli utenti, in particolare sulle conseguenze della contraffazione e dei disservizi, ed \u00e8 rivolto a tutti gli Istituti scolastici del Veneto, statali e paritari, di ogni ordine e grado, e a tutti i residenti nella Regione del Veneto, maggiorenni, con et\u00e0 massima di 35 anni.<\/p>\n<p>Entro il 31 maggio prossimo, i concorrenti dovranno far pervenire due esemplari del filmato, unitamente alla domanda di partecipazione comprensiva della Dichiarazione dell\u2019osservanza del Bando utilizzando i modelli allegati al Bando stesso, tramite lettera raccomandata con ricevuta di ritorno, indirizzata a: Unioncamere del Veneto, via delle Industrie 19\/D, 30175 Marghera \u2013 VENEZIA, indicando: Partecipazione Concorso \u201cCiak! Caccia al Falso &#8211; 2013\u201d. Saranno gli stessi utenti del web a selezionare le dieci opere che andranno in finale, per la categoria \u201cscuole\u201d e per la categoria \u201cgiovani\u201d. I vincitori saranno indicati tra questi da una apposita commissione. Ai primi classificati in entrambe le categorie andranno 6.500 euro, ai secondi 3.000 euro, ai terzi 2.000 euro ed agli altri sei selezionati, un rimborso di 500 euro.<\/p>\n<p>\u201cCon questa iniziativa \u2013 ha ricordato l\u2019assessore alla tutela del consumatore Franco Manzato \u2013 vogliamo diffondere nelle giovani generazioni la conoscenza e la coscienza dei diritti e degli interessi dei consumatori e degli utenti, sensibilizzando inoltre i giovani sui rischi derivati dalla contraffazione, dovute a frodi, falsificazioni e sofisticazioni nella produzione dei beni e nell\u2019erogazione dei servizi e promuovendo l\u2019informazione e l\u2019educazione sul rapporto tra consumo, salute, sicurezza e qualit\u00e0\u201d.<\/p>\n<p>&nbsp;<\/p>","protected":false},"excerpt":{"rendered":"<p>E\u2019 stato pubblicato oggi, nel sito www.venetoconsumatori.it, il regolamento di concorso \u201cCiak! Caccia al Falso\u201d, il concorso per micro metraggi sul tema della contraffazione promosso dalla Regione del Veneto in collaborazione con le associazioni dei consumatori operanti nel territorio regionale . L\u2019iniziativa, presentata lo scorso settembre in occasione della 69\u00aa Mostra del Cinema di Venezia, [&hellip;]<\/p>\n","protected":false},"author":2,"featured_media":0,"comment_status":"closed","ping_status":"open","sticky":false,"template":"","format":"standard","meta":{"footnotes":""},"categories":[26,8],"tags":[],"class_list":["post-48146","post","type-post","status-publish","format-standard","category-prima-pagina","category-societa-istituzioni"],"yoast_head":"<!-- This site is optimized with the Yoast SEO plugin v28.4 - https:\/\/yoast.com\/product\/yoast-seo-wordpress\/ -->\n<title>Ciak! Caccia al falso. Via al concorso promosso dalla Regione per cortometraggi sulla contraffazione - Bellunopress - Dolomiti<\/title>\n<meta name=\"robots\" content=\"index, follow, max-snippet:-1, max-image-preview:large, max-video-preview:-1\" \/>\n<link rel=\"canonical\" href=\"https:\/\/www.bellunopress.it\/fr\/2013\/04\/02\/ciak-caccia-al-falso-via-al-concorso-promosso-dalla-regione-per-cortometraggi-sulla-contraffazione\/\" \/>\n<meta property=\"og:locale\" content=\"fr_FR\" \/>\n<meta property=\"og:type\" content=\"article\" \/>\n<meta property=\"og:title\" content=\"Ciak! Caccia al falso. Via al concorso promosso dalla Regione per cortometraggi sulla contraffazione - Bellunopress - Dolomiti\" \/>\n<meta property=\"og:description\" content=\"E\u2019 stato pubblicato oggi, nel sito www.venetoconsumatori.it, il regolamento di concorso \u201cCiak! Caccia al Falso\u201d, il concorso per micro metraggi sul tema della contraffazione promosso dalla Regione del Veneto in collaborazione con le associazioni dei consumatori operanti nel territorio regionale . L\u2019iniziativa, presentata lo scorso settembre in occasione della 69\u00aa Mostra del Cinema di Venezia, [&hellip;]\" \/>\n<meta property=\"og:url\" content=\"https:\/\/www.bellunopress.it\/fr\/2013\/04\/02\/ciak-caccia-al-falso-via-al-concorso-promosso-dalla-regione-per-cortometraggi-sulla-contraffazione\/\" \/>\n<meta property=\"og:site_name\" content=\"Bellunopress - Dolomiti\" \/>\n<meta property=\"article:publisher\" content=\"https:\/\/www.facebook.com\/profile.php?id=100008943462799\" \/>\n<meta property=\"article:published_time\" content=\"2013-04-02T14:20:10+00:00\" \/>\n<meta property=\"og:image\" content=\"http:\/\/www.bellunopress.it\/wp-content\/uploads\/2013\/01\/cinema.jpg\" \/>\n<meta name=\"author\" content=\"redazione\" \/>\n<meta name=\"twitter:card\" content=\"summary_large_image\" \/>\n<meta name=\"twitter:creator\" content=\"@bellunopress\" \/>\n<meta name=\"twitter:site\" content=\"@bellunopress\" \/>\n<meta name=\"twitter:label1\" content=\"\u00c9crit par\" \/>\n\t<meta name=\"twitter:data1\" content=\"redazione\" \/>\n\t<meta name=\"twitter:label2\" content=\"Dur\u00e9e de lecture estim\u00e9e\" \/>\n\t<meta name=\"twitter:data2\" content=\"2 minutes\" \/>\n<script type=\"application\/ld+json\" class=\"yoast-schema-graph\">{\"@context\":\"https:\\\/\\\/schema.org\",\"@graph\":[{\"@type\":\"Article\",\"@id\":\"https:\\\/\\\/www.bellunopress.it\\\/2013\\\/04\\\/02\\\/ciak-caccia-al-falso-via-al-concorso-promosso-dalla-regione-per-cortometraggi-sulla-contraffazione\\\/#article\",\"isPartOf\":{\"@id\":\"https:\\\/\\\/www.bellunopress.it\\\/2013\\\/04\\\/02\\\/ciak-caccia-al-falso-via-al-concorso-promosso-dalla-regione-per-cortometraggi-sulla-contraffazione\\\/\"},\"author\":{\"name\":\"redazione\",\"@id\":\"https:\\\/\\\/www.bellunopress.it\\\/#\\\/schema\\\/person\\\/79bb06722b37ece1c03d3e94beb30d73\"},\"headline\":\"Ciak! Caccia al falso. Via al concorso promosso dalla Regione per cortometraggi sulla contraffazione\",\"datePublished\":\"2013-04-02T14:20:10+00:00\",\"mainEntityOfPage\":{\"@id\":\"https:\\\/\\\/www.bellunopress.it\\\/2013\\\/04\\\/02\\\/ciak-caccia-al-falso-via-al-concorso-promosso-dalla-regione-per-cortometraggi-sulla-contraffazione\\\/\"},\"wordCount\":321,\"publisher\":{\"@id\":\"https:\\\/\\\/www.bellunopress.it\\\/#organization\"},\"image\":{\"@id\":\"https:\\\/\\\/www.bellunopress.it\\\/2013\\\/04\\\/02\\\/ciak-caccia-al-falso-via-al-concorso-promosso-dalla-regione-per-cortometraggi-sulla-contraffazione\\\/#primaryimage\"},\"thumbnailUrl\":\"http:\\\/\\\/www.bellunopress.it\\\/wp-content\\\/uploads\\\/2013\\\/01\\\/cinema.jpg\",\"articleSection\":[\"Prima Pagina\",\"Societ\u00e0, Associazioni, Istituzioni\"],\"inLanguage\":\"fr-FR\"},{\"@type\":\"WebPage\",\"@id\":\"https:\\\/\\\/www.bellunopress.it\\\/2013\\\/04\\\/02\\\/ciak-caccia-al-falso-via-al-concorso-promosso-dalla-regione-per-cortometraggi-sulla-contraffazione\\\/\",\"url\":\"https:\\\/\\\/www.bellunopress.it\\\/2013\\\/04\\\/02\\\/ciak-caccia-al-falso-via-al-concorso-promosso-dalla-regione-per-cortometraggi-sulla-contraffazione\\\/\",\"name\":\"Ciak! Caccia al falso. Via al concorso promosso dalla Regione per cortometraggi sulla contraffazione - Bellunopress - Dolomiti\",\"isPartOf\":{\"@id\":\"https:\\\/\\\/www.bellunopress.it\\\/#website\"},\"primaryImageOfPage\":{\"@id\":\"https:\\\/\\\/www.bellunopress.it\\\/2013\\\/04\\\/02\\\/ciak-caccia-al-falso-via-al-concorso-promosso-dalla-regione-per-cortometraggi-sulla-contraffazione\\\/#primaryimage\"},\"image\":{\"@id\":\"https:\\\/\\\/www.bellunopress.it\\\/2013\\\/04\\\/02\\\/ciak-caccia-al-falso-via-al-concorso-promosso-dalla-regione-per-cortometraggi-sulla-contraffazione\\\/#primaryimage\"},\"thumbnailUrl\":\"http:\\\/\\\/www.bellunopress.it\\\/wp-content\\\/uploads\\\/2013\\\/01\\\/cinema.jpg\",\"datePublished\":\"2013-04-02T14:20:10+00:00\",\"breadcrumb\":{\"@id\":\"https:\\\/\\\/www.bellunopress.it\\\/2013\\\/04\\\/02\\\/ciak-caccia-al-falso-via-al-concorso-promosso-dalla-regione-per-cortometraggi-sulla-contraffazione\\\/#breadcrumb\"},\"inLanguage\":\"fr-FR\",\"potentialAction\":[{\"@type\":\"ReadAction\",\"target\":[\"https:\\\/\\\/www.bellunopress.it\\\/2013\\\/04\\\/02\\\/ciak-caccia-al-falso-via-al-concorso-promosso-dalla-regione-per-cortometraggi-sulla-contraffazione\\\/\"]}]},{\"@type\":\"ImageObject\",\"inLanguage\":\"fr-FR\",\"@id\":\"https:\\\/\\\/www.bellunopress.it\\\/2013\\\/04\\\/02\\\/ciak-caccia-al-falso-via-al-concorso-promosso-dalla-regione-per-cortometraggi-sulla-contraffazione\\\/#primaryimage\",\"url\":\"http:\\\/\\\/www.bellunopress.it\\\/wp-content\\\/uploads\\\/2013\\\/01\\\/cinema.jpg\",\"contentUrl\":\"http:\\\/\\\/www.bellunopress.it\\\/wp-content\\\/uploads\\\/2013\\\/01\\\/cinema.jpg\"},{\"@type\":\"BreadcrumbList\",\"@id\":\"https:\\\/\\\/www.bellunopress.it\\\/2013\\\/04\\\/02\\\/ciak-caccia-al-falso-via-al-concorso-promosso-dalla-regione-per-cortometraggi-sulla-contraffazione\\\/#breadcrumb\",\"itemListElement\":[{\"@type\":\"ListItem\",\"position\":1,\"name\":\"Home\",\"item\":\"https:\\\/\\\/www.bellunopress.it\\\/\"},{\"@type\":\"ListItem\",\"position\":2,\"name\":\"Ciak! Caccia al falso. Via al concorso promosso dalla Regione per cortometraggi sulla contraffazione\"}]},{\"@type\":\"WebSite\",\"@id\":\"https:\\\/\\\/www.bellunopress.it\\\/#website\",\"url\":\"https:\\\/\\\/www.bellunopress.it\\\/\",\"name\":\"Bellunopress - Dolomiti\",\"description\":\"e-mail: redazione@bellunopress.it\",\"publisher\":{\"@id\":\"https:\\\/\\\/www.bellunopress.it\\\/#organization\"},\"potentialAction\":[{\"@type\":\"SearchAction\",\"target\":{\"@type\":\"EntryPoint\",\"urlTemplate\":\"https:\\\/\\\/www.bellunopress.it\\\/?s={search_term_string}\"},\"query-input\":{\"@type\":\"PropertyValueSpecification\",\"valueRequired\":true,\"valueName\":\"search_term_string\"}}],\"inLanguage\":\"fr-FR\"},{\"@type\":\"Organization\",\"@id\":\"https:\\\/\\\/www.bellunopress.it\\\/#organization\",\"name\":\"Bellunopress\",\"url\":\"https:\\\/\\\/www.bellunopress.it\\\/\",\"logo\":{\"@type\":\"ImageObject\",\"inLanguage\":\"fr-FR\",\"@id\":\"https:\\\/\\\/www.bellunopress.it\\\/#\\\/schema\\\/logo\\\/image\\\/\",\"url\":\"https:\\\/\\\/www.bellunopress.it\\\/wp-content\\\/uploads\\\/2011\\\/05\\\/cropped-logo-bellunopress-.jpg\",\"contentUrl\":\"https:\\\/\\\/www.bellunopress.it\\\/wp-content\\\/uploads\\\/2011\\\/05\\\/cropped-logo-bellunopress-.jpg\",\"width\":512,\"height\":512,\"caption\":\"Bellunopress\"},\"image\":{\"@id\":\"https:\\\/\\\/www.bellunopress.it\\\/#\\\/schema\\\/logo\\\/image\\\/\"},\"sameAs\":[\"https:\\\/\\\/www.facebook.com\\\/profile.php?id=100008943462799\",\"https:\\\/\\\/x.com\\\/bellunopress\",\"https:\\\/\\\/www.linkedin.com\\\/hp\\\/?dnr=JBzUWaJfMUw8vbXJJ2tVW5-I3jZKvC4wsoxE&amp;amp;amp;amp;amp;amp;trk=nav_responsive_tab_home\",\"https:\\\/\\\/www.youtube.com\\\/channel\\\/UCxL0wu1uN0_3_7hGG0306cw\"]},{\"@type\":\"Person\",\"@id\":\"https:\\\/\\\/www.bellunopress.it\\\/#\\\/schema\\\/person\\\/79bb06722b37ece1c03d3e94beb30d73\",\"name\":\"redazione\",\"image\":{\"@type\":\"ImageObject\",\"inLanguage\":\"fr-FR\",\"@id\":\"https:\\\/\\\/secure.gravatar.com\\\/avatar\\\/37d968a2e67a6fd04c169c4bdef102d0bc5d31b2546345219e348575eb80e9a0?s=96&d=mm&r=g\",\"url\":\"https:\\\/\\\/secure.gravatar.com\\\/avatar\\\/37d968a2e67a6fd04c169c4bdef102d0bc5d31b2546345219e348575eb80e9a0?s=96&d=mm&r=g\",\"contentUrl\":\"https:\\\/\\\/secure.gravatar.com\\\/avatar\\\/37d968a2e67a6fd04c169c4bdef102d0bc5d31b2546345219e348575eb80e9a0?s=96&d=mm&r=g\",\"caption\":\"redazione\"},\"sameAs\":[\"http:\\\/\\\/www.bellunopress.it\",\"https:\\\/\\\/x.com\\\/bellunopress\"],\"url\":\"https:\\\/\\\/www.bellunopress.it\\\/fr\\\/author\\\/redazione\\\/\"}]}<\/script>\n<!-- \/ Yoast SEO plugin. -->","yoast_head_json":{"title":"Ciak! Caccia al falso. Via al concorso promosso dalla Regione per cortometraggi sulla contraffazione - Bellunopress - Dolomiti","robots":{"index":"index","follow":"follow","max-snippet":"max-snippet:-1","max-image-preview":"max-image-preview:large","max-video-preview":"max-video-preview:-1"},"canonical":"https:\/\/www.bellunopress.it\/fr\/2013\/04\/02\/ciak-caccia-al-falso-via-al-concorso-promosso-dalla-regione-per-cortometraggi-sulla-contraffazione\/","og_locale":"fr_FR","og_type":"article","og_title":"Ciak! Caccia al falso. Via al concorso promosso dalla Regione per cortometraggi sulla contraffazione - Bellunopress - Dolomiti","og_description":"E\u2019 stato pubblicato oggi, nel sito www.venetoconsumatori.it, il regolamento di concorso \u201cCiak! Caccia al Falso\u201d, il concorso per micro metraggi sul tema della contraffazione promosso dalla Regione del Veneto in collaborazione con le associazioni dei consumatori operanti nel territorio regionale . L\u2019iniziativa, presentata lo scorso settembre in occasione della 69\u00aa Mostra del Cinema di Venezia, [&hellip;]","og_url":"https:\/\/www.bellunopress.it\/fr\/2013\/04\/02\/ciak-caccia-al-falso-via-al-concorso-promosso-dalla-regione-per-cortometraggi-sulla-contraffazione\/","og_site_name":"Bellunopress - Dolomiti","article_publisher":"https:\/\/www.facebook.com\/profile.php?id=100008943462799","article_published_time":"2013-04-02T14:20:10+00:00","og_image":[{"url":"http:\/\/www.bellunopress.it\/wp-content\/uploads\/2013\/01\/cinema.jpg","type":"","width":"","height":""}],"author":"redazione","twitter_card":"summary_large_image","twitter_creator":"@bellunopress","twitter_site":"@bellunopress","twitter_misc":{"\u00c9crit par":"redazione","Dur\u00e9e de lecture estim\u00e9e":"2 minutes"},"schema":{"@context":"https:\/\/schema.org","@graph":[{"@type":"Article","@id":"https:\/\/www.bellunopress.it\/2013\/04\/02\/ciak-caccia-al-falso-via-al-concorso-promosso-dalla-regione-per-cortometraggi-sulla-contraffazione\/#article","isPartOf":{"@id":"https:\/\/www.bellunopress.it\/2013\/04\/02\/ciak-caccia-al-falso-via-al-concorso-promosso-dalla-regione-per-cortometraggi-sulla-contraffazione\/"},"author":{"name":"redazione","@id":"https:\/\/www.bellunopress.it\/#\/schema\/person\/79bb06722b37ece1c03d3e94beb30d73"},"headline":"Ciak! Caccia al falso. Via al concorso promosso dalla Regione per cortometraggi sulla contraffazione","datePublished":"2013-04-02T14:20:10+00:00","mainEntityOfPage":{"@id":"https:\/\/www.bellunopress.it\/2013\/04\/02\/ciak-caccia-al-falso-via-al-concorso-promosso-dalla-regione-per-cortometraggi-sulla-contraffazione\/"},"wordCount":321,"publisher":{"@id":"https:\/\/www.bellunopress.it\/#organization"},"image":{"@id":"https:\/\/www.bellunopress.it\/2013\/04\/02\/ciak-caccia-al-falso-via-al-concorso-promosso-dalla-regione-per-cortometraggi-sulla-contraffazione\/#primaryimage"},"thumbnailUrl":"http:\/\/www.bellunopress.it\/wp-content\/uploads\/2013\/01\/cinema.jpg","articleSection":["Prima Pagina","Societ\u00e0, Associazioni, Istituzioni"],"inLanguage":"fr-FR"},{"@type":"WebPage","@id":"https:\/\/www.bellunopress.it\/2013\/04\/02\/ciak-caccia-al-falso-via-al-concorso-promosso-dalla-regione-per-cortometraggi-sulla-contraffazione\/","url":"https:\/\/www.bellunopress.it\/2013\/04\/02\/ciak-caccia-al-falso-via-al-concorso-promosso-dalla-regione-per-cortometraggi-sulla-contraffazione\/","name":"Ciak! Caccia al falso. Via al concorso promosso dalla Regione per cortometraggi sulla contraffazione - Bellunopress - Dolomiti","isPartOf":{"@id":"https:\/\/www.bellunopress.it\/#website"},"primaryImageOfPage":{"@id":"https:\/\/www.bellunopress.it\/2013\/04\/02\/ciak-caccia-al-falso-via-al-concorso-promosso-dalla-regione-per-cortometraggi-sulla-contraffazione\/#primaryimage"},"image":{"@id":"https:\/\/www.bellunopress.it\/2013\/04\/02\/ciak-caccia-al-falso-via-al-concorso-promosso-dalla-regione-per-cortometraggi-sulla-contraffazione\/#primaryimage"},"thumbnailUrl":"http:\/\/www.bellunopress.it\/wp-content\/uploads\/2013\/01\/cinema.jpg","datePublished":"2013-04-02T14:20:10+00:00","breadcrumb":{"@id":"https:\/\/www.bellunopress.it\/2013\/04\/02\/ciak-caccia-al-falso-via-al-concorso-promosso-dalla-regione-per-cortometraggi-sulla-contraffazione\/#breadcrumb"},"inLanguage":"fr-FR","potentialAction":[{"@type":"ReadAction","target":["https:\/\/www.bellunopress.it\/2013\/04\/02\/ciak-caccia-al-falso-via-al-concorso-promosso-dalla-regione-per-cortometraggi-sulla-contraffazione\/"]}]},{"@type":"ImageObject","inLanguage":"fr-FR","@id":"https:\/\/www.bellunopress.it\/2013\/04\/02\/ciak-caccia-al-falso-via-al-concorso-promosso-dalla-regione-per-cortometraggi-sulla-contraffazione\/#primaryimage","url":"http:\/\/www.bellunopress.it\/wp-content\/uploads\/2013\/01\/cinema.jpg","contentUrl":"http:\/\/www.bellunopress.it\/wp-content\/uploads\/2013\/01\/cinema.jpg"},{"@type":"BreadcrumbList","@id":"https:\/\/www.bellunopress.it\/2013\/04\/02\/ciak-caccia-al-falso-via-al-concorso-promosso-dalla-regione-per-cortometraggi-sulla-contraffazione\/#breadcrumb","itemListElement":[{"@type":"ListItem","position":1,"name":"Home","item":"https:\/\/www.bellunopress.it\/"},{"@type":"ListItem","position":2,"name":"Ciak! Caccia al falso. Via al concorso promosso dalla Regione per cortometraggi sulla contraffazione"}]},{"@type":"WebSite","@id":"https:\/\/www.bellunopress.it\/#website","url":"https:\/\/www.bellunopress.it\/","name":"Bellunopress - Dolomiti","description":"e-mail: redazione@bellunopress.it","publisher":{"@id":"https:\/\/www.bellunopress.it\/#organization"},"potentialAction":[{"@type":"SearchAction","target":{"@type":"EntryPoint","urlTemplate":"https:\/\/www.bellunopress.it\/?s={search_term_string}"},"query-input":{"@type":"PropertyValueSpecification","valueRequired":true,"valueName":"search_term_string"}}],"inLanguage":"fr-FR"},{"@type":"Organization","@id":"https:\/\/www.bellunopress.it\/#organization","name":"Bellunopress","url":"https:\/\/www.bellunopress.it\/","logo":{"@type":"ImageObject","inLanguage":"fr-FR","@id":"https:\/\/www.bellunopress.it\/#\/schema\/logo\/image\/","url":"https:\/\/www.bellunopress.it\/wp-content\/uploads\/2011\/05\/cropped-logo-bellunopress-.jpg","contentUrl":"https:\/\/www.bellunopress.it\/wp-content\/uploads\/2011\/05\/cropped-logo-bellunopress-.jpg","width":512,"height":512,"caption":"Bellunopress"},"image":{"@id":"https:\/\/www.bellunopress.it\/#\/schema\/logo\/image\/"},"sameAs":["https:\/\/www.facebook.com\/profile.php?id=100008943462799","https:\/\/x.com\/bellunopress","https:\/\/www.linkedin.com\/hp\/?dnr=JBzUWaJfMUw8vbXJJ2tVW5-I3jZKvC4wsoxE&amp;amp;amp;amp;amp;amp;trk=nav_responsive_tab_home","https:\/\/www.youtube.com\/channel\/UCxL0wu1uN0_3_7hGG0306cw"]},{"@type":"Person","@id":"https:\/\/www.bellunopress.it\/#\/schema\/person\/79bb06722b37ece1c03d3e94beb30d73","name":"r\u00e9daction","image":{"@type":"ImageObject","inLanguage":"fr-FR","@id":"https:\/\/secure.gravatar.com\/avatar\/37d968a2e67a6fd04c169c4bdef102d0bc5d31b2546345219e348575eb80e9a0?s=96&d=mm&r=g","url":"https:\/\/secure.gravatar.com\/avatar\/37d968a2e67a6fd04c169c4bdef102d0bc5d31b2546345219e348575eb80e9a0?s=96&d=mm&r=g","contentUrl":"https:\/\/secure.gravatar.com\/avatar\/37d968a2e67a6fd04c169c4bdef102d0bc5d31b2546345219e348575eb80e9a0?s=96&d=mm&r=g","caption":"redazione"},"sameAs":["http:\/\/www.bellunopress.it","https:\/\/x.com\/bellunopress"],"url":"https:\/\/www.bellunopress.it\/fr\/author\/redazione\/"}]}},"_links":{"self":[{"href":"https:\/\/www.bellunopress.it\/fr\/wp-json\/wp\/v2\/posts\/48146","targetHints":{"allow":["GET"]}}],"collection":[{"href":"https:\/\/www.bellunopress.it\/fr\/wp-json\/wp\/v2\/posts"}],"about":[{"href":"https:\/\/www.bellunopress.it\/fr\/wp-json\/wp\/v2\/types\/post"}],"author":[{"embeddable":true,"href":"https:\/\/www.bellunopress.it\/fr\/wp-json\/wp\/v2\/users\/2"}],"replies":[{"embeddable":true,"href":"https:\/\/www.bellunopress.it\/fr\/wp-json\/wp\/v2\/comments?post=48146"}],"version-history":[{"count":2,"href":"https:\/\/www.bellunopress.it\/fr\/wp-json\/wp\/v2\/posts\/48146\/revisions"}],"predecessor-version":[{"id":48148,"href":"https:\/\/www.bellunopress.it\/fr\/wp-json\/wp\/v2\/posts\/48146\/revisions\/48148"}],"wp:attachment":[{"href":"https:\/\/www.bellunopress.it\/fr\/wp-json\/wp\/v2\/media?parent=48146"}],"wp:term":[{"taxonomy":"category","embeddable":true,"href":"https:\/\/www.bellunopress.it\/fr\/wp-json\/wp\/v2\/categories?post=48146"},{"taxonomy":"post_tag","embeddable":true,"href":"https:\/\/www.bellunopress.it\/fr\/wp-json\/wp\/v2\/tags?post=48146"}],"curies":[{"name":"wp","href":"https:\/\/api.w.org\/{rel}","templated":true}]}}