{"id":48142,"date":"2013-04-02T15:12:45","date_gmt":"2013-04-02T14:12:45","guid":{"rendered":"http:\/\/www.bellunopress.it\/?p=48142"},"modified":"2013-04-02T15:14:48","modified_gmt":"2013-04-02T14:14:48","slug":"la-regione-ed-i-diritti-dei-bellunesi-resoconto-e-prospettive-due-incontri-giovedi-a-puos-dalpago-e-venerdi-a-vas-con-sergio-reolon-pd","status":"publish","type":"post","link":"https:\/\/www.bellunopress.it\/fr\/2013\/04\/02\/la-regione-ed-i-diritti-dei-bellunesi-resoconto-e-prospettive-due-incontri-giovedi-a-puos-dalpago-e-venerdi-a-vas-con-sergio-reolon-pd\/","title":{"rendered":"La Regione e i diritti dei bellunesi: resoconto e prospettive. Due incontri gioved\u00ec a Puos d&#8217;Alpago e venerd\u00ec a Vas con Sergio Reolon"},"content":{"rendered":"<p>Il consigliere regionale del Partito Democratico Sergio Reolon\u00a0incontrera&#8217; la cittadinanza gioved\u00ec 4 aprile alle ore 20.30 presso\u00a0la\u00a0Casa della Giovent\u00f9 a Puos d&#8217;Alpago in Via Verdi.<\/p>\n<p>E venerd\u00ec 5 aprile\u00a0alle ore 20.15 a Vas presso gli impianti sportivi.<\/p>\n<figure id=\"attachment_16387\" aria-describedby=\"caption-attachment-16387\" style=\"width: 130px\" class=\"wp-caption alignleft\"><a href=\"http:\/\/www.bellunopress.it\/wp-content\/uploads\/2010\/06\/sergio-reolon-130x130.jpg\"><img loading=\"lazy\" decoding=\"async\" class=\"size-full wp-image-16387\" alt=\"Sergio Reolon\" src=\"http:\/\/www.bellunopress.it\/wp-content\/uploads\/2010\/06\/sergio-reolon-130x130.jpg\" width=\"130\" height=\"130\" \/><\/a><figcaption id=\"caption-attachment-16387\" class=\"wp-caption-text\">Sergio Reolon<\/figcaption><\/figure>\n<p>E&#8217; ovviamente invitata a presenziare tutta la cittadinanza.\u00a0Ritenendo doveroso rendere conto, in modo trasparente, ai cittadini\u00a0del lavoro svolto durante il mandato amministrativo, il consigliere\u00a0regionale Sergio Reolon presentera&#8217;, anche quest&#8217;anno, una\u00a0sorta di\u00a0bilancio che racconti il suo impegno ed i risultati ottenuti andando\u00a0sul territorio ed incontrando di persona i cittadini.<\/p>\n<p>Sar\u00e0 l&#8217;occasione per discutere ed approfondire molti aspetti\u00a0dell&#8217;attivit\u00e0 della Regione, della situazione politica nazionale e\u00a0locale, del futuro della nostra Provincia, dello stato\u00a0dell&#8217;economia e\u00a0dell&#8217;occupazione, del futuro dei servizi sul nostro territorio.<\/p>\n<p>Si potr\u00e0 parlare dello statuto regionale e del riconoscimento della\u00a0specificit\u00e0 bellunese, di come ed in quali tempi sar\u00e0 attuata; del\u00a0piano socio sanitario e del futuro dei nostri ospedali; della proposta\u00a0di legge sul turismo; delle unioni montane e di tutti gli argomenti\u00a0che i cittadini riterranno di voler affrontare.<\/p>","protected":false},"excerpt":{"rendered":"<p>Il consigliere regionale del Partito Democratico Sergio Reolon\u00a0incontrera&#8217; la cittadinanza gioved\u00ec 4 aprile alle ore 20.30 presso\u00a0la\u00a0Casa della Giovent\u00f9 a Puos d&#8217;Alpago in Via Verdi. E venerd\u00ec 5 aprile\u00a0alle ore 20.15 a Vas presso gli impianti sportivi. E&#8217; ovviamente invitata a presenziare tutta la cittadinanza.\u00a0Ritenendo doveroso rendere conto, in modo trasparente, ai cittadini\u00a0del lavoro svolto [&hellip;]<\/p>\n","protected":false},"author":2,"featured_media":0,"comment_status":"closed","ping_status":"open","sticky":false,"template":"","format":"standard","meta":{"footnotes":""},"categories":[27,5,26],"tags":[],"class_list":["post-48142","post","type-post","status-publish","format-standard","category-appuntamenti","category-cronaca","category-prima-pagina"],"yoast_head":"<!-- This site is optimized with the Yoast SEO plugin v28.4 - https:\/\/yoast.com\/product\/yoast-seo-wordpress\/ -->\n<title>La Regione e i diritti dei bellunesi: resoconto e prospettive. Due incontri gioved\u00ec a Puos d&#039;Alpago e venerd\u00ec a Vas con Sergio Reolon - Bellunopress - Dolomiti<\/title>\n<meta name=\"robots\" content=\"index, follow, max-snippet:-1, max-image-preview:large, max-video-preview:-1\" \/>\n<link rel=\"canonical\" href=\"https:\/\/www.bellunopress.it\/fr\/2013\/04\/02\/la-regione-ed-i-diritti-dei-bellunesi-resoconto-e-prospettive-due-incontri-giovedi-a-puos-dalpago-e-venerdi-a-vas-con-sergio-reolon-pd\/\" \/>\n<meta property=\"og:locale\" content=\"fr_FR\" \/>\n<meta property=\"og:type\" content=\"article\" \/>\n<meta property=\"og:title\" content=\"La Regione e i diritti dei bellunesi: resoconto e prospettive. Due incontri gioved\u00ec a Puos d&#039;Alpago e venerd\u00ec a Vas con Sergio Reolon - Bellunopress - Dolomiti\" \/>\n<meta property=\"og:description\" content=\"Il consigliere regionale del Partito Democratico Sergio Reolon\u00a0incontrera&#8217; la cittadinanza gioved\u00ec 4 aprile alle ore 20.30 presso\u00a0la\u00a0Casa della Giovent\u00f9 a Puos d&#8217;Alpago in Via Verdi. E venerd\u00ec 5 aprile\u00a0alle ore 20.15 a Vas presso gli impianti sportivi. E&#8217; ovviamente invitata a presenziare tutta la cittadinanza.\u00a0Ritenendo doveroso rendere conto, in modo trasparente, ai cittadini\u00a0del lavoro svolto [&hellip;]\" \/>\n<meta property=\"og:url\" content=\"https:\/\/www.bellunopress.it\/fr\/2013\/04\/02\/la-regione-ed-i-diritti-dei-bellunesi-resoconto-e-prospettive-due-incontri-giovedi-a-puos-dalpago-e-venerdi-a-vas-con-sergio-reolon-pd\/\" \/>\n<meta property=\"og:site_name\" content=\"Bellunopress - Dolomiti\" \/>\n<meta property=\"article:publisher\" content=\"https:\/\/www.facebook.com\/profile.php?id=100008943462799\" \/>\n<meta property=\"article:published_time\" content=\"2013-04-02T14:12:45+00:00\" \/>\n<meta property=\"article:modified_time\" content=\"2013-04-02T14:14:48+00:00\" \/>\n<meta property=\"og:image\" content=\"http:\/\/www.bellunopress.it\/wp-content\/uploads\/2010\/06\/sergio-reolon-130x130.jpg\" \/>\n<meta name=\"author\" content=\"redazione\" \/>\n<meta name=\"twitter:card\" content=\"summary_large_image\" \/>\n<meta name=\"twitter:creator\" content=\"@bellunopress\" \/>\n<meta name=\"twitter:site\" content=\"@bellunopress\" \/>\n<meta name=\"twitter:label1\" content=\"\u00c9crit par\" \/>\n\t<meta name=\"twitter:data1\" content=\"redazione\" \/>\n\t<meta name=\"twitter:label2\" content=\"Dur\u00e9e de lecture estim\u00e9e\" \/>\n\t<meta name=\"twitter:data2\" content=\"1 minute\" \/>\n<script type=\"application\/ld+json\" class=\"yoast-schema-graph\">{\"@context\":\"https:\\\/\\\/schema.org\",\"@graph\":[{\"@type\":\"Article\",\"@id\":\"https:\\\/\\\/www.bellunopress.it\\\/2013\\\/04\\\/02\\\/la-regione-ed-i-diritti-dei-bellunesi-resoconto-e-prospettive-due-incontri-giovedi-a-puos-dalpago-e-venerdi-a-vas-con-sergio-reolon-pd\\\/#article\",\"isPartOf\":{\"@id\":\"https:\\\/\\\/www.bellunopress.it\\\/2013\\\/04\\\/02\\\/la-regione-ed-i-diritti-dei-bellunesi-resoconto-e-prospettive-due-incontri-giovedi-a-puos-dalpago-e-venerdi-a-vas-con-sergio-reolon-pd\\\/\"},\"author\":{\"name\":\"redazione\",\"@id\":\"https:\\\/\\\/www.bellunopress.it\\\/#\\\/schema\\\/person\\\/79bb06722b37ece1c03d3e94beb30d73\"},\"headline\":\"La Regione e i diritti dei bellunesi: resoconto e prospettive. Due incontri gioved\u00ec a Puos d&#8217;Alpago e venerd\u00ec a Vas con Sergio Reolon\",\"datePublished\":\"2013-04-02T14:12:45+00:00\",\"dateModified\":\"2013-04-02T14:14:48+00:00\",\"mainEntityOfPage\":{\"@id\":\"https:\\\/\\\/www.bellunopress.it\\\/2013\\\/04\\\/02\\\/la-regione-ed-i-diritti-dei-bellunesi-resoconto-e-prospettive-due-incontri-giovedi-a-puos-dalpago-e-venerdi-a-vas-con-sergio-reolon-pd\\\/\"},\"wordCount\":215,\"publisher\":{\"@id\":\"https:\\\/\\\/www.bellunopress.it\\\/#organization\"},\"image\":{\"@id\":\"https:\\\/\\\/www.bellunopress.it\\\/2013\\\/04\\\/02\\\/la-regione-ed-i-diritti-dei-bellunesi-resoconto-e-prospettive-due-incontri-giovedi-a-puos-dalpago-e-venerdi-a-vas-con-sergio-reolon-pd\\\/#primaryimage\"},\"thumbnailUrl\":\"http:\\\/\\\/www.bellunopress.it\\\/wp-content\\\/uploads\\\/2010\\\/06\\\/sergio-reolon-130x130.jpg\",\"articleSection\":[\"Appuntamenti, Eventi\",\"Cronaca\\\/Politica\",\"Prima Pagina\"],\"inLanguage\":\"fr-FR\"},{\"@type\":\"WebPage\",\"@id\":\"https:\\\/\\\/www.bellunopress.it\\\/2013\\\/04\\\/02\\\/la-regione-ed-i-diritti-dei-bellunesi-resoconto-e-prospettive-due-incontri-giovedi-a-puos-dalpago-e-venerdi-a-vas-con-sergio-reolon-pd\\\/\",\"url\":\"https:\\\/\\\/www.bellunopress.it\\\/2013\\\/04\\\/02\\\/la-regione-ed-i-diritti-dei-bellunesi-resoconto-e-prospettive-due-incontri-giovedi-a-puos-dalpago-e-venerdi-a-vas-con-sergio-reolon-pd\\\/\",\"name\":\"La Regione e i diritti dei bellunesi: resoconto e prospettive. Due incontri gioved\u00ec a Puos d'Alpago e venerd\u00ec a Vas con Sergio Reolon - Bellunopress - Dolomiti\",\"isPartOf\":{\"@id\":\"https:\\\/\\\/www.bellunopress.it\\\/#website\"},\"primaryImageOfPage\":{\"@id\":\"https:\\\/\\\/www.bellunopress.it\\\/2013\\\/04\\\/02\\\/la-regione-ed-i-diritti-dei-bellunesi-resoconto-e-prospettive-due-incontri-giovedi-a-puos-dalpago-e-venerdi-a-vas-con-sergio-reolon-pd\\\/#primaryimage\"},\"image\":{\"@id\":\"https:\\\/\\\/www.bellunopress.it\\\/2013\\\/04\\\/02\\\/la-regione-ed-i-diritti-dei-bellunesi-resoconto-e-prospettive-due-incontri-giovedi-a-puos-dalpago-e-venerdi-a-vas-con-sergio-reolon-pd\\\/#primaryimage\"},\"thumbnailUrl\":\"http:\\\/\\\/www.bellunopress.it\\\/wp-content\\\/uploads\\\/2010\\\/06\\\/sergio-reolon-130x130.jpg\",\"datePublished\":\"2013-04-02T14:12:45+00:00\",\"dateModified\":\"2013-04-02T14:14:48+00:00\",\"breadcrumb\":{\"@id\":\"https:\\\/\\\/www.bellunopress.it\\\/2013\\\/04\\\/02\\\/la-regione-ed-i-diritti-dei-bellunesi-resoconto-e-prospettive-due-incontri-giovedi-a-puos-dalpago-e-venerdi-a-vas-con-sergio-reolon-pd\\\/#breadcrumb\"},\"inLanguage\":\"fr-FR\",\"potentialAction\":[{\"@type\":\"ReadAction\",\"target\":[\"https:\\\/\\\/www.bellunopress.it\\\/2013\\\/04\\\/02\\\/la-regione-ed-i-diritti-dei-bellunesi-resoconto-e-prospettive-due-incontri-giovedi-a-puos-dalpago-e-venerdi-a-vas-con-sergio-reolon-pd\\\/\"]}]},{\"@type\":\"ImageObject\",\"inLanguage\":\"fr-FR\",\"@id\":\"https:\\\/\\\/www.bellunopress.it\\\/2013\\\/04\\\/02\\\/la-regione-ed-i-diritti-dei-bellunesi-resoconto-e-prospettive-due-incontri-giovedi-a-puos-dalpago-e-venerdi-a-vas-con-sergio-reolon-pd\\\/#primaryimage\",\"url\":\"http:\\\/\\\/www.bellunopress.it\\\/wp-content\\\/uploads\\\/2010\\\/06\\\/sergio-reolon-130x130.jpg\",\"contentUrl\":\"http:\\\/\\\/www.bellunopress.it\\\/wp-content\\\/uploads\\\/2010\\\/06\\\/sergio-reolon-130x130.jpg\"},{\"@type\":\"BreadcrumbList\",\"@id\":\"https:\\\/\\\/www.bellunopress.it\\\/2013\\\/04\\\/02\\\/la-regione-ed-i-diritti-dei-bellunesi-resoconto-e-prospettive-due-incontri-giovedi-a-puos-dalpago-e-venerdi-a-vas-con-sergio-reolon-pd\\\/#breadcrumb\",\"itemListElement\":[{\"@type\":\"ListItem\",\"position\":1,\"name\":\"Home\",\"item\":\"https:\\\/\\\/www.bellunopress.it\\\/\"},{\"@type\":\"ListItem\",\"position\":2,\"name\":\"La Regione e i diritti dei bellunesi: resoconto e prospettive. Due incontri gioved\u00ec a Puos d&#8217;Alpago e venerd\u00ec a Vas con Sergio Reolon\"}]},{\"@type\":\"WebSite\",\"@id\":\"https:\\\/\\\/www.bellunopress.it\\\/#website\",\"url\":\"https:\\\/\\\/www.bellunopress.it\\\/\",\"name\":\"Bellunopress - Dolomiti\",\"description\":\"e-mail: redazione@bellunopress.it\",\"publisher\":{\"@id\":\"https:\\\/\\\/www.bellunopress.it\\\/#organization\"},\"potentialAction\":[{\"@type\":\"SearchAction\",\"target\":{\"@type\":\"EntryPoint\",\"urlTemplate\":\"https:\\\/\\\/www.bellunopress.it\\\/?s={search_term_string}\"},\"query-input\":{\"@type\":\"PropertyValueSpecification\",\"valueRequired\":true,\"valueName\":\"search_term_string\"}}],\"inLanguage\":\"fr-FR\"},{\"@type\":\"Organization\",\"@id\":\"https:\\\/\\\/www.bellunopress.it\\\/#organization\",\"name\":\"Bellunopress\",\"url\":\"https:\\\/\\\/www.bellunopress.it\\\/\",\"logo\":{\"@type\":\"ImageObject\",\"inLanguage\":\"fr-FR\",\"@id\":\"https:\\\/\\\/www.bellunopress.it\\\/#\\\/schema\\\/logo\\\/image\\\/\",\"url\":\"https:\\\/\\\/www.bellunopress.it\\\/wp-content\\\/uploads\\\/2011\\\/05\\\/cropped-logo-bellunopress-.jpg\",\"contentUrl\":\"https:\\\/\\\/www.bellunopress.it\\\/wp-content\\\/uploads\\\/2011\\\/05\\\/cropped-logo-bellunopress-.jpg\",\"width\":512,\"height\":512,\"caption\":\"Bellunopress\"},\"image\":{\"@id\":\"https:\\\/\\\/www.bellunopress.it\\\/#\\\/schema\\\/logo\\\/image\\\/\"},\"sameAs\":[\"https:\\\/\\\/www.facebook.com\\\/profile.php?id=100008943462799\",\"https:\\\/\\\/x.com\\\/bellunopress\",\"https:\\\/\\\/www.linkedin.com\\\/hp\\\/?dnr=JBzUWaJfMUw8vbXJJ2tVW5-I3jZKvC4wsoxE&amp;amp;amp;amp;amp;amp;trk=nav_responsive_tab_home\",\"https:\\\/\\\/www.youtube.com\\\/channel\\\/UCxL0wu1uN0_3_7hGG0306cw\"]},{\"@type\":\"Person\",\"@id\":\"https:\\\/\\\/www.bellunopress.it\\\/#\\\/schema\\\/person\\\/79bb06722b37ece1c03d3e94beb30d73\",\"name\":\"redazione\",\"image\":{\"@type\":\"ImageObject\",\"inLanguage\":\"fr-FR\",\"@id\":\"https:\\\/\\\/secure.gravatar.com\\\/avatar\\\/37d968a2e67a6fd04c169c4bdef102d0bc5d31b2546345219e348575eb80e9a0?s=96&d=mm&r=g\",\"url\":\"https:\\\/\\\/secure.gravatar.com\\\/avatar\\\/37d968a2e67a6fd04c169c4bdef102d0bc5d31b2546345219e348575eb80e9a0?s=96&d=mm&r=g\",\"contentUrl\":\"https:\\\/\\\/secure.gravatar.com\\\/avatar\\\/37d968a2e67a6fd04c169c4bdef102d0bc5d31b2546345219e348575eb80e9a0?s=96&d=mm&r=g\",\"caption\":\"redazione\"},\"sameAs\":[\"http:\\\/\\\/www.bellunopress.it\",\"https:\\\/\\\/x.com\\\/bellunopress\"],\"url\":\"https:\\\/\\\/www.bellunopress.it\\\/fr\\\/author\\\/redazione\\\/\"}]}<\/script>\n<!-- \/ Yoast SEO plugin. -->","yoast_head_json":{"title":"La Regione e i diritti dei bellunesi: resoconto e prospettive. Due incontri gioved\u00ec a Puos d'Alpago e venerd\u00ec a Vas con Sergio Reolon - Bellunopress - Dolomiti","robots":{"index":"index","follow":"follow","max-snippet":"max-snippet:-1","max-image-preview":"max-image-preview:large","max-video-preview":"max-video-preview:-1"},"canonical":"https:\/\/www.bellunopress.it\/fr\/2013\/04\/02\/la-regione-ed-i-diritti-dei-bellunesi-resoconto-e-prospettive-due-incontri-giovedi-a-puos-dalpago-e-venerdi-a-vas-con-sergio-reolon-pd\/","og_locale":"fr_FR","og_type":"article","og_title":"La Regione e i diritti dei bellunesi: resoconto e prospettive. Due incontri gioved\u00ec a Puos d'Alpago e venerd\u00ec a Vas con Sergio Reolon - Bellunopress - Dolomiti","og_description":"Il consigliere regionale del Partito Democratico Sergio Reolon\u00a0incontrera&#8217; la cittadinanza gioved\u00ec 4 aprile alle ore 20.30 presso\u00a0la\u00a0Casa della Giovent\u00f9 a Puos d&#8217;Alpago in Via Verdi. E venerd\u00ec 5 aprile\u00a0alle ore 20.15 a Vas presso gli impianti sportivi. E&#8217; ovviamente invitata a presenziare tutta la cittadinanza.\u00a0Ritenendo doveroso rendere conto, in modo trasparente, ai cittadini\u00a0del lavoro svolto [&hellip;]","og_url":"https:\/\/www.bellunopress.it\/fr\/2013\/04\/02\/la-regione-ed-i-diritti-dei-bellunesi-resoconto-e-prospettive-due-incontri-giovedi-a-puos-dalpago-e-venerdi-a-vas-con-sergio-reolon-pd\/","og_site_name":"Bellunopress - Dolomiti","article_publisher":"https:\/\/www.facebook.com\/profile.php?id=100008943462799","article_published_time":"2013-04-02T14:12:45+00:00","article_modified_time":"2013-04-02T14:14:48+00:00","og_image":[{"url":"http:\/\/www.bellunopress.it\/wp-content\/uploads\/2010\/06\/sergio-reolon-130x130.jpg","type":"","width":"","height":""}],"author":"redazione","twitter_card":"summary_large_image","twitter_creator":"@bellunopress","twitter_site":"@bellunopress","twitter_misc":{"\u00c9crit par":"redazione","Dur\u00e9e de lecture estim\u00e9e":"1 minute"},"schema":{"@context":"https:\/\/schema.org","@graph":[{"@type":"Article","@id":"https:\/\/www.bellunopress.it\/2013\/04\/02\/la-regione-ed-i-diritti-dei-bellunesi-resoconto-e-prospettive-due-incontri-giovedi-a-puos-dalpago-e-venerdi-a-vas-con-sergio-reolon-pd\/#article","isPartOf":{"@id":"https:\/\/www.bellunopress.it\/2013\/04\/02\/la-regione-ed-i-diritti-dei-bellunesi-resoconto-e-prospettive-due-incontri-giovedi-a-puos-dalpago-e-venerdi-a-vas-con-sergio-reolon-pd\/"},"author":{"name":"redazione","@id":"https:\/\/www.bellunopress.it\/#\/schema\/person\/79bb06722b37ece1c03d3e94beb30d73"},"headline":"La Regione e i diritti dei bellunesi: resoconto e prospettive. Due incontri gioved\u00ec a Puos d&#8217;Alpago e venerd\u00ec a Vas con Sergio Reolon","datePublished":"2013-04-02T14:12:45+00:00","dateModified":"2013-04-02T14:14:48+00:00","mainEntityOfPage":{"@id":"https:\/\/www.bellunopress.it\/2013\/04\/02\/la-regione-ed-i-diritti-dei-bellunesi-resoconto-e-prospettive-due-incontri-giovedi-a-puos-dalpago-e-venerdi-a-vas-con-sergio-reolon-pd\/"},"wordCount":215,"publisher":{"@id":"https:\/\/www.bellunopress.it\/#organization"},"image":{"@id":"https:\/\/www.bellunopress.it\/2013\/04\/02\/la-regione-ed-i-diritti-dei-bellunesi-resoconto-e-prospettive-due-incontri-giovedi-a-puos-dalpago-e-venerdi-a-vas-con-sergio-reolon-pd\/#primaryimage"},"thumbnailUrl":"http:\/\/www.bellunopress.it\/wp-content\/uploads\/2010\/06\/sergio-reolon-130x130.jpg","articleSection":["Appuntamenti, Eventi","Cronaca\/Politica","Prima Pagina"],"inLanguage":"fr-FR"},{"@type":"WebPage","@id":"https:\/\/www.bellunopress.it\/2013\/04\/02\/la-regione-ed-i-diritti-dei-bellunesi-resoconto-e-prospettive-due-incontri-giovedi-a-puos-dalpago-e-venerdi-a-vas-con-sergio-reolon-pd\/","url":"https:\/\/www.bellunopress.it\/2013\/04\/02\/la-regione-ed-i-diritti-dei-bellunesi-resoconto-e-prospettive-due-incontri-giovedi-a-puos-dalpago-e-venerdi-a-vas-con-sergio-reolon-pd\/","name":"La Regione e i diritti dei bellunesi: resoconto e prospettive. Due incontri gioved\u00ec a Puos d'Alpago e venerd\u00ec a Vas con Sergio Reolon - Bellunopress - Dolomiti","isPartOf":{"@id":"https:\/\/www.bellunopress.it\/#website"},"primaryImageOfPage":{"@id":"https:\/\/www.bellunopress.it\/2013\/04\/02\/la-regione-ed-i-diritti-dei-bellunesi-resoconto-e-prospettive-due-incontri-giovedi-a-puos-dalpago-e-venerdi-a-vas-con-sergio-reolon-pd\/#primaryimage"},"image":{"@id":"https:\/\/www.bellunopress.it\/2013\/04\/02\/la-regione-ed-i-diritti-dei-bellunesi-resoconto-e-prospettive-due-incontri-giovedi-a-puos-dalpago-e-venerdi-a-vas-con-sergio-reolon-pd\/#primaryimage"},"thumbnailUrl":"http:\/\/www.bellunopress.it\/wp-content\/uploads\/2010\/06\/sergio-reolon-130x130.jpg","datePublished":"2013-04-02T14:12:45+00:00","dateModified":"2013-04-02T14:14:48+00:00","breadcrumb":{"@id":"https:\/\/www.bellunopress.it\/2013\/04\/02\/la-regione-ed-i-diritti-dei-bellunesi-resoconto-e-prospettive-due-incontri-giovedi-a-puos-dalpago-e-venerdi-a-vas-con-sergio-reolon-pd\/#breadcrumb"},"inLanguage":"fr-FR","potentialAction":[{"@type":"ReadAction","target":["https:\/\/www.bellunopress.it\/2013\/04\/02\/la-regione-ed-i-diritti-dei-bellunesi-resoconto-e-prospettive-due-incontri-giovedi-a-puos-dalpago-e-venerdi-a-vas-con-sergio-reolon-pd\/"]}]},{"@type":"ImageObject","inLanguage":"fr-FR","@id":"https:\/\/www.bellunopress.it\/2013\/04\/02\/la-regione-ed-i-diritti-dei-bellunesi-resoconto-e-prospettive-due-incontri-giovedi-a-puos-dalpago-e-venerdi-a-vas-con-sergio-reolon-pd\/#primaryimage","url":"http:\/\/www.bellunopress.it\/wp-content\/uploads\/2010\/06\/sergio-reolon-130x130.jpg","contentUrl":"http:\/\/www.bellunopress.it\/wp-content\/uploads\/2010\/06\/sergio-reolon-130x130.jpg"},{"@type":"BreadcrumbList","@id":"https:\/\/www.bellunopress.it\/2013\/04\/02\/la-regione-ed-i-diritti-dei-bellunesi-resoconto-e-prospettive-due-incontri-giovedi-a-puos-dalpago-e-venerdi-a-vas-con-sergio-reolon-pd\/#breadcrumb","itemListElement":[{"@type":"ListItem","position":1,"name":"Home","item":"https:\/\/www.bellunopress.it\/"},{"@type":"ListItem","position":2,"name":"La Regione e i diritti dei bellunesi: resoconto e prospettive. Due incontri gioved\u00ec a Puos d&#8217;Alpago e venerd\u00ec a Vas con Sergio Reolon"}]},{"@type":"WebSite","@id":"https:\/\/www.bellunopress.it\/#website","url":"https:\/\/www.bellunopress.it\/","name":"Bellunopress - Dolomiti","description":"e-mail: redazione@bellunopress.it","publisher":{"@id":"https:\/\/www.bellunopress.it\/#organization"},"potentialAction":[{"@type":"SearchAction","target":{"@type":"EntryPoint","urlTemplate":"https:\/\/www.bellunopress.it\/?s={search_term_string}"},"query-input":{"@type":"PropertyValueSpecification","valueRequired":true,"valueName":"search_term_string"}}],"inLanguage":"fr-FR"},{"@type":"Organization","@id":"https:\/\/www.bellunopress.it\/#organization","name":"Bellunopress","url":"https:\/\/www.bellunopress.it\/","logo":{"@type":"ImageObject","inLanguage":"fr-FR","@id":"https:\/\/www.bellunopress.it\/#\/schema\/logo\/image\/","url":"https:\/\/www.bellunopress.it\/wp-content\/uploads\/2011\/05\/cropped-logo-bellunopress-.jpg","contentUrl":"https:\/\/www.bellunopress.it\/wp-content\/uploads\/2011\/05\/cropped-logo-bellunopress-.jpg","width":512,"height":512,"caption":"Bellunopress"},"image":{"@id":"https:\/\/www.bellunopress.it\/#\/schema\/logo\/image\/"},"sameAs":["https:\/\/www.facebook.com\/profile.php?id=100008943462799","https:\/\/x.com\/bellunopress","https:\/\/www.linkedin.com\/hp\/?dnr=JBzUWaJfMUw8vbXJJ2tVW5-I3jZKvC4wsoxE&amp;amp;amp;amp;amp;amp;trk=nav_responsive_tab_home","https:\/\/www.youtube.com\/channel\/UCxL0wu1uN0_3_7hGG0306cw"]},{"@type":"Person","@id":"https:\/\/www.bellunopress.it\/#\/schema\/person\/79bb06722b37ece1c03d3e94beb30d73","name":"r\u00e9daction","image":{"@type":"ImageObject","inLanguage":"fr-FR","@id":"https:\/\/secure.gravatar.com\/avatar\/37d968a2e67a6fd04c169c4bdef102d0bc5d31b2546345219e348575eb80e9a0?s=96&d=mm&r=g","url":"https:\/\/secure.gravatar.com\/avatar\/37d968a2e67a6fd04c169c4bdef102d0bc5d31b2546345219e348575eb80e9a0?s=96&d=mm&r=g","contentUrl":"https:\/\/secure.gravatar.com\/avatar\/37d968a2e67a6fd04c169c4bdef102d0bc5d31b2546345219e348575eb80e9a0?s=96&d=mm&r=g","caption":"redazione"},"sameAs":["http:\/\/www.bellunopress.it","https:\/\/x.com\/bellunopress"],"url":"https:\/\/www.bellunopress.it\/fr\/author\/redazione\/"}]}},"_links":{"self":[{"href":"https:\/\/www.bellunopress.it\/fr\/wp-json\/wp\/v2\/posts\/48142","targetHints":{"allow":["GET"]}}],"collection":[{"href":"https:\/\/www.bellunopress.it\/fr\/wp-json\/wp\/v2\/posts"}],"about":[{"href":"https:\/\/www.bellunopress.it\/fr\/wp-json\/wp\/v2\/types\/post"}],"author":[{"embeddable":true,"href":"https:\/\/www.bellunopress.it\/fr\/wp-json\/wp\/v2\/users\/2"}],"replies":[{"embeddable":true,"href":"https:\/\/www.bellunopress.it\/fr\/wp-json\/wp\/v2\/comments?post=48142"}],"version-history":[{"count":3,"href":"https:\/\/www.bellunopress.it\/fr\/wp-json\/wp\/v2\/posts\/48142\/revisions"}],"predecessor-version":[{"id":48145,"href":"https:\/\/www.bellunopress.it\/fr\/wp-json\/wp\/v2\/posts\/48142\/revisions\/48145"}],"wp:attachment":[{"href":"https:\/\/www.bellunopress.it\/fr\/wp-json\/wp\/v2\/media?parent=48142"}],"wp:term":[{"taxonomy":"category","embeddable":true,"href":"https:\/\/www.bellunopress.it\/fr\/wp-json\/wp\/v2\/categories?post=48142"},{"taxonomy":"post_tag","embeddable":true,"href":"https:\/\/www.bellunopress.it\/fr\/wp-json\/wp\/v2\/tags?post=48142"}],"curies":[{"name":"wp","href":"https:\/\/api.w.org\/{rel}","templated":true}]}}