{"id":4814,"date":"2009-06-13T14:41:56","date_gmt":"2009-06-13T13:41:56","guid":{"rendered":"http:\/\/www.bellunopress.it\/?p=4814"},"modified":"2009-06-13T14:41:56","modified_gmt":"2009-06-13T13:41:56","slug":"agevolazioni-per-gli-skipass-dell%e2%80%99alpe-del-nevegal","status":"publish","type":"post","link":"https:\/\/www.bellunopress.it\/fr\/2009\/06\/13\/agevolazioni-per-gli-skipass-dell%e2%80%99alpe-del-nevegal\/","title":{"rendered":"Agevolazioni per gli Skipass dell\u2019Alpe del Nevegal"},"content":{"rendered":"<p>\u00a0Proprio durante la bella stagione, gli amanti delle discese innevate hanno l\u2019occasione di acquistare a prezzi agevolati gli skipass stagionali per l\u2019inverno 2009\/2010 dell\u2019Alpe del Nevegal. Partir\u00e0 da luned\u00ec 15 giugno il primo periodo di prevendita e si protrarr\u00e0 sino al 19 luglio, seguito da una seconda tranche\u00a0 dal 20 luglio al 27 settembre. Coloro che si affrettano ad usufruire del primo periodo di prevendita hanno diritto ad una salita estiva gratuita settimanale con la seggiovia, attiva durante la stagione estiva nelle ultime due domeniche di luglio, per tutto il mese di agosto e la prima domenica di settembre. Vantaggiose le offerte proposte dalla societ\u00e0 NIS: prezzi ridotti per coloro che acquisteranno gli skipass nei due periodi di prevendita; per la categoria adulti un risparmio di 65 euro. Un ulteriore vantaggio viene offerto dalla Promo Famiglia che prevede ulteriori sconti, dal 4 % ad un massimo del 15 %, per chi desidera acquistare un abbonamento stagionale con i propri famigliari (possibili le alternative per 2, 3, 4, 5 e oltre componenti).<\/p>\n<p>Gli interessati alla prima tranche di prevendita potranno recarsi presso la Piscina di Belluno per ulteriori informazioni e l\u2019acquisto degli skipass nei seguenti orari:<br \/>\nluned\u00ec &#8211; venerd\u00ec: 11.30\/14.30 &#8211; 18.00\/20.00<br \/>\nsabato: 13.00\/18.00<br \/>\ndomenica: 9.00\/12.00 &#8211; 15.00\/18.00<\/p>\n<p>Per informazioni:<br \/>\nPiscina di Belluno\u00a0\u00a0\u00a0<br \/>\nTel.0437 940488 \u2013 Fax: 0437 910493<br \/>\n<a href=\"http:\/\/www.piscinadibelluno.it\">www.piscinadibelluno.it<\/a> \u2013 <a href=\"mailto:info@nisbl.it\">info@nisbl.it<\/a>\u00a0\u00a0\u00a0\u00a0<br \/>\nUfficio Skipass Nevegal<br \/>\nTel.0437 907106 \u2013 Fax 0437 908330<br \/>\n<a href=\"http:\/\/www.alpedelnevegal.it\">www.alpedelnevegal.it<\/a> \u2013 <a href=\"mailto:info@alpedelnevegal.it\">info@alpedelnevegal.it<\/a><\/p>","protected":false},"excerpt":{"rendered":"<p>\u00a0Proprio durante la bella stagione, gli amanti delle discese innevate hanno l\u2019occasione di acquistare a prezzi agevolati gli skipass stagionali per l\u2019inverno 2009\/2010 dell\u2019Alpe del Nevegal. Partir\u00e0 da luned\u00ec 15 giugno il primo periodo di prevendita e si protrarr\u00e0 sino al 19 luglio, seguito da una seconda tranche\u00a0 dal 20 luglio al 27 settembre. Coloro [&hellip;]<\/p>\n","protected":false},"author":2,"featured_media":0,"comment_status":"closed","ping_status":"open","sticky":false,"template":"","format":"standard","meta":{"footnotes":""},"categories":[25,4],"tags":[139],"class_list":["post-4814","post","type-post","status-publish","format-standard","category-pausa-caffe","category-sport","tag-belluno"],"yoast_head":"<!-- This site is optimized with the Yoast SEO plugin v28.4 - https:\/\/yoast.com\/product\/yoast-seo-wordpress\/ -->\n<title>Agevolazioni per gli Skipass dell\u2019Alpe del Nevegal - Bellunopress - Dolomiti<\/title>\n<meta name=\"robots\" content=\"index, follow, max-snippet:-1, max-image-preview:large, max-video-preview:-1\" \/>\n<link rel=\"canonical\" href=\"https:\/\/www.bellunopress.it\/fr\/2009\/06\/13\/agevolazioni-per-gli-skipass-dell\u2019alpe-del-nevegal\/\" \/>\n<meta property=\"og:locale\" content=\"fr_FR\" \/>\n<meta property=\"og:type\" content=\"article\" \/>\n<meta property=\"og:title\" content=\"Agevolazioni per gli Skipass dell\u2019Alpe del Nevegal - Bellunopress - Dolomiti\" \/>\n<meta property=\"og:description\" content=\"\u00a0Proprio durante la bella stagione, gli amanti delle discese innevate hanno l\u2019occasione di acquistare a prezzi agevolati gli skipass stagionali per l\u2019inverno 2009\/2010 dell\u2019Alpe del Nevegal. Partir\u00e0 da luned\u00ec 15 giugno il primo periodo di prevendita e si protrarr\u00e0 sino al 19 luglio, seguito da una seconda tranche\u00a0 dal 20 luglio al 27 settembre. Coloro [&hellip;]\" \/>\n<meta property=\"og:url\" content=\"https:\/\/www.bellunopress.it\/fr\/2009\/06\/13\/agevolazioni-per-gli-skipass-dell\u2019alpe-del-nevegal\/\" \/>\n<meta property=\"og:site_name\" content=\"Bellunopress - Dolomiti\" \/>\n<meta property=\"article:publisher\" content=\"https:\/\/www.facebook.com\/profile.php?id=100008943462799\" \/>\n<meta property=\"article:published_time\" content=\"2009-06-13T13:41:56+00:00\" \/>\n<meta property=\"og:image\" content=\"http:\/\/www.bellunopress.it\/wp-content\/uploads\/2012\/07\/logo-bellunopress-250x250-2012.jpg\" \/>\n<meta name=\"author\" content=\"redazione\" \/>\n<meta name=\"twitter:card\" content=\"summary_large_image\" \/>\n<meta name=\"twitter:creator\" content=\"@bellunopress\" \/>\n<meta name=\"twitter:site\" content=\"@bellunopress\" \/>\n<meta name=\"twitter:label1\" content=\"Written by\" \/>\n\t<meta name=\"twitter:data1\" content=\"redazione\" \/>\n\t<meta name=\"twitter:label2\" content=\"Est. reading time\" \/>\n\t<meta name=\"twitter:data2\" content=\"1 minute\" \/>\n<script type=\"application\/ld+json\" class=\"yoast-schema-graph\">{\"@context\":\"https:\\\/\\\/schema.org\",\"@graph\":[{\"@type\":\"Article\",\"@id\":\"https:\\\/\\\/www.bellunopress.it\\\/2009\\\/06\\\/13\\\/agevolazioni-per-gli-skipass-dell%e2%80%99alpe-del-nevegal\\\/#article\",\"isPartOf\":{\"@id\":\"https:\\\/\\\/www.bellunopress.it\\\/2009\\\/06\\\/13\\\/agevolazioni-per-gli-skipass-dell%e2%80%99alpe-del-nevegal\\\/\"},\"author\":{\"name\":\"redazione\",\"@id\":\"https:\\\/\\\/www.bellunopress.it\\\/#\\\/schema\\\/person\\\/79bb06722b37ece1c03d3e94beb30d73\"},\"headline\":\"Agevolazioni per gli Skipass dell\u2019Alpe del Nevegal\",\"datePublished\":\"2009-06-13T13:41:56+00:00\",\"mainEntityOfPage\":{\"@id\":\"https:\\\/\\\/www.bellunopress.it\\\/2009\\\/06\\\/13\\\/agevolazioni-per-gli-skipass-dell%e2%80%99alpe-del-nevegal\\\/\"},\"wordCount\":224,\"publisher\":{\"@id\":\"https:\\\/\\\/www.bellunopress.it\\\/#organization\"},\"keywords\":[\"Belluno\"],\"articleSection\":[\"Pausa Caff\u00e8\",\"Sport, tempo libero\"],\"inLanguage\":\"fr-FR\"},{\"@type\":\"WebPage\",\"@id\":\"https:\\\/\\\/www.bellunopress.it\\\/2009\\\/06\\\/13\\\/agevolazioni-per-gli-skipass-dell%e2%80%99alpe-del-nevegal\\\/\",\"url\":\"https:\\\/\\\/www.bellunopress.it\\\/2009\\\/06\\\/13\\\/agevolazioni-per-gli-skipass-dell%e2%80%99alpe-del-nevegal\\\/\",\"name\":\"Agevolazioni per gli Skipass dell\u2019Alpe del Nevegal - Bellunopress - Dolomiti\",\"isPartOf\":{\"@id\":\"https:\\\/\\\/www.bellunopress.it\\\/#website\"},\"datePublished\":\"2009-06-13T13:41:56+00:00\",\"breadcrumb\":{\"@id\":\"https:\\\/\\\/www.bellunopress.it\\\/2009\\\/06\\\/13\\\/agevolazioni-per-gli-skipass-dell%e2%80%99alpe-del-nevegal\\\/#breadcrumb\"},\"inLanguage\":\"fr-FR\",\"potentialAction\":[{\"@type\":\"ReadAction\",\"target\":[\"https:\\\/\\\/www.bellunopress.it\\\/2009\\\/06\\\/13\\\/agevolazioni-per-gli-skipass-dell%e2%80%99alpe-del-nevegal\\\/\"]}]},{\"@type\":\"BreadcrumbList\",\"@id\":\"https:\\\/\\\/www.bellunopress.it\\\/2009\\\/06\\\/13\\\/agevolazioni-per-gli-skipass-dell%e2%80%99alpe-del-nevegal\\\/#breadcrumb\",\"itemListElement\":[{\"@type\":\"ListItem\",\"position\":1,\"name\":\"Home\",\"item\":\"https:\\\/\\\/www.bellunopress.it\\\/\"},{\"@type\":\"ListItem\",\"position\":2,\"name\":\"Agevolazioni per gli Skipass dell\u2019Alpe del Nevegal\"}]},{\"@type\":\"WebSite\",\"@id\":\"https:\\\/\\\/www.bellunopress.it\\\/#website\",\"url\":\"https:\\\/\\\/www.bellunopress.it\\\/\",\"name\":\"Bellunopress - Dolomiti\",\"description\":\"e-mail: redazione@bellunopress.it\",\"publisher\":{\"@id\":\"https:\\\/\\\/www.bellunopress.it\\\/#organization\"},\"potentialAction\":[{\"@type\":\"SearchAction\",\"target\":{\"@type\":\"EntryPoint\",\"urlTemplate\":\"https:\\\/\\\/www.bellunopress.it\\\/?s={search_term_string}\"},\"query-input\":{\"@type\":\"PropertyValueSpecification\",\"valueRequired\":true,\"valueName\":\"search_term_string\"}}],\"inLanguage\":\"fr-FR\"},{\"@type\":\"Organization\",\"@id\":\"https:\\\/\\\/www.bellunopress.it\\\/#organization\",\"name\":\"Bellunopress\",\"url\":\"https:\\\/\\\/www.bellunopress.it\\\/\",\"logo\":{\"@type\":\"ImageObject\",\"inLanguage\":\"fr-FR\",\"@id\":\"https:\\\/\\\/www.bellunopress.it\\\/#\\\/schema\\\/logo\\\/image\\\/\",\"url\":\"https:\\\/\\\/www.bellunopress.it\\\/wp-content\\\/uploads\\\/2011\\\/05\\\/cropped-logo-bellunopress-.jpg\",\"contentUrl\":\"https:\\\/\\\/www.bellunopress.it\\\/wp-content\\\/uploads\\\/2011\\\/05\\\/cropped-logo-bellunopress-.jpg\",\"width\":512,\"height\":512,\"caption\":\"Bellunopress\"},\"image\":{\"@id\":\"https:\\\/\\\/www.bellunopress.it\\\/#\\\/schema\\\/logo\\\/image\\\/\"},\"sameAs\":[\"https:\\\/\\\/www.facebook.com\\\/profile.php?id=100008943462799\",\"https:\\\/\\\/x.com\\\/bellunopress\",\"https:\\\/\\\/www.linkedin.com\\\/hp\\\/?dnr=JBzUWaJfMUw8vbXJJ2tVW5-I3jZKvC4wsoxE&amp;amp;amp;amp;amp;amp;trk=nav_responsive_tab_home\",\"https:\\\/\\\/www.youtube.com\\\/channel\\\/UCxL0wu1uN0_3_7hGG0306cw\"]},{\"@type\":\"Person\",\"@id\":\"https:\\\/\\\/www.bellunopress.it\\\/#\\\/schema\\\/person\\\/79bb06722b37ece1c03d3e94beb30d73\",\"name\":\"redazione\",\"image\":{\"@type\":\"ImageObject\",\"inLanguage\":\"fr-FR\",\"@id\":\"https:\\\/\\\/secure.gravatar.com\\\/avatar\\\/37d968a2e67a6fd04c169c4bdef102d0bc5d31b2546345219e348575eb80e9a0?s=96&d=mm&r=g\",\"url\":\"https:\\\/\\\/secure.gravatar.com\\\/avatar\\\/37d968a2e67a6fd04c169c4bdef102d0bc5d31b2546345219e348575eb80e9a0?s=96&d=mm&r=g\",\"contentUrl\":\"https:\\\/\\\/secure.gravatar.com\\\/avatar\\\/37d968a2e67a6fd04c169c4bdef102d0bc5d31b2546345219e348575eb80e9a0?s=96&d=mm&r=g\",\"caption\":\"redazione\"},\"sameAs\":[\"http:\\\/\\\/www.bellunopress.it\",\"https:\\\/\\\/x.com\\\/bellunopress\"],\"url\":\"https:\\\/\\\/www.bellunopress.it\\\/fr\\\/author\\\/redazione\\\/\"}]}<\/script>\n<!-- \/ Yoast SEO plugin. -->","yoast_head_json":{"title":"Agevolazioni per gli Skipass dell\u2019Alpe del Nevegal - Bellunopress - Dolomiti","robots":{"index":"index","follow":"follow","max-snippet":"max-snippet:-1","max-image-preview":"max-image-preview:large","max-video-preview":"max-video-preview:-1"},"canonical":"https:\/\/www.bellunopress.it\/fr\/2009\/06\/13\/agevolazioni-per-gli-skipass-dell\u2019alpe-del-nevegal\/","og_locale":"fr_FR","og_type":"article","og_title":"Agevolazioni per gli Skipass dell\u2019Alpe del Nevegal - Bellunopress - Dolomiti","og_description":"\u00a0Proprio durante la bella stagione, gli amanti delle discese innevate hanno l\u2019occasione di acquistare a prezzi agevolati gli skipass stagionali per l\u2019inverno 2009\/2010 dell\u2019Alpe del Nevegal. Partir\u00e0 da luned\u00ec 15 giugno il primo periodo di prevendita e si protrarr\u00e0 sino al 19 luglio, seguito da una seconda tranche\u00a0 dal 20 luglio al 27 settembre. Coloro [&hellip;]","og_url":"https:\/\/www.bellunopress.it\/fr\/2009\/06\/13\/agevolazioni-per-gli-skipass-dell\u2019alpe-del-nevegal\/","og_site_name":"Bellunopress - Dolomiti","article_publisher":"https:\/\/www.facebook.com\/profile.php?id=100008943462799","article_published_time":"2009-06-13T13:41:56+00:00","og_image":[{"url":"http:\/\/www.bellunopress.it\/wp-content\/uploads\/2012\/07\/logo-bellunopress-250x250-2012.jpg","type":"","width":"","height":""}],"author":"redazione","twitter_card":"summary_large_image","twitter_creator":"@bellunopress","twitter_site":"@bellunopress","twitter_misc":{"Written by":"redazione","Est. reading time":"1 minute"},"schema":{"@context":"https:\/\/schema.org","@graph":[{"@type":"Article","@id":"https:\/\/www.bellunopress.it\/2009\/06\/13\/agevolazioni-per-gli-skipass-dell%e2%80%99alpe-del-nevegal\/#article","isPartOf":{"@id":"https:\/\/www.bellunopress.it\/2009\/06\/13\/agevolazioni-per-gli-skipass-dell%e2%80%99alpe-del-nevegal\/"},"author":{"name":"redazione","@id":"https:\/\/www.bellunopress.it\/#\/schema\/person\/79bb06722b37ece1c03d3e94beb30d73"},"headline":"Agevolazioni per gli Skipass dell\u2019Alpe del Nevegal","datePublished":"2009-06-13T13:41:56+00:00","mainEntityOfPage":{"@id":"https:\/\/www.bellunopress.it\/2009\/06\/13\/agevolazioni-per-gli-skipass-dell%e2%80%99alpe-del-nevegal\/"},"wordCount":224,"publisher":{"@id":"https:\/\/www.bellunopress.it\/#organization"},"keywords":["Belluno"],"articleSection":["Pausa Caff\u00e8","Sport, tempo libero"],"inLanguage":"fr-FR"},{"@type":"WebPage","@id":"https:\/\/www.bellunopress.it\/2009\/06\/13\/agevolazioni-per-gli-skipass-dell%e2%80%99alpe-del-nevegal\/","url":"https:\/\/www.bellunopress.it\/2009\/06\/13\/agevolazioni-per-gli-skipass-dell%e2%80%99alpe-del-nevegal\/","name":"Agevolazioni per gli Skipass dell\u2019Alpe del Nevegal - Bellunopress - Dolomiti","isPartOf":{"@id":"https:\/\/www.bellunopress.it\/#website"},"datePublished":"2009-06-13T13:41:56+00:00","breadcrumb":{"@id":"https:\/\/www.bellunopress.it\/2009\/06\/13\/agevolazioni-per-gli-skipass-dell%e2%80%99alpe-del-nevegal\/#breadcrumb"},"inLanguage":"fr-FR","potentialAction":[{"@type":"ReadAction","target":["https:\/\/www.bellunopress.it\/2009\/06\/13\/agevolazioni-per-gli-skipass-dell%e2%80%99alpe-del-nevegal\/"]}]},{"@type":"BreadcrumbList","@id":"https:\/\/www.bellunopress.it\/2009\/06\/13\/agevolazioni-per-gli-skipass-dell%e2%80%99alpe-del-nevegal\/#breadcrumb","itemListElement":[{"@type":"ListItem","position":1,"name":"Home","item":"https:\/\/www.bellunopress.it\/"},{"@type":"ListItem","position":2,"name":"Agevolazioni per gli Skipass dell\u2019Alpe del Nevegal"}]},{"@type":"WebSite","@id":"https:\/\/www.bellunopress.it\/#website","url":"https:\/\/www.bellunopress.it\/","name":"Bellunopress - Dolomiti","description":"e-mail: redazione@bellunopress.it","publisher":{"@id":"https:\/\/www.bellunopress.it\/#organization"},"potentialAction":[{"@type":"SearchAction","target":{"@type":"EntryPoint","urlTemplate":"https:\/\/www.bellunopress.it\/?s={search_term_string}"},"query-input":{"@type":"PropertyValueSpecification","valueRequired":true,"valueName":"search_term_string"}}],"inLanguage":"fr-FR"},{"@type":"Organization","@id":"https:\/\/www.bellunopress.it\/#organization","name":"Bellunopress","url":"https:\/\/www.bellunopress.it\/","logo":{"@type":"ImageObject","inLanguage":"fr-FR","@id":"https:\/\/www.bellunopress.it\/#\/schema\/logo\/image\/","url":"https:\/\/www.bellunopress.it\/wp-content\/uploads\/2011\/05\/cropped-logo-bellunopress-.jpg","contentUrl":"https:\/\/www.bellunopress.it\/wp-content\/uploads\/2011\/05\/cropped-logo-bellunopress-.jpg","width":512,"height":512,"caption":"Bellunopress"},"image":{"@id":"https:\/\/www.bellunopress.it\/#\/schema\/logo\/image\/"},"sameAs":["https:\/\/www.facebook.com\/profile.php?id=100008943462799","https:\/\/x.com\/bellunopress","https:\/\/www.linkedin.com\/hp\/?dnr=JBzUWaJfMUw8vbXJJ2tVW5-I3jZKvC4wsoxE&amp;amp;amp;amp;amp;amp;trk=nav_responsive_tab_home","https:\/\/www.youtube.com\/channel\/UCxL0wu1uN0_3_7hGG0306cw"]},{"@type":"Person","@id":"https:\/\/www.bellunopress.it\/#\/schema\/person\/79bb06722b37ece1c03d3e94beb30d73","name":"r\u00e9daction","image":{"@type":"ImageObject","inLanguage":"fr-FR","@id":"https:\/\/secure.gravatar.com\/avatar\/37d968a2e67a6fd04c169c4bdef102d0bc5d31b2546345219e348575eb80e9a0?s=96&d=mm&r=g","url":"https:\/\/secure.gravatar.com\/avatar\/37d968a2e67a6fd04c169c4bdef102d0bc5d31b2546345219e348575eb80e9a0?s=96&d=mm&r=g","contentUrl":"https:\/\/secure.gravatar.com\/avatar\/37d968a2e67a6fd04c169c4bdef102d0bc5d31b2546345219e348575eb80e9a0?s=96&d=mm&r=g","caption":"redazione"},"sameAs":["http:\/\/www.bellunopress.it","https:\/\/x.com\/bellunopress"],"url":"https:\/\/www.bellunopress.it\/fr\/author\/redazione\/"}]}},"_links":{"self":[{"href":"https:\/\/www.bellunopress.it\/fr\/wp-json\/wp\/v2\/posts\/4814","targetHints":{"allow":["GET"]}}],"collection":[{"href":"https:\/\/www.bellunopress.it\/fr\/wp-json\/wp\/v2\/posts"}],"about":[{"href":"https:\/\/www.bellunopress.it\/fr\/wp-json\/wp\/v2\/types\/post"}],"author":[{"embeddable":true,"href":"https:\/\/www.bellunopress.it\/fr\/wp-json\/wp\/v2\/users\/2"}],"replies":[{"embeddable":true,"href":"https:\/\/www.bellunopress.it\/fr\/wp-json\/wp\/v2\/comments?post=4814"}],"version-history":[{"count":1,"href":"https:\/\/www.bellunopress.it\/fr\/wp-json\/wp\/v2\/posts\/4814\/revisions"}],"predecessor-version":[{"id":4815,"href":"https:\/\/www.bellunopress.it\/fr\/wp-json\/wp\/v2\/posts\/4814\/revisions\/4815"}],"wp:attachment":[{"href":"https:\/\/www.bellunopress.it\/fr\/wp-json\/wp\/v2\/media?parent=4814"}],"wp:term":[{"taxonomy":"category","embeddable":true,"href":"https:\/\/www.bellunopress.it\/fr\/wp-json\/wp\/v2\/categories?post=4814"},{"taxonomy":"post_tag","embeddable":true,"href":"https:\/\/www.bellunopress.it\/fr\/wp-json\/wp\/v2\/tags?post=4814"}],"curies":[{"name":"wp","href":"https:\/\/api.w.org\/{rel}","templated":true}]}}