{"id":48138,"date":"2013-04-02T14:59:18","date_gmt":"2013-04-02T13:59:18","guid":{"rendered":"http:\/\/www.bellunopress.it\/?p=48138"},"modified":"2013-04-02T14:59:18","modified_gmt":"2013-04-02T13:59:18","slug":"lalto-medioevo-tra-scozia-e-val-belluna-giovedi-4-aprile-alle-18-nellaula-magna-dellistituto-t-catullo","status":"publish","type":"post","link":"https:\/\/www.bellunopress.it\/fr\/2013\/04\/02\/lalto-medioevo-tra-scozia-e-val-belluna-giovedi-4-aprile-alle-18-nellaula-magna-dellistituto-t-catullo\/","title":{"rendered":"\u201cL&#8217;Alto Medioevo tra Scozia e Val Belluna\u201d Gioved\u00ec 4 aprile, alle 18, nell&#8217;Aula Magna dell&#8217;Istituto \u201cT. Catullo\u201d"},"content":{"rendered":"<p>Gioved\u00ec 4 aprile alle ore 18.00 presso l\u2019Aula Magna dell\u2019Istituto \u201cT. Catullo\u201d di Belluno, si svolger\u00e0 l\u2019iniziativa \u201cAltro Medioevo tra Scozia e Val Belluna\u201d.<\/p>\n<p><a href=\"http:\/\/www.bellunopress.it\/wp-content\/uploads\/2013\/04\/IonaCross.jpg\"><img loading=\"lazy\" decoding=\"async\" class=\"alignleft size-full wp-image-48139\" alt=\"IonaCross\" src=\"http:\/\/www.bellunopress.it\/wp-content\/uploads\/2013\/04\/IonaCross.jpg\" width=\"200\" height=\"268\" \/><\/a>Sar\u00e0 presente in Citt\u00e0 in citt\u00e0 la dott.ssa Tasha Gefreh, PHD candidate presso l\u2019Universit\u00e0 di Edimburgo, che presenter\u00e0 il curioso tema \u201cElecta ut sol: Iona\u2019s Iconographic Programme\u201d.<\/p>\n<p>La ricercatrice americana, infatti, parler\u00e0 delle sue scoperte scientifiche relative a iconografia nell\u2019isola di Iona, il linguaggio del culto mariano in riferimento alle croci di pietra, di come il sole influenzava il culto religioso nel medioevo e dello studio delle croci in pietra di San Giovanni, San Martino da Tours, San Matteo, San Oran con riferimenti a San Colombano.<\/p>\n<p>Introdurr\u00e0 la relazione Marco Perale che, per conto dell\u2019Archivio Storico di Belluno Feltre e Cadore, parler\u00e0 del tema, ancor pi\u00f9 singolare per la nostra terra, degli \u201cInflussi iroscozzesi nella Val Belluna tra IX e X secolo\u201d, con i suoi studi su Belluno tra IX e X secolo e l&#8217;arrivo delle reliquie di S. Joat\u00e0 dalla Cirenaica islamizzata, la realt\u00e0 multietnica delle citt\u00e0 del nord Italia in et\u00e0 tardo carolingia, la presenza del monachesimo iroscozzese nel Veneto, lo scriptorium di Verona, i monasteri di Liegi e Lobbes, Ilduino e Raterio, gli inni liturgici bellunesi e la lezione di Sedulio Scoto e le presenze iroscozzesi nella campagna della Valbelluna.<\/p>\n<p>L\u2019evento \u00e8 organizzato da Biblioteca civica e Istituto \u201cT. Catullo\u201d di Belluno.<\/p>\n<p>L\u2019ingresso \u00e8 libero e aperto alla partecipazione di tutti.<\/p>\n<p>Info: tel. 0437948093 o biblioteca@comune.belluno.it<\/p>\n<p>&nbsp;<\/p>","protected":false},"excerpt":{"rendered":"<p>Gioved\u00ec 4 aprile alle ore 18.00 presso l\u2019Aula Magna dell\u2019Istituto \u201cT. Catullo\u201d di Belluno, si svolger\u00e0 l\u2019iniziativa \u201cAltro Medioevo tra Scozia e Val Belluna\u201d. Sar\u00e0 presente in Citt\u00e0 in citt\u00e0 la dott.ssa Tasha Gefreh, PHD candidate presso l\u2019Universit\u00e0 di Edimburgo, che presenter\u00e0 il curioso tema \u201cElecta ut sol: Iona\u2019s Iconographic Programme\u201d. La ricercatrice americana, infatti, [&hellip;]<\/p>\n","protected":false},"author":2,"featured_media":0,"comment_status":"closed","ping_status":"open","sticky":false,"template":"","format":"standard","meta":{"footnotes":""},"categories":[27,3,26],"tags":[],"class_list":["post-48138","post","type-post","status-publish","format-standard","category-appuntamenti","category-arte-cultura-spettacoli-scienza-archivi","category-prima-pagina"],"yoast_head":"<!-- This site is optimized with the Yoast SEO plugin v28.4 - https:\/\/yoast.com\/product\/yoast-seo-wordpress\/ -->\n<title>\u201cL&#039;Alto Medioevo tra Scozia e Val Belluna\u201d Gioved\u00ec 4 aprile, alle 18, nell&#039;Aula Magna dell&#039;Istituto \u201cT. Catullo\u201d - Bellunopress - Dolomiti<\/title>\n<meta name=\"robots\" content=\"index, follow, max-snippet:-1, max-image-preview:large, max-video-preview:-1\" \/>\n<link rel=\"canonical\" href=\"https:\/\/www.bellunopress.it\/fr\/2013\/04\/02\/lalto-medioevo-tra-scozia-e-val-belluna-giovedi-4-aprile-alle-18-nellaula-magna-dellistituto-t-catullo\/\" \/>\n<meta property=\"og:locale\" content=\"fr_FR\" \/>\n<meta property=\"og:type\" content=\"article\" \/>\n<meta property=\"og:title\" content=\"\u201cL&#039;Alto Medioevo tra Scozia e Val Belluna\u201d Gioved\u00ec 4 aprile, alle 18, nell&#039;Aula Magna dell&#039;Istituto \u201cT. Catullo\u201d - Bellunopress - Dolomiti\" \/>\n<meta property=\"og:description\" content=\"Gioved\u00ec 4 aprile alle ore 18.00 presso l\u2019Aula Magna dell\u2019Istituto \u201cT. Catullo\u201d di Belluno, si svolger\u00e0 l\u2019iniziativa \u201cAltro Medioevo tra Scozia e Val Belluna\u201d. Sar\u00e0 presente in Citt\u00e0 in citt\u00e0 la dott.ssa Tasha Gefreh, PHD candidate presso l\u2019Universit\u00e0 di Edimburgo, che presenter\u00e0 il curioso tema \u201cElecta ut sol: Iona\u2019s Iconographic Programme\u201d. La ricercatrice americana, infatti, [&hellip;]\" \/>\n<meta property=\"og:url\" content=\"https:\/\/www.bellunopress.it\/fr\/2013\/04\/02\/lalto-medioevo-tra-scozia-e-val-belluna-giovedi-4-aprile-alle-18-nellaula-magna-dellistituto-t-catullo\/\" \/>\n<meta property=\"og:site_name\" content=\"Bellunopress - Dolomiti\" \/>\n<meta property=\"article:publisher\" content=\"https:\/\/www.facebook.com\/profile.php?id=100008943462799\" \/>\n<meta property=\"article:published_time\" content=\"2013-04-02T13:59:18+00:00\" \/>\n<meta property=\"og:image\" content=\"http:\/\/www.bellunopress.it\/wp-content\/uploads\/2013\/04\/IonaCross.jpg\" \/>\n<meta name=\"author\" content=\"redazione\" \/>\n<meta name=\"twitter:card\" content=\"summary_large_image\" \/>\n<meta name=\"twitter:creator\" content=\"@bellunopress\" \/>\n<meta name=\"twitter:site\" content=\"@bellunopress\" \/>\n<meta name=\"twitter:label1\" content=\"\u00c9crit par\" \/>\n\t<meta name=\"twitter:data1\" content=\"redazione\" \/>\n\t<meta name=\"twitter:label2\" content=\"Dur\u00e9e de lecture estim\u00e9e\" \/>\n\t<meta name=\"twitter:data2\" content=\"1 minute\" \/>\n<script type=\"application\/ld+json\" class=\"yoast-schema-graph\">{\"@context\":\"https:\\\/\\\/schema.org\",\"@graph\":[{\"@type\":\"Article\",\"@id\":\"https:\\\/\\\/www.bellunopress.it\\\/2013\\\/04\\\/02\\\/lalto-medioevo-tra-scozia-e-val-belluna-giovedi-4-aprile-alle-18-nellaula-magna-dellistituto-t-catullo\\\/#article\",\"isPartOf\":{\"@id\":\"https:\\\/\\\/www.bellunopress.it\\\/2013\\\/04\\\/02\\\/lalto-medioevo-tra-scozia-e-val-belluna-giovedi-4-aprile-alle-18-nellaula-magna-dellistituto-t-catullo\\\/\"},\"author\":{\"name\":\"redazione\",\"@id\":\"https:\\\/\\\/www.bellunopress.it\\\/#\\\/schema\\\/person\\\/79bb06722b37ece1c03d3e94beb30d73\"},\"headline\":\"\u201cL&#8217;Alto Medioevo tra Scozia e Val Belluna\u201d Gioved\u00ec 4 aprile, alle 18, nell&#8217;Aula Magna dell&#8217;Istituto \u201cT. Catullo\u201d\",\"datePublished\":\"2013-04-02T13:59:18+00:00\",\"mainEntityOfPage\":{\"@id\":\"https:\\\/\\\/www.bellunopress.it\\\/2013\\\/04\\\/02\\\/lalto-medioevo-tra-scozia-e-val-belluna-giovedi-4-aprile-alle-18-nellaula-magna-dellistituto-t-catullo\\\/\"},\"wordCount\":271,\"publisher\":{\"@id\":\"https:\\\/\\\/www.bellunopress.it\\\/#organization\"},\"image\":{\"@id\":\"https:\\\/\\\/www.bellunopress.it\\\/2013\\\/04\\\/02\\\/lalto-medioevo-tra-scozia-e-val-belluna-giovedi-4-aprile-alle-18-nellaula-magna-dellistituto-t-catullo\\\/#primaryimage\"},\"thumbnailUrl\":\"http:\\\/\\\/www.bellunopress.it\\\/wp-content\\\/uploads\\\/2013\\\/04\\\/IonaCross.jpg\",\"articleSection\":[\"Appuntamenti, Eventi\",\"Arte, Cultura, Spettacoli, Scienza\",\"Prima Pagina\"],\"inLanguage\":\"fr-FR\"},{\"@type\":\"WebPage\",\"@id\":\"https:\\\/\\\/www.bellunopress.it\\\/2013\\\/04\\\/02\\\/lalto-medioevo-tra-scozia-e-val-belluna-giovedi-4-aprile-alle-18-nellaula-magna-dellistituto-t-catullo\\\/\",\"url\":\"https:\\\/\\\/www.bellunopress.it\\\/2013\\\/04\\\/02\\\/lalto-medioevo-tra-scozia-e-val-belluna-giovedi-4-aprile-alle-18-nellaula-magna-dellistituto-t-catullo\\\/\",\"name\":\"\u201cL'Alto Medioevo tra Scozia e Val Belluna\u201d Gioved\u00ec 4 aprile, alle 18, nell'Aula Magna dell'Istituto \u201cT. Catullo\u201d - Bellunopress - Dolomiti\",\"isPartOf\":{\"@id\":\"https:\\\/\\\/www.bellunopress.it\\\/#website\"},\"primaryImageOfPage\":{\"@id\":\"https:\\\/\\\/www.bellunopress.it\\\/2013\\\/04\\\/02\\\/lalto-medioevo-tra-scozia-e-val-belluna-giovedi-4-aprile-alle-18-nellaula-magna-dellistituto-t-catullo\\\/#primaryimage\"},\"image\":{\"@id\":\"https:\\\/\\\/www.bellunopress.it\\\/2013\\\/04\\\/02\\\/lalto-medioevo-tra-scozia-e-val-belluna-giovedi-4-aprile-alle-18-nellaula-magna-dellistituto-t-catullo\\\/#primaryimage\"},\"thumbnailUrl\":\"http:\\\/\\\/www.bellunopress.it\\\/wp-content\\\/uploads\\\/2013\\\/04\\\/IonaCross.jpg\",\"datePublished\":\"2013-04-02T13:59:18+00:00\",\"breadcrumb\":{\"@id\":\"https:\\\/\\\/www.bellunopress.it\\\/2013\\\/04\\\/02\\\/lalto-medioevo-tra-scozia-e-val-belluna-giovedi-4-aprile-alle-18-nellaula-magna-dellistituto-t-catullo\\\/#breadcrumb\"},\"inLanguage\":\"fr-FR\",\"potentialAction\":[{\"@type\":\"ReadAction\",\"target\":[\"https:\\\/\\\/www.bellunopress.it\\\/2013\\\/04\\\/02\\\/lalto-medioevo-tra-scozia-e-val-belluna-giovedi-4-aprile-alle-18-nellaula-magna-dellistituto-t-catullo\\\/\"]}]},{\"@type\":\"ImageObject\",\"inLanguage\":\"fr-FR\",\"@id\":\"https:\\\/\\\/www.bellunopress.it\\\/2013\\\/04\\\/02\\\/lalto-medioevo-tra-scozia-e-val-belluna-giovedi-4-aprile-alle-18-nellaula-magna-dellistituto-t-catullo\\\/#primaryimage\",\"url\":\"http:\\\/\\\/www.bellunopress.it\\\/wp-content\\\/uploads\\\/2013\\\/04\\\/IonaCross.jpg\",\"contentUrl\":\"http:\\\/\\\/www.bellunopress.it\\\/wp-content\\\/uploads\\\/2013\\\/04\\\/IonaCross.jpg\"},{\"@type\":\"BreadcrumbList\",\"@id\":\"https:\\\/\\\/www.bellunopress.it\\\/2013\\\/04\\\/02\\\/lalto-medioevo-tra-scozia-e-val-belluna-giovedi-4-aprile-alle-18-nellaula-magna-dellistituto-t-catullo\\\/#breadcrumb\",\"itemListElement\":[{\"@type\":\"ListItem\",\"position\":1,\"name\":\"Home\",\"item\":\"https:\\\/\\\/www.bellunopress.it\\\/\"},{\"@type\":\"ListItem\",\"position\":2,\"name\":\"\u201cL&#8217;Alto Medioevo tra Scozia e Val Belluna\u201d Gioved\u00ec 4 aprile, alle 18, nell&#8217;Aula Magna dell&#8217;Istituto \u201cT. Catullo\u201d\"}]},{\"@type\":\"WebSite\",\"@id\":\"https:\\\/\\\/www.bellunopress.it\\\/#website\",\"url\":\"https:\\\/\\\/www.bellunopress.it\\\/\",\"name\":\"Bellunopress - Dolomiti\",\"description\":\"e-mail: redazione@bellunopress.it\",\"publisher\":{\"@id\":\"https:\\\/\\\/www.bellunopress.it\\\/#organization\"},\"potentialAction\":[{\"@type\":\"SearchAction\",\"target\":{\"@type\":\"EntryPoint\",\"urlTemplate\":\"https:\\\/\\\/www.bellunopress.it\\\/?s={search_term_string}\"},\"query-input\":{\"@type\":\"PropertyValueSpecification\",\"valueRequired\":true,\"valueName\":\"search_term_string\"}}],\"inLanguage\":\"fr-FR\"},{\"@type\":\"Organization\",\"@id\":\"https:\\\/\\\/www.bellunopress.it\\\/#organization\",\"name\":\"Bellunopress\",\"url\":\"https:\\\/\\\/www.bellunopress.it\\\/\",\"logo\":{\"@type\":\"ImageObject\",\"inLanguage\":\"fr-FR\",\"@id\":\"https:\\\/\\\/www.bellunopress.it\\\/#\\\/schema\\\/logo\\\/image\\\/\",\"url\":\"https:\\\/\\\/www.bellunopress.it\\\/wp-content\\\/uploads\\\/2011\\\/05\\\/cropped-logo-bellunopress-.jpg\",\"contentUrl\":\"https:\\\/\\\/www.bellunopress.it\\\/wp-content\\\/uploads\\\/2011\\\/05\\\/cropped-logo-bellunopress-.jpg\",\"width\":512,\"height\":512,\"caption\":\"Bellunopress\"},\"image\":{\"@id\":\"https:\\\/\\\/www.bellunopress.it\\\/#\\\/schema\\\/logo\\\/image\\\/\"},\"sameAs\":[\"https:\\\/\\\/www.facebook.com\\\/profile.php?id=100008943462799\",\"https:\\\/\\\/x.com\\\/bellunopress\",\"https:\\\/\\\/www.linkedin.com\\\/hp\\\/?dnr=JBzUWaJfMUw8vbXJJ2tVW5-I3jZKvC4wsoxE&amp;amp;amp;amp;amp;amp;trk=nav_responsive_tab_home\",\"https:\\\/\\\/www.youtube.com\\\/channel\\\/UCxL0wu1uN0_3_7hGG0306cw\"]},{\"@type\":\"Person\",\"@id\":\"https:\\\/\\\/www.bellunopress.it\\\/#\\\/schema\\\/person\\\/79bb06722b37ece1c03d3e94beb30d73\",\"name\":\"redazione\",\"image\":{\"@type\":\"ImageObject\",\"inLanguage\":\"fr-FR\",\"@id\":\"https:\\\/\\\/secure.gravatar.com\\\/avatar\\\/37d968a2e67a6fd04c169c4bdef102d0bc5d31b2546345219e348575eb80e9a0?s=96&d=mm&r=g\",\"url\":\"https:\\\/\\\/secure.gravatar.com\\\/avatar\\\/37d968a2e67a6fd04c169c4bdef102d0bc5d31b2546345219e348575eb80e9a0?s=96&d=mm&r=g\",\"contentUrl\":\"https:\\\/\\\/secure.gravatar.com\\\/avatar\\\/37d968a2e67a6fd04c169c4bdef102d0bc5d31b2546345219e348575eb80e9a0?s=96&d=mm&r=g\",\"caption\":\"redazione\"},\"sameAs\":[\"http:\\\/\\\/www.bellunopress.it\",\"https:\\\/\\\/x.com\\\/bellunopress\"],\"url\":\"https:\\\/\\\/www.bellunopress.it\\\/fr\\\/author\\\/redazione\\\/\"}]}<\/script>\n<!-- \/ Yoast SEO plugin. -->","yoast_head_json":{"title":"\u201cL'Alto Medioevo tra Scozia e Val Belluna\u201d Gioved\u00ec 4 aprile, alle 18, nell'Aula Magna dell'Istituto \u201cT. Catullo\u201d - Bellunopress - Dolomiti","robots":{"index":"index","follow":"follow","max-snippet":"max-snippet:-1","max-image-preview":"max-image-preview:large","max-video-preview":"max-video-preview:-1"},"canonical":"https:\/\/www.bellunopress.it\/fr\/2013\/04\/02\/lalto-medioevo-tra-scozia-e-val-belluna-giovedi-4-aprile-alle-18-nellaula-magna-dellistituto-t-catullo\/","og_locale":"fr_FR","og_type":"article","og_title":"\u201cL'Alto Medioevo tra Scozia e Val Belluna\u201d Gioved\u00ec 4 aprile, alle 18, nell'Aula Magna dell'Istituto \u201cT. Catullo\u201d - Bellunopress - Dolomiti","og_description":"Gioved\u00ec 4 aprile alle ore 18.00 presso l\u2019Aula Magna dell\u2019Istituto \u201cT. Catullo\u201d di Belluno, si svolger\u00e0 l\u2019iniziativa \u201cAltro Medioevo tra Scozia e Val Belluna\u201d. Sar\u00e0 presente in Citt\u00e0 in citt\u00e0 la dott.ssa Tasha Gefreh, PHD candidate presso l\u2019Universit\u00e0 di Edimburgo, che presenter\u00e0 il curioso tema \u201cElecta ut sol: Iona\u2019s Iconographic Programme\u201d. La ricercatrice americana, infatti, [&hellip;]","og_url":"https:\/\/www.bellunopress.it\/fr\/2013\/04\/02\/lalto-medioevo-tra-scozia-e-val-belluna-giovedi-4-aprile-alle-18-nellaula-magna-dellistituto-t-catullo\/","og_site_name":"Bellunopress - Dolomiti","article_publisher":"https:\/\/www.facebook.com\/profile.php?id=100008943462799","article_published_time":"2013-04-02T13:59:18+00:00","og_image":[{"url":"http:\/\/www.bellunopress.it\/wp-content\/uploads\/2013\/04\/IonaCross.jpg","type":"","width":"","height":""}],"author":"redazione","twitter_card":"summary_large_image","twitter_creator":"@bellunopress","twitter_site":"@bellunopress","twitter_misc":{"\u00c9crit par":"redazione","Dur\u00e9e de lecture estim\u00e9e":"1 minute"},"schema":{"@context":"https:\/\/schema.org","@graph":[{"@type":"Article","@id":"https:\/\/www.bellunopress.it\/2013\/04\/02\/lalto-medioevo-tra-scozia-e-val-belluna-giovedi-4-aprile-alle-18-nellaula-magna-dellistituto-t-catullo\/#article","isPartOf":{"@id":"https:\/\/www.bellunopress.it\/2013\/04\/02\/lalto-medioevo-tra-scozia-e-val-belluna-giovedi-4-aprile-alle-18-nellaula-magna-dellistituto-t-catullo\/"},"author":{"name":"redazione","@id":"https:\/\/www.bellunopress.it\/#\/schema\/person\/79bb06722b37ece1c03d3e94beb30d73"},"headline":"\u201cL&#8217;Alto Medioevo tra Scozia e Val Belluna\u201d Gioved\u00ec 4 aprile, alle 18, nell&#8217;Aula Magna dell&#8217;Istituto \u201cT. Catullo\u201d","datePublished":"2013-04-02T13:59:18+00:00","mainEntityOfPage":{"@id":"https:\/\/www.bellunopress.it\/2013\/04\/02\/lalto-medioevo-tra-scozia-e-val-belluna-giovedi-4-aprile-alle-18-nellaula-magna-dellistituto-t-catullo\/"},"wordCount":271,"publisher":{"@id":"https:\/\/www.bellunopress.it\/#organization"},"image":{"@id":"https:\/\/www.bellunopress.it\/2013\/04\/02\/lalto-medioevo-tra-scozia-e-val-belluna-giovedi-4-aprile-alle-18-nellaula-magna-dellistituto-t-catullo\/#primaryimage"},"thumbnailUrl":"http:\/\/www.bellunopress.it\/wp-content\/uploads\/2013\/04\/IonaCross.jpg","articleSection":["Appuntamenti, Eventi","Arte, Cultura, Spettacoli, Scienza","Prima Pagina"],"inLanguage":"fr-FR"},{"@type":"WebPage","@id":"https:\/\/www.bellunopress.it\/2013\/04\/02\/lalto-medioevo-tra-scozia-e-val-belluna-giovedi-4-aprile-alle-18-nellaula-magna-dellistituto-t-catullo\/","url":"https:\/\/www.bellunopress.it\/2013\/04\/02\/lalto-medioevo-tra-scozia-e-val-belluna-giovedi-4-aprile-alle-18-nellaula-magna-dellistituto-t-catullo\/","name":"\u201cL'Alto Medioevo tra Scozia e Val Belluna\u201d Gioved\u00ec 4 aprile, alle 18, nell'Aula Magna dell'Istituto \u201cT. Catullo\u201d - Bellunopress - Dolomiti","isPartOf":{"@id":"https:\/\/www.bellunopress.it\/#website"},"primaryImageOfPage":{"@id":"https:\/\/www.bellunopress.it\/2013\/04\/02\/lalto-medioevo-tra-scozia-e-val-belluna-giovedi-4-aprile-alle-18-nellaula-magna-dellistituto-t-catullo\/#primaryimage"},"image":{"@id":"https:\/\/www.bellunopress.it\/2013\/04\/02\/lalto-medioevo-tra-scozia-e-val-belluna-giovedi-4-aprile-alle-18-nellaula-magna-dellistituto-t-catullo\/#primaryimage"},"thumbnailUrl":"http:\/\/www.bellunopress.it\/wp-content\/uploads\/2013\/04\/IonaCross.jpg","datePublished":"2013-04-02T13:59:18+00:00","breadcrumb":{"@id":"https:\/\/www.bellunopress.it\/2013\/04\/02\/lalto-medioevo-tra-scozia-e-val-belluna-giovedi-4-aprile-alle-18-nellaula-magna-dellistituto-t-catullo\/#breadcrumb"},"inLanguage":"fr-FR","potentialAction":[{"@type":"ReadAction","target":["https:\/\/www.bellunopress.it\/2013\/04\/02\/lalto-medioevo-tra-scozia-e-val-belluna-giovedi-4-aprile-alle-18-nellaula-magna-dellistituto-t-catullo\/"]}]},{"@type":"ImageObject","inLanguage":"fr-FR","@id":"https:\/\/www.bellunopress.it\/2013\/04\/02\/lalto-medioevo-tra-scozia-e-val-belluna-giovedi-4-aprile-alle-18-nellaula-magna-dellistituto-t-catullo\/#primaryimage","url":"http:\/\/www.bellunopress.it\/wp-content\/uploads\/2013\/04\/IonaCross.jpg","contentUrl":"http:\/\/www.bellunopress.it\/wp-content\/uploads\/2013\/04\/IonaCross.jpg"},{"@type":"BreadcrumbList","@id":"https:\/\/www.bellunopress.it\/2013\/04\/02\/lalto-medioevo-tra-scozia-e-val-belluna-giovedi-4-aprile-alle-18-nellaula-magna-dellistituto-t-catullo\/#breadcrumb","itemListElement":[{"@type":"ListItem","position":1,"name":"Home","item":"https:\/\/www.bellunopress.it\/"},{"@type":"ListItem","position":2,"name":"\u201cL&#8217;Alto Medioevo tra Scozia e Val Belluna\u201d Gioved\u00ec 4 aprile, alle 18, nell&#8217;Aula Magna dell&#8217;Istituto \u201cT. Catullo\u201d"}]},{"@type":"WebSite","@id":"https:\/\/www.bellunopress.it\/#website","url":"https:\/\/www.bellunopress.it\/","name":"Bellunopress - Dolomiti","description":"e-mail: redazione@bellunopress.it","publisher":{"@id":"https:\/\/www.bellunopress.it\/#organization"},"potentialAction":[{"@type":"SearchAction","target":{"@type":"EntryPoint","urlTemplate":"https:\/\/www.bellunopress.it\/?s={search_term_string}"},"query-input":{"@type":"PropertyValueSpecification","valueRequired":true,"valueName":"search_term_string"}}],"inLanguage":"fr-FR"},{"@type":"Organization","@id":"https:\/\/www.bellunopress.it\/#organization","name":"Bellunopress","url":"https:\/\/www.bellunopress.it\/","logo":{"@type":"ImageObject","inLanguage":"fr-FR","@id":"https:\/\/www.bellunopress.it\/#\/schema\/logo\/image\/","url":"https:\/\/www.bellunopress.it\/wp-content\/uploads\/2011\/05\/cropped-logo-bellunopress-.jpg","contentUrl":"https:\/\/www.bellunopress.it\/wp-content\/uploads\/2011\/05\/cropped-logo-bellunopress-.jpg","width":512,"height":512,"caption":"Bellunopress"},"image":{"@id":"https:\/\/www.bellunopress.it\/#\/schema\/logo\/image\/"},"sameAs":["https:\/\/www.facebook.com\/profile.php?id=100008943462799","https:\/\/x.com\/bellunopress","https:\/\/www.linkedin.com\/hp\/?dnr=JBzUWaJfMUw8vbXJJ2tVW5-I3jZKvC4wsoxE&amp;amp;amp;amp;amp;amp;trk=nav_responsive_tab_home","https:\/\/www.youtube.com\/channel\/UCxL0wu1uN0_3_7hGG0306cw"]},{"@type":"Person","@id":"https:\/\/www.bellunopress.it\/#\/schema\/person\/79bb06722b37ece1c03d3e94beb30d73","name":"r\u00e9daction","image":{"@type":"ImageObject","inLanguage":"fr-FR","@id":"https:\/\/secure.gravatar.com\/avatar\/37d968a2e67a6fd04c169c4bdef102d0bc5d31b2546345219e348575eb80e9a0?s=96&d=mm&r=g","url":"https:\/\/secure.gravatar.com\/avatar\/37d968a2e67a6fd04c169c4bdef102d0bc5d31b2546345219e348575eb80e9a0?s=96&d=mm&r=g","contentUrl":"https:\/\/secure.gravatar.com\/avatar\/37d968a2e67a6fd04c169c4bdef102d0bc5d31b2546345219e348575eb80e9a0?s=96&d=mm&r=g","caption":"redazione"},"sameAs":["http:\/\/www.bellunopress.it","https:\/\/x.com\/bellunopress"],"url":"https:\/\/www.bellunopress.it\/fr\/author\/redazione\/"}]}},"_links":{"self":[{"href":"https:\/\/www.bellunopress.it\/fr\/wp-json\/wp\/v2\/posts\/48138","targetHints":{"allow":["GET"]}}],"collection":[{"href":"https:\/\/www.bellunopress.it\/fr\/wp-json\/wp\/v2\/posts"}],"about":[{"href":"https:\/\/www.bellunopress.it\/fr\/wp-json\/wp\/v2\/types\/post"}],"author":[{"embeddable":true,"href":"https:\/\/www.bellunopress.it\/fr\/wp-json\/wp\/v2\/users\/2"}],"replies":[{"embeddable":true,"href":"https:\/\/www.bellunopress.it\/fr\/wp-json\/wp\/v2\/comments?post=48138"}],"version-history":[{"count":1,"href":"https:\/\/www.bellunopress.it\/fr\/wp-json\/wp\/v2\/posts\/48138\/revisions"}],"predecessor-version":[{"id":48140,"href":"https:\/\/www.bellunopress.it\/fr\/wp-json\/wp\/v2\/posts\/48138\/revisions\/48140"}],"wp:attachment":[{"href":"https:\/\/www.bellunopress.it\/fr\/wp-json\/wp\/v2\/media?parent=48138"}],"wp:term":[{"taxonomy":"category","embeddable":true,"href":"https:\/\/www.bellunopress.it\/fr\/wp-json\/wp\/v2\/categories?post=48138"},{"taxonomy":"post_tag","embeddable":true,"href":"https:\/\/www.bellunopress.it\/fr\/wp-json\/wp\/v2\/tags?post=48138"}],"curies":[{"name":"wp","href":"https:\/\/api.w.org\/{rel}","templated":true}]}}