{"id":48134,"date":"2013-04-02T07:06:55","date_gmt":"2013-04-02T06:06:55","guid":{"rendered":"http:\/\/www.bellunopress.it\/?p=48134"},"modified":"2013-04-02T07:06:55","modified_gmt":"2013-04-02T06:06:55","slug":"la-chiesa-che-non-tace-sabato-a-col-cumano-incontro-con-mons-mogavero-il-vescovo-che-si-batte-per-i-diritti-degli-ultimi","status":"publish","type":"post","link":"https:\/\/www.bellunopress.it\/fr\/2013\/04\/02\/la-chiesa-che-non-tace-sabato-a-col-cumano-incontro-con-mons-mogavero-il-vescovo-che-si-batte-per-i-diritti-degli-ultimi\/","title":{"rendered":"La Chiesa che non tace: sabato a Col Cumano incontro con Mons.Mogavero, il vescovo che si batte per i diritti degli ultimi"},"content":{"rendered":"<p>Il Centro Papa Luciani di Santa Giustina (Belluno) organizza per venerd\u00ec 5 aprile alle 20.30 l&#8217;incontro con mons. Domenico Mogavero, vescovo della diocesi di Mazara del Vallo e commissario della CEI per l&#8217;immigrazione. Mons. Mogavero presenter\u00e0 il libro \u201cLa Chiesa che non tace\u201d (BUR Rizzoli) nell&#8217;ambito della rassegna culturale &#8220;Illustrissimi&#8221; ideata e curata da Michelangelo De Don\u00e0. \u201cDomenico Mogavero ha una personalit\u00e0 umana ed evangelica cos\u00ec poliedrica da spaziare con competenza, schiettezza, efficacia sui grandi temi che ci riguardano\u201d (Card. Dionigi Tettamanzi). Oggi Domenico Mogavero \u00e8 il vescovo che dalla Sicilia solleva un grido di protesta contro l\u2019intollerabile situazione dei migranti, abbandonati sulle coste italiane in condizioni di tragica miseria. Ma questa \u00e8 soltanto l\u2019ultima delle sue battaglie. Da sempre infatti, fin dagli inizi del suo magistero, monsignor Mogavero si batte per i diritti degli ultimi, contro gli errori del Vaticano e la moralit\u00e0 di chi ci governa. Dall\u2019impegno al fianco del cardinale Ruini alla presidenza del consiglio della Cei per gli affari giuridici, dall\u2019attivit\u00e0 presso il tribunale ecclesiastico alla nomina di vescovo della diocesi di Mazara del Vallo \u2013 territorio di frontiera alle porte dell\u2019Islam \u2013, qualunque fosse il ruolo ricoperto, monsignor Mogavero si \u00e8 sempre rivolto al cuore delle persone, alla sua parte pi\u00f9 combattiva e assetata di giustizia. Commentatore autorevole dei pi\u00f9 scottanti temi d\u2019attualit\u00e0, dai rapporti tra Berlusconi e Gheddafi all\u2019affare Boffo alle rivolte del Maghreb, le sue parole si stagliano sopra il coro degli epigoni, per dare voce a una Chiesa diversa, la Chiesa che non tace.<\/p>\n<p>E in merito al tema del federalismo mons. Mogavero anticipa: \u201ccos\u00ec come lo si sta impostando far\u00e0 solo male al Paese e non soltanto alle regione del Sud. E&#8217; un sistema fondato su una logica egoistica e punitiva e non su parametri di solidariet\u00e0 e per questa ragione di riveler\u00e0 un clamoroso flop. Nel federalismo la diversit\u00e0 \u00e8 assunta per contrapporre e dividere, il regionalismo solidale rinforza il vincolo dello Stato unitario; se si considera che l&#8217;ente locale \u00e8 l&#8217;istituzione pi\u00f9 vicina al cittadino e quella che meglio ne conosce i bisogni e le attese, esso pu\u00f2 rispondere a tale sua finalit\u00e0 solo se \u00e8 dotato di poteri e risorse effettive nei settori preposti a servire il cittadino e a migliorarne la qualit\u00e0 della vita\u201d.<\/p>\n<p>CHI E&#8217;<\/p>\n<p>Domenico Mogavero \u00e8 vescovo della diocesi di Mazara del Vallo e Commissario della Cei per l\u2019immigrazione. In precedenza ha ricoperto, sempre all\u2019interno della Cei, la carica di Presidente del Consiglio per gli Affari Giuridici, ruolo per cui \u00e8 pi\u00f9 volte intervenuto nell\u2019ambito di questioni politiche di portata nazionale.<\/p>\n<p>Prossimo incontro Sabato 13 aprile 2013 \u2013 ore 20.30<\/p>\n<p>\u201cNote cinematografiche\u201d<\/p>\n<p>Storia della colonna sonora da film raccontata e suonata al pianoforte dal m.\u00b0 Adriano Bassi<\/p>","protected":false},"excerpt":{"rendered":"<p>Il Centro Papa Luciani di Santa Giustina (Belluno) organizza per venerd\u00ec 5 aprile alle 20.30 l&#8217;incontro con mons. Domenico Mogavero, vescovo della diocesi di Mazara del Vallo e commissario della CEI per l&#8217;immigrazione. Mons. Mogavero presenter\u00e0 il libro \u201cLa Chiesa che non tace\u201d (BUR Rizzoli) nell&#8217;ambito della rassegna culturale &#8220;Illustrissimi&#8221; ideata e curata da Michelangelo [&hellip;]<\/p>\n","protected":false},"author":2,"featured_media":0,"comment_status":"closed","ping_status":"open","sticky":false,"template":"","format":"standard","meta":{"footnotes":""},"categories":[27,25],"tags":[],"class_list":["post-48134","post","type-post","status-publish","format-standard","category-appuntamenti","category-pausa-caffe"],"yoast_head":"<!-- This site is optimized with the Yoast SEO plugin v28.4 - https:\/\/yoast.com\/product\/yoast-seo-wordpress\/ -->\n<title>La Chiesa che non tace: sabato a Col Cumano incontro con Mons.Mogavero, il vescovo che si batte per i diritti degli ultimi - Bellunopress - Dolomiti<\/title>\n<meta name=\"robots\" content=\"index, follow, max-snippet:-1, max-image-preview:large, max-video-preview:-1\" \/>\n<link rel=\"canonical\" href=\"https:\/\/www.bellunopress.it\/fr\/2013\/04\/02\/la-chiesa-che-non-tace-sabato-a-col-cumano-incontro-con-mons-mogavero-il-vescovo-che-si-batte-per-i-diritti-degli-ultimi\/\" \/>\n<meta property=\"og:locale\" content=\"fr_FR\" \/>\n<meta property=\"og:type\" content=\"article\" \/>\n<meta property=\"og:title\" content=\"La Chiesa che non tace: sabato a Col Cumano incontro con Mons.Mogavero, il vescovo che si batte per i diritti degli ultimi - Bellunopress - Dolomiti\" \/>\n<meta property=\"og:description\" content=\"Il Centro Papa Luciani di Santa Giustina (Belluno) organizza per venerd\u00ec 5 aprile alle 20.30 l&#8217;incontro con mons. Domenico Mogavero, vescovo della diocesi di Mazara del Vallo e commissario della CEI per l&#8217;immigrazione. Mons. Mogavero presenter\u00e0 il libro \u201cLa Chiesa che non tace\u201d (BUR Rizzoli) nell&#8217;ambito della rassegna culturale &#8220;Illustrissimi&#8221; ideata e curata da Michelangelo [&hellip;]\" \/>\n<meta property=\"og:url\" content=\"https:\/\/www.bellunopress.it\/fr\/2013\/04\/02\/la-chiesa-che-non-tace-sabato-a-col-cumano-incontro-con-mons-mogavero-il-vescovo-che-si-batte-per-i-diritti-degli-ultimi\/\" \/>\n<meta property=\"og:site_name\" content=\"Bellunopress - Dolomiti\" \/>\n<meta property=\"article:publisher\" content=\"https:\/\/www.facebook.com\/profile.php?id=100008943462799\" \/>\n<meta property=\"article:published_time\" content=\"2013-04-02T06:06:55+00:00\" \/>\n<meta property=\"og:image\" content=\"http:\/\/www.bellunopress.it\/wp-content\/uploads\/2012\/07\/logo-bellunopress-250x250-2012.jpg\" \/>\n<meta name=\"author\" content=\"redazione\" \/>\n<meta name=\"twitter:card\" content=\"summary_large_image\" \/>\n<meta name=\"twitter:creator\" content=\"@bellunopress\" \/>\n<meta name=\"twitter:site\" content=\"@bellunopress\" \/>\n<meta name=\"twitter:label1\" content=\"\u00c9crit par\" \/>\n\t<meta name=\"twitter:data1\" content=\"redazione\" \/>\n\t<meta name=\"twitter:label2\" content=\"Dur\u00e9e de lecture estim\u00e9e\" \/>\n\t<meta name=\"twitter:data2\" content=\"2 minutes\" \/>\n<script type=\"application\/ld+json\" class=\"yoast-schema-graph\">{\"@context\":\"https:\\\/\\\/schema.org\",\"@graph\":[{\"@type\":\"Article\",\"@id\":\"https:\\\/\\\/www.bellunopress.it\\\/2013\\\/04\\\/02\\\/la-chiesa-che-non-tace-sabato-a-col-cumano-incontro-con-mons-mogavero-il-vescovo-che-si-batte-per-i-diritti-degli-ultimi\\\/#article\",\"isPartOf\":{\"@id\":\"https:\\\/\\\/www.bellunopress.it\\\/2013\\\/04\\\/02\\\/la-chiesa-che-non-tace-sabato-a-col-cumano-incontro-con-mons-mogavero-il-vescovo-che-si-batte-per-i-diritti-degli-ultimi\\\/\"},\"author\":{\"name\":\"redazione\",\"@id\":\"https:\\\/\\\/www.bellunopress.it\\\/#\\\/schema\\\/person\\\/79bb06722b37ece1c03d3e94beb30d73\"},\"headline\":\"La Chiesa che non tace: sabato a Col Cumano incontro con Mons.Mogavero, il vescovo che si batte per i diritti degli ultimi\",\"datePublished\":\"2013-04-02T06:06:55+00:00\",\"mainEntityOfPage\":{\"@id\":\"https:\\\/\\\/www.bellunopress.it\\\/2013\\\/04\\\/02\\\/la-chiesa-che-non-tace-sabato-a-col-cumano-incontro-con-mons-mogavero-il-vescovo-che-si-batte-per-i-diritti-degli-ultimi\\\/\"},\"wordCount\":475,\"publisher\":{\"@id\":\"https:\\\/\\\/www.bellunopress.it\\\/#organization\"},\"articleSection\":[\"Appuntamenti, Eventi\",\"Pausa Caff\u00e8\"],\"inLanguage\":\"fr-FR\"},{\"@type\":\"WebPage\",\"@id\":\"https:\\\/\\\/www.bellunopress.it\\\/2013\\\/04\\\/02\\\/la-chiesa-che-non-tace-sabato-a-col-cumano-incontro-con-mons-mogavero-il-vescovo-che-si-batte-per-i-diritti-degli-ultimi\\\/\",\"url\":\"https:\\\/\\\/www.bellunopress.it\\\/2013\\\/04\\\/02\\\/la-chiesa-che-non-tace-sabato-a-col-cumano-incontro-con-mons-mogavero-il-vescovo-che-si-batte-per-i-diritti-degli-ultimi\\\/\",\"name\":\"La Chiesa che non tace: sabato a Col Cumano incontro con Mons.Mogavero, il vescovo che si batte per i diritti degli ultimi - Bellunopress - Dolomiti\",\"isPartOf\":{\"@id\":\"https:\\\/\\\/www.bellunopress.it\\\/#website\"},\"datePublished\":\"2013-04-02T06:06:55+00:00\",\"breadcrumb\":{\"@id\":\"https:\\\/\\\/www.bellunopress.it\\\/2013\\\/04\\\/02\\\/la-chiesa-che-non-tace-sabato-a-col-cumano-incontro-con-mons-mogavero-il-vescovo-che-si-batte-per-i-diritti-degli-ultimi\\\/#breadcrumb\"},\"inLanguage\":\"fr-FR\",\"potentialAction\":[{\"@type\":\"ReadAction\",\"target\":[\"https:\\\/\\\/www.bellunopress.it\\\/2013\\\/04\\\/02\\\/la-chiesa-che-non-tace-sabato-a-col-cumano-incontro-con-mons-mogavero-il-vescovo-che-si-batte-per-i-diritti-degli-ultimi\\\/\"]}]},{\"@type\":\"BreadcrumbList\",\"@id\":\"https:\\\/\\\/www.bellunopress.it\\\/2013\\\/04\\\/02\\\/la-chiesa-che-non-tace-sabato-a-col-cumano-incontro-con-mons-mogavero-il-vescovo-che-si-batte-per-i-diritti-degli-ultimi\\\/#breadcrumb\",\"itemListElement\":[{\"@type\":\"ListItem\",\"position\":1,\"name\":\"Home\",\"item\":\"https:\\\/\\\/www.bellunopress.it\\\/\"},{\"@type\":\"ListItem\",\"position\":2,\"name\":\"La Chiesa che non tace: sabato a Col Cumano incontro con Mons.Mogavero, il vescovo che si batte per i diritti degli ultimi\"}]},{\"@type\":\"WebSite\",\"@id\":\"https:\\\/\\\/www.bellunopress.it\\\/#website\",\"url\":\"https:\\\/\\\/www.bellunopress.it\\\/\",\"name\":\"Bellunopress - Dolomiti\",\"description\":\"e-mail: redazione@bellunopress.it\",\"publisher\":{\"@id\":\"https:\\\/\\\/www.bellunopress.it\\\/#organization\"},\"potentialAction\":[{\"@type\":\"SearchAction\",\"target\":{\"@type\":\"EntryPoint\",\"urlTemplate\":\"https:\\\/\\\/www.bellunopress.it\\\/?s={search_term_string}\"},\"query-input\":{\"@type\":\"PropertyValueSpecification\",\"valueRequired\":true,\"valueName\":\"search_term_string\"}}],\"inLanguage\":\"fr-FR\"},{\"@type\":\"Organization\",\"@id\":\"https:\\\/\\\/www.bellunopress.it\\\/#organization\",\"name\":\"Bellunopress\",\"url\":\"https:\\\/\\\/www.bellunopress.it\\\/\",\"logo\":{\"@type\":\"ImageObject\",\"inLanguage\":\"fr-FR\",\"@id\":\"https:\\\/\\\/www.bellunopress.it\\\/#\\\/schema\\\/logo\\\/image\\\/\",\"url\":\"https:\\\/\\\/www.bellunopress.it\\\/wp-content\\\/uploads\\\/2011\\\/05\\\/cropped-logo-bellunopress-.jpg\",\"contentUrl\":\"https:\\\/\\\/www.bellunopress.it\\\/wp-content\\\/uploads\\\/2011\\\/05\\\/cropped-logo-bellunopress-.jpg\",\"width\":512,\"height\":512,\"caption\":\"Bellunopress\"},\"image\":{\"@id\":\"https:\\\/\\\/www.bellunopress.it\\\/#\\\/schema\\\/logo\\\/image\\\/\"},\"sameAs\":[\"https:\\\/\\\/www.facebook.com\\\/profile.php?id=100008943462799\",\"https:\\\/\\\/x.com\\\/bellunopress\",\"https:\\\/\\\/www.linkedin.com\\\/hp\\\/?dnr=JBzUWaJfMUw8vbXJJ2tVW5-I3jZKvC4wsoxE&amp;amp;amp;amp;amp;amp;trk=nav_responsive_tab_home\",\"https:\\\/\\\/www.youtube.com\\\/channel\\\/UCxL0wu1uN0_3_7hGG0306cw\"]},{\"@type\":\"Person\",\"@id\":\"https:\\\/\\\/www.bellunopress.it\\\/#\\\/schema\\\/person\\\/79bb06722b37ece1c03d3e94beb30d73\",\"name\":\"redazione\",\"image\":{\"@type\":\"ImageObject\",\"inLanguage\":\"fr-FR\",\"@id\":\"https:\\\/\\\/secure.gravatar.com\\\/avatar\\\/37d968a2e67a6fd04c169c4bdef102d0bc5d31b2546345219e348575eb80e9a0?s=96&d=mm&r=g\",\"url\":\"https:\\\/\\\/secure.gravatar.com\\\/avatar\\\/37d968a2e67a6fd04c169c4bdef102d0bc5d31b2546345219e348575eb80e9a0?s=96&d=mm&r=g\",\"contentUrl\":\"https:\\\/\\\/secure.gravatar.com\\\/avatar\\\/37d968a2e67a6fd04c169c4bdef102d0bc5d31b2546345219e348575eb80e9a0?s=96&d=mm&r=g\",\"caption\":\"redazione\"},\"sameAs\":[\"http:\\\/\\\/www.bellunopress.it\",\"https:\\\/\\\/x.com\\\/bellunopress\"],\"url\":\"https:\\\/\\\/www.bellunopress.it\\\/fr\\\/author\\\/redazione\\\/\"}]}<\/script>\n<!-- \/ Yoast SEO plugin. -->","yoast_head_json":{"title":"La Chiesa che non tace: sabato a Col Cumano incontro con Mons.Mogavero, il vescovo che si batte per i diritti degli ultimi - Bellunopress - Dolomiti","robots":{"index":"index","follow":"follow","max-snippet":"max-snippet:-1","max-image-preview":"max-image-preview:large","max-video-preview":"max-video-preview:-1"},"canonical":"https:\/\/www.bellunopress.it\/fr\/2013\/04\/02\/la-chiesa-che-non-tace-sabato-a-col-cumano-incontro-con-mons-mogavero-il-vescovo-che-si-batte-per-i-diritti-degli-ultimi\/","og_locale":"fr_FR","og_type":"article","og_title":"La Chiesa che non tace: sabato a Col Cumano incontro con Mons.Mogavero, il vescovo che si batte per i diritti degli ultimi - Bellunopress - Dolomiti","og_description":"Il Centro Papa Luciani di Santa Giustina (Belluno) organizza per venerd\u00ec 5 aprile alle 20.30 l&#8217;incontro con mons. Domenico Mogavero, vescovo della diocesi di Mazara del Vallo e commissario della CEI per l&#8217;immigrazione. Mons. Mogavero presenter\u00e0 il libro \u201cLa Chiesa che non tace\u201d (BUR Rizzoli) nell&#8217;ambito della rassegna culturale &#8220;Illustrissimi&#8221; ideata e curata da Michelangelo [&hellip;]","og_url":"https:\/\/www.bellunopress.it\/fr\/2013\/04\/02\/la-chiesa-che-non-tace-sabato-a-col-cumano-incontro-con-mons-mogavero-il-vescovo-che-si-batte-per-i-diritti-degli-ultimi\/","og_site_name":"Bellunopress - Dolomiti","article_publisher":"https:\/\/www.facebook.com\/profile.php?id=100008943462799","article_published_time":"2013-04-02T06:06:55+00:00","og_image":[{"url":"http:\/\/www.bellunopress.it\/wp-content\/uploads\/2012\/07\/logo-bellunopress-250x250-2012.jpg","type":"","width":"","height":""}],"author":"redazione","twitter_card":"summary_large_image","twitter_creator":"@bellunopress","twitter_site":"@bellunopress","twitter_misc":{"\u00c9crit par":"redazione","Dur\u00e9e de lecture estim\u00e9e":"2 minutes"},"schema":{"@context":"https:\/\/schema.org","@graph":[{"@type":"Article","@id":"https:\/\/www.bellunopress.it\/2013\/04\/02\/la-chiesa-che-non-tace-sabato-a-col-cumano-incontro-con-mons-mogavero-il-vescovo-che-si-batte-per-i-diritti-degli-ultimi\/#article","isPartOf":{"@id":"https:\/\/www.bellunopress.it\/2013\/04\/02\/la-chiesa-che-non-tace-sabato-a-col-cumano-incontro-con-mons-mogavero-il-vescovo-che-si-batte-per-i-diritti-degli-ultimi\/"},"author":{"name":"redazione","@id":"https:\/\/www.bellunopress.it\/#\/schema\/person\/79bb06722b37ece1c03d3e94beb30d73"},"headline":"La Chiesa che non tace: sabato a Col Cumano incontro con Mons.Mogavero, il vescovo che si batte per i diritti degli ultimi","datePublished":"2013-04-02T06:06:55+00:00","mainEntityOfPage":{"@id":"https:\/\/www.bellunopress.it\/2013\/04\/02\/la-chiesa-che-non-tace-sabato-a-col-cumano-incontro-con-mons-mogavero-il-vescovo-che-si-batte-per-i-diritti-degli-ultimi\/"},"wordCount":475,"publisher":{"@id":"https:\/\/www.bellunopress.it\/#organization"},"articleSection":["Appuntamenti, Eventi","Pausa Caff\u00e8"],"inLanguage":"fr-FR"},{"@type":"WebPage","@id":"https:\/\/www.bellunopress.it\/2013\/04\/02\/la-chiesa-che-non-tace-sabato-a-col-cumano-incontro-con-mons-mogavero-il-vescovo-che-si-batte-per-i-diritti-degli-ultimi\/","url":"https:\/\/www.bellunopress.it\/2013\/04\/02\/la-chiesa-che-non-tace-sabato-a-col-cumano-incontro-con-mons-mogavero-il-vescovo-che-si-batte-per-i-diritti-degli-ultimi\/","name":"La Chiesa che non tace: sabato a Col Cumano incontro con Mons.Mogavero, il vescovo che si batte per i diritti degli ultimi - Bellunopress - Dolomiti","isPartOf":{"@id":"https:\/\/www.bellunopress.it\/#website"},"datePublished":"2013-04-02T06:06:55+00:00","breadcrumb":{"@id":"https:\/\/www.bellunopress.it\/2013\/04\/02\/la-chiesa-che-non-tace-sabato-a-col-cumano-incontro-con-mons-mogavero-il-vescovo-che-si-batte-per-i-diritti-degli-ultimi\/#breadcrumb"},"inLanguage":"fr-FR","potentialAction":[{"@type":"ReadAction","target":["https:\/\/www.bellunopress.it\/2013\/04\/02\/la-chiesa-che-non-tace-sabato-a-col-cumano-incontro-con-mons-mogavero-il-vescovo-che-si-batte-per-i-diritti-degli-ultimi\/"]}]},{"@type":"BreadcrumbList","@id":"https:\/\/www.bellunopress.it\/2013\/04\/02\/la-chiesa-che-non-tace-sabato-a-col-cumano-incontro-con-mons-mogavero-il-vescovo-che-si-batte-per-i-diritti-degli-ultimi\/#breadcrumb","itemListElement":[{"@type":"ListItem","position":1,"name":"Home","item":"https:\/\/www.bellunopress.it\/"},{"@type":"ListItem","position":2,"name":"La Chiesa che non tace: sabato a Col Cumano incontro con Mons.Mogavero, il vescovo che si batte per i diritti degli ultimi"}]},{"@type":"WebSite","@id":"https:\/\/www.bellunopress.it\/#website","url":"https:\/\/www.bellunopress.it\/","name":"Bellunopress - Dolomiti","description":"e-mail: redazione@bellunopress.it","publisher":{"@id":"https:\/\/www.bellunopress.it\/#organization"},"potentialAction":[{"@type":"SearchAction","target":{"@type":"EntryPoint","urlTemplate":"https:\/\/www.bellunopress.it\/?s={search_term_string}"},"query-input":{"@type":"PropertyValueSpecification","valueRequired":true,"valueName":"search_term_string"}}],"inLanguage":"fr-FR"},{"@type":"Organization","@id":"https:\/\/www.bellunopress.it\/#organization","name":"Bellunopress","url":"https:\/\/www.bellunopress.it\/","logo":{"@type":"ImageObject","inLanguage":"fr-FR","@id":"https:\/\/www.bellunopress.it\/#\/schema\/logo\/image\/","url":"https:\/\/www.bellunopress.it\/wp-content\/uploads\/2011\/05\/cropped-logo-bellunopress-.jpg","contentUrl":"https:\/\/www.bellunopress.it\/wp-content\/uploads\/2011\/05\/cropped-logo-bellunopress-.jpg","width":512,"height":512,"caption":"Bellunopress"},"image":{"@id":"https:\/\/www.bellunopress.it\/#\/schema\/logo\/image\/"},"sameAs":["https:\/\/www.facebook.com\/profile.php?id=100008943462799","https:\/\/x.com\/bellunopress","https:\/\/www.linkedin.com\/hp\/?dnr=JBzUWaJfMUw8vbXJJ2tVW5-I3jZKvC4wsoxE&amp;amp;amp;amp;amp;amp;trk=nav_responsive_tab_home","https:\/\/www.youtube.com\/channel\/UCxL0wu1uN0_3_7hGG0306cw"]},{"@type":"Person","@id":"https:\/\/www.bellunopress.it\/#\/schema\/person\/79bb06722b37ece1c03d3e94beb30d73","name":"r\u00e9daction","image":{"@type":"ImageObject","inLanguage":"fr-FR","@id":"https:\/\/secure.gravatar.com\/avatar\/37d968a2e67a6fd04c169c4bdef102d0bc5d31b2546345219e348575eb80e9a0?s=96&d=mm&r=g","url":"https:\/\/secure.gravatar.com\/avatar\/37d968a2e67a6fd04c169c4bdef102d0bc5d31b2546345219e348575eb80e9a0?s=96&d=mm&r=g","contentUrl":"https:\/\/secure.gravatar.com\/avatar\/37d968a2e67a6fd04c169c4bdef102d0bc5d31b2546345219e348575eb80e9a0?s=96&d=mm&r=g","caption":"redazione"},"sameAs":["http:\/\/www.bellunopress.it","https:\/\/x.com\/bellunopress"],"url":"https:\/\/www.bellunopress.it\/fr\/author\/redazione\/"}]}},"_links":{"self":[{"href":"https:\/\/www.bellunopress.it\/fr\/wp-json\/wp\/v2\/posts\/48134","targetHints":{"allow":["GET"]}}],"collection":[{"href":"https:\/\/www.bellunopress.it\/fr\/wp-json\/wp\/v2\/posts"}],"about":[{"href":"https:\/\/www.bellunopress.it\/fr\/wp-json\/wp\/v2\/types\/post"}],"author":[{"embeddable":true,"href":"https:\/\/www.bellunopress.it\/fr\/wp-json\/wp\/v2\/users\/2"}],"replies":[{"embeddable":true,"href":"https:\/\/www.bellunopress.it\/fr\/wp-json\/wp\/v2\/comments?post=48134"}],"version-history":[{"count":1,"href":"https:\/\/www.bellunopress.it\/fr\/wp-json\/wp\/v2\/posts\/48134\/revisions"}],"predecessor-version":[{"id":48135,"href":"https:\/\/www.bellunopress.it\/fr\/wp-json\/wp\/v2\/posts\/48134\/revisions\/48135"}],"wp:attachment":[{"href":"https:\/\/www.bellunopress.it\/fr\/wp-json\/wp\/v2\/media?parent=48134"}],"wp:term":[{"taxonomy":"category","embeddable":true,"href":"https:\/\/www.bellunopress.it\/fr\/wp-json\/wp\/v2\/categories?post=48134"},{"taxonomy":"post_tag","embeddable":true,"href":"https:\/\/www.bellunopress.it\/fr\/wp-json\/wp\/v2\/tags?post=48134"}],"curies":[{"name":"wp","href":"https:\/\/api.w.org\/{rel}","templated":true}]}}